{"id":4118,"date":"2019-09-01T10:30:41","date_gmt":"2019-09-01T15:30:41","guid":{"rendered":"https:\/\/coparmexjal.org.mx\/entorno-empresarial\/?p=4118"},"modified":"2020-10-01T11:12:00","modified_gmt":"2020-10-01T16:12:00","slug":"copiar-y-pegar","status":"publish","type":"post","link":"https:\/\/coparmexjal.org.mx\/entorno-empresarial\/copiar-y-pegar\/","title":{"rendered":"Copiar y pegar"},"content":{"rendered":"\n<p>Copiar y pegar: un orgasmo digital innegable.<\/p>\n\n\n\n<p>No por nada CTRL+C es el comando m\u00e1s utilizado en el mundo tecnol\u00f3gico, \u00bfy se han preguntado por qu\u00e9?<\/p>\n\n\n\n<p>Claro, \u00a1porque funciona! \u00bfPero qu\u00e9 es lo que funciona? No el comando, obviamente. El 99.9% de los comandos <em>siempre<\/em><em> <\/em>funcionan. La magia de copiar y pegar es la cantidad de trabajo in\u00fatil que nos ahorra.<\/p>\n\n\n\n<p>Ahora bien, queridos e invisibles lectores, los humanos somos en esencia seres de evoluci\u00f3n y optimizaci\u00f3n. La realidad es que no solo los humanos sino toda la naturaleza, desde el \u00e1tomo m\u00e1s peque\u00f1o hasta el ser m\u00e1s grande, buscan la evoluci\u00f3n a trav\u00e9s de la optimizaci\u00f3n (de recursos, generalmente).<\/p>\n\n\n\n<p>Es por eso que si podemos evitar trabajo que <em>percibimos<\/em> como in\u00fatil, 99% de las veces lo descartamos sin pensarlo dos veces.<\/p>\n\n\n\n<p>Pero, claro, como lo mencion\u00e9 en mi art\u00edculo anterior (y, oh, queridos lectores, es importante que si buscan comprender el mensaje profundo detr\u00e1s de mis palabras, tomen la responsabilidad de leer todos los art\u00edculos; cada uno est\u00e1 dise\u00f1ado para construir sobre el anterior), otro aspecto del ser humano \u2013este s\u00ed espec\u00edfico de \u00e9l\u2013 es ser usualmente tonto en sus decisiones. Por fortuna esto tiene soluci\u00f3n.<\/p>\n\n\n\n<p>Copiamos y pegamos palabras, pero el CTRL+C m\u00e1s poderoso no se encuentra en el tablero; se encuentra en los <em>otros seres humanos<\/em>. De manera m\u00e1s espec\u00edfica: <strong>\u00a1el copiar y pegar m\u00e1s importante en el emprendimiento se encuentra en copiar y pegar los modelos de negocios, mejores pr\u00e1cticas y sistemas de las empresas que ya son exitosas!<\/strong><\/p>\n\n\n\n<p>Copiamos definiciones de Wikipedia, pero olvidamos copiar lo importante: lo que s\u00ed funciona en nuestras empresas.<\/p>\n\n\n\n<p>Y, claro, como siempre, hablo de mi experiencia propia. En mi emprendimiento #33.b decid\u00ed incursionar en el fascinante e hipercambiante mundo del <em>marketing<\/em> digital. Y como buen ne\u00f3fito cabeza dura, olvid\u00e9 el CTRL+C del modelo de <em>marketing<\/em>. No solo eso, sino que me tom\u00f3 cinco a\u00f1os iniciar con KPI (indicadores) claves de la empresa y otros dos a\u00f1os m\u00e1s cruzarlos con KPI financieros y de <em>performance<\/em>.<\/p>\n\n\n\n<div class=\"wp-block-image is-style-default\"><figure class=\"alignleft size-large is-resized\"><img fetchpriority=\"high\" decoding=\"async\" src=\"https:\/\/coparmexjal.org.mx\/entorno-empresarial\/wp-content\/uploads\/2020\/10\/nick-morrison-FHnnjk1Yj7Y-unsplash-1024x768.jpg\" alt=\"\" class=\"wp-image-4119\" width=\"334\" height=\"251\" srcset=\"https:\/\/coparmexjal.org.mx\/entorno-empresarial\/wp-content\/uploads\/2020\/10\/nick-morrison-FHnnjk1Yj7Y-unsplash-1024x768.jpg 1024w, https:\/\/coparmexjal.org.mx\/entorno-empresarial\/wp-content\/uploads\/2020\/10\/nick-morrison-FHnnjk1Yj7Y-unsplash-300x225.jpg 300w, https:\/\/coparmexjal.org.mx\/entorno-empresarial\/wp-content\/uploads\/2020\/10\/nick-morrison-FHnnjk1Yj7Y-unsplash-768x576.jpg 768w, https:\/\/coparmexjal.org.mx\/entorno-empresarial\/wp-content\/uploads\/2020\/10\/nick-morrison-FHnnjk1Yj7Y-unsplash-1000x753.jpg 1000w, https:\/\/coparmexjal.org.mx\/entorno-empresarial\/wp-content\/uploads\/2020\/10\/nick-morrison-FHnnjk1Yj7Y-unsplash.jpg 1067w\" sizes=\"(max-width: 334px) 100vw, 334px\" \/><\/figure><\/div>\n\n\n\n<p>\u00bfPoner indicadores desde el d\u00eda cero me har\u00e1 tener \u00e9xito? Es obvio que no. <strong>Pero es imposible escalar una empresa si no se tienen indicadores.<\/strong> Lo mismo para sistemas, \u00bfcrear un sistema har\u00e1 mi empresa exitosa? Por supuesto que no. Pero es imposible tener un \u00e9xito internacional sin sistemas.<\/p>\n\n\n\n<p>Copiar y pegar es probablemente <strong>la muestra m\u00e1s grande de inteligencia de un humano cuando se hace con la intenci\u00f3n de copiar, pegar <em>y adaptar<\/em><\/strong>. Solamente copiar y pegar es un acto de pirater\u00eda llana y vana.<\/p>\n\n\n\n<p>As\u00ed que, estimados lectores, si quieren aumentar su IQ en al menos diez a veinte puntos sin esforzarse, simplemente h\u00e1ganse estas preguntas:<\/p>\n\n\n\n<ul class=\"wp-block-list\"><li>\u00bfQui\u00e9n de mis amigos es feliz? \u00bfQu\u00e9 puedo comprender, copiar y pegar de su vida?<\/li><li>\u00bfQui\u00e9n de mis conocidos es saludable? \u00bfQu\u00e9 puedo comprender, copiar y pegar de sus h\u00e1bitos?<\/li><li>\u00bfQui\u00e9n de mi red es exitoso en su empresa sin necesidad de ser corrupto? \u00bfQu\u00e9 puedo comprender, copiar y pegar de sus mejores pr\u00e1cticas y modelo de negocio para implementar en mi emprendimiento?<\/li><\/ul>\n\n\n\n<p>Pero he aqu\u00ed la verdadera magia creativa: \u00bfqu\u00e9 puedo comprender, copiar y pegar de una industria \/ persona \/ cultura <em>radicalmente<\/em> diferente a la m\u00eda para implementar en mi emprendimiento?<\/p>\n\n\n\n<p><strong>Peque\u00f1as empresas con grandes pr\u00e1cticas, esa es la clave del \u00e9xito para los futuros emprendedores.<\/strong><\/p>\n\n\n\n<p>Dejemos a un lado la biograf\u00eda de Google, de Apple, de empresas inalcanzables para la mayor\u00eda, y visitemos a nuestro compadre que ha crecido constantemente durante los \u00faltimos 20 a\u00f1os para evitarnos la pena de fracasar sin elegancia. Porque, queridos lectores, si fracasamos como bueyes, es decir, sin innovar ni arriesgarnos, \u00a1es mejor meter la cabeza entre las patas y vivir entre las vacas! La vida es demasiado corta como para no arriesgarse.<\/p>\n\n\n\n<p class=\"has-text-align-center\" style=\"font-size:20px\"><strong>Copien y peguen, copien y peguen, y no olviden despu\u00e9s de copiar siempre adaptar.<\/strong><\/p>\n\n\n\n<p>Les deseo que tengan una excelente noche de luna llena.<\/p>\n","protected":false},"excerpt":{"rendered":"<p>Copiar y pegar: un orgasmo digital innegable. No por nada CTRL+C es el comando m\u00e1s utilizado en el mundo tecnol\u00f3gico, \u00bfy se han preguntado por<\/p>\n","protected":false},"author":41,"featured_media":4120,"comment_status":"open","ping_status":"open","sticky":false,"template":"","format":"standard","meta":{"footnotes":""},"categories":[161,156],"tags":[595,594,304,252,593],"class_list":["post-4118","post","type-post","status-publish","format-standard","has-post-thumbnail","hentry","category-emprende","category-opinion","tag-adaptar","tag-clave-del-exito","tag-emprendedores","tag-emprendimiento","tag-futuros-emprendedores"],"yoast_head":"<!-- This site is optimized with the Yoast SEO plugin v27.5 - https:\/\/yoast.com\/product\/yoast-seo-wordpress\/ -->\n<title>Copiar y pegar - Entorno Empresarial<\/title>\n<meta name=\"robots\" content=\"index, follow, max-snippet:-1, max-image-preview:large, max-video-preview:-1\" \/>\n<link rel=\"canonical\" href=\"https:\/\/coparmexjal.org.mx\/entorno-empresarial\/copiar-y-pegar\/\" \/>\n<meta property=\"og:locale\" content=\"es_MX\" \/>\n<meta property=\"og:type\" content=\"article\" \/>\n<meta property=\"og:title\" content=\"Copiar y pegar - Entorno Empresarial\" \/>\n<meta property=\"og:description\" content=\"Copiar y pegar: un orgasmo digital innegable. No por nada CTRL+C es el comando m\u00e1s utilizado en el mundo tecnol\u00f3gico, \u00bfy se han preguntado por\" \/>\n<meta property=\"og:url\" content=\"https:\/\/coparmexjal.org.mx\/entorno-empresarial\/copiar-y-pegar\/\" \/>\n<meta property=\"og:site_name\" content=\"Entorno Empresarial\" \/>\n<meta property=\"article:publisher\" content=\"https:\/\/facebook.com\/comcoparmex\" \/>\n<meta property=\"article:published_time\" content=\"2019-09-01T15:30:41+00:00\" \/>\n<meta property=\"article:modified_time\" content=\"2020-10-01T16:12:00+00:00\" \/>\n<meta property=\"og:image\" content=\"https:\/\/coparmexjal.org.mx\/entorno-empresarial\/wp-content\/uploads\/2020\/10\/bruce-mars-xj8qrWvuOEs-unsplash.jpg\" \/>\n\t<meta property=\"og:image:width\" content=\"1200\" \/>\n\t<meta property=\"og:image:height\" content=\"800\" \/>\n\t<meta property=\"og:image:type\" content=\"image\/jpeg\" \/>\n<meta name=\"author\" content=\"M\u00e1ximo Macario Jim\u00e9nez Ortiz del Cerro\" \/>\n<meta name=\"twitter:card\" content=\"summary_large_image\" \/>\n<meta name=\"twitter:creator\" content=\"@comcoparmex\" \/>\n<meta name=\"twitter:site\" content=\"@comcoparmex\" \/>\n<meta name=\"twitter:label1\" content=\"Escrito por\" \/>\n\t<meta name=\"twitter:data1\" content=\"M\u00e1ximo Macario Jim\u00e9nez Ortiz del Cerro\" \/>\n\t<meta name=\"twitter:label2\" content=\"Tiempo de lectura\" \/>\n\t<meta name=\"twitter:data2\" content=\"3 minutos\" \/>\n<script type=\"application\/ld+json\" class=\"yoast-schema-graph\">{\"@context\":\"https:\\\/\\\/schema.org\",\"@graph\":[{\"@type\":\"Article\",\"@id\":\"https:\\\/\\\/coparmexjal.org.mx\\\/entorno-empresarial\\\/copiar-y-pegar\\\/#article\",\"isPartOf\":{\"@id\":\"https:\\\/\\\/coparmexjal.org.mx\\\/entorno-empresarial\\\/copiar-y-pegar\\\/\"},\"author\":{\"name\":\"M\u00e1ximo Macario Jim\u00e9nez Ortiz del Cerro\",\"@id\":\"https:\\\/\\\/coparmexjal.org.mx\\\/entorno-empresarial\\\/#\\\/schema\\\/person\\\/4cd0e433649d20c330304afaa0613155\"},\"headline\":\"Copiar y pegar\",\"datePublished\":\"2019-09-01T15:30:41+00:00\",\"dateModified\":\"2020-10-01T16:12:00+00:00\",\"mainEntityOfPage\":{\"@id\":\"https:\\\/\\\/coparmexjal.org.mx\\\/entorno-empresarial\\\/copiar-y-pegar\\\/\"},\"wordCount\":693,\"commentCount\":0,\"publisher\":{\"@id\":\"https:\\\/\\\/coparmexjal.org.mx\\\/entorno-empresarial\\\/#organization\"},\"image\":{\"@id\":\"https:\\\/\\\/coparmexjal.org.mx\\\/entorno-empresarial\\\/copiar-y-pegar\\\/#primaryimage\"},\"thumbnailUrl\":\"https:\\\/\\\/coparmexjal.org.mx\\\/entorno-empresarial\\\/wp-content\\\/uploads\\\/2020\\\/10\\\/bruce-mars-xj8qrWvuOEs-unsplash.jpg\",\"keywords\":[\"adaptar\",\"clave del \u00e9xito\",\"emprendedores\",\"emprendimiento\",\"futuros emprendedores.\"],\"articleSection\":[\"Emprende\",\"Opini\u00f3n\"],\"inLanguage\":\"es\",\"potentialAction\":[{\"@type\":\"CommentAction\",\"name\":\"Comment\",\"target\":[\"https:\\\/\\\/coparmexjal.org.mx\\\/entorno-empresarial\\\/copiar-y-pegar\\\/#respond\"]}]},{\"@type\":\"WebPage\",\"@id\":\"https:\\\/\\\/coparmexjal.org.mx\\\/entorno-empresarial\\\/copiar-y-pegar\\\/\",\"url\":\"https:\\\/\\\/coparmexjal.org.mx\\\/entorno-empresarial\\\/copiar-y-pegar\\\/\",\"name\":\"Copiar y pegar - Entorno Empresarial\",\"isPartOf\":{\"@id\":\"https:\\\/\\\/coparmexjal.org.mx\\\/entorno-empresarial\\\/#website\"},\"primaryImageOfPage\":{\"@id\":\"https:\\\/\\\/coparmexjal.org.mx\\\/entorno-empresarial\\\/copiar-y-pegar\\\/#primaryimage\"},\"image\":{\"@id\":\"https:\\\/\\\/coparmexjal.org.mx\\\/entorno-empresarial\\\/copiar-y-pegar\\\/#primaryimage\"},\"thumbnailUrl\":\"https:\\\/\\\/coparmexjal.org.mx\\\/entorno-empresarial\\\/wp-content\\\/uploads\\\/2020\\\/10\\\/bruce-mars-xj8qrWvuOEs-unsplash.jpg\",\"datePublished\":\"2019-09-01T15:30:41+00:00\",\"dateModified\":\"2020-10-01T16:12:00+00:00\",\"breadcrumb\":{\"@id\":\"https:\\\/\\\/coparmexjal.org.mx\\\/entorno-empresarial\\\/copiar-y-pegar\\\/#breadcrumb\"},\"inLanguage\":\"es\",\"potentialAction\":[{\"@type\":\"ReadAction\",\"target\":[\"https:\\\/\\\/coparmexjal.org.mx\\\/entorno-empresarial\\\/copiar-y-pegar\\\/\"]}]},{\"@type\":\"ImageObject\",\"inLanguage\":\"es\",\"@id\":\"https:\\\/\\\/coparmexjal.org.mx\\\/entorno-empresarial\\\/copiar-y-pegar\\\/#primaryimage\",\"url\":\"https:\\\/\\\/coparmexjal.org.mx\\\/entorno-empresarial\\\/wp-content\\\/uploads\\\/2020\\\/10\\\/bruce-mars-xj8qrWvuOEs-unsplash.jpg\",\"contentUrl\":\"https:\\\/\\\/coparmexjal.org.mx\\\/entorno-empresarial\\\/wp-content\\\/uploads\\\/2020\\\/10\\\/bruce-mars-xj8qrWvuOEs-unsplash.jpg\",\"width\":1200,\"height\":800,\"caption\":\"copiar, pegar y adaptar\"},{\"@type\":\"BreadcrumbList\",\"@id\":\"https:\\\/\\\/coparmexjal.org.mx\\\/entorno-empresarial\\\/copiar-y-pegar\\\/#breadcrumb\",\"itemListElement\":[{\"@type\":\"ListItem\",\"position\":1,\"name\":\"Inicio\",\"item\":\"https:\\\/\\\/coparmexjal.org.mx\\\/entorno-empresarial\\\/\"},{\"@type\":\"ListItem\",\"position\":2,\"name\":\"Copiar y pegar\"}]},{\"@type\":\"WebSite\",\"@id\":\"https:\\\/\\\/coparmexjal.org.mx\\\/entorno-empresarial\\\/#website\",\"url\":\"https:\\\/\\\/coparmexjal.org.mx\\\/entorno-empresarial\\\/\",\"name\":\"Revista Entorno Empresarial\",\"description\":\"Coparmex Jalisco\",\"publisher\":{\"@id\":\"https:\\\/\\\/coparmexjal.org.mx\\\/entorno-empresarial\\\/#organization\"},\"potentialAction\":[{\"@type\":\"SearchAction\",\"target\":{\"@type\":\"EntryPoint\",\"urlTemplate\":\"https:\\\/\\\/coparmexjal.org.mx\\\/entorno-empresarial\\\/?s={search_term_string}\"},\"query-input\":{\"@type\":\"PropertyValueSpecification\",\"valueRequired\":true,\"valueName\":\"search_term_string\"}}],\"inLanguage\":\"es\"},{\"@type\":\"Organization\",\"@id\":\"https:\\\/\\\/coparmexjal.org.mx\\\/entorno-empresarial\\\/#organization\",\"name\":\"Coparmex Jalisco\",\"url\":\"https:\\\/\\\/coparmexjal.org.mx\\\/entorno-empresarial\\\/\",\"logo\":{\"@type\":\"ImageObject\",\"inLanguage\":\"es\",\"@id\":\"https:\\\/\\\/coparmexjal.org.mx\\\/entorno-empresarial\\\/#\\\/schema\\\/logo\\\/image\\\/\",\"url\":\"https:\\\/\\\/coparmexjal.org.mx\\\/entorno-empresarial\\\/wp-content\\\/uploads\\\/2020\\\/02\\\/logo-amp.png\",\"contentUrl\":\"https:\\\/\\\/coparmexjal.org.mx\\\/entorno-empresarial\\\/wp-content\\\/uploads\\\/2020\\\/02\\\/logo-amp.png\",\"width\":120,\"height\":90,\"caption\":\"Coparmex Jalisco\"},\"image\":{\"@id\":\"https:\\\/\\\/coparmexjal.org.mx\\\/entorno-empresarial\\\/#\\\/schema\\\/logo\\\/image\\\/\"},\"sameAs\":[\"https:\\\/\\\/facebook.com\\\/comcoparmex\",\"https:\\\/\\\/x.com\\\/comcoparmex\",\"http:\\\/\\\/instagram.com\\\/coparmexjalisco\",\"https:\\\/\\\/mx.linkedin.com\\\/company\\\/coparmex-jalisco\",\"https:\\\/\\\/www.youtube.com\\\/c\\\/CoparmexJaliscomx\"]},{\"@type\":\"Person\",\"@id\":\"https:\\\/\\\/coparmexjal.org.mx\\\/entorno-empresarial\\\/#\\\/schema\\\/person\\\/4cd0e433649d20c330304afaa0613155\",\"name\":\"M\u00e1ximo Macario Jim\u00e9nez Ortiz del Cerro\",\"image\":{\"@type\":\"ImageObject\",\"inLanguage\":\"es\",\"@id\":\"https:\\\/\\\/secure.gravatar.com\\\/avatar\\\/c3973aa62d071b811db6badaebf2d60a64b45abb3062944ada107e146af6d0cd?s=96&d=mm&r=g\",\"url\":\"https:\\\/\\\/secure.gravatar.com\\\/avatar\\\/c3973aa62d071b811db6badaebf2d60a64b45abb3062944ada107e146af6d0cd?s=96&d=mm&r=g\",\"contentUrl\":\"https:\\\/\\\/secure.gravatar.com\\\/avatar\\\/c3973aa62d071b811db6badaebf2d60a64b45abb3062944ada107e146af6d0cd?s=96&d=mm&r=g\",\"caption\":\"M\u00e1ximo Macario Jim\u00e9nez Ortiz del Cerro\"},\"url\":\"https:\\\/\\\/coparmexjal.org.mx\\\/entorno-empresarial\\\/author\\\/maximo-jimenez\\\/\"}]}<\/script>\n<!-- \/ Yoast SEO plugin. -->","yoast_head_json":{"title":"Copiar y pegar - Entorno Empresarial","robots":{"index":"index","follow":"follow","max-snippet":"max-snippet:-1","max-image-preview":"max-image-preview:large","max-video-preview":"max-video-preview:-1"},"canonical":"https:\/\/coparmexjal.org.mx\/entorno-empresarial\/copiar-y-pegar\/","og_locale":"es_MX","og_type":"article","og_title":"Copiar y pegar - Entorno Empresarial","og_description":"Copiar y pegar: un orgasmo digital innegable. No por nada CTRL+C es el comando m\u00e1s utilizado en el mundo tecnol\u00f3gico, \u00bfy se han preguntado por","og_url":"https:\/\/coparmexjal.org.mx\/entorno-empresarial\/copiar-y-pegar\/","og_site_name":"Entorno Empresarial","article_publisher":"https:\/\/facebook.com\/comcoparmex","article_published_time":"2019-09-01T15:30:41+00:00","article_modified_time":"2020-10-01T16:12:00+00:00","og_image":[{"width":1200,"height":800,"url":"https:\/\/coparmexjal.org.mx\/entorno-empresarial\/wp-content\/uploads\/2020\/10\/bruce-mars-xj8qrWvuOEs-unsplash.jpg","type":"image\/jpeg"}],"author":"M\u00e1ximo Macario Jim\u00e9nez Ortiz del Cerro","twitter_card":"summary_large_image","twitter_creator":"@comcoparmex","twitter_site":"@comcoparmex","twitter_misc":{"Escrito por":"M\u00e1ximo Macario Jim\u00e9nez Ortiz del Cerro","Tiempo de lectura":"3 minutos"},"schema":{"@context":"https:\/\/schema.org","@graph":[{"@type":"Article","@id":"https:\/\/coparmexjal.org.mx\/entorno-empresarial\/copiar-y-pegar\/#article","isPartOf":{"@id":"https:\/\/coparmexjal.org.mx\/entorno-empresarial\/copiar-y-pegar\/"},"author":{"name":"M\u00e1ximo Macario Jim\u00e9nez Ortiz del Cerro","@id":"https:\/\/coparmexjal.org.mx\/entorno-empresarial\/#\/schema\/person\/4cd0e433649d20c330304afaa0613155"},"headline":"Copiar y pegar","datePublished":"2019-09-01T15:30:41+00:00","dateModified":"2020-10-01T16:12:00+00:00","mainEntityOfPage":{"@id":"https:\/\/coparmexjal.org.mx\/entorno-empresarial\/copiar-y-pegar\/"},"wordCount":693,"commentCount":0,"publisher":{"@id":"https:\/\/coparmexjal.org.mx\/entorno-empresarial\/#organization"},"image":{"@id":"https:\/\/coparmexjal.org.mx\/entorno-empresarial\/copiar-y-pegar\/#primaryimage"},"thumbnailUrl":"https:\/\/coparmexjal.org.mx\/entorno-empresarial\/wp-content\/uploads\/2020\/10\/bruce-mars-xj8qrWvuOEs-unsplash.jpg","keywords":["adaptar","clave del \u00e9xito","emprendedores","emprendimiento","futuros emprendedores."],"articleSection":["Emprende","Opini\u00f3n"],"inLanguage":"es","potentialAction":[{"@type":"CommentAction","name":"Comment","target":["https:\/\/coparmexjal.org.mx\/entorno-empresarial\/copiar-y-pegar\/#respond"]}]},{"@type":"WebPage","@id":"https:\/\/coparmexjal.org.mx\/entorno-empresarial\/copiar-y-pegar\/","url":"https:\/\/coparmexjal.org.mx\/entorno-empresarial\/copiar-y-pegar\/","name":"Copiar y pegar - Entorno Empresarial","isPartOf":{"@id":"https:\/\/coparmexjal.org.mx\/entorno-empresarial\/#website"},"primaryImageOfPage":{"@id":"https:\/\/coparmexjal.org.mx\/entorno-empresarial\/copiar-y-pegar\/#primaryimage"},"image":{"@id":"https:\/\/coparmexjal.org.mx\/entorno-empresarial\/copiar-y-pegar\/#primaryimage"},"thumbnailUrl":"https:\/\/coparmexjal.org.mx\/entorno-empresarial\/wp-content\/uploads\/2020\/10\/bruce-mars-xj8qrWvuOEs-unsplash.jpg","datePublished":"2019-09-01T15:30:41+00:00","dateModified":"2020-10-01T16:12:00+00:00","breadcrumb":{"@id":"https:\/\/coparmexjal.org.mx\/entorno-empresarial\/copiar-y-pegar\/#breadcrumb"},"inLanguage":"es","potentialAction":[{"@type":"ReadAction","target":["https:\/\/coparmexjal.org.mx\/entorno-empresarial\/copiar-y-pegar\/"]}]},{"@type":"ImageObject","inLanguage":"es","@id":"https:\/\/coparmexjal.org.mx\/entorno-empresarial\/copiar-y-pegar\/#primaryimage","url":"https:\/\/coparmexjal.org.mx\/entorno-empresarial\/wp-content\/uploads\/2020\/10\/bruce-mars-xj8qrWvuOEs-unsplash.jpg","contentUrl":"https:\/\/coparmexjal.org.mx\/entorno-empresarial\/wp-content\/uploads\/2020\/10\/bruce-mars-xj8qrWvuOEs-unsplash.jpg","width":1200,"height":800,"caption":"copiar, pegar y adaptar"},{"@type":"BreadcrumbList","@id":"https:\/\/coparmexjal.org.mx\/entorno-empresarial\/copiar-y-pegar\/#breadcrumb","itemListElement":[{"@type":"ListItem","position":1,"name":"Inicio","item":"https:\/\/coparmexjal.org.mx\/entorno-empresarial\/"},{"@type":"ListItem","position":2,"name":"Copiar y pegar"}]},{"@type":"WebSite","@id":"https:\/\/coparmexjal.org.mx\/entorno-empresarial\/#website","url":"https:\/\/coparmexjal.org.mx\/entorno-empresarial\/","name":"Revista Entorno Empresarial","description":"Coparmex Jalisco","publisher":{"@id":"https:\/\/coparmexjal.org.mx\/entorno-empresarial\/#organization"},"potentialAction":[{"@type":"SearchAction","target":{"@type":"EntryPoint","urlTemplate":"https:\/\/coparmexjal.org.mx\/entorno-empresarial\/?s={search_term_string}"},"query-input":{"@type":"PropertyValueSpecification","valueRequired":true,"valueName":"search_term_string"}}],"inLanguage":"es"},{"@type":"Organization","@id":"https:\/\/coparmexjal.org.mx\/entorno-empresarial\/#organization","name":"Coparmex Jalisco","url":"https:\/\/coparmexjal.org.mx\/entorno-empresarial\/","logo":{"@type":"ImageObject","inLanguage":"es","@id":"https:\/\/coparmexjal.org.mx\/entorno-empresarial\/#\/schema\/logo\/image\/","url":"https:\/\/coparmexjal.org.mx\/entorno-empresarial\/wp-content\/uploads\/2020\/02\/logo-amp.png","contentUrl":"https:\/\/coparmexjal.org.mx\/entorno-empresarial\/wp-content\/uploads\/2020\/02\/logo-amp.png","width":120,"height":90,"caption":"Coparmex Jalisco"},"image":{"@id":"https:\/\/coparmexjal.org.mx\/entorno-empresarial\/#\/schema\/logo\/image\/"},"sameAs":["https:\/\/facebook.com\/comcoparmex","https:\/\/x.com\/comcoparmex","http:\/\/instagram.com\/coparmexjalisco","https:\/\/mx.linkedin.com\/company\/coparmex-jalisco","https:\/\/www.youtube.com\/c\/CoparmexJaliscomx"]},{"@type":"Person","@id":"https:\/\/coparmexjal.org.mx\/entorno-empresarial\/#\/schema\/person\/4cd0e433649d20c330304afaa0613155","name":"M\u00e1ximo Macario Jim\u00e9nez Ortiz del Cerro","image":{"@type":"ImageObject","inLanguage":"es","@id":"https:\/\/secure.gravatar.com\/avatar\/c3973aa62d071b811db6badaebf2d60a64b45abb3062944ada107e146af6d0cd?s=96&d=mm&r=g","url":"https:\/\/secure.gravatar.com\/avatar\/c3973aa62d071b811db6badaebf2d60a64b45abb3062944ada107e146af6d0cd?s=96&d=mm&r=g","contentUrl":"https:\/\/secure.gravatar.com\/avatar\/c3973aa62d071b811db6badaebf2d60a64b45abb3062944ada107e146af6d0cd?s=96&d=mm&r=g","caption":"M\u00e1ximo Macario Jim\u00e9nez Ortiz del Cerro"},"url":"https:\/\/coparmexjal.org.mx\/entorno-empresarial\/author\/maximo-jimenez\/"}]}},"_links":{"self":[{"href":"https:\/\/coparmexjal.org.mx\/entorno-empresarial\/wp-json\/wp\/v2\/posts\/4118","targetHints":{"allow":["GET"]}}],"collection":[{"href":"https:\/\/coparmexjal.org.mx\/entorno-empresarial\/wp-json\/wp\/v2\/posts"}],"about":[{"href":"https:\/\/coparmexjal.org.mx\/entorno-empresarial\/wp-json\/wp\/v2\/types\/post"}],"author":[{"embeddable":true,"href":"https:\/\/coparmexjal.org.mx\/entorno-empresarial\/wp-json\/wp\/v2\/users\/41"}],"replies":[{"embeddable":true,"href":"https:\/\/coparmexjal.org.mx\/entorno-empresarial\/wp-json\/wp\/v2\/comments?post=4118"}],"version-history":[{"count":3,"href":"https:\/\/coparmexjal.org.mx\/entorno-empresarial\/wp-json\/wp\/v2\/posts\/4118\/revisions"}],"predecessor-version":[{"id":4124,"href":"https:\/\/coparmexjal.org.mx\/entorno-empresarial\/wp-json\/wp\/v2\/posts\/4118\/revisions\/4124"}],"wp:featuredmedia":[{"embeddable":true,"href":"https:\/\/coparmexjal.org.mx\/entorno-empresarial\/wp-json\/wp\/v2\/media\/4120"}],"wp:attachment":[{"href":"https:\/\/coparmexjal.org.mx\/entorno-empresarial\/wp-json\/wp\/v2\/media?parent=4118"}],"wp:term":[{"taxonomy":"category","embeddable":true,"href":"https:\/\/coparmexjal.org.mx\/entorno-empresarial\/wp-json\/wp\/v2\/categories?post=4118"},{"taxonomy":"post_tag","embeddable":true,"href":"https:\/\/coparmexjal.org.mx\/entorno-empresarial\/wp-json\/wp\/v2\/tags?post=4118"}],"curies":[{"name":"wp","href":"https:\/\/api.w.org\/{rel}","templated":true}]}}