{"id":4097,"date":"2019-09-01T08:53:32","date_gmt":"2019-09-01T13:53:32","guid":{"rendered":"https:\/\/coparmexjal.org.mx\/entorno-empresarial\/?p=4097"},"modified":"2020-10-01T09:36:59","modified_gmt":"2020-10-01T14:36:59","slug":"el-ciudadano-desarrollador","status":"publish","type":"post","link":"https:\/\/coparmexjal.org.mx\/entorno-empresarial\/el-ciudadano-desarrollador\/","title":{"rendered":"El ciudadano desarrollador"},"content":{"rendered":"\n<p>Si usted no hab\u00eda escuchado el t\u00e9rmino <em>ciudadano desarrollador<\/em> (o <em>citizen developer<\/em>, en ingl\u00e9s), no lo culpo; me parece que hace tan solo unas cuantas semanas casi nadie estaba familiarizado con ese nombre.<\/p>\n\n\n\n<p>Yo en lo personal lo escuch\u00e9 por primera vez a mediados de julio de este a\u00f1o en el evento anual de Microsoft, donde el fabricante platic\u00f3 su estrategia para el a\u00f1o siguiente. El concepto me pareci\u00f3 interesante y me gustar\u00eda compartirlo con ustedes, ya que creo que va a tener la posibilidad de existir en la mayor\u00eda de las organizaciones.<\/p>\n\n\n\n<p>Para empezar a explicar lo que el t\u00e9rmino significa, partamos de una frase que se ha venido popularizando en los \u00faltimos dos a\u00f1os: \u201cToda compa\u00f1\u00eda es una compa\u00f1\u00eda de <em>software<\/em>\u201d.&nbsp; Lo que esta frase quiere decir es que para competir en el mercado de hoy, las empresas deben ser muy \u00e1giles, capaces de responder a los cambios del entorno con rapidez y tomar decisiones con base en los datos que genera su organizaci\u00f3n al momento. Para lograr esto, todas las empresas requieren cimentar sus operaciones en sistemas que manejen sus procesos y tener la mayor parte de su informaci\u00f3n digitalizada y compartida, en ocasiones generando plataformas en las que puedan colaborar sus proveedores y sus clientes para obtener el m\u00e1ximo crecimiento y eficiencia.<\/p>\n\n\n\n<p><strong>En este mundo, los desarrolladores se vuelven muy importantes, pues construyen los sistemas y los flujos de trabajo que ayudan a las empresas a crear y optimizar el coraz\u00f3n de sus negocios.<\/strong><\/p>\n\n\n\n<p>Sin embargo, existen<strong> <em>dos limitantes importantes cuando hablamos de los desarrolladores:<\/em><\/strong><\/p>\n\n\n\n<p><strong>Primero, no hay suficientes desarrolladores para cubrir la demanda de las organizaciones.<\/strong> Como la mayor\u00eda de las empresas requieren desarrollos, la demanda para desarrolladores est\u00e1 superando al n\u00famero de candidatos disponibles; esto los hace caros y dif\u00edciles de encontrar. Por lo mismo, una organizaci\u00f3n no va a enfocar a su desarrollador en una tarea peque\u00f1a.<\/p>\n\n\n\n<p><strong>Segundo, muchos de los procesos de negocio que requieren automatizaci\u00f3n o mejora no son conocidos o evidentes para los desarrolladores;<\/strong> exigen conocimientos operativos o de negocio particulares que solo son dominados por aquellas personas que los viven y ejecutan todos los d\u00edas.<\/p>\n\n\n\n<div class=\"wp-block-image is-style-default\"><figure class=\"alignright size-large is-resized\"><img fetchpriority=\"high\" decoding=\"async\" src=\"https:\/\/coparmexjal.org.mx\/entorno-empresarial\/wp-content\/uploads\/2020\/10\/mimi-thian-zMcBf-n6qrs-unsplash-1024x576.jpg\" alt=\"\" class=\"wp-image-4100\" width=\"408\" height=\"229\" srcset=\"https:\/\/coparmexjal.org.mx\/entorno-empresarial\/wp-content\/uploads\/2020\/10\/mimi-thian-zMcBf-n6qrs-unsplash-1024x576.jpg 1024w, https:\/\/coparmexjal.org.mx\/entorno-empresarial\/wp-content\/uploads\/2020\/10\/mimi-thian-zMcBf-n6qrs-unsplash-300x169.jpg 300w, https:\/\/coparmexjal.org.mx\/entorno-empresarial\/wp-content\/uploads\/2020\/10\/mimi-thian-zMcBf-n6qrs-unsplash-768x432.jpg 768w, https:\/\/coparmexjal.org.mx\/entorno-empresarial\/wp-content\/uploads\/2020\/10\/mimi-thian-zMcBf-n6qrs-unsplash.jpg 1422w\" sizes=\"(max-width: 408px) 100vw, 408px\" \/><\/figure><\/div>\n\n\n\n<p>Estos puntos hacen que surja la figura del ciudadano desarrollador. El ciudadano desarrollador es una persona con conocimientos b\u00e1sicos en tecnolog\u00eda \u2013digamos Excel, por ejemplo\u2013, pero que no tiene una formaci\u00f3n especializada en el desarrollo, y que utiliza alguna herramienta que permite crear programas o automatizar procesos sin la necesidad de conocer o escribir c\u00f3digo o manejar lenguajes de programaci\u00f3n.<\/p>\n\n\n\n<p>Microsoft ha liberado algunas herramientas como PowerApps y Flow, las cuales permiten a una persona con una capacitaci\u00f3n b\u00e1sica hacer flujos de trabajo que permiten automatizar tareas que antes se realizaban de forma manual. Algunas alternativas similares son AppSheet, Glide y Corteza.<\/p>\n\n\n\n<p>Utilicemos un ejemplo para darnos una idea de lo que se puede realizar por un ciudadano desarrollador para mejorar a una organizaci\u00f3n. Todos hemos visto los libros de registro de visitantes de las empresas; estos son llenados por los visitantes de forma manual utilizando campos como el nombre de la persona, a qui\u00e9n visita, de qu\u00e9 empresa viene y su hora de entrada y salida. No estoy muy seguro, pero en lo personal no he visto que se saque demasiada informaci\u00f3n de ellos, salvo que una persona quiera recordar el nombre de un visitante que haya venido en las \u00faltimas 48 horas. Es muy complejo obtener datos estad\u00edsticos de esos libros, y si se consigue es porque una persona se dedica a transcribir el libro a un registro, aunque con la letra que tenemos algunos visitantes, me imagino que esto es una tarea compleja y con un margen de error alto.<\/p>\n\n\n\n<p>Un ciudadano desarrollador que trabaje cerca de ese proceso \u2013por ejemplo, una recepcionista o un guardia de seguridad\u2013 podr\u00eda, tomando una capacitaci\u00f3n de un par de horas, hacer una hoja de c\u00e1lculo en Excel que tuviera los campos necesarios, convertirla a una plantilla con PowerApps que se pudiera ejecutar en una tableta y que esta plantilla llenara una base de datos. Con esa informaci\u00f3n, alguien de la organizaci\u00f3n podr\u00eda obtener informaci\u00f3n como qui\u00e9nes son los visitantes m\u00e1s frecuentes o cu\u00e1les son los horarios\/fechas m\u00e1s concurridos. Estos datos nos ayudar\u00edan a tomar decisiones que nos permitieran dar un mejor servicio.<\/p>\n\n\n\n<div class=\"wp-block-image is-style-default\"><figure class=\"alignleft size-large is-resized\"><img decoding=\"async\" src=\"https:\/\/coparmexjal.org.mx\/entorno-empresarial\/wp-content\/uploads\/2020\/10\/arif-riyanto-vJP-wZ6hGBg-unsplash.jpg\" alt=\"\" class=\"wp-image-4104\" width=\"266\" height=\"400\" srcset=\"https:\/\/coparmexjal.org.mx\/entorno-empresarial\/wp-content\/uploads\/2020\/10\/arif-riyanto-vJP-wZ6hGBg-unsplash.jpg 532w, https:\/\/coparmexjal.org.mx\/entorno-empresarial\/wp-content\/uploads\/2020\/10\/arif-riyanto-vJP-wZ6hGBg-unsplash-200x300.jpg 200w\" sizes=\"(max-width: 266px) 100vw, 266px\" \/><\/figure><\/div>\n\n\n\n<p><strong>La estrategia para impulsar a los ciudadanos desarrolladores es sencilla, aunque requiere que la cultura de la organizaci\u00f3n aliente la innovaci\u00f3n y la promoci\u00f3n de ideas por parte del personal. <\/strong>La inversi\u00f3n no es demasiado alta, ya que las herramientas tienden a ser de bajo costo (PowerApps viene incluida en la mayor\u00eda de las versiones de Office 365).<\/p>\n\n\n\n<p>La habilitaci\u00f3n de las personas de la organizaci\u00f3n se puede hacer mediante cursos internos, impartidos por el desarrollador principal de la organizaci\u00f3n o alguien del departamento de sistemas a quien se le encargue la tarea de aprender la plataforma y dar una capacitaci\u00f3n de dos o tres horas cada dos meses al personal interesado. Tambi\u00e9n se puede buscar una organizaci\u00f3n externa que imparta las capacitaciones a los colaboradores y resuelva algunas de las dudas de los usuarios.<\/p>\n\n\n\n<p>Conforme la cultura de la empresa fomente la creatividad, m\u00e1s personas se sumar\u00e1n al proyecto, ya que hoy todos utilizamos la <strong>tecnolog\u00eda en nuestra vida diaria y solo necesitamos un peque\u00f1o impulso para lanzarnos a hacer proyectos sencillos que facilitar\u00e1n nuestras labores y nos har\u00e1n m\u00e1s productivos.<\/strong><\/p>\n\n\n\n<p>Si desea conocer m\u00e1s sobre el ciudadano desarrollador, no dude en enviarme un correo a j_panas@hotmail.com. Si desea conocer m\u00e1s sobre c\u00f3mo fomentar una cultura de innovaci\u00f3n y creatividad en su empresa, por favor ac\u00e9rquese a la Comisi\u00f3n de Innovaci\u00f3n de Coparmex.<\/p>\n\n\n\n<p><\/p>\n","protected":false},"excerpt":{"rendered":"<p>Si usted no hab\u00eda escuchado el t\u00e9rmino ciudadano desarrollador (o citizen developer, en ingl\u00e9s), no lo culpo; me parece que hace tan solo unas cuantas<\/p>\n","protected":false},"author":14,"featured_media":4098,"comment_status":"open","ping_status":"open","sticky":false,"template":"","format":"standard","meta":{"footnotes":""},"categories":[152,495],"tags":[587,586,588,285,398],"class_list":["post-4097","post","type-post","status-publish","format-standard","has-post-thumbnail","hentry","category-empresas","category-innovacion","tag-citizen-developer","tag-ciudadano-desarrollador","tag-desarrollador","tag-innovacion","tag-tecnologia-2"],"yoast_head":"<!-- This site is optimized with the Yoast SEO plugin v27.5 - https:\/\/yoast.com\/product\/yoast-seo-wordpress\/ -->\n<title>El ciudadano desarrollador - Entorno Empresarial<\/title>\n<meta name=\"robots\" content=\"index, follow, max-snippet:-1, max-image-preview:large, max-video-preview:-1\" \/>\n<link rel=\"canonical\" href=\"https:\/\/coparmexjal.org.mx\/entorno-empresarial\/el-ciudadano-desarrollador\/\" \/>\n<meta property=\"og:locale\" content=\"es_MX\" \/>\n<meta property=\"og:type\" content=\"article\" \/>\n<meta property=\"og:title\" content=\"El ciudadano desarrollador - Entorno Empresarial\" \/>\n<meta property=\"og:description\" content=\"Si usted no hab\u00eda escuchado el t\u00e9rmino ciudadano desarrollador (o citizen developer, en ingl\u00e9s), no lo culpo; me parece que hace tan solo unas cuantas\" \/>\n<meta property=\"og:url\" content=\"https:\/\/coparmexjal.org.mx\/entorno-empresarial\/el-ciudadano-desarrollador\/\" \/>\n<meta property=\"og:site_name\" content=\"Entorno Empresarial\" \/>\n<meta property=\"article:publisher\" content=\"https:\/\/facebook.com\/comcoparmex\" \/>\n<meta property=\"article:published_time\" content=\"2019-09-01T13:53:32+00:00\" \/>\n<meta property=\"article:modified_time\" content=\"2020-10-01T14:36:59+00:00\" \/>\n<meta property=\"og:image\" content=\"https:\/\/coparmexjal.org.mx\/entorno-empresarial\/wp-content\/uploads\/2020\/10\/simon-abrams-k_T9Zj3SE8k-unsplash.jpg\" \/>\n\t<meta property=\"og:image:width\" content=\"1200\" \/>\n\t<meta property=\"og:image:height\" content=\"800\" \/>\n\t<meta property=\"og:image:type\" content=\"image\/jpeg\" \/>\n<meta name=\"author\" content=\"Juan Demetrio Panas Aguilera\" \/>\n<meta name=\"twitter:card\" content=\"summary_large_image\" \/>\n<meta name=\"twitter:creator\" content=\"@comcoparmex\" \/>\n<meta name=\"twitter:site\" content=\"@comcoparmex\" \/>\n<meta name=\"twitter:label1\" content=\"Escrito por\" \/>\n\t<meta name=\"twitter:data1\" content=\"Juan Demetrio Panas Aguilera\" \/>\n\t<meta name=\"twitter:label2\" content=\"Tiempo de lectura\" \/>\n\t<meta name=\"twitter:data2\" content=\"5 minutos\" \/>\n<script type=\"application\/ld+json\" class=\"yoast-schema-graph\">{\"@context\":\"https:\\\/\\\/schema.org\",\"@graph\":[{\"@type\":\"Article\",\"@id\":\"https:\\\/\\\/coparmexjal.org.mx\\\/entorno-empresarial\\\/el-ciudadano-desarrollador\\\/#article\",\"isPartOf\":{\"@id\":\"https:\\\/\\\/coparmexjal.org.mx\\\/entorno-empresarial\\\/el-ciudadano-desarrollador\\\/\"},\"author\":{\"name\":\"Juan Demetrio Panas Aguilera\",\"@id\":\"https:\\\/\\\/coparmexjal.org.mx\\\/entorno-empresarial\\\/#\\\/schema\\\/person\\\/23a2117f422f0ffd14a1b65d19bae873\"},\"headline\":\"El ciudadano desarrollador\",\"datePublished\":\"2019-09-01T13:53:32+00:00\",\"dateModified\":\"2020-10-01T14:36:59+00:00\",\"mainEntityOfPage\":{\"@id\":\"https:\\\/\\\/coparmexjal.org.mx\\\/entorno-empresarial\\\/el-ciudadano-desarrollador\\\/\"},\"wordCount\":1008,\"commentCount\":0,\"publisher\":{\"@id\":\"https:\\\/\\\/coparmexjal.org.mx\\\/entorno-empresarial\\\/#organization\"},\"image\":{\"@id\":\"https:\\\/\\\/coparmexjal.org.mx\\\/entorno-empresarial\\\/el-ciudadano-desarrollador\\\/#primaryimage\"},\"thumbnailUrl\":\"https:\\\/\\\/coparmexjal.org.mx\\\/entorno-empresarial\\\/wp-content\\\/uploads\\\/2020\\\/10\\\/simon-abrams-k_T9Zj3SE8k-unsplash.jpg\",\"keywords\":[\"citizen developer\",\"ciudadano desarrollador\",\"desarrollador\",\"innovaci\u00f3n\",\"tecnolog\u00eda\"],\"articleSection\":[\"Empresas\",\"Innovaci\u00f3n\"],\"inLanguage\":\"es\",\"potentialAction\":[{\"@type\":\"CommentAction\",\"name\":\"Comment\",\"target\":[\"https:\\\/\\\/coparmexjal.org.mx\\\/entorno-empresarial\\\/el-ciudadano-desarrollador\\\/#respond\"]}]},{\"@type\":\"WebPage\",\"@id\":\"https:\\\/\\\/coparmexjal.org.mx\\\/entorno-empresarial\\\/el-ciudadano-desarrollador\\\/\",\"url\":\"https:\\\/\\\/coparmexjal.org.mx\\\/entorno-empresarial\\\/el-ciudadano-desarrollador\\\/\",\"name\":\"El ciudadano desarrollador - Entorno Empresarial\",\"isPartOf\":{\"@id\":\"https:\\\/\\\/coparmexjal.org.mx\\\/entorno-empresarial\\\/#website\"},\"primaryImageOfPage\":{\"@id\":\"https:\\\/\\\/coparmexjal.org.mx\\\/entorno-empresarial\\\/el-ciudadano-desarrollador\\\/#primaryimage\"},\"image\":{\"@id\":\"https:\\\/\\\/coparmexjal.org.mx\\\/entorno-empresarial\\\/el-ciudadano-desarrollador\\\/#primaryimage\"},\"thumbnailUrl\":\"https:\\\/\\\/coparmexjal.org.mx\\\/entorno-empresarial\\\/wp-content\\\/uploads\\\/2020\\\/10\\\/simon-abrams-k_T9Zj3SE8k-unsplash.jpg\",\"datePublished\":\"2019-09-01T13:53:32+00:00\",\"dateModified\":\"2020-10-01T14:36:59+00:00\",\"breadcrumb\":{\"@id\":\"https:\\\/\\\/coparmexjal.org.mx\\\/entorno-empresarial\\\/el-ciudadano-desarrollador\\\/#breadcrumb\"},\"inLanguage\":\"es\",\"potentialAction\":[{\"@type\":\"ReadAction\",\"target\":[\"https:\\\/\\\/coparmexjal.org.mx\\\/entorno-empresarial\\\/el-ciudadano-desarrollador\\\/\"]}]},{\"@type\":\"ImageObject\",\"inLanguage\":\"es\",\"@id\":\"https:\\\/\\\/coparmexjal.org.mx\\\/entorno-empresarial\\\/el-ciudadano-desarrollador\\\/#primaryimage\",\"url\":\"https:\\\/\\\/coparmexjal.org.mx\\\/entorno-empresarial\\\/wp-content\\\/uploads\\\/2020\\\/10\\\/simon-abrams-k_T9Zj3SE8k-unsplash.jpg\",\"contentUrl\":\"https:\\\/\\\/coparmexjal.org.mx\\\/entorno-empresarial\\\/wp-content\\\/uploads\\\/2020\\\/10\\\/simon-abrams-k_T9Zj3SE8k-unsplash.jpg\",\"width\":1200,\"height\":800,\"caption\":\"ciudadano desarrollador\"},{\"@type\":\"BreadcrumbList\",\"@id\":\"https:\\\/\\\/coparmexjal.org.mx\\\/entorno-empresarial\\\/el-ciudadano-desarrollador\\\/#breadcrumb\",\"itemListElement\":[{\"@type\":\"ListItem\",\"position\":1,\"name\":\"Inicio\",\"item\":\"https:\\\/\\\/coparmexjal.org.mx\\\/entorno-empresarial\\\/\"},{\"@type\":\"ListItem\",\"position\":2,\"name\":\"El ciudadano desarrollador\"}]},{\"@type\":\"WebSite\",\"@id\":\"https:\\\/\\\/coparmexjal.org.mx\\\/entorno-empresarial\\\/#website\",\"url\":\"https:\\\/\\\/coparmexjal.org.mx\\\/entorno-empresarial\\\/\",\"name\":\"Revista Entorno Empresarial\",\"description\":\"Coparmex Jalisco\",\"publisher\":{\"@id\":\"https:\\\/\\\/coparmexjal.org.mx\\\/entorno-empresarial\\\/#organization\"},\"potentialAction\":[{\"@type\":\"SearchAction\",\"target\":{\"@type\":\"EntryPoint\",\"urlTemplate\":\"https:\\\/\\\/coparmexjal.org.mx\\\/entorno-empresarial\\\/?s={search_term_string}\"},\"query-input\":{\"@type\":\"PropertyValueSpecification\",\"valueRequired\":true,\"valueName\":\"search_term_string\"}}],\"inLanguage\":\"es\"},{\"@type\":\"Organization\",\"@id\":\"https:\\\/\\\/coparmexjal.org.mx\\\/entorno-empresarial\\\/#organization\",\"name\":\"Coparmex Jalisco\",\"url\":\"https:\\\/\\\/coparmexjal.org.mx\\\/entorno-empresarial\\\/\",\"logo\":{\"@type\":\"ImageObject\",\"inLanguage\":\"es\",\"@id\":\"https:\\\/\\\/coparmexjal.org.mx\\\/entorno-empresarial\\\/#\\\/schema\\\/logo\\\/image\\\/\",\"url\":\"https:\\\/\\\/coparmexjal.org.mx\\\/entorno-empresarial\\\/wp-content\\\/uploads\\\/2020\\\/02\\\/logo-amp.png\",\"contentUrl\":\"https:\\\/\\\/coparmexjal.org.mx\\\/entorno-empresarial\\\/wp-content\\\/uploads\\\/2020\\\/02\\\/logo-amp.png\",\"width\":120,\"height\":90,\"caption\":\"Coparmex Jalisco\"},\"image\":{\"@id\":\"https:\\\/\\\/coparmexjal.org.mx\\\/entorno-empresarial\\\/#\\\/schema\\\/logo\\\/image\\\/\"},\"sameAs\":[\"https:\\\/\\\/facebook.com\\\/comcoparmex\",\"https:\\\/\\\/x.com\\\/comcoparmex\",\"http:\\\/\\\/instagram.com\\\/coparmexjalisco\",\"https:\\\/\\\/mx.linkedin.com\\\/company\\\/coparmex-jalisco\",\"https:\\\/\\\/www.youtube.com\\\/c\\\/CoparmexJaliscomx\"]},{\"@type\":\"Person\",\"@id\":\"https:\\\/\\\/coparmexjal.org.mx\\\/entorno-empresarial\\\/#\\\/schema\\\/person\\\/23a2117f422f0ffd14a1b65d19bae873\",\"name\":\"Juan Demetrio Panas Aguilera\",\"image\":{\"@type\":\"ImageObject\",\"inLanguage\":\"es\",\"@id\":\"https:\\\/\\\/secure.gravatar.com\\\/avatar\\\/c9a8d355795860cd5acb1b4693172b82fbef2cfe971b59a2daf30a0503f34578?s=96&d=mm&r=g\",\"url\":\"https:\\\/\\\/secure.gravatar.com\\\/avatar\\\/c9a8d355795860cd5acb1b4693172b82fbef2cfe971b59a2daf30a0503f34578?s=96&d=mm&r=g\",\"contentUrl\":\"https:\\\/\\\/secure.gravatar.com\\\/avatar\\\/c9a8d355795860cd5acb1b4693172b82fbef2cfe971b59a2daf30a0503f34578?s=96&d=mm&r=g\",\"caption\":\"Juan Demetrio Panas Aguilera\"},\"url\":\"https:\\\/\\\/coparmexjal.org.mx\\\/entorno-empresarial\\\/author\\\/juan-panas\\\/\"}]}<\/script>\n<!-- \/ Yoast SEO plugin. -->","yoast_head_json":{"title":"El ciudadano desarrollador - Entorno Empresarial","robots":{"index":"index","follow":"follow","max-snippet":"max-snippet:-1","max-image-preview":"max-image-preview:large","max-video-preview":"max-video-preview:-1"},"canonical":"https:\/\/coparmexjal.org.mx\/entorno-empresarial\/el-ciudadano-desarrollador\/","og_locale":"es_MX","og_type":"article","og_title":"El ciudadano desarrollador - Entorno Empresarial","og_description":"Si usted no hab\u00eda escuchado el t\u00e9rmino ciudadano desarrollador (o citizen developer, en ingl\u00e9s), no lo culpo; me parece que hace tan solo unas cuantas","og_url":"https:\/\/coparmexjal.org.mx\/entorno-empresarial\/el-ciudadano-desarrollador\/","og_site_name":"Entorno Empresarial","article_publisher":"https:\/\/facebook.com\/comcoparmex","article_published_time":"2019-09-01T13:53:32+00:00","article_modified_time":"2020-10-01T14:36:59+00:00","og_image":[{"width":1200,"height":800,"url":"https:\/\/coparmexjal.org.mx\/entorno-empresarial\/wp-content\/uploads\/2020\/10\/simon-abrams-k_T9Zj3SE8k-unsplash.jpg","type":"image\/jpeg"}],"author":"Juan Demetrio Panas Aguilera","twitter_card":"summary_large_image","twitter_creator":"@comcoparmex","twitter_site":"@comcoparmex","twitter_misc":{"Escrito por":"Juan Demetrio Panas Aguilera","Tiempo de lectura":"5 minutos"},"schema":{"@context":"https:\/\/schema.org","@graph":[{"@type":"Article","@id":"https:\/\/coparmexjal.org.mx\/entorno-empresarial\/el-ciudadano-desarrollador\/#article","isPartOf":{"@id":"https:\/\/coparmexjal.org.mx\/entorno-empresarial\/el-ciudadano-desarrollador\/"},"author":{"name":"Juan Demetrio Panas Aguilera","@id":"https:\/\/coparmexjal.org.mx\/entorno-empresarial\/#\/schema\/person\/23a2117f422f0ffd14a1b65d19bae873"},"headline":"El ciudadano desarrollador","datePublished":"2019-09-01T13:53:32+00:00","dateModified":"2020-10-01T14:36:59+00:00","mainEntityOfPage":{"@id":"https:\/\/coparmexjal.org.mx\/entorno-empresarial\/el-ciudadano-desarrollador\/"},"wordCount":1008,"commentCount":0,"publisher":{"@id":"https:\/\/coparmexjal.org.mx\/entorno-empresarial\/#organization"},"image":{"@id":"https:\/\/coparmexjal.org.mx\/entorno-empresarial\/el-ciudadano-desarrollador\/#primaryimage"},"thumbnailUrl":"https:\/\/coparmexjal.org.mx\/entorno-empresarial\/wp-content\/uploads\/2020\/10\/simon-abrams-k_T9Zj3SE8k-unsplash.jpg","keywords":["citizen developer","ciudadano desarrollador","desarrollador","innovaci\u00f3n","tecnolog\u00eda"],"articleSection":["Empresas","Innovaci\u00f3n"],"inLanguage":"es","potentialAction":[{"@type":"CommentAction","name":"Comment","target":["https:\/\/coparmexjal.org.mx\/entorno-empresarial\/el-ciudadano-desarrollador\/#respond"]}]},{"@type":"WebPage","@id":"https:\/\/coparmexjal.org.mx\/entorno-empresarial\/el-ciudadano-desarrollador\/","url":"https:\/\/coparmexjal.org.mx\/entorno-empresarial\/el-ciudadano-desarrollador\/","name":"El ciudadano desarrollador - Entorno Empresarial","isPartOf":{"@id":"https:\/\/coparmexjal.org.mx\/entorno-empresarial\/#website"},"primaryImageOfPage":{"@id":"https:\/\/coparmexjal.org.mx\/entorno-empresarial\/el-ciudadano-desarrollador\/#primaryimage"},"image":{"@id":"https:\/\/coparmexjal.org.mx\/entorno-empresarial\/el-ciudadano-desarrollador\/#primaryimage"},"thumbnailUrl":"https:\/\/coparmexjal.org.mx\/entorno-empresarial\/wp-content\/uploads\/2020\/10\/simon-abrams-k_T9Zj3SE8k-unsplash.jpg","datePublished":"2019-09-01T13:53:32+00:00","dateModified":"2020-10-01T14:36:59+00:00","breadcrumb":{"@id":"https:\/\/coparmexjal.org.mx\/entorno-empresarial\/el-ciudadano-desarrollador\/#breadcrumb"},"inLanguage":"es","potentialAction":[{"@type":"ReadAction","target":["https:\/\/coparmexjal.org.mx\/entorno-empresarial\/el-ciudadano-desarrollador\/"]}]},{"@type":"ImageObject","inLanguage":"es","@id":"https:\/\/coparmexjal.org.mx\/entorno-empresarial\/el-ciudadano-desarrollador\/#primaryimage","url":"https:\/\/coparmexjal.org.mx\/entorno-empresarial\/wp-content\/uploads\/2020\/10\/simon-abrams-k_T9Zj3SE8k-unsplash.jpg","contentUrl":"https:\/\/coparmexjal.org.mx\/entorno-empresarial\/wp-content\/uploads\/2020\/10\/simon-abrams-k_T9Zj3SE8k-unsplash.jpg","width":1200,"height":800,"caption":"ciudadano desarrollador"},{"@type":"BreadcrumbList","@id":"https:\/\/coparmexjal.org.mx\/entorno-empresarial\/el-ciudadano-desarrollador\/#breadcrumb","itemListElement":[{"@type":"ListItem","position":1,"name":"Inicio","item":"https:\/\/coparmexjal.org.mx\/entorno-empresarial\/"},{"@type":"ListItem","position":2,"name":"El ciudadano desarrollador"}]},{"@type":"WebSite","@id":"https:\/\/coparmexjal.org.mx\/entorno-empresarial\/#website","url":"https:\/\/coparmexjal.org.mx\/entorno-empresarial\/","name":"Revista Entorno Empresarial","description":"Coparmex Jalisco","publisher":{"@id":"https:\/\/coparmexjal.org.mx\/entorno-empresarial\/#organization"},"potentialAction":[{"@type":"SearchAction","target":{"@type":"EntryPoint","urlTemplate":"https:\/\/coparmexjal.org.mx\/entorno-empresarial\/?s={search_term_string}"},"query-input":{"@type":"PropertyValueSpecification","valueRequired":true,"valueName":"search_term_string"}}],"inLanguage":"es"},{"@type":"Organization","@id":"https:\/\/coparmexjal.org.mx\/entorno-empresarial\/#organization","name":"Coparmex Jalisco","url":"https:\/\/coparmexjal.org.mx\/entorno-empresarial\/","logo":{"@type":"ImageObject","inLanguage":"es","@id":"https:\/\/coparmexjal.org.mx\/entorno-empresarial\/#\/schema\/logo\/image\/","url":"https:\/\/coparmexjal.org.mx\/entorno-empresarial\/wp-content\/uploads\/2020\/02\/logo-amp.png","contentUrl":"https:\/\/coparmexjal.org.mx\/entorno-empresarial\/wp-content\/uploads\/2020\/02\/logo-amp.png","width":120,"height":90,"caption":"Coparmex Jalisco"},"image":{"@id":"https:\/\/coparmexjal.org.mx\/entorno-empresarial\/#\/schema\/logo\/image\/"},"sameAs":["https:\/\/facebook.com\/comcoparmex","https:\/\/x.com\/comcoparmex","http:\/\/instagram.com\/coparmexjalisco","https:\/\/mx.linkedin.com\/company\/coparmex-jalisco","https:\/\/www.youtube.com\/c\/CoparmexJaliscomx"]},{"@type":"Person","@id":"https:\/\/coparmexjal.org.mx\/entorno-empresarial\/#\/schema\/person\/23a2117f422f0ffd14a1b65d19bae873","name":"Juan Demetrio Panas Aguilera","image":{"@type":"ImageObject","inLanguage":"es","@id":"https:\/\/secure.gravatar.com\/avatar\/c9a8d355795860cd5acb1b4693172b82fbef2cfe971b59a2daf30a0503f34578?s=96&d=mm&r=g","url":"https:\/\/secure.gravatar.com\/avatar\/c9a8d355795860cd5acb1b4693172b82fbef2cfe971b59a2daf30a0503f34578?s=96&d=mm&r=g","contentUrl":"https:\/\/secure.gravatar.com\/avatar\/c9a8d355795860cd5acb1b4693172b82fbef2cfe971b59a2daf30a0503f34578?s=96&d=mm&r=g","caption":"Juan Demetrio Panas Aguilera"},"url":"https:\/\/coparmexjal.org.mx\/entorno-empresarial\/author\/juan-panas\/"}]}},"_links":{"self":[{"href":"https:\/\/coparmexjal.org.mx\/entorno-empresarial\/wp-json\/wp\/v2\/posts\/4097","targetHints":{"allow":["GET"]}}],"collection":[{"href":"https:\/\/coparmexjal.org.mx\/entorno-empresarial\/wp-json\/wp\/v2\/posts"}],"about":[{"href":"https:\/\/coparmexjal.org.mx\/entorno-empresarial\/wp-json\/wp\/v2\/types\/post"}],"author":[{"embeddable":true,"href":"https:\/\/coparmexjal.org.mx\/entorno-empresarial\/wp-json\/wp\/v2\/users\/14"}],"replies":[{"embeddable":true,"href":"https:\/\/coparmexjal.org.mx\/entorno-empresarial\/wp-json\/wp\/v2\/comments?post=4097"}],"version-history":[{"count":7,"href":"https:\/\/coparmexjal.org.mx\/entorno-empresarial\/wp-json\/wp\/v2\/posts\/4097\/revisions"}],"predecessor-version":[{"id":4109,"href":"https:\/\/coparmexjal.org.mx\/entorno-empresarial\/wp-json\/wp\/v2\/posts\/4097\/revisions\/4109"}],"wp:featuredmedia":[{"embeddable":true,"href":"https:\/\/coparmexjal.org.mx\/entorno-empresarial\/wp-json\/wp\/v2\/media\/4098"}],"wp:attachment":[{"href":"https:\/\/coparmexjal.org.mx\/entorno-empresarial\/wp-json\/wp\/v2\/media?parent=4097"}],"wp:term":[{"taxonomy":"category","embeddable":true,"href":"https:\/\/coparmexjal.org.mx\/entorno-empresarial\/wp-json\/wp\/v2\/categories?post=4097"},{"taxonomy":"post_tag","embeddable":true,"href":"https:\/\/coparmexjal.org.mx\/entorno-empresarial\/wp-json\/wp\/v2\/tags?post=4097"}],"curies":[{"name":"wp","href":"https:\/\/api.w.org\/{rel}","templated":true}]}}