{"id":3898,"date":"2019-05-01T18:49:03","date_gmt":"2019-05-01T23:49:03","guid":{"rendered":"https:\/\/coparmexjal.org.mx\/entorno-empresarial\/?p=3898"},"modified":"2020-09-24T19:35:23","modified_gmt":"2020-09-25T00:35:23","slug":"emprender-en-tiempos-de-la-4t","status":"publish","type":"post","link":"https:\/\/coparmexjal.org.mx\/entorno-empresarial\/emprender-en-tiempos-de-la-4t\/","title":{"rendered":"Emprender en tiempos de la 4T"},"content":{"rendered":"\n<p><strong>La caracter\u00edstica m\u00e1s com\u00fan entre los emprendedores es la pasi\u00f3n<\/strong>. <strong>Creer en una idea y hacerla realidad a pesar de todos los obst\u00e1culos que se presenten en el camino se vuelve un estilo de vida.<\/strong> Adem\u00e1s, tenemos un segundo rasgo que va muy ligado al primero: la resiliencia. El emprendedor y el empresario estamos hechos de una piel muy gruesa, y con \u00e1nimo salimos adelante de cualquier adversidad.<em> No somos superh\u00e9roes, pero s\u00ed personas con mucha convicci\u00f3n.<\/em> Estamos tan acostumbrados a los retos constantes y a la incertidumbre cotidiana en la empresa, que cuando los encontramos fuera de ella, como en estos d\u00edas, estoy seguro de que contamos con lo que se requiere para enfrentarlos con \u00e9xito.\u00a0<\/p>\n\n\n\n<p class=\"has-very-dark-gray-color has-very-light-gray-background-color has-text-color has-background\">En M\u00e9xico estamos viviendo una etapa nueva en nuestra joven democracia. S\u00ed, hay muchos cambios, algunos que nos favorecen y otros que no. <strong>Por ejemplo, en temas empresariales hay cambios negativos. El Instituto Nacional del Emprendedor opera con el 20% de los recursos con los que lo hac\u00eda en 2018, es decir, con solo 659 millones de pesos de los 3435 millones del a\u00f1o pasado.<\/strong> Es decir, est\u00e1 medio muerto. \u00bfY qu\u00e9 decir de ProM\u00e9xico? Ese s\u00ed desapareci\u00f3. El primero se dedicaba a dar financiamiento y capital a los empresarios para crear y crecer sus negocios; el segundo era el encargado de promover a las empresas mexicanas en todo el mundo para exportar nuestros productos y servicios, adem\u00e1s de atraer la inversi\u00f3n extranjera directa. Y en el \u00e1mbito local, en mi estado, el Ijaldem (Instituto Jalisciense del Emprendedor) est\u00e1 extinto.\u00a0<\/p>\n\n\n\n<p>En efecto, la situaci\u00f3n no es f\u00e1cil, pero eso no significa que nos vamos a quedar cruzados de brazos. Es momento de actuar. Si el Gobierno ya no ofrece estos programas, tenemos entonces la gran oportunidad de demostrar que nosotros podemos rascarnos con nuestras propias u\u00f1as. Aqu\u00ed te comparto <strong>tres consejos que van a poner a trabajar tu pasi\u00f3n y resiliencia de emprendedor y te van a servir para crecer con tu empresa en tiempos de la llamada Cuarta Transformaci\u00f3n.\u00a0<\/strong><\/p>\n\n\n\n<div class=\"wp-block-image is-style-default\"><figure class=\"alignleft size-large is-resized\"><img fetchpriority=\"high\" decoding=\"async\" src=\"https:\/\/coparmexjal.org.mx\/entorno-empresarial\/wp-content\/uploads\/2020\/09\/per-loov-oXqn2CXC_9Q-unsplash-1024x769.jpg\" alt=\"\" class=\"wp-image-3902\" width=\"352\" height=\"266\"\/><\/figure><\/div>\n\n\n\n<ol class=\"wp-block-list\"><li><strong>Piensa fuera de la caja<\/strong><\/li><\/ol>\n\n\n\n<p>Tenemos que <strong>ser mucho m\u00e1s creativos<\/strong>: encontrar formas distintas de ofrecer nuestras soluciones.<strong> Dar m\u00e1s valor agregado optimizando costos<\/strong>. Tengo un amigo que quiere exportar a Colombia; al ya no existir ProM\u00e9xico, busc\u00f3 a ProColombia y negoci\u00f3 que lo invitaran a una expo de telas con el vuelo pagado. As\u00ed fue a Colombia a comprar y vender. Este es un claro ejemplo de hacer que las cosas sucedan, una de las especialidades de toda empresaria y empresario. Igual que mi amigo, si tu objetivo es exportar a determinado pa\u00eds, ac\u00e9rcate a su instituto equivalente a ProM\u00e9xico y busca expos, ruedas de negocio, programas de intercambio. Y haz lo que mejor sabes hacer: haz negocio.\u00a0<\/p>\n\n\n\n<ol class=\"wp-block-list\" start=\"2\"><li><strong>Convierte cada adversidad en una oportunidad<\/strong><\/li><\/ol>\n\n\n\n<p>Que si no hay gasolina, \u00a1no importa! Que si el pa\u00eds no va a crecer, \u00a1no importa! Que si los clientes no quieren comprar, \u00a1no importa! <strong>Recordemos que en \u00e9pocas de crisis es cuando uno m\u00e1s puede crecer<\/strong>. <strong>Es momento de hacer <em>spin offs<\/em> de tu negocio, hacer m\u00e1s con menos, ganarle clientes a tu competencia.<\/strong> El pensamiento creativo es lo que nos permite ser diferentes; ser diferentes nos permite dar soluciones \u00fanicas a los problemas y eso en autom\u00e1tico le da clientes fan\u00e1ticos a tu empresa.\u00a0<\/p>\n\n\n\n<div class=\"wp-block-image is-style-default\"><figure class=\"alignright size-large is-resized\"><img decoding=\"async\" src=\"https:\/\/coparmexjal.org.mx\/entorno-empresarial\/wp-content\/uploads\/2020\/09\/you-x-ventures-Oalh2MojUuk-unsplash-1024x683.jpg\" alt=\"\" class=\"wp-image-3910\" width=\"410\" height=\"274\" srcset=\"https:\/\/coparmexjal.org.mx\/entorno-empresarial\/wp-content\/uploads\/2020\/09\/you-x-ventures-Oalh2MojUuk-unsplash-1024x683.jpg 1024w, https:\/\/coparmexjal.org.mx\/entorno-empresarial\/wp-content\/uploads\/2020\/09\/you-x-ventures-Oalh2MojUuk-unsplash-300x200.jpg 300w, https:\/\/coparmexjal.org.mx\/entorno-empresarial\/wp-content\/uploads\/2020\/09\/you-x-ventures-Oalh2MojUuk-unsplash-768x512.jpg 768w, https:\/\/coparmexjal.org.mx\/entorno-empresarial\/wp-content\/uploads\/2020\/09\/you-x-ventures-Oalh2MojUuk-unsplash.jpg 1200w\" sizes=\"(max-width: 410px) 100vw, 410px\" \/><\/figure><\/div>\n\n\n\n<ol class=\"wp-block-list\" start=\"3\"><li><strong>Habla mucho con tu equipo<\/strong><\/li><\/ol>\n\n\n\n<p>Las mejores soluciones van a venir de tus colaboradores. Platica con ellos, exponles las problem\u00e1ticas, inventen cosas nuevas juntos. <strong>Puede que t\u00fa no tengas todas las soluciones, pero en compa\u00f1\u00eda de tu equipo, vas a crecer este a\u00f1o.\u00a0<\/strong><\/p>\n\n\n\n<p class=\"has-text-align-center\" style=\"font-size:19px\">\u00a0<\/p>\n\n\n\n<p><\/p>\n\n\n\n<p class=\"has-text-align-center\" style=\"font-size:19px\">\u00bfTenemos el Gobierno que nos merecemos? La respuesta es no. \u00bfTenemos que seguir trabajando, siendo cr\u00edticos y propositivos a la luz de cualquier Gobierno? S\u00ed.<strong> Como emprendedores y empresarios, tenemos la responsabilidad de hacer todo lo que est\u00e9 en nuestras manos para que a nuestros clientes, colaboradores y accionistas les vaya bien este a\u00f1o, con, sin o a pesar de qui\u00e9nes y c\u00f3mo est\u00e9n gobernando nuestro pa\u00eds. Sin duda y sin miedo lo lograremos. Finalmente, los que vamos a transformar a M\u00e9xico en un pa\u00eds m\u00e1s pr\u00f3spero somos todos los mexicanos<\/strong>.\u00a0<\/p>\n","protected":false},"excerpt":{"rendered":"<p>La caracter\u00edstica m\u00e1s com\u00fan entre los emprendedores es la pasi\u00f3n. Creer en una idea y hacerla realidad a pesar de todos los obst\u00e1culos que se<\/p>\n","protected":false},"author":26,"featured_media":3899,"comment_status":"open","ping_status":"open","sticky":false,"template":"","format":"standard","meta":{"footnotes":""},"categories":[161],"tags":[550,296,474,231],"class_list":["post-3898","post","type-post","status-publish","format-standard","has-post-thumbnail","hentry","category-emprende","tag-cuarta-transformacion","tag-emprendedor","tag-emprender","tag-empresario"],"yoast_head":"<!-- This site is optimized with the Yoast SEO plugin v27.5 - https:\/\/yoast.com\/product\/yoast-seo-wordpress\/ -->\n<title>Emprender en tiempos de la 4T - Entorno Empresarial<\/title>\n<meta name=\"robots\" content=\"index, follow, max-snippet:-1, max-image-preview:large, max-video-preview:-1\" \/>\n<link rel=\"canonical\" href=\"https:\/\/coparmexjal.org.mx\/entorno-empresarial\/emprender-en-tiempos-de-la-4t\/\" \/>\n<meta property=\"og:locale\" content=\"es_MX\" \/>\n<meta property=\"og:type\" content=\"article\" \/>\n<meta property=\"og:title\" content=\"Emprender en tiempos de la 4T - Entorno Empresarial\" \/>\n<meta property=\"og:description\" content=\"La caracter\u00edstica m\u00e1s com\u00fan entre los emprendedores es la pasi\u00f3n. Creer en una idea y hacerla realidad a pesar de todos los obst\u00e1culos que se\" \/>\n<meta property=\"og:url\" content=\"https:\/\/coparmexjal.org.mx\/entorno-empresarial\/emprender-en-tiempos-de-la-4t\/\" \/>\n<meta property=\"og:site_name\" content=\"Entorno Empresarial\" \/>\n<meta property=\"article:publisher\" content=\"https:\/\/facebook.com\/comcoparmex\" \/>\n<meta property=\"article:published_time\" content=\"2019-05-01T23:49:03+00:00\" \/>\n<meta property=\"article:modified_time\" content=\"2020-09-25T00:35:23+00:00\" \/>\n<meta property=\"og:image\" content=\"https:\/\/coparmexjal.org.mx\/entorno-empresarial\/wp-content\/uploads\/2020\/09\/pexels-startup-stock-photos-7357.jpg\" \/>\n\t<meta property=\"og:image:width\" content=\"1200\" \/>\n\t<meta property=\"og:image:height\" content=\"800\" \/>\n\t<meta property=\"og:image:type\" content=\"image\/jpeg\" \/>\n<meta name=\"author\" content=\"Luis Ignacio Castillo \u00c1lvarez\" \/>\n<meta name=\"twitter:card\" content=\"summary_large_image\" \/>\n<meta name=\"twitter:creator\" content=\"@comcoparmex\" \/>\n<meta name=\"twitter:site\" content=\"@comcoparmex\" \/>\n<meta name=\"twitter:label1\" content=\"Escrito por\" \/>\n\t<meta name=\"twitter:data1\" content=\"Luis Ignacio Castillo \u00c1lvarez\" \/>\n\t<meta name=\"twitter:label2\" content=\"Tiempo de lectura\" \/>\n\t<meta name=\"twitter:data2\" content=\"4 minutos\" \/>\n<script type=\"application\/ld+json\" class=\"yoast-schema-graph\">{\"@context\":\"https:\\\/\\\/schema.org\",\"@graph\":[{\"@type\":\"Article\",\"@id\":\"https:\\\/\\\/coparmexjal.org.mx\\\/entorno-empresarial\\\/emprender-en-tiempos-de-la-4t\\\/#article\",\"isPartOf\":{\"@id\":\"https:\\\/\\\/coparmexjal.org.mx\\\/entorno-empresarial\\\/emprender-en-tiempos-de-la-4t\\\/\"},\"author\":{\"name\":\"Luis Ignacio Castillo \u00c1lvarez\",\"@id\":\"https:\\\/\\\/coparmexjal.org.mx\\\/entorno-empresarial\\\/#\\\/schema\\\/person\\\/648f227381de1622274fd35ed27226ee\"},\"headline\":\"Emprender en tiempos de la 4T\",\"datePublished\":\"2019-05-01T23:49:03+00:00\",\"dateModified\":\"2020-09-25T00:35:23+00:00\",\"mainEntityOfPage\":{\"@id\":\"https:\\\/\\\/coparmexjal.org.mx\\\/entorno-empresarial\\\/emprender-en-tiempos-de-la-4t\\\/\"},\"wordCount\":729,\"commentCount\":1,\"publisher\":{\"@id\":\"https:\\\/\\\/coparmexjal.org.mx\\\/entorno-empresarial\\\/#organization\"},\"image\":{\"@id\":\"https:\\\/\\\/coparmexjal.org.mx\\\/entorno-empresarial\\\/emprender-en-tiempos-de-la-4t\\\/#primaryimage\"},\"thumbnailUrl\":\"https:\\\/\\\/coparmexjal.org.mx\\\/entorno-empresarial\\\/wp-content\\\/uploads\\\/2020\\\/09\\\/pexels-startup-stock-photos-7357.jpg\",\"keywords\":[\"cuarta transformaci\u00f3n\",\"emprendedor\",\"emprender\",\"empresario\"],\"articleSection\":[\"Emprende\"],\"inLanguage\":\"es\",\"potentialAction\":[{\"@type\":\"CommentAction\",\"name\":\"Comment\",\"target\":[\"https:\\\/\\\/coparmexjal.org.mx\\\/entorno-empresarial\\\/emprender-en-tiempos-de-la-4t\\\/#respond\"]}]},{\"@type\":\"WebPage\",\"@id\":\"https:\\\/\\\/coparmexjal.org.mx\\\/entorno-empresarial\\\/emprender-en-tiempos-de-la-4t\\\/\",\"url\":\"https:\\\/\\\/coparmexjal.org.mx\\\/entorno-empresarial\\\/emprender-en-tiempos-de-la-4t\\\/\",\"name\":\"Emprender en tiempos de la 4T - Entorno Empresarial\",\"isPartOf\":{\"@id\":\"https:\\\/\\\/coparmexjal.org.mx\\\/entorno-empresarial\\\/#website\"},\"primaryImageOfPage\":{\"@id\":\"https:\\\/\\\/coparmexjal.org.mx\\\/entorno-empresarial\\\/emprender-en-tiempos-de-la-4t\\\/#primaryimage\"},\"image\":{\"@id\":\"https:\\\/\\\/coparmexjal.org.mx\\\/entorno-empresarial\\\/emprender-en-tiempos-de-la-4t\\\/#primaryimage\"},\"thumbnailUrl\":\"https:\\\/\\\/coparmexjal.org.mx\\\/entorno-empresarial\\\/wp-content\\\/uploads\\\/2020\\\/09\\\/pexels-startup-stock-photos-7357.jpg\",\"datePublished\":\"2019-05-01T23:49:03+00:00\",\"dateModified\":\"2020-09-25T00:35:23+00:00\",\"breadcrumb\":{\"@id\":\"https:\\\/\\\/coparmexjal.org.mx\\\/entorno-empresarial\\\/emprender-en-tiempos-de-la-4t\\\/#breadcrumb\"},\"inLanguage\":\"es\",\"potentialAction\":[{\"@type\":\"ReadAction\",\"target\":[\"https:\\\/\\\/coparmexjal.org.mx\\\/entorno-empresarial\\\/emprender-en-tiempos-de-la-4t\\\/\"]}]},{\"@type\":\"ImageObject\",\"inLanguage\":\"es\",\"@id\":\"https:\\\/\\\/coparmexjal.org.mx\\\/entorno-empresarial\\\/emprender-en-tiempos-de-la-4t\\\/#primaryimage\",\"url\":\"https:\\\/\\\/coparmexjal.org.mx\\\/entorno-empresarial\\\/wp-content\\\/uploads\\\/2020\\\/09\\\/pexels-startup-stock-photos-7357.jpg\",\"contentUrl\":\"https:\\\/\\\/coparmexjal.org.mx\\\/entorno-empresarial\\\/wp-content\\\/uploads\\\/2020\\\/09\\\/pexels-startup-stock-photos-7357.jpg\",\"width\":1200,\"height\":800,\"caption\":\"emprender\"},{\"@type\":\"BreadcrumbList\",\"@id\":\"https:\\\/\\\/coparmexjal.org.mx\\\/entorno-empresarial\\\/emprender-en-tiempos-de-la-4t\\\/#breadcrumb\",\"itemListElement\":[{\"@type\":\"ListItem\",\"position\":1,\"name\":\"Inicio\",\"item\":\"https:\\\/\\\/coparmexjal.org.mx\\\/entorno-empresarial\\\/\"},{\"@type\":\"ListItem\",\"position\":2,\"name\":\"Emprender en tiempos de la 4T\"}]},{\"@type\":\"WebSite\",\"@id\":\"https:\\\/\\\/coparmexjal.org.mx\\\/entorno-empresarial\\\/#website\",\"url\":\"https:\\\/\\\/coparmexjal.org.mx\\\/entorno-empresarial\\\/\",\"name\":\"Revista Entorno Empresarial\",\"description\":\"Coparmex Jalisco\",\"publisher\":{\"@id\":\"https:\\\/\\\/coparmexjal.org.mx\\\/entorno-empresarial\\\/#organization\"},\"potentialAction\":[{\"@type\":\"SearchAction\",\"target\":{\"@type\":\"EntryPoint\",\"urlTemplate\":\"https:\\\/\\\/coparmexjal.org.mx\\\/entorno-empresarial\\\/?s={search_term_string}\"},\"query-input\":{\"@type\":\"PropertyValueSpecification\",\"valueRequired\":true,\"valueName\":\"search_term_string\"}}],\"inLanguage\":\"es\"},{\"@type\":\"Organization\",\"@id\":\"https:\\\/\\\/coparmexjal.org.mx\\\/entorno-empresarial\\\/#organization\",\"name\":\"Coparmex Jalisco\",\"url\":\"https:\\\/\\\/coparmexjal.org.mx\\\/entorno-empresarial\\\/\",\"logo\":{\"@type\":\"ImageObject\",\"inLanguage\":\"es\",\"@id\":\"https:\\\/\\\/coparmexjal.org.mx\\\/entorno-empresarial\\\/#\\\/schema\\\/logo\\\/image\\\/\",\"url\":\"https:\\\/\\\/coparmexjal.org.mx\\\/entorno-empresarial\\\/wp-content\\\/uploads\\\/2020\\\/02\\\/logo-amp.png\",\"contentUrl\":\"https:\\\/\\\/coparmexjal.org.mx\\\/entorno-empresarial\\\/wp-content\\\/uploads\\\/2020\\\/02\\\/logo-amp.png\",\"width\":120,\"height\":90,\"caption\":\"Coparmex Jalisco\"},\"image\":{\"@id\":\"https:\\\/\\\/coparmexjal.org.mx\\\/entorno-empresarial\\\/#\\\/schema\\\/logo\\\/image\\\/\"},\"sameAs\":[\"https:\\\/\\\/facebook.com\\\/comcoparmex\",\"https:\\\/\\\/x.com\\\/comcoparmex\",\"http:\\\/\\\/instagram.com\\\/coparmexjalisco\",\"https:\\\/\\\/mx.linkedin.com\\\/company\\\/coparmex-jalisco\",\"https:\\\/\\\/www.youtube.com\\\/c\\\/CoparmexJaliscomx\"]},{\"@type\":\"Person\",\"@id\":\"https:\\\/\\\/coparmexjal.org.mx\\\/entorno-empresarial\\\/#\\\/schema\\\/person\\\/648f227381de1622274fd35ed27226ee\",\"name\":\"Luis Ignacio Castillo \u00c1lvarez\",\"image\":{\"@type\":\"ImageObject\",\"inLanguage\":\"es\",\"@id\":\"https:\\\/\\\/secure.gravatar.com\\\/avatar\\\/be35be68e25b48016b75f9f53615f1986028a2d496eafc31379e65726fa7db98?s=96&d=mm&r=g\",\"url\":\"https:\\\/\\\/secure.gravatar.com\\\/avatar\\\/be35be68e25b48016b75f9f53615f1986028a2d496eafc31379e65726fa7db98?s=96&d=mm&r=g\",\"contentUrl\":\"https:\\\/\\\/secure.gravatar.com\\\/avatar\\\/be35be68e25b48016b75f9f53615f1986028a2d496eafc31379e65726fa7db98?s=96&d=mm&r=g\",\"caption\":\"Luis Ignacio Castillo \u00c1lvarez\"},\"url\":\"https:\\\/\\\/coparmexjal.org.mx\\\/entorno-empresarial\\\/author\\\/luis-castillo\\\/\"}]}<\/script>\n<!-- \/ Yoast SEO plugin. -->","yoast_head_json":{"title":"Emprender en tiempos de la 4T - Entorno Empresarial","robots":{"index":"index","follow":"follow","max-snippet":"max-snippet:-1","max-image-preview":"max-image-preview:large","max-video-preview":"max-video-preview:-1"},"canonical":"https:\/\/coparmexjal.org.mx\/entorno-empresarial\/emprender-en-tiempos-de-la-4t\/","og_locale":"es_MX","og_type":"article","og_title":"Emprender en tiempos de la 4T - Entorno Empresarial","og_description":"La caracter\u00edstica m\u00e1s com\u00fan entre los emprendedores es la pasi\u00f3n. Creer en una idea y hacerla realidad a pesar de todos los obst\u00e1culos que se","og_url":"https:\/\/coparmexjal.org.mx\/entorno-empresarial\/emprender-en-tiempos-de-la-4t\/","og_site_name":"Entorno Empresarial","article_publisher":"https:\/\/facebook.com\/comcoparmex","article_published_time":"2019-05-01T23:49:03+00:00","article_modified_time":"2020-09-25T00:35:23+00:00","og_image":[{"width":1200,"height":800,"url":"https:\/\/coparmexjal.org.mx\/entorno-empresarial\/wp-content\/uploads\/2020\/09\/pexels-startup-stock-photos-7357.jpg","type":"image\/jpeg"}],"author":"Luis Ignacio Castillo \u00c1lvarez","twitter_card":"summary_large_image","twitter_creator":"@comcoparmex","twitter_site":"@comcoparmex","twitter_misc":{"Escrito por":"Luis Ignacio Castillo \u00c1lvarez","Tiempo de lectura":"4 minutos"},"schema":{"@context":"https:\/\/schema.org","@graph":[{"@type":"Article","@id":"https:\/\/coparmexjal.org.mx\/entorno-empresarial\/emprender-en-tiempos-de-la-4t\/#article","isPartOf":{"@id":"https:\/\/coparmexjal.org.mx\/entorno-empresarial\/emprender-en-tiempos-de-la-4t\/"},"author":{"name":"Luis Ignacio Castillo \u00c1lvarez","@id":"https:\/\/coparmexjal.org.mx\/entorno-empresarial\/#\/schema\/person\/648f227381de1622274fd35ed27226ee"},"headline":"Emprender en tiempos de la 4T","datePublished":"2019-05-01T23:49:03+00:00","dateModified":"2020-09-25T00:35:23+00:00","mainEntityOfPage":{"@id":"https:\/\/coparmexjal.org.mx\/entorno-empresarial\/emprender-en-tiempos-de-la-4t\/"},"wordCount":729,"commentCount":1,"publisher":{"@id":"https:\/\/coparmexjal.org.mx\/entorno-empresarial\/#organization"},"image":{"@id":"https:\/\/coparmexjal.org.mx\/entorno-empresarial\/emprender-en-tiempos-de-la-4t\/#primaryimage"},"thumbnailUrl":"https:\/\/coparmexjal.org.mx\/entorno-empresarial\/wp-content\/uploads\/2020\/09\/pexels-startup-stock-photos-7357.jpg","keywords":["cuarta transformaci\u00f3n","emprendedor","emprender","empresario"],"articleSection":["Emprende"],"inLanguage":"es","potentialAction":[{"@type":"CommentAction","name":"Comment","target":["https:\/\/coparmexjal.org.mx\/entorno-empresarial\/emprender-en-tiempos-de-la-4t\/#respond"]}]},{"@type":"WebPage","@id":"https:\/\/coparmexjal.org.mx\/entorno-empresarial\/emprender-en-tiempos-de-la-4t\/","url":"https:\/\/coparmexjal.org.mx\/entorno-empresarial\/emprender-en-tiempos-de-la-4t\/","name":"Emprender en tiempos de la 4T - Entorno Empresarial","isPartOf":{"@id":"https:\/\/coparmexjal.org.mx\/entorno-empresarial\/#website"},"primaryImageOfPage":{"@id":"https:\/\/coparmexjal.org.mx\/entorno-empresarial\/emprender-en-tiempos-de-la-4t\/#primaryimage"},"image":{"@id":"https:\/\/coparmexjal.org.mx\/entorno-empresarial\/emprender-en-tiempos-de-la-4t\/#primaryimage"},"thumbnailUrl":"https:\/\/coparmexjal.org.mx\/entorno-empresarial\/wp-content\/uploads\/2020\/09\/pexels-startup-stock-photos-7357.jpg","datePublished":"2019-05-01T23:49:03+00:00","dateModified":"2020-09-25T00:35:23+00:00","breadcrumb":{"@id":"https:\/\/coparmexjal.org.mx\/entorno-empresarial\/emprender-en-tiempos-de-la-4t\/#breadcrumb"},"inLanguage":"es","potentialAction":[{"@type":"ReadAction","target":["https:\/\/coparmexjal.org.mx\/entorno-empresarial\/emprender-en-tiempos-de-la-4t\/"]}]},{"@type":"ImageObject","inLanguage":"es","@id":"https:\/\/coparmexjal.org.mx\/entorno-empresarial\/emprender-en-tiempos-de-la-4t\/#primaryimage","url":"https:\/\/coparmexjal.org.mx\/entorno-empresarial\/wp-content\/uploads\/2020\/09\/pexels-startup-stock-photos-7357.jpg","contentUrl":"https:\/\/coparmexjal.org.mx\/entorno-empresarial\/wp-content\/uploads\/2020\/09\/pexels-startup-stock-photos-7357.jpg","width":1200,"height":800,"caption":"emprender"},{"@type":"BreadcrumbList","@id":"https:\/\/coparmexjal.org.mx\/entorno-empresarial\/emprender-en-tiempos-de-la-4t\/#breadcrumb","itemListElement":[{"@type":"ListItem","position":1,"name":"Inicio","item":"https:\/\/coparmexjal.org.mx\/entorno-empresarial\/"},{"@type":"ListItem","position":2,"name":"Emprender en tiempos de la 4T"}]},{"@type":"WebSite","@id":"https:\/\/coparmexjal.org.mx\/entorno-empresarial\/#website","url":"https:\/\/coparmexjal.org.mx\/entorno-empresarial\/","name":"Revista Entorno Empresarial","description":"Coparmex Jalisco","publisher":{"@id":"https:\/\/coparmexjal.org.mx\/entorno-empresarial\/#organization"},"potentialAction":[{"@type":"SearchAction","target":{"@type":"EntryPoint","urlTemplate":"https:\/\/coparmexjal.org.mx\/entorno-empresarial\/?s={search_term_string}"},"query-input":{"@type":"PropertyValueSpecification","valueRequired":true,"valueName":"search_term_string"}}],"inLanguage":"es"},{"@type":"Organization","@id":"https:\/\/coparmexjal.org.mx\/entorno-empresarial\/#organization","name":"Coparmex Jalisco","url":"https:\/\/coparmexjal.org.mx\/entorno-empresarial\/","logo":{"@type":"ImageObject","inLanguage":"es","@id":"https:\/\/coparmexjal.org.mx\/entorno-empresarial\/#\/schema\/logo\/image\/","url":"https:\/\/coparmexjal.org.mx\/entorno-empresarial\/wp-content\/uploads\/2020\/02\/logo-amp.png","contentUrl":"https:\/\/coparmexjal.org.mx\/entorno-empresarial\/wp-content\/uploads\/2020\/02\/logo-amp.png","width":120,"height":90,"caption":"Coparmex Jalisco"},"image":{"@id":"https:\/\/coparmexjal.org.mx\/entorno-empresarial\/#\/schema\/logo\/image\/"},"sameAs":["https:\/\/facebook.com\/comcoparmex","https:\/\/x.com\/comcoparmex","http:\/\/instagram.com\/coparmexjalisco","https:\/\/mx.linkedin.com\/company\/coparmex-jalisco","https:\/\/www.youtube.com\/c\/CoparmexJaliscomx"]},{"@type":"Person","@id":"https:\/\/coparmexjal.org.mx\/entorno-empresarial\/#\/schema\/person\/648f227381de1622274fd35ed27226ee","name":"Luis Ignacio Castillo \u00c1lvarez","image":{"@type":"ImageObject","inLanguage":"es","@id":"https:\/\/secure.gravatar.com\/avatar\/be35be68e25b48016b75f9f53615f1986028a2d496eafc31379e65726fa7db98?s=96&d=mm&r=g","url":"https:\/\/secure.gravatar.com\/avatar\/be35be68e25b48016b75f9f53615f1986028a2d496eafc31379e65726fa7db98?s=96&d=mm&r=g","contentUrl":"https:\/\/secure.gravatar.com\/avatar\/be35be68e25b48016b75f9f53615f1986028a2d496eafc31379e65726fa7db98?s=96&d=mm&r=g","caption":"Luis Ignacio Castillo \u00c1lvarez"},"url":"https:\/\/coparmexjal.org.mx\/entorno-empresarial\/author\/luis-castillo\/"}]}},"_links":{"self":[{"href":"https:\/\/coparmexjal.org.mx\/entorno-empresarial\/wp-json\/wp\/v2\/posts\/3898","targetHints":{"allow":["GET"]}}],"collection":[{"href":"https:\/\/coparmexjal.org.mx\/entorno-empresarial\/wp-json\/wp\/v2\/posts"}],"about":[{"href":"https:\/\/coparmexjal.org.mx\/entorno-empresarial\/wp-json\/wp\/v2\/types\/post"}],"author":[{"embeddable":true,"href":"https:\/\/coparmexjal.org.mx\/entorno-empresarial\/wp-json\/wp\/v2\/users\/26"}],"replies":[{"embeddable":true,"href":"https:\/\/coparmexjal.org.mx\/entorno-empresarial\/wp-json\/wp\/v2\/comments?post=3898"}],"version-history":[{"count":12,"href":"https:\/\/coparmexjal.org.mx\/entorno-empresarial\/wp-json\/wp\/v2\/posts\/3898\/revisions"}],"predecessor-version":[{"id":3915,"href":"https:\/\/coparmexjal.org.mx\/entorno-empresarial\/wp-json\/wp\/v2\/posts\/3898\/revisions\/3915"}],"wp:featuredmedia":[{"embeddable":true,"href":"https:\/\/coparmexjal.org.mx\/entorno-empresarial\/wp-json\/wp\/v2\/media\/3899"}],"wp:attachment":[{"href":"https:\/\/coparmexjal.org.mx\/entorno-empresarial\/wp-json\/wp\/v2\/media?parent=3898"}],"wp:term":[{"taxonomy":"category","embeddable":true,"href":"https:\/\/coparmexjal.org.mx\/entorno-empresarial\/wp-json\/wp\/v2\/categories?post=3898"},{"taxonomy":"post_tag","embeddable":true,"href":"https:\/\/coparmexjal.org.mx\/entorno-empresarial\/wp-json\/wp\/v2\/tags?post=3898"}],"curies":[{"name":"wp","href":"https:\/\/api.w.org\/{rel}","templated":true}]}}