{"id":3870,"date":"2019-05-01T15:09:26","date_gmt":"2019-05-01T20:09:26","guid":{"rendered":"https:\/\/coparmexjal.org.mx\/entorno-empresarial\/?p=3870"},"modified":"2020-09-24T16:21:08","modified_gmt":"2020-09-24T21:21:08","slug":"la-vida-publica-en-tiempos-de-la-informacion-inmediata","status":"publish","type":"post","link":"https:\/\/coparmexjal.org.mx\/entorno-empresarial\/la-vida-publica-en-tiempos-de-la-informacion-inmediata\/","title":{"rendered":"La vida p\u00fablica en tiempos de la informaci\u00f3n inmediata"},"content":{"rendered":"\n<p>D\u00eda con d\u00eda las personas nos encontramos expuestas a una impresionante cantidad de informaci\u00f3n, sobre todo en una era de inmediatez, en donde el internet y las redes sociales han jugado un activo papel en la difusi\u00f3n de informaci\u00f3n que no siempre es verdadera y que con solo unos clics puede ser compartida a millones de usuarios de las redes. A manera de ejemplo, <em>el Instituto Tecnol\u00f3gico de Massachusetts (MIT, por sus siglas en ingl\u00e9s) demostr\u00f3 en un estudio que, por el comportamiento humano, las noticias falsas suelen difundirse a una mayor velocidad que las reales (en adici\u00f3n a las cuentas automatizadas que replican la informaci\u00f3n).\u00a0<\/em><\/p>\n\n\n\n<div class=\"wp-block-image\"><figure class=\"alignright size-large is-resized\"><img decoding=\"async\" src=\"https:\/\/coparmexjal.org.mx\/entorno-empresarial\/wp-content\/uploads\/2020\/09\/rob-hampson-cqFKhqv6Ong-unsplash-2-1024x683.jpg\" alt=\"\" class=\"wp-image-3895\" width=\"266\" height=\"177\" srcset=\"https:\/\/coparmexjal.org.mx\/entorno-empresarial\/wp-content\/uploads\/2020\/09\/rob-hampson-cqFKhqv6Ong-unsplash-2-1024x683.jpg 1024w, https:\/\/coparmexjal.org.mx\/entorno-empresarial\/wp-content\/uploads\/2020\/09\/rob-hampson-cqFKhqv6Ong-unsplash-2-300x200.jpg 300w, https:\/\/coparmexjal.org.mx\/entorno-empresarial\/wp-content\/uploads\/2020\/09\/rob-hampson-cqFKhqv6Ong-unsplash-2-768x512.jpg 768w, https:\/\/coparmexjal.org.mx\/entorno-empresarial\/wp-content\/uploads\/2020\/09\/rob-hampson-cqFKhqv6Ong-unsplash-2.jpg 1200w\" sizes=\"(max-width: 266px) 100vw, 266px\" \/><\/figure><\/div>\n\n\n\n<p>Por ello <strong>en tiempos de cambios constantes en la vida pol\u00edtica y econ\u00f3mica del pa\u00eds, es trascendental que la ciudadan\u00eda se encuentre bien informada y, sobre todo, que se involucre en las acciones p\u00fablicas de una manera responsable y con argumentos reales, con el objetivo de que los gobernantes tomen las mejores decisiones.\u00a0<\/strong><\/p>\n\n\n\n<p><strong>En nuestra instituci\u00f3n siempre hemos sido promotores de campa\u00f1as que buscan hacer mejores ciudadanos, con cr\u00edtica pero a su vez con proposici\u00f3n.<\/strong> Ejemplo de ello han sido las activaciones que hemos realizado en cada periodo electoral, que buscamos se consoliden como una pr\u00e1ctica cotidiana para mitigar el efecto que las falsas noticias generan en la percepci\u00f3n de los ciudadanos.\u00a0<\/p>\n\n\n\n<p class=\"has-light-grayish-magenta-color has-very-light-gray-background-color has-text-color has-background\">Sin duda, cada vez es m\u00e1s sencillo acceder a enormes cantidades de informaci\u00f3n, situaci\u00f3n que suma a la participaci\u00f3n; sin embargo, a\u00fan tenemos el reto de discernir entre lo real y lo falso y m\u00e1s a\u00fan en un entorno de polarizaci\u00f3n y divisiones. Por ello, como instituci\u00f3n promotora del desarrollo empresarial y social, continuaremos con nuestra labor de informar y emitir nuestra postura con relaci\u00f3n a las acciones de todos los \u00f3rdenes de Gobierno; para ello se necesitar\u00e1 de medios imparciales, pero, sobre todo, de libertad de expresi\u00f3n apegada a la verdad.&nbsp;<\/p>\n\n\n\n<p class=\"has-text-align-center has-normal-font-size\"><strong>Capitalicemos los cambios y hagamos de M\u00e9xico un pa\u00eds de libertades, de participaci\u00f3n y, sobre todo, de imparcialidad y verdad para superar los retos a los que actualmente nos enfrentamos.<\/strong><\/p>\n","protected":false},"excerpt":{"rendered":"<p>D\u00eda con d\u00eda las personas nos encontramos expuestas a una impresionante cantidad de informaci\u00f3n, sobre todo en una era de inmediatez, en donde el internet<\/p>\n","protected":false},"author":17,"featured_media":3871,"comment_status":"open","ping_status":"open","sticky":false,"template":"","format":"standard","meta":{"footnotes":""},"categories":[157],"tags":[],"class_list":["post-3870","post","type-post","status-publish","format-standard","has-post-thumbnail","hentry","category-editorial"],"yoast_head":"<!-- This site is optimized with the Yoast SEO plugin v27.5 - https:\/\/yoast.com\/product\/yoast-seo-wordpress\/ -->\n<title>La vida p\u00fablica en tiempos de la informaci\u00f3n inmediata - Entorno Empresarial<\/title>\n<meta name=\"robots\" content=\"index, follow, max-snippet:-1, max-image-preview:large, max-video-preview:-1\" \/>\n<link rel=\"canonical\" href=\"https:\/\/coparmexjal.org.mx\/entorno-empresarial\/la-vida-publica-en-tiempos-de-la-informacion-inmediata\/\" \/>\n<meta property=\"og:locale\" content=\"es_MX\" \/>\n<meta property=\"og:type\" content=\"article\" \/>\n<meta property=\"og:title\" content=\"La vida p\u00fablica en tiempos de la informaci\u00f3n inmediata - Entorno Empresarial\" \/>\n<meta property=\"og:description\" content=\"D\u00eda con d\u00eda las personas nos encontramos expuestas a una impresionante cantidad de informaci\u00f3n, sobre todo en una era de inmediatez, en donde el internet\" \/>\n<meta property=\"og:url\" content=\"https:\/\/coparmexjal.org.mx\/entorno-empresarial\/la-vida-publica-en-tiempos-de-la-informacion-inmediata\/\" \/>\n<meta property=\"og:site_name\" content=\"Entorno Empresarial\" \/>\n<meta property=\"article:publisher\" content=\"https:\/\/facebook.com\/comcoparmex\" \/>\n<meta property=\"article:published_time\" content=\"2019-05-01T20:09:26+00:00\" \/>\n<meta property=\"article:modified_time\" content=\"2020-09-24T21:21:08+00:00\" \/>\n<meta property=\"og:image\" content=\"https:\/\/coparmexjal.org.mx\/entorno-empresarial\/wp-content\/uploads\/2020\/09\/john-schnobrich-2FPjlAyMQTA-unsplash.jpg\" \/>\n\t<meta property=\"og:image:width\" content=\"1200\" \/>\n\t<meta property=\"og:image:height\" content=\"800\" \/>\n\t<meta property=\"og:image:type\" content=\"image\/jpeg\" \/>\n<meta name=\"author\" content=\"Mauro Garza Mar\u00edn\" \/>\n<meta name=\"twitter:card\" content=\"summary_large_image\" \/>\n<meta name=\"twitter:creator\" content=\"@comcoparmex\" \/>\n<meta name=\"twitter:site\" content=\"@comcoparmex\" \/>\n<meta name=\"twitter:label1\" content=\"Escrito por\" \/>\n\t<meta name=\"twitter:data1\" content=\"Mauro Garza Mar\u00edn\" \/>\n\t<meta name=\"twitter:label2\" content=\"Tiempo de lectura\" \/>\n\t<meta name=\"twitter:data2\" content=\"2 minutos\" \/>\n<script type=\"application\/ld+json\" class=\"yoast-schema-graph\">{\"@context\":\"https:\\\/\\\/schema.org\",\"@graph\":[{\"@type\":\"Article\",\"@id\":\"https:\\\/\\\/coparmexjal.org.mx\\\/entorno-empresarial\\\/la-vida-publica-en-tiempos-de-la-informacion-inmediata\\\/#article\",\"isPartOf\":{\"@id\":\"https:\\\/\\\/coparmexjal.org.mx\\\/entorno-empresarial\\\/la-vida-publica-en-tiempos-de-la-informacion-inmediata\\\/\"},\"author\":{\"name\":\"Mauro Garza Mar\u00edn\",\"@id\":\"https:\\\/\\\/coparmexjal.org.mx\\\/entorno-empresarial\\\/#\\\/schema\\\/person\\\/068bb50aab4a4f74a2d54595f08ac426\"},\"headline\":\"La vida p\u00fablica en tiempos de la informaci\u00f3n inmediata\",\"datePublished\":\"2019-05-01T20:09:26+00:00\",\"dateModified\":\"2020-09-24T21:21:08+00:00\",\"mainEntityOfPage\":{\"@id\":\"https:\\\/\\\/coparmexjal.org.mx\\\/entorno-empresarial\\\/la-vida-publica-en-tiempos-de-la-informacion-inmediata\\\/\"},\"wordCount\":386,\"commentCount\":0,\"publisher\":{\"@id\":\"https:\\\/\\\/coparmexjal.org.mx\\\/entorno-empresarial\\\/#organization\"},\"image\":{\"@id\":\"https:\\\/\\\/coparmexjal.org.mx\\\/entorno-empresarial\\\/la-vida-publica-en-tiempos-de-la-informacion-inmediata\\\/#primaryimage\"},\"thumbnailUrl\":\"https:\\\/\\\/coparmexjal.org.mx\\\/entorno-empresarial\\\/wp-content\\\/uploads\\\/2020\\\/09\\\/john-schnobrich-2FPjlAyMQTA-unsplash.jpg\",\"articleSection\":[\"Editorial\"],\"inLanguage\":\"es\",\"potentialAction\":[{\"@type\":\"CommentAction\",\"name\":\"Comment\",\"target\":[\"https:\\\/\\\/coparmexjal.org.mx\\\/entorno-empresarial\\\/la-vida-publica-en-tiempos-de-la-informacion-inmediata\\\/#respond\"]}]},{\"@type\":\"WebPage\",\"@id\":\"https:\\\/\\\/coparmexjal.org.mx\\\/entorno-empresarial\\\/la-vida-publica-en-tiempos-de-la-informacion-inmediata\\\/\",\"url\":\"https:\\\/\\\/coparmexjal.org.mx\\\/entorno-empresarial\\\/la-vida-publica-en-tiempos-de-la-informacion-inmediata\\\/\",\"name\":\"La vida p\u00fablica en tiempos de la informaci\u00f3n inmediata - Entorno Empresarial\",\"isPartOf\":{\"@id\":\"https:\\\/\\\/coparmexjal.org.mx\\\/entorno-empresarial\\\/#website\"},\"primaryImageOfPage\":{\"@id\":\"https:\\\/\\\/coparmexjal.org.mx\\\/entorno-empresarial\\\/la-vida-publica-en-tiempos-de-la-informacion-inmediata\\\/#primaryimage\"},\"image\":{\"@id\":\"https:\\\/\\\/coparmexjal.org.mx\\\/entorno-empresarial\\\/la-vida-publica-en-tiempos-de-la-informacion-inmediata\\\/#primaryimage\"},\"thumbnailUrl\":\"https:\\\/\\\/coparmexjal.org.mx\\\/entorno-empresarial\\\/wp-content\\\/uploads\\\/2020\\\/09\\\/john-schnobrich-2FPjlAyMQTA-unsplash.jpg\",\"datePublished\":\"2019-05-01T20:09:26+00:00\",\"dateModified\":\"2020-09-24T21:21:08+00:00\",\"breadcrumb\":{\"@id\":\"https:\\\/\\\/coparmexjal.org.mx\\\/entorno-empresarial\\\/la-vida-publica-en-tiempos-de-la-informacion-inmediata\\\/#breadcrumb\"},\"inLanguage\":\"es\",\"potentialAction\":[{\"@type\":\"ReadAction\",\"target\":[\"https:\\\/\\\/coparmexjal.org.mx\\\/entorno-empresarial\\\/la-vida-publica-en-tiempos-de-la-informacion-inmediata\\\/\"]}]},{\"@type\":\"ImageObject\",\"inLanguage\":\"es\",\"@id\":\"https:\\\/\\\/coparmexjal.org.mx\\\/entorno-empresarial\\\/la-vida-publica-en-tiempos-de-la-informacion-inmediata\\\/#primaryimage\",\"url\":\"https:\\\/\\\/coparmexjal.org.mx\\\/entorno-empresarial\\\/wp-content\\\/uploads\\\/2020\\\/09\\\/john-schnobrich-2FPjlAyMQTA-unsplash.jpg\",\"contentUrl\":\"https:\\\/\\\/coparmexjal.org.mx\\\/entorno-empresarial\\\/wp-content\\\/uploads\\\/2020\\\/09\\\/john-schnobrich-2FPjlAyMQTA-unsplash.jpg\",\"width\":1200,\"height\":800,\"caption\":\"informaci\u00f3n inmediata\"},{\"@type\":\"BreadcrumbList\",\"@id\":\"https:\\\/\\\/coparmexjal.org.mx\\\/entorno-empresarial\\\/la-vida-publica-en-tiempos-de-la-informacion-inmediata\\\/#breadcrumb\",\"itemListElement\":[{\"@type\":\"ListItem\",\"position\":1,\"name\":\"Inicio\",\"item\":\"https:\\\/\\\/coparmexjal.org.mx\\\/entorno-empresarial\\\/\"},{\"@type\":\"ListItem\",\"position\":2,\"name\":\"La vida p\u00fablica en tiempos de la informaci\u00f3n inmediata\"}]},{\"@type\":\"WebSite\",\"@id\":\"https:\\\/\\\/coparmexjal.org.mx\\\/entorno-empresarial\\\/#website\",\"url\":\"https:\\\/\\\/coparmexjal.org.mx\\\/entorno-empresarial\\\/\",\"name\":\"Revista Entorno Empresarial\",\"description\":\"Coparmex Jalisco\",\"publisher\":{\"@id\":\"https:\\\/\\\/coparmexjal.org.mx\\\/entorno-empresarial\\\/#organization\"},\"potentialAction\":[{\"@type\":\"SearchAction\",\"target\":{\"@type\":\"EntryPoint\",\"urlTemplate\":\"https:\\\/\\\/coparmexjal.org.mx\\\/entorno-empresarial\\\/?s={search_term_string}\"},\"query-input\":{\"@type\":\"PropertyValueSpecification\",\"valueRequired\":true,\"valueName\":\"search_term_string\"}}],\"inLanguage\":\"es\"},{\"@type\":\"Organization\",\"@id\":\"https:\\\/\\\/coparmexjal.org.mx\\\/entorno-empresarial\\\/#organization\",\"name\":\"Coparmex Jalisco\",\"url\":\"https:\\\/\\\/coparmexjal.org.mx\\\/entorno-empresarial\\\/\",\"logo\":{\"@type\":\"ImageObject\",\"inLanguage\":\"es\",\"@id\":\"https:\\\/\\\/coparmexjal.org.mx\\\/entorno-empresarial\\\/#\\\/schema\\\/logo\\\/image\\\/\",\"url\":\"https:\\\/\\\/coparmexjal.org.mx\\\/entorno-empresarial\\\/wp-content\\\/uploads\\\/2020\\\/02\\\/logo-amp.png\",\"contentUrl\":\"https:\\\/\\\/coparmexjal.org.mx\\\/entorno-empresarial\\\/wp-content\\\/uploads\\\/2020\\\/02\\\/logo-amp.png\",\"width\":120,\"height\":90,\"caption\":\"Coparmex Jalisco\"},\"image\":{\"@id\":\"https:\\\/\\\/coparmexjal.org.mx\\\/entorno-empresarial\\\/#\\\/schema\\\/logo\\\/image\\\/\"},\"sameAs\":[\"https:\\\/\\\/facebook.com\\\/comcoparmex\",\"https:\\\/\\\/x.com\\\/comcoparmex\",\"http:\\\/\\\/instagram.com\\\/coparmexjalisco\",\"https:\\\/\\\/mx.linkedin.com\\\/company\\\/coparmex-jalisco\",\"https:\\\/\\\/www.youtube.com\\\/c\\\/CoparmexJaliscomx\"]},{\"@type\":\"Person\",\"@id\":\"https:\\\/\\\/coparmexjal.org.mx\\\/entorno-empresarial\\\/#\\\/schema\\\/person\\\/068bb50aab4a4f74a2d54595f08ac426\",\"name\":\"Mauro Garza Mar\u00edn\",\"image\":{\"@type\":\"ImageObject\",\"inLanguage\":\"es\",\"@id\":\"https:\\\/\\\/secure.gravatar.com\\\/avatar\\\/ea29784457d691e72225d5e768c8689bd25c9ac79e339e4784d27c644d80101b?s=96&d=mm&r=g\",\"url\":\"https:\\\/\\\/secure.gravatar.com\\\/avatar\\\/ea29784457d691e72225d5e768c8689bd25c9ac79e339e4784d27c644d80101b?s=96&d=mm&r=g\",\"contentUrl\":\"https:\\\/\\\/secure.gravatar.com\\\/avatar\\\/ea29784457d691e72225d5e768c8689bd25c9ac79e339e4784d27c644d80101b?s=96&d=mm&r=g\",\"caption\":\"Mauro Garza Mar\u00edn\"},\"url\":\"https:\\\/\\\/coparmexjal.org.mx\\\/entorno-empresarial\\\/author\\\/mauro-garza\\\/\"}]}<\/script>\n<!-- \/ Yoast SEO plugin. -->","yoast_head_json":{"title":"La vida p\u00fablica en tiempos de la informaci\u00f3n inmediata - Entorno Empresarial","robots":{"index":"index","follow":"follow","max-snippet":"max-snippet:-1","max-image-preview":"max-image-preview:large","max-video-preview":"max-video-preview:-1"},"canonical":"https:\/\/coparmexjal.org.mx\/entorno-empresarial\/la-vida-publica-en-tiempos-de-la-informacion-inmediata\/","og_locale":"es_MX","og_type":"article","og_title":"La vida p\u00fablica en tiempos de la informaci\u00f3n inmediata - Entorno Empresarial","og_description":"D\u00eda con d\u00eda las personas nos encontramos expuestas a una impresionante cantidad de informaci\u00f3n, sobre todo en una era de inmediatez, en donde el internet","og_url":"https:\/\/coparmexjal.org.mx\/entorno-empresarial\/la-vida-publica-en-tiempos-de-la-informacion-inmediata\/","og_site_name":"Entorno Empresarial","article_publisher":"https:\/\/facebook.com\/comcoparmex","article_published_time":"2019-05-01T20:09:26+00:00","article_modified_time":"2020-09-24T21:21:08+00:00","og_image":[{"width":1200,"height":800,"url":"https:\/\/coparmexjal.org.mx\/entorno-empresarial\/wp-content\/uploads\/2020\/09\/john-schnobrich-2FPjlAyMQTA-unsplash.jpg","type":"image\/jpeg"}],"author":"Mauro Garza Mar\u00edn","twitter_card":"summary_large_image","twitter_creator":"@comcoparmex","twitter_site":"@comcoparmex","twitter_misc":{"Escrito por":"Mauro Garza Mar\u00edn","Tiempo de lectura":"2 minutos"},"schema":{"@context":"https:\/\/schema.org","@graph":[{"@type":"Article","@id":"https:\/\/coparmexjal.org.mx\/entorno-empresarial\/la-vida-publica-en-tiempos-de-la-informacion-inmediata\/#article","isPartOf":{"@id":"https:\/\/coparmexjal.org.mx\/entorno-empresarial\/la-vida-publica-en-tiempos-de-la-informacion-inmediata\/"},"author":{"name":"Mauro Garza Mar\u00edn","@id":"https:\/\/coparmexjal.org.mx\/entorno-empresarial\/#\/schema\/person\/068bb50aab4a4f74a2d54595f08ac426"},"headline":"La vida p\u00fablica en tiempos de la informaci\u00f3n inmediata","datePublished":"2019-05-01T20:09:26+00:00","dateModified":"2020-09-24T21:21:08+00:00","mainEntityOfPage":{"@id":"https:\/\/coparmexjal.org.mx\/entorno-empresarial\/la-vida-publica-en-tiempos-de-la-informacion-inmediata\/"},"wordCount":386,"commentCount":0,"publisher":{"@id":"https:\/\/coparmexjal.org.mx\/entorno-empresarial\/#organization"},"image":{"@id":"https:\/\/coparmexjal.org.mx\/entorno-empresarial\/la-vida-publica-en-tiempos-de-la-informacion-inmediata\/#primaryimage"},"thumbnailUrl":"https:\/\/coparmexjal.org.mx\/entorno-empresarial\/wp-content\/uploads\/2020\/09\/john-schnobrich-2FPjlAyMQTA-unsplash.jpg","articleSection":["Editorial"],"inLanguage":"es","potentialAction":[{"@type":"CommentAction","name":"Comment","target":["https:\/\/coparmexjal.org.mx\/entorno-empresarial\/la-vida-publica-en-tiempos-de-la-informacion-inmediata\/#respond"]}]},{"@type":"WebPage","@id":"https:\/\/coparmexjal.org.mx\/entorno-empresarial\/la-vida-publica-en-tiempos-de-la-informacion-inmediata\/","url":"https:\/\/coparmexjal.org.mx\/entorno-empresarial\/la-vida-publica-en-tiempos-de-la-informacion-inmediata\/","name":"La vida p\u00fablica en tiempos de la informaci\u00f3n inmediata - Entorno Empresarial","isPartOf":{"@id":"https:\/\/coparmexjal.org.mx\/entorno-empresarial\/#website"},"primaryImageOfPage":{"@id":"https:\/\/coparmexjal.org.mx\/entorno-empresarial\/la-vida-publica-en-tiempos-de-la-informacion-inmediata\/#primaryimage"},"image":{"@id":"https:\/\/coparmexjal.org.mx\/entorno-empresarial\/la-vida-publica-en-tiempos-de-la-informacion-inmediata\/#primaryimage"},"thumbnailUrl":"https:\/\/coparmexjal.org.mx\/entorno-empresarial\/wp-content\/uploads\/2020\/09\/john-schnobrich-2FPjlAyMQTA-unsplash.jpg","datePublished":"2019-05-01T20:09:26+00:00","dateModified":"2020-09-24T21:21:08+00:00","breadcrumb":{"@id":"https:\/\/coparmexjal.org.mx\/entorno-empresarial\/la-vida-publica-en-tiempos-de-la-informacion-inmediata\/#breadcrumb"},"inLanguage":"es","potentialAction":[{"@type":"ReadAction","target":["https:\/\/coparmexjal.org.mx\/entorno-empresarial\/la-vida-publica-en-tiempos-de-la-informacion-inmediata\/"]}]},{"@type":"ImageObject","inLanguage":"es","@id":"https:\/\/coparmexjal.org.mx\/entorno-empresarial\/la-vida-publica-en-tiempos-de-la-informacion-inmediata\/#primaryimage","url":"https:\/\/coparmexjal.org.mx\/entorno-empresarial\/wp-content\/uploads\/2020\/09\/john-schnobrich-2FPjlAyMQTA-unsplash.jpg","contentUrl":"https:\/\/coparmexjal.org.mx\/entorno-empresarial\/wp-content\/uploads\/2020\/09\/john-schnobrich-2FPjlAyMQTA-unsplash.jpg","width":1200,"height":800,"caption":"informaci\u00f3n inmediata"},{"@type":"BreadcrumbList","@id":"https:\/\/coparmexjal.org.mx\/entorno-empresarial\/la-vida-publica-en-tiempos-de-la-informacion-inmediata\/#breadcrumb","itemListElement":[{"@type":"ListItem","position":1,"name":"Inicio","item":"https:\/\/coparmexjal.org.mx\/entorno-empresarial\/"},{"@type":"ListItem","position":2,"name":"La vida p\u00fablica en tiempos de la informaci\u00f3n inmediata"}]},{"@type":"WebSite","@id":"https:\/\/coparmexjal.org.mx\/entorno-empresarial\/#website","url":"https:\/\/coparmexjal.org.mx\/entorno-empresarial\/","name":"Revista Entorno Empresarial","description":"Coparmex Jalisco","publisher":{"@id":"https:\/\/coparmexjal.org.mx\/entorno-empresarial\/#organization"},"potentialAction":[{"@type":"SearchAction","target":{"@type":"EntryPoint","urlTemplate":"https:\/\/coparmexjal.org.mx\/entorno-empresarial\/?s={search_term_string}"},"query-input":{"@type":"PropertyValueSpecification","valueRequired":true,"valueName":"search_term_string"}}],"inLanguage":"es"},{"@type":"Organization","@id":"https:\/\/coparmexjal.org.mx\/entorno-empresarial\/#organization","name":"Coparmex Jalisco","url":"https:\/\/coparmexjal.org.mx\/entorno-empresarial\/","logo":{"@type":"ImageObject","inLanguage":"es","@id":"https:\/\/coparmexjal.org.mx\/entorno-empresarial\/#\/schema\/logo\/image\/","url":"https:\/\/coparmexjal.org.mx\/entorno-empresarial\/wp-content\/uploads\/2020\/02\/logo-amp.png","contentUrl":"https:\/\/coparmexjal.org.mx\/entorno-empresarial\/wp-content\/uploads\/2020\/02\/logo-amp.png","width":120,"height":90,"caption":"Coparmex Jalisco"},"image":{"@id":"https:\/\/coparmexjal.org.mx\/entorno-empresarial\/#\/schema\/logo\/image\/"},"sameAs":["https:\/\/facebook.com\/comcoparmex","https:\/\/x.com\/comcoparmex","http:\/\/instagram.com\/coparmexjalisco","https:\/\/mx.linkedin.com\/company\/coparmex-jalisco","https:\/\/www.youtube.com\/c\/CoparmexJaliscomx"]},{"@type":"Person","@id":"https:\/\/coparmexjal.org.mx\/entorno-empresarial\/#\/schema\/person\/068bb50aab4a4f74a2d54595f08ac426","name":"Mauro Garza Mar\u00edn","image":{"@type":"ImageObject","inLanguage":"es","@id":"https:\/\/secure.gravatar.com\/avatar\/ea29784457d691e72225d5e768c8689bd25c9ac79e339e4784d27c644d80101b?s=96&d=mm&r=g","url":"https:\/\/secure.gravatar.com\/avatar\/ea29784457d691e72225d5e768c8689bd25c9ac79e339e4784d27c644d80101b?s=96&d=mm&r=g","contentUrl":"https:\/\/secure.gravatar.com\/avatar\/ea29784457d691e72225d5e768c8689bd25c9ac79e339e4784d27c644d80101b?s=96&d=mm&r=g","caption":"Mauro Garza Mar\u00edn"},"url":"https:\/\/coparmexjal.org.mx\/entorno-empresarial\/author\/mauro-garza\/"}]}},"_links":{"self":[{"href":"https:\/\/coparmexjal.org.mx\/entorno-empresarial\/wp-json\/wp\/v2\/posts\/3870","targetHints":{"allow":["GET"]}}],"collection":[{"href":"https:\/\/coparmexjal.org.mx\/entorno-empresarial\/wp-json\/wp\/v2\/posts"}],"about":[{"href":"https:\/\/coparmexjal.org.mx\/entorno-empresarial\/wp-json\/wp\/v2\/types\/post"}],"author":[{"embeddable":true,"href":"https:\/\/coparmexjal.org.mx\/entorno-empresarial\/wp-json\/wp\/v2\/users\/17"}],"replies":[{"embeddable":true,"href":"https:\/\/coparmexjal.org.mx\/entorno-empresarial\/wp-json\/wp\/v2\/comments?post=3870"}],"version-history":[{"count":21,"href":"https:\/\/coparmexjal.org.mx\/entorno-empresarial\/wp-json\/wp\/v2\/posts\/3870\/revisions"}],"predecessor-version":[{"id":3897,"href":"https:\/\/coparmexjal.org.mx\/entorno-empresarial\/wp-json\/wp\/v2\/posts\/3870\/revisions\/3897"}],"wp:featuredmedia":[{"embeddable":true,"href":"https:\/\/coparmexjal.org.mx\/entorno-empresarial\/wp-json\/wp\/v2\/media\/3871"}],"wp:attachment":[{"href":"https:\/\/coparmexjal.org.mx\/entorno-empresarial\/wp-json\/wp\/v2\/media?parent=3870"}],"wp:term":[{"taxonomy":"category","embeddable":true,"href":"https:\/\/coparmexjal.org.mx\/entorno-empresarial\/wp-json\/wp\/v2\/categories?post=3870"},{"taxonomy":"post_tag","embeddable":true,"href":"https:\/\/coparmexjal.org.mx\/entorno-empresarial\/wp-json\/wp\/v2\/tags?post=3870"}],"curies":[{"name":"wp","href":"https:\/\/api.w.org\/{rel}","templated":true}]}}