{"id":3834,"date":"2019-03-01T17:58:53","date_gmt":"2019-03-01T23:58:53","guid":{"rendered":"https:\/\/coparmexjal.org.mx\/entorno-empresarial\/?p=3834"},"modified":"2020-09-29T17:34:24","modified_gmt":"2020-09-29T22:34:24","slug":"para-acabar-el-machismo-debemos-cambiar-las-palabras","status":"publish","type":"post","link":"https:\/\/coparmexjal.org.mx\/entorno-empresarial\/para-acabar-el-machismo-debemos-cambiar-las-palabras\/","title":{"rendered":"\u00bfPara acabar el machismo debemos cambiar las palabras?"},"content":{"rendered":"\n<p>Desde hace varios a\u00f1os, en muchos pa\u00edses surgi\u00f3 una tendencia para utilizar un lenguaje m\u00e1s incluyente, lo cual origin\u00f3 debates y controversias, que a\u00fan no tienen fin (y no creo que lo lleguen a tener). Los partidarios de este fen\u00f3meno aseveran que los idiomas que utilizan el g\u00e9nero masculino para referirse tanto a hombres como a mujeres de manera conjunta son idiomas sexistas.<\/p>\n\n\n\n<p>Lo que menos pretendo con este art\u00edculo es crear m\u00e1s pol\u00e9mica sobre el tema; ya es suficiente con la que hay. Mi intenci\u00f3n es analizar desde el punto de vista de la escritura y la comunicaci\u00f3n las opciones que se han estado utilizando en distintos \u00e1mbitos para crear un lenguaje incluyente. Hay varias propuestas. Las m\u00e1s exc\u00e9ntricas se han dado mucho en las redes sociales. Cabe se\u00f1alar que la mayor\u00eda de los planteamientos han sido rechazados por la Real Academia Espa\u00f1ola. Ahora bien, no estoy afirmando que la Academia imponga c\u00f3mo se debe escribir; solamente menciono la postura de la instituci\u00f3n ante esas opciones. En las siguientes tablas presento un resumen de ellas:<\/p>\n\n\n\n<p class=\"has-text-align-center has-strong-magenta-color has-text-color\" style=\"font-size:17px\"><strong>Propuestas de lenguaje incluyente rechazadas por la Real Academia Espa\u00f1ola<\/strong><\/p>\n\n\n\n<figure class=\"wp-block-table is-style-regular\"><table class=\"has-subtle-pale-blue-background-color has-fixed-layout has-background\"><tbody><tr><td><em><strong>Propuesta<\/strong><\/em><\/td><td><em>Desdoblamientos<\/em><\/td><td><em>Uso de la barra y vocal o de vocal entre par\u00e9ntesis despu\u00e9s de una palabra<\/em><\/td><td><em>Sustituci\u00f3n de la <\/em>a<em> u <\/em>o<em> finales por la arroba&nbsp;<\/em><\/td><td><em>Sustituci\u00f3n de la <\/em>a<em> u <\/em>o<em> finales por una <\/em>x<\/td><td><em>Sustituci\u00f3n de la <\/em>a<em> u <\/em>o<em> finales por una <\/em>e<em>&nbsp;<\/em><\/td><\/tr><tr><td><em><strong>Ejemplos<\/strong><\/em><\/td><td>Las diputadas y los diputados tuvieron una sesi\u00f3n extraordinaria.<\/td><td>Los\/as diputados\/as tuvieron una sesi\u00f3n extraordinaria.<br><\/td><td>L@s diputad@s tuvieron una sesi\u00f3n extraordinaria.<\/td><td>Lxs diputadxs tuvieron una sesi\u00f3n extraordinaria.<\/td><td>Les diputades tuvieron una sesi\u00f3n extraordinaria.<\/td><\/tr><tr><td><em><strong>Desventaja<\/strong><\/em><\/td><td>Vuelve las oraciones innecesariamente m\u00e1s largas, y eso va en contra de la econom\u00eda del lenguaje.<\/td><td>Dificulta tanto la escritura como la lectura.<\/td><td>La arroba no es una letra y no se puede pronunciar.<\/td><td>Esta opci\u00f3n distorsiona la lectura y la pronunciaci\u00f3n de las palabras.<\/td><td>Pese a que no presenta obst\u00e1culos para la pronunciaci\u00f3n, el cambiar miles de palabras del idioma (y la sintaxis) significa una tarea compleja.<\/td><\/tr><\/tbody><\/table><\/figure>\n\n\n\n<p>Como lo vimos, las opciones anteriores presentan inconvenientes. Pero no son las \u00fanicas. En esta otra tabla muestro varias alternativas que ni atentan contra la econom\u00eda del lenguaje ni presentan problemas de pronunciaci\u00f3n. Sin embargo, tienen el problema de que, si no estamos acostumbrados a utilizarlas, nos parecer\u00e1n ajenas.&nbsp;<\/p>\n\n\n\n<p><\/p>\n\n\n\n<figure class=\"wp-block-table is-style-regular\"><table class=\"has-subtle-pale-blue-background-color has-background\"><tbody><tr><td><strong>Propuestas m\u00e1s recomendables de lenguaje incluyente<\/strong><\/td><\/tr><tr><td><em>Uso de sustantivos colectivos o abstractos<\/em><\/td><td><em>Empleo de los pronombres <\/em>quien<em> o <\/em>quienes<\/td><td><em>Uso de las palabras <\/em>persona<em> o <\/em>personas<\/td><\/tr><tr><td>El personal deber\u00e1 presentarse puntualmente a trabajar.<\/td><td>Quien llegue tarde tendr\u00e1 una sanci\u00f3n.<\/td><td>Las personas que lleguen tarde tendr\u00e1n una sanci\u00f3n.<\/td><\/tr><tr><td>El profesorado tendr\u00e1 una capacitaci\u00f3n por la ma\u00f1ana.<\/td><td>Quienes deseen ingresar a esta instituci\u00f3n deber\u00e1n pasar un examen.<\/td><td>Las personas que deseen ingresar a esta instituci\u00f3n deber\u00e1n pasar un examen.<\/td><\/tr><tr><td>La gerencia definir\u00e1 los objetivos de este mes.<\/td><td>Quienes aspiren a una promoci\u00f3n deben cumplir ciertos requisitos.<\/td><td>Las personas que aspiren a una promoci\u00f3n deber\u00e1n cumplir ciertos requisitos.<\/td><\/tr><tr><td>Re\u00fana al alumnado.<\/td><td>Se dar\u00e1 un bono a quien cumpla su objetivo de ventas.<\/td><td>Se dar\u00e1 un bono a la persona que cumpla su objetivo de ventas.<\/td><\/tr><tr><td>El equipo de ventas tuvo un desempe\u00f1o excelente.<\/td><td>Atenderemos primero a quien traiga su documentaci\u00f3n completa.<\/td><td>Atenderemos primero a la persona que traiga su documentaci\u00f3n completa.<\/td><\/tr><\/tbody><\/table><\/figure>\n\n\n\n<p>Por supuesto que redactar utilizando un lenguaje incluyente no es tarea f\u00e1cil. Quien se dedique a hacerlo tendr\u00e1 que tener mucha paciencia e invertir tiempo para localizar palabras que le parezcan no discriminatorias. Afortunadamente en la red se pueden encontrar varias p\u00e1ginas y documentos que ofrecen una gu\u00eda para escribir con un lenguaje inclusivo. Dos de estas son:<\/p>\n\n\n\n<ul class=\"wp-block-list\"><li>Comisi\u00f3n Nacional para Prevenir y Erradicar la Violencia contra las Mujeres. \u201cQu\u00e9 es el lenguaje incluyente y por qu\u00e9 es importante que lo uses\u201d. Disponible en <a href=\"https:\/\/www.gob.mx\/conavim\/articulos\/que-es-el-lenguaje-incluyente-y-por-que-es-importante-que-lo-uses?idiom=es\">https:\/\/www.gob.mx\/conavim\/articulos\/que-es-el-lenguaje-incluyente-y-por-que-es-importante-que-lo-uses?idiom=es<\/a><\/li><li>Instituto de la Mujer (Ministerio de Trabajo y Asuntos Sociales). Nombra.en.red. Disponible en <a href=\"http:\/\/www.upm.es\/sfs\/Rectorado\/Gerencia\/Igualdad\/Lenguaje\/Nombra%20en%20red.pdf\">http:\/\/www.upm.es\/sfs\/Rectorado\/Gerencia\/Igualdad\/Lenguaje\/Nombra%20en%20red.pdf<\/a><\/li><\/ul>\n\n\n\n<p>Sin af\u00e1n de entrar en el debate ni de ponerme del lado de un bando o del otro, creo que la inclusi\u00f3n va mucho m\u00e1s all\u00e1 de la modificaci\u00f3n de las palabras en un texto, y dudo que la lengua en s\u00ed tenga efecto en la discriminaci\u00f3n que pueda presentarse en una sociedad. Por ejemplo, en el ensayo titulado <em>Un feminista contra el lenguaje inclusivo<\/em>, Daniel Carre\u00f1o Le\u00f3n afirma que \u201cel chino y el japon\u00e9s son dos idiomas que nunca han tenido ning\u00fan concepto de g\u00e9nero y que aun as\u00ed pertenecen a culturas muy tradicionales con estrictos roles de g\u00e9nero que se mantienen vigentes en pleno Siglo XXI\u201d. Por su parte, las profesoras y feministas Aguas Vivas Catal\u00e1 y Enriqueta Garc\u00eda Pascual sostienen que \u201clo que hay que analizar no es el sexismo en el lenguaje, sino el sexismo en el uso del lenguaje\u201d. Y me parece que tienen raz\u00f3n. Es com\u00fan encontrar casos en el que el empleo de las palabras s\u00ed muestra violencia, como cuando alguien dice: \u201cLa jefa ha hecho grandes avances en la empresa, aunque sea mujer\u201d. Claramente se ve que a pesar de que se utiliza un sustantivo femenino (jefa), hay una fuerte carga sexista en el enunciado. La discriminaci\u00f3n no est\u00e1 en los vocablos, sino en c\u00f3mo se usaron.&nbsp;<\/p>\n\n\n\n<p class=\"has-text-align-center has-strong-magenta-color has-text-color\" style=\"font-size:18px\"><strong>Reflexionemos sobre el tema y pongamos atenci\u00f3n a c\u00f3mo utilizamos las palabras en el d\u00eda a d\u00eda y en cualquier contexto, no solo en el laboral.&nbsp;<\/strong><\/p>\n","protected":false},"excerpt":{"rendered":"<p>Desde hace varios a\u00f1os, en muchos pa\u00edses surgi\u00f3 una tendencia para utilizar un lenguaje m\u00e1s incluyente, lo cual origin\u00f3 debates y controversias, que a\u00fan no<\/p>\n","protected":false},"author":43,"featured_media":3835,"comment_status":"open","ping_status":"open","sticky":false,"template":"","format":"standard","meta":{"footnotes":""},"categories":[389,156],"tags":[542],"class_list":["post-3834","post","type-post","status-publish","format-standard","has-post-thumbnail","hentry","category-breves","category-opinion","tag-lenguaje-incluyente"],"yoast_head":"<!-- This site is optimized with the Yoast SEO plugin v27.5 - https:\/\/yoast.com\/product\/yoast-seo-wordpress\/ -->\n<title>\u00bfPara acabar el machismo debemos cambiar las palabras? - Entorno Empresarial<\/title>\n<meta name=\"robots\" content=\"index, follow, max-snippet:-1, max-image-preview:large, max-video-preview:-1\" \/>\n<link rel=\"canonical\" href=\"https:\/\/coparmexjal.org.mx\/entorno-empresarial\/para-acabar-el-machismo-debemos-cambiar-las-palabras\/\" \/>\n<meta property=\"og:locale\" content=\"es_MX\" \/>\n<meta property=\"og:type\" content=\"article\" \/>\n<meta property=\"og:title\" content=\"\u00bfPara acabar el machismo debemos cambiar las palabras? - Entorno Empresarial\" \/>\n<meta property=\"og:description\" content=\"Desde hace varios a\u00f1os, en muchos pa\u00edses surgi\u00f3 una tendencia para utilizar un lenguaje m\u00e1s incluyente, lo cual origin\u00f3 debates y controversias, que a\u00fan no\" \/>\n<meta property=\"og:url\" content=\"https:\/\/coparmexjal.org.mx\/entorno-empresarial\/para-acabar-el-machismo-debemos-cambiar-las-palabras\/\" \/>\n<meta property=\"og:site_name\" content=\"Entorno Empresarial\" \/>\n<meta property=\"article:publisher\" content=\"https:\/\/facebook.com\/comcoparmex\" \/>\n<meta property=\"article:published_time\" content=\"2019-03-01T23:58:53+00:00\" \/>\n<meta property=\"article:modified_time\" content=\"2020-09-29T22:34:24+00:00\" \/>\n<meta property=\"og:image\" content=\"https:\/\/coparmexjal.org.mx\/entorno-empresarial\/wp-content\/uploads\/2020\/09\/pexels-tirachard-kumtanom-601170.jpg\" \/>\n\t<meta property=\"og:image:width\" content=\"1198\" \/>\n\t<meta property=\"og:image:height\" content=\"800\" \/>\n\t<meta property=\"og:image:type\" content=\"image\/jpeg\" \/>\n<meta name=\"author\" content=\"Mar\u00eda Luisa Pe\u00f1a\" \/>\n<meta name=\"twitter:card\" content=\"summary_large_image\" \/>\n<meta name=\"twitter:creator\" content=\"@comcoparmex\" \/>\n<meta name=\"twitter:site\" content=\"@comcoparmex\" \/>\n<meta name=\"twitter:label1\" content=\"Escrito por\" \/>\n\t<meta name=\"twitter:data1\" content=\"Mar\u00eda Luisa Pe\u00f1a\" \/>\n\t<meta name=\"twitter:label2\" content=\"Tiempo de lectura\" \/>\n\t<meta name=\"twitter:data2\" content=\"5 minutos\" \/>\n<script type=\"application\/ld+json\" class=\"yoast-schema-graph\">{\"@context\":\"https:\\\/\\\/schema.org\",\"@graph\":[{\"@type\":\"Article\",\"@id\":\"https:\\\/\\\/coparmexjal.org.mx\\\/entorno-empresarial\\\/para-acabar-el-machismo-debemos-cambiar-las-palabras\\\/#article\",\"isPartOf\":{\"@id\":\"https:\\\/\\\/coparmexjal.org.mx\\\/entorno-empresarial\\\/para-acabar-el-machismo-debemos-cambiar-las-palabras\\\/\"},\"author\":{\"name\":\"Mar\u00eda Luisa Pe\u00f1a\",\"@id\":\"https:\\\/\\\/coparmexjal.org.mx\\\/entorno-empresarial\\\/#\\\/schema\\\/person\\\/8c3dcebfc2fe72a90dc459b128619a4a\"},\"headline\":\"\u00bfPara acabar el machismo debemos cambiar las palabras?\",\"datePublished\":\"2019-03-01T23:58:53+00:00\",\"dateModified\":\"2020-09-29T22:34:24+00:00\",\"mainEntityOfPage\":{\"@id\":\"https:\\\/\\\/coparmexjal.org.mx\\\/entorno-empresarial\\\/para-acabar-el-machismo-debemos-cambiar-las-palabras\\\/\"},\"wordCount\":1001,\"commentCount\":0,\"publisher\":{\"@id\":\"https:\\\/\\\/coparmexjal.org.mx\\\/entorno-empresarial\\\/#organization\"},\"image\":{\"@id\":\"https:\\\/\\\/coparmexjal.org.mx\\\/entorno-empresarial\\\/para-acabar-el-machismo-debemos-cambiar-las-palabras\\\/#primaryimage\"},\"thumbnailUrl\":\"https:\\\/\\\/coparmexjal.org.mx\\\/entorno-empresarial\\\/wp-content\\\/uploads\\\/2020\\\/09\\\/pexels-tirachard-kumtanom-601170.jpg\",\"keywords\":[\"lenguaje incluyente\"],\"articleSection\":[\"Breves\",\"Opini\u00f3n\"],\"inLanguage\":\"es\",\"potentialAction\":[{\"@type\":\"CommentAction\",\"name\":\"Comment\",\"target\":[\"https:\\\/\\\/coparmexjal.org.mx\\\/entorno-empresarial\\\/para-acabar-el-machismo-debemos-cambiar-las-palabras\\\/#respond\"]}]},{\"@type\":\"WebPage\",\"@id\":\"https:\\\/\\\/coparmexjal.org.mx\\\/entorno-empresarial\\\/para-acabar-el-machismo-debemos-cambiar-las-palabras\\\/\",\"url\":\"https:\\\/\\\/coparmexjal.org.mx\\\/entorno-empresarial\\\/para-acabar-el-machismo-debemos-cambiar-las-palabras\\\/\",\"name\":\"\u00bfPara acabar el machismo debemos cambiar las palabras? - Entorno Empresarial\",\"isPartOf\":{\"@id\":\"https:\\\/\\\/coparmexjal.org.mx\\\/entorno-empresarial\\\/#website\"},\"primaryImageOfPage\":{\"@id\":\"https:\\\/\\\/coparmexjal.org.mx\\\/entorno-empresarial\\\/para-acabar-el-machismo-debemos-cambiar-las-palabras\\\/#primaryimage\"},\"image\":{\"@id\":\"https:\\\/\\\/coparmexjal.org.mx\\\/entorno-empresarial\\\/para-acabar-el-machismo-debemos-cambiar-las-palabras\\\/#primaryimage\"},\"thumbnailUrl\":\"https:\\\/\\\/coparmexjal.org.mx\\\/entorno-empresarial\\\/wp-content\\\/uploads\\\/2020\\\/09\\\/pexels-tirachard-kumtanom-601170.jpg\",\"datePublished\":\"2019-03-01T23:58:53+00:00\",\"dateModified\":\"2020-09-29T22:34:24+00:00\",\"breadcrumb\":{\"@id\":\"https:\\\/\\\/coparmexjal.org.mx\\\/entorno-empresarial\\\/para-acabar-el-machismo-debemos-cambiar-las-palabras\\\/#breadcrumb\"},\"inLanguage\":\"es\",\"potentialAction\":[{\"@type\":\"ReadAction\",\"target\":[\"https:\\\/\\\/coparmexjal.org.mx\\\/entorno-empresarial\\\/para-acabar-el-machismo-debemos-cambiar-las-palabras\\\/\"]}]},{\"@type\":\"ImageObject\",\"inLanguage\":\"es\",\"@id\":\"https:\\\/\\\/coparmexjal.org.mx\\\/entorno-empresarial\\\/para-acabar-el-machismo-debemos-cambiar-las-palabras\\\/#primaryimage\",\"url\":\"https:\\\/\\\/coparmexjal.org.mx\\\/entorno-empresarial\\\/wp-content\\\/uploads\\\/2020\\\/09\\\/pexels-tirachard-kumtanom-601170.jpg\",\"contentUrl\":\"https:\\\/\\\/coparmexjal.org.mx\\\/entorno-empresarial\\\/wp-content\\\/uploads\\\/2020\\\/09\\\/pexels-tirachard-kumtanom-601170.jpg\",\"width\":1198,\"height\":800,\"caption\":\"lenguaje incluyente\"},{\"@type\":\"BreadcrumbList\",\"@id\":\"https:\\\/\\\/coparmexjal.org.mx\\\/entorno-empresarial\\\/para-acabar-el-machismo-debemos-cambiar-las-palabras\\\/#breadcrumb\",\"itemListElement\":[{\"@type\":\"ListItem\",\"position\":1,\"name\":\"Inicio\",\"item\":\"https:\\\/\\\/coparmexjal.org.mx\\\/entorno-empresarial\\\/\"},{\"@type\":\"ListItem\",\"position\":2,\"name\":\"\u00bfPara acabar el machismo debemos cambiar las palabras?\"}]},{\"@type\":\"WebSite\",\"@id\":\"https:\\\/\\\/coparmexjal.org.mx\\\/entorno-empresarial\\\/#website\",\"url\":\"https:\\\/\\\/coparmexjal.org.mx\\\/entorno-empresarial\\\/\",\"name\":\"Revista Entorno Empresarial\",\"description\":\"Coparmex Jalisco\",\"publisher\":{\"@id\":\"https:\\\/\\\/coparmexjal.org.mx\\\/entorno-empresarial\\\/#organization\"},\"potentialAction\":[{\"@type\":\"SearchAction\",\"target\":{\"@type\":\"EntryPoint\",\"urlTemplate\":\"https:\\\/\\\/coparmexjal.org.mx\\\/entorno-empresarial\\\/?s={search_term_string}\"},\"query-input\":{\"@type\":\"PropertyValueSpecification\",\"valueRequired\":true,\"valueName\":\"search_term_string\"}}],\"inLanguage\":\"es\"},{\"@type\":\"Organization\",\"@id\":\"https:\\\/\\\/coparmexjal.org.mx\\\/entorno-empresarial\\\/#organization\",\"name\":\"Coparmex Jalisco\",\"url\":\"https:\\\/\\\/coparmexjal.org.mx\\\/entorno-empresarial\\\/\",\"logo\":{\"@type\":\"ImageObject\",\"inLanguage\":\"es\",\"@id\":\"https:\\\/\\\/coparmexjal.org.mx\\\/entorno-empresarial\\\/#\\\/schema\\\/logo\\\/image\\\/\",\"url\":\"https:\\\/\\\/coparmexjal.org.mx\\\/entorno-empresarial\\\/wp-content\\\/uploads\\\/2020\\\/02\\\/logo-amp.png\",\"contentUrl\":\"https:\\\/\\\/coparmexjal.org.mx\\\/entorno-empresarial\\\/wp-content\\\/uploads\\\/2020\\\/02\\\/logo-amp.png\",\"width\":120,\"height\":90,\"caption\":\"Coparmex Jalisco\"},\"image\":{\"@id\":\"https:\\\/\\\/coparmexjal.org.mx\\\/entorno-empresarial\\\/#\\\/schema\\\/logo\\\/image\\\/\"},\"sameAs\":[\"https:\\\/\\\/facebook.com\\\/comcoparmex\",\"https:\\\/\\\/x.com\\\/comcoparmex\",\"http:\\\/\\\/instagram.com\\\/coparmexjalisco\",\"https:\\\/\\\/mx.linkedin.com\\\/company\\\/coparmex-jalisco\",\"https:\\\/\\\/www.youtube.com\\\/c\\\/CoparmexJaliscomx\"]},{\"@type\":\"Person\",\"@id\":\"https:\\\/\\\/coparmexjal.org.mx\\\/entorno-empresarial\\\/#\\\/schema\\\/person\\\/8c3dcebfc2fe72a90dc459b128619a4a\",\"name\":\"Mar\u00eda Luisa Pe\u00f1a\",\"image\":{\"@type\":\"ImageObject\",\"inLanguage\":\"es\",\"@id\":\"https:\\\/\\\/secure.gravatar.com\\\/avatar\\\/aa1879be4cd43ae79e6b919823fcc0072028c07f977951d675276fc39c0a132a?s=96&d=mm&r=g\",\"url\":\"https:\\\/\\\/secure.gravatar.com\\\/avatar\\\/aa1879be4cd43ae79e6b919823fcc0072028c07f977951d675276fc39c0a132a?s=96&d=mm&r=g\",\"contentUrl\":\"https:\\\/\\\/secure.gravatar.com\\\/avatar\\\/aa1879be4cd43ae79e6b919823fcc0072028c07f977951d675276fc39c0a132a?s=96&d=mm&r=g\",\"caption\":\"Mar\u00eda Luisa Pe\u00f1a\"},\"url\":\"https:\\\/\\\/coparmexjal.org.mx\\\/entorno-empresarial\\\/author\\\/maria-pena\\\/\"}]}<\/script>\n<!-- \/ Yoast SEO plugin. -->","yoast_head_json":{"title":"\u00bfPara acabar el machismo debemos cambiar las palabras? - Entorno Empresarial","robots":{"index":"index","follow":"follow","max-snippet":"max-snippet:-1","max-image-preview":"max-image-preview:large","max-video-preview":"max-video-preview:-1"},"canonical":"https:\/\/coparmexjal.org.mx\/entorno-empresarial\/para-acabar-el-machismo-debemos-cambiar-las-palabras\/","og_locale":"es_MX","og_type":"article","og_title":"\u00bfPara acabar el machismo debemos cambiar las palabras? - Entorno Empresarial","og_description":"Desde hace varios a\u00f1os, en muchos pa\u00edses surgi\u00f3 una tendencia para utilizar un lenguaje m\u00e1s incluyente, lo cual origin\u00f3 debates y controversias, que a\u00fan no","og_url":"https:\/\/coparmexjal.org.mx\/entorno-empresarial\/para-acabar-el-machismo-debemos-cambiar-las-palabras\/","og_site_name":"Entorno Empresarial","article_publisher":"https:\/\/facebook.com\/comcoparmex","article_published_time":"2019-03-01T23:58:53+00:00","article_modified_time":"2020-09-29T22:34:24+00:00","og_image":[{"width":1198,"height":800,"url":"https:\/\/coparmexjal.org.mx\/entorno-empresarial\/wp-content\/uploads\/2020\/09\/pexels-tirachard-kumtanom-601170.jpg","type":"image\/jpeg"}],"author":"Mar\u00eda Luisa Pe\u00f1a","twitter_card":"summary_large_image","twitter_creator":"@comcoparmex","twitter_site":"@comcoparmex","twitter_misc":{"Escrito por":"Mar\u00eda Luisa Pe\u00f1a","Tiempo de lectura":"5 minutos"},"schema":{"@context":"https:\/\/schema.org","@graph":[{"@type":"Article","@id":"https:\/\/coparmexjal.org.mx\/entorno-empresarial\/para-acabar-el-machismo-debemos-cambiar-las-palabras\/#article","isPartOf":{"@id":"https:\/\/coparmexjal.org.mx\/entorno-empresarial\/para-acabar-el-machismo-debemos-cambiar-las-palabras\/"},"author":{"name":"Mar\u00eda Luisa Pe\u00f1a","@id":"https:\/\/coparmexjal.org.mx\/entorno-empresarial\/#\/schema\/person\/8c3dcebfc2fe72a90dc459b128619a4a"},"headline":"\u00bfPara acabar el machismo debemos cambiar las palabras?","datePublished":"2019-03-01T23:58:53+00:00","dateModified":"2020-09-29T22:34:24+00:00","mainEntityOfPage":{"@id":"https:\/\/coparmexjal.org.mx\/entorno-empresarial\/para-acabar-el-machismo-debemos-cambiar-las-palabras\/"},"wordCount":1001,"commentCount":0,"publisher":{"@id":"https:\/\/coparmexjal.org.mx\/entorno-empresarial\/#organization"},"image":{"@id":"https:\/\/coparmexjal.org.mx\/entorno-empresarial\/para-acabar-el-machismo-debemos-cambiar-las-palabras\/#primaryimage"},"thumbnailUrl":"https:\/\/coparmexjal.org.mx\/entorno-empresarial\/wp-content\/uploads\/2020\/09\/pexels-tirachard-kumtanom-601170.jpg","keywords":["lenguaje incluyente"],"articleSection":["Breves","Opini\u00f3n"],"inLanguage":"es","potentialAction":[{"@type":"CommentAction","name":"Comment","target":["https:\/\/coparmexjal.org.mx\/entorno-empresarial\/para-acabar-el-machismo-debemos-cambiar-las-palabras\/#respond"]}]},{"@type":"WebPage","@id":"https:\/\/coparmexjal.org.mx\/entorno-empresarial\/para-acabar-el-machismo-debemos-cambiar-las-palabras\/","url":"https:\/\/coparmexjal.org.mx\/entorno-empresarial\/para-acabar-el-machismo-debemos-cambiar-las-palabras\/","name":"\u00bfPara acabar el machismo debemos cambiar las palabras? - Entorno Empresarial","isPartOf":{"@id":"https:\/\/coparmexjal.org.mx\/entorno-empresarial\/#website"},"primaryImageOfPage":{"@id":"https:\/\/coparmexjal.org.mx\/entorno-empresarial\/para-acabar-el-machismo-debemos-cambiar-las-palabras\/#primaryimage"},"image":{"@id":"https:\/\/coparmexjal.org.mx\/entorno-empresarial\/para-acabar-el-machismo-debemos-cambiar-las-palabras\/#primaryimage"},"thumbnailUrl":"https:\/\/coparmexjal.org.mx\/entorno-empresarial\/wp-content\/uploads\/2020\/09\/pexels-tirachard-kumtanom-601170.jpg","datePublished":"2019-03-01T23:58:53+00:00","dateModified":"2020-09-29T22:34:24+00:00","breadcrumb":{"@id":"https:\/\/coparmexjal.org.mx\/entorno-empresarial\/para-acabar-el-machismo-debemos-cambiar-las-palabras\/#breadcrumb"},"inLanguage":"es","potentialAction":[{"@type":"ReadAction","target":["https:\/\/coparmexjal.org.mx\/entorno-empresarial\/para-acabar-el-machismo-debemos-cambiar-las-palabras\/"]}]},{"@type":"ImageObject","inLanguage":"es","@id":"https:\/\/coparmexjal.org.mx\/entorno-empresarial\/para-acabar-el-machismo-debemos-cambiar-las-palabras\/#primaryimage","url":"https:\/\/coparmexjal.org.mx\/entorno-empresarial\/wp-content\/uploads\/2020\/09\/pexels-tirachard-kumtanom-601170.jpg","contentUrl":"https:\/\/coparmexjal.org.mx\/entorno-empresarial\/wp-content\/uploads\/2020\/09\/pexels-tirachard-kumtanom-601170.jpg","width":1198,"height":800,"caption":"lenguaje incluyente"},{"@type":"BreadcrumbList","@id":"https:\/\/coparmexjal.org.mx\/entorno-empresarial\/para-acabar-el-machismo-debemos-cambiar-las-palabras\/#breadcrumb","itemListElement":[{"@type":"ListItem","position":1,"name":"Inicio","item":"https:\/\/coparmexjal.org.mx\/entorno-empresarial\/"},{"@type":"ListItem","position":2,"name":"\u00bfPara acabar el machismo debemos cambiar las palabras?"}]},{"@type":"WebSite","@id":"https:\/\/coparmexjal.org.mx\/entorno-empresarial\/#website","url":"https:\/\/coparmexjal.org.mx\/entorno-empresarial\/","name":"Revista Entorno Empresarial","description":"Coparmex Jalisco","publisher":{"@id":"https:\/\/coparmexjal.org.mx\/entorno-empresarial\/#organization"},"potentialAction":[{"@type":"SearchAction","target":{"@type":"EntryPoint","urlTemplate":"https:\/\/coparmexjal.org.mx\/entorno-empresarial\/?s={search_term_string}"},"query-input":{"@type":"PropertyValueSpecification","valueRequired":true,"valueName":"search_term_string"}}],"inLanguage":"es"},{"@type":"Organization","@id":"https:\/\/coparmexjal.org.mx\/entorno-empresarial\/#organization","name":"Coparmex Jalisco","url":"https:\/\/coparmexjal.org.mx\/entorno-empresarial\/","logo":{"@type":"ImageObject","inLanguage":"es","@id":"https:\/\/coparmexjal.org.mx\/entorno-empresarial\/#\/schema\/logo\/image\/","url":"https:\/\/coparmexjal.org.mx\/entorno-empresarial\/wp-content\/uploads\/2020\/02\/logo-amp.png","contentUrl":"https:\/\/coparmexjal.org.mx\/entorno-empresarial\/wp-content\/uploads\/2020\/02\/logo-amp.png","width":120,"height":90,"caption":"Coparmex Jalisco"},"image":{"@id":"https:\/\/coparmexjal.org.mx\/entorno-empresarial\/#\/schema\/logo\/image\/"},"sameAs":["https:\/\/facebook.com\/comcoparmex","https:\/\/x.com\/comcoparmex","http:\/\/instagram.com\/coparmexjalisco","https:\/\/mx.linkedin.com\/company\/coparmex-jalisco","https:\/\/www.youtube.com\/c\/CoparmexJaliscomx"]},{"@type":"Person","@id":"https:\/\/coparmexjal.org.mx\/entorno-empresarial\/#\/schema\/person\/8c3dcebfc2fe72a90dc459b128619a4a","name":"Mar\u00eda Luisa Pe\u00f1a","image":{"@type":"ImageObject","inLanguage":"es","@id":"https:\/\/secure.gravatar.com\/avatar\/aa1879be4cd43ae79e6b919823fcc0072028c07f977951d675276fc39c0a132a?s=96&d=mm&r=g","url":"https:\/\/secure.gravatar.com\/avatar\/aa1879be4cd43ae79e6b919823fcc0072028c07f977951d675276fc39c0a132a?s=96&d=mm&r=g","contentUrl":"https:\/\/secure.gravatar.com\/avatar\/aa1879be4cd43ae79e6b919823fcc0072028c07f977951d675276fc39c0a132a?s=96&d=mm&r=g","caption":"Mar\u00eda Luisa Pe\u00f1a"},"url":"https:\/\/coparmexjal.org.mx\/entorno-empresarial\/author\/maria-pena\/"}]}},"_links":{"self":[{"href":"https:\/\/coparmexjal.org.mx\/entorno-empresarial\/wp-json\/wp\/v2\/posts\/3834","targetHints":{"allow":["GET"]}}],"collection":[{"href":"https:\/\/coparmexjal.org.mx\/entorno-empresarial\/wp-json\/wp\/v2\/posts"}],"about":[{"href":"https:\/\/coparmexjal.org.mx\/entorno-empresarial\/wp-json\/wp\/v2\/types\/post"}],"author":[{"embeddable":true,"href":"https:\/\/coparmexjal.org.mx\/entorno-empresarial\/wp-json\/wp\/v2\/users\/43"}],"replies":[{"embeddable":true,"href":"https:\/\/coparmexjal.org.mx\/entorno-empresarial\/wp-json\/wp\/v2\/comments?post=3834"}],"version-history":[{"count":7,"href":"https:\/\/coparmexjal.org.mx\/entorno-empresarial\/wp-json\/wp\/v2\/posts\/3834\/revisions"}],"predecessor-version":[{"id":3844,"href":"https:\/\/coparmexjal.org.mx\/entorno-empresarial\/wp-json\/wp\/v2\/posts\/3834\/revisions\/3844"}],"wp:featuredmedia":[{"embeddable":true,"href":"https:\/\/coparmexjal.org.mx\/entorno-empresarial\/wp-json\/wp\/v2\/media\/3835"}],"wp:attachment":[{"href":"https:\/\/coparmexjal.org.mx\/entorno-empresarial\/wp-json\/wp\/v2\/media?parent=3834"}],"wp:term":[{"taxonomy":"category","embeddable":true,"href":"https:\/\/coparmexjal.org.mx\/entorno-empresarial\/wp-json\/wp\/v2\/categories?post=3834"},{"taxonomy":"post_tag","embeddable":true,"href":"https:\/\/coparmexjal.org.mx\/entorno-empresarial\/wp-json\/wp\/v2\/tags?post=3834"}],"curies":[{"name":"wp","href":"https:\/\/api.w.org\/{rel}","templated":true}]}}