{"id":3797,"date":"2019-05-01T12:34:30","date_gmt":"2019-05-01T17:34:30","guid":{"rendered":"https:\/\/coparmexjal.org.mx\/entorno-empresarial\/?p=3797"},"modified":"2020-09-24T14:17:46","modified_gmt":"2020-09-24T19:17:46","slug":"hablemos-de-equidad-interna-y-competitividad-externa","status":"publish","type":"post","link":"https:\/\/coparmexjal.org.mx\/entorno-empresarial\/hablemos-de-equidad-interna-y-competitividad-externa\/","title":{"rendered":"Hablemos de equidad interna y competitividad externa"},"content":{"rendered":"\n<p><\/p>\n\n\n\n<p class=\"has-text-align-center\" style=\"font-size:17px\"><em><strong>El principio de equidad est\u00e1 altamente relacionado con el concepto b\u00e1sico de justicia, es decir, dar a cada uno lo que le corresponde.<\/strong><\/em><\/p>\n\n\n\n<p>Cuando se habla de equidad interna, esta se asocia a la remuneraci\u00f3n y debe entenderse como la alineaci\u00f3n entre el valor del puesto seg\u00fan su contenido y su ubicaci\u00f3n en niveles organizacionales, lo que se logra identificar mediante herramientas de valuaci\u00f3n de puestos y de definici\u00f3n de niveles o rangos de remuneraci\u00f3n seg\u00fan las pol\u00edticas de cada empresa.<\/p>\n\n\n\n<p>Esto, que parece complicado, es sencillo cuando se estructura en un sistema de valores que se incluyen en cada puesto. Por ejemplo, mientras que para un puesto gerencial el valor de \u201cmanejo de informaci\u00f3n confidencial\u201d es altamente importante, este no tiene la misma relevancia en un puesto de recepcionista porque la naturaleza y amplitud de la informaci\u00f3n que este \u00faltimo cargo maneja no es la misma. De aqu\u00ed que el valor en un puesto gerencial sea notablemente m\u00e1s alto por su contenido, amplitud e impacto.<\/p>\n\n\n\n<p>Lo mismo sucede con el valor de \u201cconocimientos y experiencia\u201d que demanda un puesto, lo que hace una diferencia sustantiva entre el superintendente de una planta y el supervisor.<\/p>\n\n\n\n<p><strong>Cuando se quiere ordenar la estructura organizacional, deben tenerse en cuenta algunos criterios \u00fatiles, que se definen a continuaci\u00f3n:<\/strong><\/p>\n\n\n\n<ol class=\"wp-block-list\"><li>Al hacer la valuaci\u00f3n, la atenci\u00f3n se centra en el puesto, sin importar qui\u00e9n y c\u00f3mo sea el ocupante, porque no se est\u00e1 evaluando a las personas.<\/li><\/ol>\n\n\n\n<ol class=\"wp-block-list\" start=\"2\"><li>Debe contarse con descripciones de puesto, porque en ellas se contienen los objetivos, funciones, actividades, competencias cognitivas, a\u00f1os de experiencia y aquellos factores que la empresa considere que deben ser parte de cada puesto.<\/li><\/ol>\n\n\n\n<ol class=\"wp-block-list\" start=\"3\"><li>Es altamente recomendable contar con el apoyo de un asesor externo que facilite la objetividad al analizar las descripciones y al valuar los puestos para evitar sesgos producidos por el conocimiento del personal que ocupa las diversas posiciones o por cierto sentido preferencial de parte del \u00e1rea que lleva a cabo la evaluaci\u00f3n.<\/li><\/ol>\n\n\n\n<ol class=\"wp-block-list\" start=\"4\"><li>Los gerentes deben participar ya sea durante el proceso de valuaci\u00f3n o al presentar los resultados para con su experiencia elevar el nivel de objetividad y confiabilidad.&nbsp;<\/li><\/ol>\n\n\n\n<p>El manejo de resultados se presenta en una tabla que contiene diversos niveles (seg\u00fan decisi\u00f3n de la empresa) definidos en forma progresiva y equidistante.<\/p>\n\n\n\n<div class=\"wp-block-image\"><figure class=\"aligncenter size-large is-resized\"><img fetchpriority=\"high\" decoding=\"async\" src=\"https:\/\/coparmexjal.org.mx\/entorno-empresarial\/wp-content\/uploads\/2020\/09\/pexels-bongkarn-thanyakij-3740378-1024x509.jpg\" alt=\"\" class=\"wp-image-3848\" width=\"557\" height=\"277\" srcset=\"https:\/\/coparmexjal.org.mx\/entorno-empresarial\/wp-content\/uploads\/2020\/09\/pexels-bongkarn-thanyakij-3740378-1024x509.jpg 1024w, https:\/\/coparmexjal.org.mx\/entorno-empresarial\/wp-content\/uploads\/2020\/09\/pexels-bongkarn-thanyakij-3740378-300x149.jpg 300w, https:\/\/coparmexjal.org.mx\/entorno-empresarial\/wp-content\/uploads\/2020\/09\/pexels-bongkarn-thanyakij-3740378-768x382.jpg 768w, https:\/\/coparmexjal.org.mx\/entorno-empresarial\/wp-content\/uploads\/2020\/09\/pexels-bongkarn-thanyakij-3740378-1536x764.jpg 1536w, https:\/\/coparmexjal.org.mx\/entorno-empresarial\/wp-content\/uploads\/2020\/09\/pexels-bongkarn-thanyakij-3740378.jpg 1609w\" sizes=\"(max-width: 557px) 100vw, 557px\" \/><\/figure><\/div>\n\n\n\n<p>Entonces se podr\u00e1 detectar si los ocupantes de algunos puestos est\u00e1n fuera del rango del nivel o dentro de este pero en posiciones inferiores o superiores notoriamente distintas de la media de su nivel correspondiente.<\/p>\n\n\n\n<p><strong>A todo este conjunto podemos denominarlo <em>poner orden y transparencia en casa<\/em>, pero no resultar\u00eda del todo productivo si no se ve hacia afuera para estudiar el comportamiento del mercado de las empresas en cuanto a la remuneraci\u00f3n.<\/strong><\/p>\n\n\n\n<p>De aqu\u00ed que estudiar la posici\u00f3n competitiva de la propia empresa en relaci\u00f3n con el mercado traiga consigo grandes bondades, porque puede conducir a identificar los motivos por los que se da la deserci\u00f3n o aquellos por los que no se atrae al personal requerido, ya que la competitividad no se deriva solo de los sueldos y prestaciones de ley, sino de valores que son reconocidos por el mercado, como la vinculaci\u00f3n con el equilibrio vida-trabajo, oportunidades de estudiar no solo temas relacionados con el empleo, sino otros como recreaci\u00f3n, deporte, etc.<\/p>\n\n\n\n<p>Cuando se tienen los resultados de la valuaci\u00f3n en forma l\u00f3gica y consistente, se puede proceder a asociar todos los puestos con el sueldo bruto o neto, seg\u00fan se decida, y a ubicar los sueldos en el nivel en que se encuentran los ocupantes de cada puesto, lo que permitir\u00e1 analizar la congruencia y consistencia del tabulador interno.<\/p>\n\n\n\n<p>Finalmente, vale decir que este art\u00edculo adquiere trascendencia porque si algo espera notoriamente la generaci\u00f3n actual es, por una parte, equidad, claridad y transparencia organizacional y, por la otra, un conjunto de servicios, oportunidades, un clima laboral positivo, la posibilidad de horarios flexibles y de vacaciones tambi\u00e9n flexibles.<\/p>\n\n\n\n<div class=\"wp-block-group\"><div class=\"wp-block-group__inner-container is-layout-flow wp-block-group-is-layout-flow\">\n<p class=\"has-text-align-center has-strong-magenta-color has-text-color\"><strong>La respuesta est\u00e1 del lado de la empresa.&nbsp;<\/strong><\/p>\n\n\n\n<p class=\"has-text-align-center has-strong-magenta-color has-text-color\"><strong>Porque si hacemos algo por la mejora del personal, aunque los colaboradores se vayan, habremos ganado y cumplido.<\/strong><\/p>\n\n\n\n<p class=\"has-text-align-center has-strong-magenta-color has-text-color\"><strong>Pero si no lo hacemos y se quedan, habremos perdido.<\/strong><\/p>\n<\/div><\/div>\n\n\n\n<p><\/p>\n","protected":false},"excerpt":{"rendered":"<p>El principio de equidad est\u00e1 altamente relacionado con el concepto b\u00e1sico de justicia, es decir, dar a cada uno lo que le corresponde. Cuando se<\/p>\n","protected":false},"author":35,"featured_media":3846,"comment_status":"open","ping_status":"open","sticky":false,"template":"","format":"standard","meta":{"footnotes":""},"categories":[158],"tags":[199,545,544],"class_list":["post-3797","post","type-post","status-publish","format-standard","has-post-thumbnail","hentry","category-capital-humano","tag-capital-humano","tag-competitividad-externa","tag-equidad-interna"],"yoast_head":"<!-- This site is optimized with the Yoast SEO plugin v27.5 - https:\/\/yoast.com\/product\/yoast-seo-wordpress\/ -->\n<title>Hablemos de equidad interna y competitividad externa - Entorno Empresarial<\/title>\n<meta name=\"robots\" content=\"index, follow, max-snippet:-1, max-image-preview:large, max-video-preview:-1\" \/>\n<link rel=\"canonical\" href=\"https:\/\/coparmexjal.org.mx\/entorno-empresarial\/hablemos-de-equidad-interna-y-competitividad-externa\/\" \/>\n<meta property=\"og:locale\" content=\"es_MX\" \/>\n<meta property=\"og:type\" content=\"article\" \/>\n<meta property=\"og:title\" content=\"Hablemos de equidad interna y competitividad externa - Entorno Empresarial\" \/>\n<meta property=\"og:description\" content=\"El principio de equidad est\u00e1 altamente relacionado con el concepto b\u00e1sico de justicia, es decir, dar a cada uno lo que le corresponde. Cuando se\" \/>\n<meta property=\"og:url\" content=\"https:\/\/coparmexjal.org.mx\/entorno-empresarial\/hablemos-de-equidad-interna-y-competitividad-externa\/\" \/>\n<meta property=\"og:site_name\" content=\"Entorno Empresarial\" \/>\n<meta property=\"article:publisher\" content=\"https:\/\/facebook.com\/comcoparmex\" \/>\n<meta property=\"article:published_time\" content=\"2019-05-01T17:34:30+00:00\" \/>\n<meta property=\"article:modified_time\" content=\"2020-09-24T19:17:46+00:00\" \/>\n<meta property=\"og:image\" content=\"https:\/\/coparmexjal.org.mx\/entorno-empresarial\/wp-content\/uploads\/2020\/09\/tim-gouw-bwki71ap-y8-unsplash.jpg\" \/>\n\t<meta property=\"og:image:width\" content=\"1197\" \/>\n\t<meta property=\"og:image:height\" content=\"800\" \/>\n\t<meta property=\"og:image:type\" content=\"image\/jpeg\" \/>\n<meta name=\"author\" content=\"Productivity Systems\" \/>\n<meta name=\"twitter:card\" content=\"summary_large_image\" \/>\n<meta name=\"twitter:creator\" content=\"@comcoparmex\" \/>\n<meta name=\"twitter:site\" content=\"@comcoparmex\" \/>\n<meta name=\"twitter:label1\" content=\"Escrito por\" \/>\n\t<meta name=\"twitter:data1\" content=\"Productivity Systems\" \/>\n\t<meta name=\"twitter:label2\" content=\"Tiempo de lectura\" \/>\n\t<meta name=\"twitter:data2\" content=\"4 minutos\" \/>\n<script type=\"application\/ld+json\" class=\"yoast-schema-graph\">{\"@context\":\"https:\\\/\\\/schema.org\",\"@graph\":[{\"@type\":\"Article\",\"@id\":\"https:\\\/\\\/coparmexjal.org.mx\\\/entorno-empresarial\\\/hablemos-de-equidad-interna-y-competitividad-externa\\\/#article\",\"isPartOf\":{\"@id\":\"https:\\\/\\\/coparmexjal.org.mx\\\/entorno-empresarial\\\/hablemos-de-equidad-interna-y-competitividad-externa\\\/\"},\"author\":{\"name\":\"Productivity Systems\",\"@id\":\"https:\\\/\\\/coparmexjal.org.mx\\\/entorno-empresarial\\\/#\\\/schema\\\/person\\\/d1795a24c315f6848d71e910ab58d97a\"},\"headline\":\"Hablemos de equidad interna y competitividad externa\",\"datePublished\":\"2019-05-01T17:34:30+00:00\",\"dateModified\":\"2020-09-24T19:17:46+00:00\",\"mainEntityOfPage\":{\"@id\":\"https:\\\/\\\/coparmexjal.org.mx\\\/entorno-empresarial\\\/hablemos-de-equidad-interna-y-competitividad-externa\\\/\"},\"wordCount\":732,\"commentCount\":0,\"publisher\":{\"@id\":\"https:\\\/\\\/coparmexjal.org.mx\\\/entorno-empresarial\\\/#organization\"},\"image\":{\"@id\":\"https:\\\/\\\/coparmexjal.org.mx\\\/entorno-empresarial\\\/hablemos-de-equidad-interna-y-competitividad-externa\\\/#primaryimage\"},\"thumbnailUrl\":\"https:\\\/\\\/coparmexjal.org.mx\\\/entorno-empresarial\\\/wp-content\\\/uploads\\\/2020\\\/09\\\/tim-gouw-bwki71ap-y8-unsplash.jpg\",\"keywords\":[\"capital humano\",\"competitividad externa\",\"equidad interna\"],\"articleSection\":[\"Capital Humano\"],\"inLanguage\":\"es\",\"potentialAction\":[{\"@type\":\"CommentAction\",\"name\":\"Comment\",\"target\":[\"https:\\\/\\\/coparmexjal.org.mx\\\/entorno-empresarial\\\/hablemos-de-equidad-interna-y-competitividad-externa\\\/#respond\"]}]},{\"@type\":\"WebPage\",\"@id\":\"https:\\\/\\\/coparmexjal.org.mx\\\/entorno-empresarial\\\/hablemos-de-equidad-interna-y-competitividad-externa\\\/\",\"url\":\"https:\\\/\\\/coparmexjal.org.mx\\\/entorno-empresarial\\\/hablemos-de-equidad-interna-y-competitividad-externa\\\/\",\"name\":\"Hablemos de equidad interna y competitividad externa - Entorno Empresarial\",\"isPartOf\":{\"@id\":\"https:\\\/\\\/coparmexjal.org.mx\\\/entorno-empresarial\\\/#website\"},\"primaryImageOfPage\":{\"@id\":\"https:\\\/\\\/coparmexjal.org.mx\\\/entorno-empresarial\\\/hablemos-de-equidad-interna-y-competitividad-externa\\\/#primaryimage\"},\"image\":{\"@id\":\"https:\\\/\\\/coparmexjal.org.mx\\\/entorno-empresarial\\\/hablemos-de-equidad-interna-y-competitividad-externa\\\/#primaryimage\"},\"thumbnailUrl\":\"https:\\\/\\\/coparmexjal.org.mx\\\/entorno-empresarial\\\/wp-content\\\/uploads\\\/2020\\\/09\\\/tim-gouw-bwki71ap-y8-unsplash.jpg\",\"datePublished\":\"2019-05-01T17:34:30+00:00\",\"dateModified\":\"2020-09-24T19:17:46+00:00\",\"breadcrumb\":{\"@id\":\"https:\\\/\\\/coparmexjal.org.mx\\\/entorno-empresarial\\\/hablemos-de-equidad-interna-y-competitividad-externa\\\/#breadcrumb\"},\"inLanguage\":\"es\",\"potentialAction\":[{\"@type\":\"ReadAction\",\"target\":[\"https:\\\/\\\/coparmexjal.org.mx\\\/entorno-empresarial\\\/hablemos-de-equidad-interna-y-competitividad-externa\\\/\"]}]},{\"@type\":\"ImageObject\",\"inLanguage\":\"es\",\"@id\":\"https:\\\/\\\/coparmexjal.org.mx\\\/entorno-empresarial\\\/hablemos-de-equidad-interna-y-competitividad-externa\\\/#primaryimage\",\"url\":\"https:\\\/\\\/coparmexjal.org.mx\\\/entorno-empresarial\\\/wp-content\\\/uploads\\\/2020\\\/09\\\/tim-gouw-bwki71ap-y8-unsplash.jpg\",\"contentUrl\":\"https:\\\/\\\/coparmexjal.org.mx\\\/entorno-empresarial\\\/wp-content\\\/uploads\\\/2020\\\/09\\\/tim-gouw-bwki71ap-y8-unsplash.jpg\",\"width\":1197,\"height\":800,\"caption\":\"Equidad interna y competitividad\"},{\"@type\":\"BreadcrumbList\",\"@id\":\"https:\\\/\\\/coparmexjal.org.mx\\\/entorno-empresarial\\\/hablemos-de-equidad-interna-y-competitividad-externa\\\/#breadcrumb\",\"itemListElement\":[{\"@type\":\"ListItem\",\"position\":1,\"name\":\"Inicio\",\"item\":\"https:\\\/\\\/coparmexjal.org.mx\\\/entorno-empresarial\\\/\"},{\"@type\":\"ListItem\",\"position\":2,\"name\":\"Hablemos de equidad interna y competitividad externa\"}]},{\"@type\":\"WebSite\",\"@id\":\"https:\\\/\\\/coparmexjal.org.mx\\\/entorno-empresarial\\\/#website\",\"url\":\"https:\\\/\\\/coparmexjal.org.mx\\\/entorno-empresarial\\\/\",\"name\":\"Revista Entorno Empresarial\",\"description\":\"Coparmex Jalisco\",\"publisher\":{\"@id\":\"https:\\\/\\\/coparmexjal.org.mx\\\/entorno-empresarial\\\/#organization\"},\"potentialAction\":[{\"@type\":\"SearchAction\",\"target\":{\"@type\":\"EntryPoint\",\"urlTemplate\":\"https:\\\/\\\/coparmexjal.org.mx\\\/entorno-empresarial\\\/?s={search_term_string}\"},\"query-input\":{\"@type\":\"PropertyValueSpecification\",\"valueRequired\":true,\"valueName\":\"search_term_string\"}}],\"inLanguage\":\"es\"},{\"@type\":\"Organization\",\"@id\":\"https:\\\/\\\/coparmexjal.org.mx\\\/entorno-empresarial\\\/#organization\",\"name\":\"Coparmex Jalisco\",\"url\":\"https:\\\/\\\/coparmexjal.org.mx\\\/entorno-empresarial\\\/\",\"logo\":{\"@type\":\"ImageObject\",\"inLanguage\":\"es\",\"@id\":\"https:\\\/\\\/coparmexjal.org.mx\\\/entorno-empresarial\\\/#\\\/schema\\\/logo\\\/image\\\/\",\"url\":\"https:\\\/\\\/coparmexjal.org.mx\\\/entorno-empresarial\\\/wp-content\\\/uploads\\\/2020\\\/02\\\/logo-amp.png\",\"contentUrl\":\"https:\\\/\\\/coparmexjal.org.mx\\\/entorno-empresarial\\\/wp-content\\\/uploads\\\/2020\\\/02\\\/logo-amp.png\",\"width\":120,\"height\":90,\"caption\":\"Coparmex Jalisco\"},\"image\":{\"@id\":\"https:\\\/\\\/coparmexjal.org.mx\\\/entorno-empresarial\\\/#\\\/schema\\\/logo\\\/image\\\/\"},\"sameAs\":[\"https:\\\/\\\/facebook.com\\\/comcoparmex\",\"https:\\\/\\\/x.com\\\/comcoparmex\",\"http:\\\/\\\/instagram.com\\\/coparmexjalisco\",\"https:\\\/\\\/mx.linkedin.com\\\/company\\\/coparmex-jalisco\",\"https:\\\/\\\/www.youtube.com\\\/c\\\/CoparmexJaliscomx\"]},{\"@type\":\"Person\",\"@id\":\"https:\\\/\\\/coparmexjal.org.mx\\\/entorno-empresarial\\\/#\\\/schema\\\/person\\\/d1795a24c315f6848d71e910ab58d97a\",\"name\":\"Productivity Systems\",\"image\":{\"@type\":\"ImageObject\",\"inLanguage\":\"es\",\"@id\":\"https:\\\/\\\/coparmexjal.org.mx\\\/entorno-empresarial\\\/wp-content\\\/uploads\\\/2021\\\/03\\\/Productivity-Systems-150x106.png\",\"url\":\"https:\\\/\\\/coparmexjal.org.mx\\\/entorno-empresarial\\\/wp-content\\\/uploads\\\/2021\\\/03\\\/Productivity-Systems-150x106.png\",\"contentUrl\":\"https:\\\/\\\/coparmexjal.org.mx\\\/entorno-empresarial\\\/wp-content\\\/uploads\\\/2021\\\/03\\\/Productivity-Systems-150x106.png\",\"caption\":\"Productivity Systems\"},\"description\":\"Aportadores de informaci\u00f3n y soluciones integrales para mejorar la competitividad y productividad con trascendencia humana.\",\"url\":\"https:\\\/\\\/coparmexjal.org.mx\\\/entorno-empresarial\\\/author\\\/productivity-systems\\\/\"}]}<\/script>\n<!-- \/ Yoast SEO plugin. -->","yoast_head_json":{"title":"Hablemos de equidad interna y competitividad externa - Entorno Empresarial","robots":{"index":"index","follow":"follow","max-snippet":"max-snippet:-1","max-image-preview":"max-image-preview:large","max-video-preview":"max-video-preview:-1"},"canonical":"https:\/\/coparmexjal.org.mx\/entorno-empresarial\/hablemos-de-equidad-interna-y-competitividad-externa\/","og_locale":"es_MX","og_type":"article","og_title":"Hablemos de equidad interna y competitividad externa - Entorno Empresarial","og_description":"El principio de equidad est\u00e1 altamente relacionado con el concepto b\u00e1sico de justicia, es decir, dar a cada uno lo que le corresponde. Cuando se","og_url":"https:\/\/coparmexjal.org.mx\/entorno-empresarial\/hablemos-de-equidad-interna-y-competitividad-externa\/","og_site_name":"Entorno Empresarial","article_publisher":"https:\/\/facebook.com\/comcoparmex","article_published_time":"2019-05-01T17:34:30+00:00","article_modified_time":"2020-09-24T19:17:46+00:00","og_image":[{"width":1197,"height":800,"url":"https:\/\/coparmexjal.org.mx\/entorno-empresarial\/wp-content\/uploads\/2020\/09\/tim-gouw-bwki71ap-y8-unsplash.jpg","type":"image\/jpeg"}],"author":"Productivity Systems","twitter_card":"summary_large_image","twitter_creator":"@comcoparmex","twitter_site":"@comcoparmex","twitter_misc":{"Escrito por":"Productivity Systems","Tiempo de lectura":"4 minutos"},"schema":{"@context":"https:\/\/schema.org","@graph":[{"@type":"Article","@id":"https:\/\/coparmexjal.org.mx\/entorno-empresarial\/hablemos-de-equidad-interna-y-competitividad-externa\/#article","isPartOf":{"@id":"https:\/\/coparmexjal.org.mx\/entorno-empresarial\/hablemos-de-equidad-interna-y-competitividad-externa\/"},"author":{"name":"Productivity Systems","@id":"https:\/\/coparmexjal.org.mx\/entorno-empresarial\/#\/schema\/person\/d1795a24c315f6848d71e910ab58d97a"},"headline":"Hablemos de equidad interna y competitividad externa","datePublished":"2019-05-01T17:34:30+00:00","dateModified":"2020-09-24T19:17:46+00:00","mainEntityOfPage":{"@id":"https:\/\/coparmexjal.org.mx\/entorno-empresarial\/hablemos-de-equidad-interna-y-competitividad-externa\/"},"wordCount":732,"commentCount":0,"publisher":{"@id":"https:\/\/coparmexjal.org.mx\/entorno-empresarial\/#organization"},"image":{"@id":"https:\/\/coparmexjal.org.mx\/entorno-empresarial\/hablemos-de-equidad-interna-y-competitividad-externa\/#primaryimage"},"thumbnailUrl":"https:\/\/coparmexjal.org.mx\/entorno-empresarial\/wp-content\/uploads\/2020\/09\/tim-gouw-bwki71ap-y8-unsplash.jpg","keywords":["capital humano","competitividad externa","equidad interna"],"articleSection":["Capital Humano"],"inLanguage":"es","potentialAction":[{"@type":"CommentAction","name":"Comment","target":["https:\/\/coparmexjal.org.mx\/entorno-empresarial\/hablemos-de-equidad-interna-y-competitividad-externa\/#respond"]}]},{"@type":"WebPage","@id":"https:\/\/coparmexjal.org.mx\/entorno-empresarial\/hablemos-de-equidad-interna-y-competitividad-externa\/","url":"https:\/\/coparmexjal.org.mx\/entorno-empresarial\/hablemos-de-equidad-interna-y-competitividad-externa\/","name":"Hablemos de equidad interna y competitividad externa - Entorno Empresarial","isPartOf":{"@id":"https:\/\/coparmexjal.org.mx\/entorno-empresarial\/#website"},"primaryImageOfPage":{"@id":"https:\/\/coparmexjal.org.mx\/entorno-empresarial\/hablemos-de-equidad-interna-y-competitividad-externa\/#primaryimage"},"image":{"@id":"https:\/\/coparmexjal.org.mx\/entorno-empresarial\/hablemos-de-equidad-interna-y-competitividad-externa\/#primaryimage"},"thumbnailUrl":"https:\/\/coparmexjal.org.mx\/entorno-empresarial\/wp-content\/uploads\/2020\/09\/tim-gouw-bwki71ap-y8-unsplash.jpg","datePublished":"2019-05-01T17:34:30+00:00","dateModified":"2020-09-24T19:17:46+00:00","breadcrumb":{"@id":"https:\/\/coparmexjal.org.mx\/entorno-empresarial\/hablemos-de-equidad-interna-y-competitividad-externa\/#breadcrumb"},"inLanguage":"es","potentialAction":[{"@type":"ReadAction","target":["https:\/\/coparmexjal.org.mx\/entorno-empresarial\/hablemos-de-equidad-interna-y-competitividad-externa\/"]}]},{"@type":"ImageObject","inLanguage":"es","@id":"https:\/\/coparmexjal.org.mx\/entorno-empresarial\/hablemos-de-equidad-interna-y-competitividad-externa\/#primaryimage","url":"https:\/\/coparmexjal.org.mx\/entorno-empresarial\/wp-content\/uploads\/2020\/09\/tim-gouw-bwki71ap-y8-unsplash.jpg","contentUrl":"https:\/\/coparmexjal.org.mx\/entorno-empresarial\/wp-content\/uploads\/2020\/09\/tim-gouw-bwki71ap-y8-unsplash.jpg","width":1197,"height":800,"caption":"Equidad interna y competitividad"},{"@type":"BreadcrumbList","@id":"https:\/\/coparmexjal.org.mx\/entorno-empresarial\/hablemos-de-equidad-interna-y-competitividad-externa\/#breadcrumb","itemListElement":[{"@type":"ListItem","position":1,"name":"Inicio","item":"https:\/\/coparmexjal.org.mx\/entorno-empresarial\/"},{"@type":"ListItem","position":2,"name":"Hablemos de equidad interna y competitividad externa"}]},{"@type":"WebSite","@id":"https:\/\/coparmexjal.org.mx\/entorno-empresarial\/#website","url":"https:\/\/coparmexjal.org.mx\/entorno-empresarial\/","name":"Revista Entorno Empresarial","description":"Coparmex Jalisco","publisher":{"@id":"https:\/\/coparmexjal.org.mx\/entorno-empresarial\/#organization"},"potentialAction":[{"@type":"SearchAction","target":{"@type":"EntryPoint","urlTemplate":"https:\/\/coparmexjal.org.mx\/entorno-empresarial\/?s={search_term_string}"},"query-input":{"@type":"PropertyValueSpecification","valueRequired":true,"valueName":"search_term_string"}}],"inLanguage":"es"},{"@type":"Organization","@id":"https:\/\/coparmexjal.org.mx\/entorno-empresarial\/#organization","name":"Coparmex Jalisco","url":"https:\/\/coparmexjal.org.mx\/entorno-empresarial\/","logo":{"@type":"ImageObject","inLanguage":"es","@id":"https:\/\/coparmexjal.org.mx\/entorno-empresarial\/#\/schema\/logo\/image\/","url":"https:\/\/coparmexjal.org.mx\/entorno-empresarial\/wp-content\/uploads\/2020\/02\/logo-amp.png","contentUrl":"https:\/\/coparmexjal.org.mx\/entorno-empresarial\/wp-content\/uploads\/2020\/02\/logo-amp.png","width":120,"height":90,"caption":"Coparmex Jalisco"},"image":{"@id":"https:\/\/coparmexjal.org.mx\/entorno-empresarial\/#\/schema\/logo\/image\/"},"sameAs":["https:\/\/facebook.com\/comcoparmex","https:\/\/x.com\/comcoparmex","http:\/\/instagram.com\/coparmexjalisco","https:\/\/mx.linkedin.com\/company\/coparmex-jalisco","https:\/\/www.youtube.com\/c\/CoparmexJaliscomx"]},{"@type":"Person","@id":"https:\/\/coparmexjal.org.mx\/entorno-empresarial\/#\/schema\/person\/d1795a24c315f6848d71e910ab58d97a","name":"Productivity Systems","image":{"@type":"ImageObject","inLanguage":"es","@id":"https:\/\/coparmexjal.org.mx\/entorno-empresarial\/wp-content\/uploads\/2021\/03\/Productivity-Systems-150x106.png","url":"https:\/\/coparmexjal.org.mx\/entorno-empresarial\/wp-content\/uploads\/2021\/03\/Productivity-Systems-150x106.png","contentUrl":"https:\/\/coparmexjal.org.mx\/entorno-empresarial\/wp-content\/uploads\/2021\/03\/Productivity-Systems-150x106.png","caption":"Productivity Systems"},"description":"Aportadores de informaci\u00f3n y soluciones integrales para mejorar la competitividad y productividad con trascendencia humana.","url":"https:\/\/coparmexjal.org.mx\/entorno-empresarial\/author\/productivity-systems\/"}]}},"_links":{"self":[{"href":"https:\/\/coparmexjal.org.mx\/entorno-empresarial\/wp-json\/wp\/v2\/posts\/3797","targetHints":{"allow":["GET"]}}],"collection":[{"href":"https:\/\/coparmexjal.org.mx\/entorno-empresarial\/wp-json\/wp\/v2\/posts"}],"about":[{"href":"https:\/\/coparmexjal.org.mx\/entorno-empresarial\/wp-json\/wp\/v2\/types\/post"}],"author":[{"embeddable":true,"href":"https:\/\/coparmexjal.org.mx\/entorno-empresarial\/wp-json\/wp\/v2\/users\/35"}],"replies":[{"embeddable":true,"href":"https:\/\/coparmexjal.org.mx\/entorno-empresarial\/wp-json\/wp\/v2\/comments?post=3797"}],"version-history":[{"count":7,"href":"https:\/\/coparmexjal.org.mx\/entorno-empresarial\/wp-json\/wp\/v2\/posts\/3797\/revisions"}],"predecessor-version":[{"id":3856,"href":"https:\/\/coparmexjal.org.mx\/entorno-empresarial\/wp-json\/wp\/v2\/posts\/3797\/revisions\/3856"}],"wp:featuredmedia":[{"embeddable":true,"href":"https:\/\/coparmexjal.org.mx\/entorno-empresarial\/wp-json\/wp\/v2\/media\/3846"}],"wp:attachment":[{"href":"https:\/\/coparmexjal.org.mx\/entorno-empresarial\/wp-json\/wp\/v2\/media?parent=3797"}],"wp:term":[{"taxonomy":"category","embeddable":true,"href":"https:\/\/coparmexjal.org.mx\/entorno-empresarial\/wp-json\/wp\/v2\/categories?post=3797"},{"taxonomy":"post_tag","embeddable":true,"href":"https:\/\/coparmexjal.org.mx\/entorno-empresarial\/wp-json\/wp\/v2\/tags?post=3797"}],"curies":[{"name":"wp","href":"https:\/\/api.w.org\/{rel}","templated":true}]}}