{"id":3791,"date":"2019-03-01T14:17:00","date_gmt":"2019-03-01T20:17:00","guid":{"rendered":"https:\/\/coparmexjal.org.mx\/entorno-empresarial\/?p=3791"},"modified":"2020-09-22T18:14:36","modified_gmt":"2020-09-22T23:14:36","slug":"mujer-emprendedora","status":"publish","type":"post","link":"https:\/\/coparmexjal.org.mx\/entorno-empresarial\/mujer-emprendedora\/","title":{"rendered":"MUJER EMPRENDEDORA"},"content":{"rendered":"\n<p>\u00bfAlguna vez ha considerado cu\u00e1ntas mujeres a su alrededor son emprendedoras, con negocio propio y creciente? Quiz\u00e1, si hace la comparaci\u00f3n con respecto al g\u00e9nero masculino, se lleve una sorpresa.<\/p>\n\n\n\n<p>El&nbsp;<strong>emprendimiento siempre ha sido una parte clave del crecimiento econ\u00f3mico de cualquier pa\u00eds,<\/strong> ya que ofrece oportunidades para que se creen nuevos puestos de empleo, as\u00ed como tambi\u00e9n aporta en temas tributarios para el desarrollo de los proyectos de la naci\u00f3n.<\/p>\n\n\n\n<p><strong>Un&nbsp;<a href=\"http:\/\/www.kauffman.org\/what-we-do\/resources\/entrepreneurship-policy-digest\/women-entrepreneurs-are-key-to-accelerating-growth\">estudio de la organizaci\u00f3n Kauffman<\/a>&nbsp;muestra que si bien todas las mujeres tienen habilidades y capacidades para emprender, se han identificado unas caracter\u00edsticas particulares en las que coinciden las emprendedoras:<\/strong><\/p>\n\n\n\n<ol class=\"wp-block-list\"><li><strong>Tienen una visi\u00f3n m\u00e1s matizada del riesgo<\/strong>, con la capacidad de identificar con m\u00e1s fuerza los riesgos financieros que los hombres.<\/li><\/ol>\n\n\n\n<ol class=\"wp-block-list\" start=\"2\"><li><strong>Son juiciosas<\/strong>.&nbsp;Las empresarias exitosas tienen la habilidad de pensar r\u00e1pido y tomar decisiones inteligentes.<\/li><\/ol>\n\n\n\n<ol class=\"wp-block-list\" start=\"3\"><li>En comparaci\u00f3n con sus hom\u00f3logos masculinos, las mujeres muestran una <strong>mayor ambici\u00f3n<\/strong>&nbsp;para convertirse en empresarias.<\/li><\/ol>\n\n\n\n<ol class=\"wp-block-list\" start=\"4\"><li>En t\u00e9rminos m\u00e1s generales, un incremento en el n\u00famero de&nbsp;mujeres en puestos de direcci\u00f3n&nbsp;de una compa\u00f1\u00eda se correlaciona con un <strong>aumento en los rendimientos del negocio y el nivel de pagos.<\/strong><\/li><\/ol>\n\n\n\n<ol class=\"wp-block-list\" start=\"5\"><li><strong>Son buenas mentoras.<\/strong> Una mujer l\u00edder y exitosa nunca tendr\u00e1 envidia ni temor de compartir lo que sabe. Trata de que su equipo de trabajo aprenda algo nuevo cada d\u00eda, y siempre est\u00e1 lista para ponerse a la cabeza en cuanto a la ense\u00f1anza y el aprendizaje.<\/li><\/ol>\n\n\n\n<ol class=\"wp-block-list\" start=\"6\"><li><strong>No se dejan dominar por la frustraci\u00f3n<\/strong>. A una mujer emprendedora no le intimida el fracaso; comprende que en ocasiones este es un paso m\u00e1s hacia el triunfo. Sabe reponerse de los malos resultados, y como nunca pierde de vista sus metas, se sobrepone para continuar.<\/li><\/ol>\n\n\n\n<ol class=\"wp-block-list\" start=\"7\"><li><strong>Son disciplinadas<\/strong>.&nbsp;Las empresarias exitosas resisten la tentaci\u00f3n de hacer lo que no es importante o lo m\u00e1s f\u00e1cil, porque tienen la habilidad de pensar en lo esencial.<\/li><\/ol>\n\n\n\n<p class=\"has-text-align-center has-strong-magenta-color has-very-light-gray-background-color has-text-color has-background\" style=\"font-size:19px\"><strong>A las mujeres emprendedoras no les da miedo arriesgarse; se animan a salir de la zona de confort y trabajar para convertirse en l\u00edderes.<\/strong><\/p>\n\n\n\n<div class=\"wp-block-image\"><figure class=\"aligncenter size-large is-resized\"><img fetchpriority=\"high\" decoding=\"async\" src=\"https:\/\/coparmexjal.org.mx\/entorno-empresarial\/wp-content\/uploads\/2020\/09\/cowomen-pd5FVvQ9-aY-unsplash-1-1024x683.jpg\" alt=\"\" class=\"wp-image-3794\" width=\"375\" height=\"251\" srcset=\"https:\/\/coparmexjal.org.mx\/entorno-empresarial\/wp-content\/uploads\/2020\/09\/cowomen-pd5FVvQ9-aY-unsplash-1-1024x683.jpg 1024w, https:\/\/coparmexjal.org.mx\/entorno-empresarial\/wp-content\/uploads\/2020\/09\/cowomen-pd5FVvQ9-aY-unsplash-1-300x200.jpg 300w, https:\/\/coparmexjal.org.mx\/entorno-empresarial\/wp-content\/uploads\/2020\/09\/cowomen-pd5FVvQ9-aY-unsplash-1-768x512.jpg 768w, https:\/\/coparmexjal.org.mx\/entorno-empresarial\/wp-content\/uploads\/2020\/09\/cowomen-pd5FVvQ9-aY-unsplash-1.jpg 1200w\" sizes=\"(max-width: 375px) 100vw, 375px\" \/><\/figure><\/div>\n","protected":false},"excerpt":{"rendered":"<p>\u00bfAlguna vez ha considerado cu\u00e1ntas mujeres a su alrededor son emprendedoras, con negocio propio y creciente? Quiz\u00e1, si hace la comparaci\u00f3n con respecto al g\u00e9nero<\/p>\n","protected":false},"author":16,"featured_media":3792,"comment_status":"open","ping_status":"open","sticky":false,"template":"","format":"standard","meta":{"footnotes":""},"categories":[389,155],"tags":[528,527],"class_list":["post-3791","post","type-post","status-publish","format-standard","has-post-thumbnail","hentry","category-breves","category-vida-estilo","tag-emprendedoras","tag-mujer-emprendedora"],"yoast_head":"<!-- This site is optimized with the Yoast SEO plugin v27.5 - https:\/\/yoast.com\/product\/yoast-seo-wordpress\/ -->\n<title>MUJER EMPRENDEDORA - Entorno Empresarial<\/title>\n<meta name=\"robots\" content=\"index, follow, max-snippet:-1, max-image-preview:large, max-video-preview:-1\" \/>\n<link rel=\"canonical\" href=\"https:\/\/coparmexjal.org.mx\/entorno-empresarial\/mujer-emprendedora\/\" \/>\n<meta property=\"og:locale\" content=\"es_MX\" \/>\n<meta property=\"og:type\" content=\"article\" \/>\n<meta property=\"og:title\" content=\"MUJER EMPRENDEDORA - Entorno Empresarial\" \/>\n<meta property=\"og:description\" content=\"\u00bfAlguna vez ha considerado cu\u00e1ntas mujeres a su alrededor son emprendedoras, con negocio propio y creciente? Quiz\u00e1, si hace la comparaci\u00f3n con respecto al g\u00e9nero\" \/>\n<meta property=\"og:url\" content=\"https:\/\/coparmexjal.org.mx\/entorno-empresarial\/mujer-emprendedora\/\" \/>\n<meta property=\"og:site_name\" content=\"Entorno Empresarial\" \/>\n<meta property=\"article:publisher\" content=\"https:\/\/facebook.com\/comcoparmex\" \/>\n<meta property=\"article:published_time\" content=\"2019-03-01T20:17:00+00:00\" \/>\n<meta property=\"article:modified_time\" content=\"2020-09-22T23:14:36+00:00\" \/>\n<meta property=\"og:image\" content=\"https:\/\/coparmexjal.org.mx\/entorno-empresarial\/wp-content\/uploads\/2020\/09\/pexels-andrea-piacquadio-3756679.jpg\" \/>\n\t<meta property=\"og:image:width\" content=\"1200\" \/>\n\t<meta property=\"og:image:height\" content=\"800\" \/>\n\t<meta property=\"og:image:type\" content=\"image\/jpeg\" \/>\n<meta name=\"author\" content=\"Anah\u00ed Su\u00e1rez Z\u00e1rate\" \/>\n<meta name=\"twitter:card\" content=\"summary_large_image\" \/>\n<meta name=\"twitter:creator\" content=\"@comcoparmex\" \/>\n<meta name=\"twitter:site\" content=\"@comcoparmex\" \/>\n<meta name=\"twitter:label1\" content=\"Escrito por\" \/>\n\t<meta name=\"twitter:data1\" content=\"Anah\u00ed Su\u00e1rez Z\u00e1rate\" \/>\n\t<meta name=\"twitter:label2\" content=\"Tiempo de lectura\" \/>\n\t<meta name=\"twitter:data2\" content=\"2 minutos\" \/>\n<script type=\"application\/ld+json\" class=\"yoast-schema-graph\">{\"@context\":\"https:\\\/\\\/schema.org\",\"@graph\":[{\"@type\":\"Article\",\"@id\":\"https:\\\/\\\/coparmexjal.org.mx\\\/entorno-empresarial\\\/mujer-emprendedora\\\/#article\",\"isPartOf\":{\"@id\":\"https:\\\/\\\/coparmexjal.org.mx\\\/entorno-empresarial\\\/mujer-emprendedora\\\/\"},\"author\":{\"name\":\"Anah\u00ed Su\u00e1rez Z\u00e1rate\",\"@id\":\"https:\\\/\\\/coparmexjal.org.mx\\\/entorno-empresarial\\\/#\\\/schema\\\/person\\\/8ddfa478b7c24c6ded8d0c86b2cd5bd4\"},\"headline\":\"MUJER EMPRENDEDORA\",\"datePublished\":\"2019-03-01T20:17:00+00:00\",\"dateModified\":\"2020-09-22T23:14:36+00:00\",\"mainEntityOfPage\":{\"@id\":\"https:\\\/\\\/coparmexjal.org.mx\\\/entorno-empresarial\\\/mujer-emprendedora\\\/\"},\"wordCount\":373,\"commentCount\":0,\"publisher\":{\"@id\":\"https:\\\/\\\/coparmexjal.org.mx\\\/entorno-empresarial\\\/#organization\"},\"image\":{\"@id\":\"https:\\\/\\\/coparmexjal.org.mx\\\/entorno-empresarial\\\/mujer-emprendedora\\\/#primaryimage\"},\"thumbnailUrl\":\"https:\\\/\\\/coparmexjal.org.mx\\\/entorno-empresarial\\\/wp-content\\\/uploads\\\/2020\\\/09\\\/pexels-andrea-piacquadio-3756679.jpg\",\"keywords\":[\"Emprendedoras\",\"Mujer emprendedora\"],\"articleSection\":[\"Breves\",\"Vida y Estilo\"],\"inLanguage\":\"es\",\"potentialAction\":[{\"@type\":\"CommentAction\",\"name\":\"Comment\",\"target\":[\"https:\\\/\\\/coparmexjal.org.mx\\\/entorno-empresarial\\\/mujer-emprendedora\\\/#respond\"]}]},{\"@type\":\"WebPage\",\"@id\":\"https:\\\/\\\/coparmexjal.org.mx\\\/entorno-empresarial\\\/mujer-emprendedora\\\/\",\"url\":\"https:\\\/\\\/coparmexjal.org.mx\\\/entorno-empresarial\\\/mujer-emprendedora\\\/\",\"name\":\"MUJER EMPRENDEDORA - Entorno Empresarial\",\"isPartOf\":{\"@id\":\"https:\\\/\\\/coparmexjal.org.mx\\\/entorno-empresarial\\\/#website\"},\"primaryImageOfPage\":{\"@id\":\"https:\\\/\\\/coparmexjal.org.mx\\\/entorno-empresarial\\\/mujer-emprendedora\\\/#primaryimage\"},\"image\":{\"@id\":\"https:\\\/\\\/coparmexjal.org.mx\\\/entorno-empresarial\\\/mujer-emprendedora\\\/#primaryimage\"},\"thumbnailUrl\":\"https:\\\/\\\/coparmexjal.org.mx\\\/entorno-empresarial\\\/wp-content\\\/uploads\\\/2020\\\/09\\\/pexels-andrea-piacquadio-3756679.jpg\",\"datePublished\":\"2019-03-01T20:17:00+00:00\",\"dateModified\":\"2020-09-22T23:14:36+00:00\",\"breadcrumb\":{\"@id\":\"https:\\\/\\\/coparmexjal.org.mx\\\/entorno-empresarial\\\/mujer-emprendedora\\\/#breadcrumb\"},\"inLanguage\":\"es\",\"potentialAction\":[{\"@type\":\"ReadAction\",\"target\":[\"https:\\\/\\\/coparmexjal.org.mx\\\/entorno-empresarial\\\/mujer-emprendedora\\\/\"]}]},{\"@type\":\"ImageObject\",\"inLanguage\":\"es\",\"@id\":\"https:\\\/\\\/coparmexjal.org.mx\\\/entorno-empresarial\\\/mujer-emprendedora\\\/#primaryimage\",\"url\":\"https:\\\/\\\/coparmexjal.org.mx\\\/entorno-empresarial\\\/wp-content\\\/uploads\\\/2020\\\/09\\\/pexels-andrea-piacquadio-3756679.jpg\",\"contentUrl\":\"https:\\\/\\\/coparmexjal.org.mx\\\/entorno-empresarial\\\/wp-content\\\/uploads\\\/2020\\\/09\\\/pexels-andrea-piacquadio-3756679.jpg\",\"width\":1200,\"height\":800,\"caption\":\"Mujer emprendedora\"},{\"@type\":\"BreadcrumbList\",\"@id\":\"https:\\\/\\\/coparmexjal.org.mx\\\/entorno-empresarial\\\/mujer-emprendedora\\\/#breadcrumb\",\"itemListElement\":[{\"@type\":\"ListItem\",\"position\":1,\"name\":\"Inicio\",\"item\":\"https:\\\/\\\/coparmexjal.org.mx\\\/entorno-empresarial\\\/\"},{\"@type\":\"ListItem\",\"position\":2,\"name\":\"MUJER EMPRENDEDORA\"}]},{\"@type\":\"WebSite\",\"@id\":\"https:\\\/\\\/coparmexjal.org.mx\\\/entorno-empresarial\\\/#website\",\"url\":\"https:\\\/\\\/coparmexjal.org.mx\\\/entorno-empresarial\\\/\",\"name\":\"Revista Entorno Empresarial\",\"description\":\"Coparmex Jalisco\",\"publisher\":{\"@id\":\"https:\\\/\\\/coparmexjal.org.mx\\\/entorno-empresarial\\\/#organization\"},\"potentialAction\":[{\"@type\":\"SearchAction\",\"target\":{\"@type\":\"EntryPoint\",\"urlTemplate\":\"https:\\\/\\\/coparmexjal.org.mx\\\/entorno-empresarial\\\/?s={search_term_string}\"},\"query-input\":{\"@type\":\"PropertyValueSpecification\",\"valueRequired\":true,\"valueName\":\"search_term_string\"}}],\"inLanguage\":\"es\"},{\"@type\":\"Organization\",\"@id\":\"https:\\\/\\\/coparmexjal.org.mx\\\/entorno-empresarial\\\/#organization\",\"name\":\"Coparmex Jalisco\",\"url\":\"https:\\\/\\\/coparmexjal.org.mx\\\/entorno-empresarial\\\/\",\"logo\":{\"@type\":\"ImageObject\",\"inLanguage\":\"es\",\"@id\":\"https:\\\/\\\/coparmexjal.org.mx\\\/entorno-empresarial\\\/#\\\/schema\\\/logo\\\/image\\\/\",\"url\":\"https:\\\/\\\/coparmexjal.org.mx\\\/entorno-empresarial\\\/wp-content\\\/uploads\\\/2020\\\/02\\\/logo-amp.png\",\"contentUrl\":\"https:\\\/\\\/coparmexjal.org.mx\\\/entorno-empresarial\\\/wp-content\\\/uploads\\\/2020\\\/02\\\/logo-amp.png\",\"width\":120,\"height\":90,\"caption\":\"Coparmex Jalisco\"},\"image\":{\"@id\":\"https:\\\/\\\/coparmexjal.org.mx\\\/entorno-empresarial\\\/#\\\/schema\\\/logo\\\/image\\\/\"},\"sameAs\":[\"https:\\\/\\\/facebook.com\\\/comcoparmex\",\"https:\\\/\\\/x.com\\\/comcoparmex\",\"http:\\\/\\\/instagram.com\\\/coparmexjalisco\",\"https:\\\/\\\/mx.linkedin.com\\\/company\\\/coparmex-jalisco\",\"https:\\\/\\\/www.youtube.com\\\/c\\\/CoparmexJaliscomx\"]},{\"@type\":\"Person\",\"@id\":\"https:\\\/\\\/coparmexjal.org.mx\\\/entorno-empresarial\\\/#\\\/schema\\\/person\\\/8ddfa478b7c24c6ded8d0c86b2cd5bd4\",\"name\":\"Anah\u00ed Su\u00e1rez Z\u00e1rate\",\"image\":{\"@type\":\"ImageObject\",\"inLanguage\":\"es\",\"@id\":\"https:\\\/\\\/coparmexjal.org.mx\\\/entorno-empresarial\\\/wp-content\\\/uploads\\\/2021\\\/03\\\/WhatsApp-Image-2021-03-01-at-1.08.58-PM-1-150x150.jpeg\",\"url\":\"https:\\\/\\\/coparmexjal.org.mx\\\/entorno-empresarial\\\/wp-content\\\/uploads\\\/2021\\\/03\\\/WhatsApp-Image-2021-03-01-at-1.08.58-PM-1-150x150.jpeg\",\"contentUrl\":\"https:\\\/\\\/coparmexjal.org.mx\\\/entorno-empresarial\\\/wp-content\\\/uploads\\\/2021\\\/03\\\/WhatsApp-Image-2021-03-01-at-1.08.58-PM-1-150x150.jpeg\",\"caption\":\"Anah\u00ed Su\u00e1rez Z\u00e1rate\"},\"description\":\"Directora de Vissione Marketing\",\"url\":\"https:\\\/\\\/coparmexjal.org.mx\\\/entorno-empresarial\\\/author\\\/anahi\\\/\"}]}<\/script>\n<!-- \/ Yoast SEO plugin. -->","yoast_head_json":{"title":"MUJER EMPRENDEDORA - Entorno Empresarial","robots":{"index":"index","follow":"follow","max-snippet":"max-snippet:-1","max-image-preview":"max-image-preview:large","max-video-preview":"max-video-preview:-1"},"canonical":"https:\/\/coparmexjal.org.mx\/entorno-empresarial\/mujer-emprendedora\/","og_locale":"es_MX","og_type":"article","og_title":"MUJER EMPRENDEDORA - Entorno Empresarial","og_description":"\u00bfAlguna vez ha considerado cu\u00e1ntas mujeres a su alrededor son emprendedoras, con negocio propio y creciente? Quiz\u00e1, si hace la comparaci\u00f3n con respecto al g\u00e9nero","og_url":"https:\/\/coparmexjal.org.mx\/entorno-empresarial\/mujer-emprendedora\/","og_site_name":"Entorno Empresarial","article_publisher":"https:\/\/facebook.com\/comcoparmex","article_published_time":"2019-03-01T20:17:00+00:00","article_modified_time":"2020-09-22T23:14:36+00:00","og_image":[{"width":1200,"height":800,"url":"https:\/\/coparmexjal.org.mx\/entorno-empresarial\/wp-content\/uploads\/2020\/09\/pexels-andrea-piacquadio-3756679.jpg","type":"image\/jpeg"}],"author":"Anah\u00ed Su\u00e1rez Z\u00e1rate","twitter_card":"summary_large_image","twitter_creator":"@comcoparmex","twitter_site":"@comcoparmex","twitter_misc":{"Escrito por":"Anah\u00ed Su\u00e1rez Z\u00e1rate","Tiempo de lectura":"2 minutos"},"schema":{"@context":"https:\/\/schema.org","@graph":[{"@type":"Article","@id":"https:\/\/coparmexjal.org.mx\/entorno-empresarial\/mujer-emprendedora\/#article","isPartOf":{"@id":"https:\/\/coparmexjal.org.mx\/entorno-empresarial\/mujer-emprendedora\/"},"author":{"name":"Anah\u00ed Su\u00e1rez Z\u00e1rate","@id":"https:\/\/coparmexjal.org.mx\/entorno-empresarial\/#\/schema\/person\/8ddfa478b7c24c6ded8d0c86b2cd5bd4"},"headline":"MUJER EMPRENDEDORA","datePublished":"2019-03-01T20:17:00+00:00","dateModified":"2020-09-22T23:14:36+00:00","mainEntityOfPage":{"@id":"https:\/\/coparmexjal.org.mx\/entorno-empresarial\/mujer-emprendedora\/"},"wordCount":373,"commentCount":0,"publisher":{"@id":"https:\/\/coparmexjal.org.mx\/entorno-empresarial\/#organization"},"image":{"@id":"https:\/\/coparmexjal.org.mx\/entorno-empresarial\/mujer-emprendedora\/#primaryimage"},"thumbnailUrl":"https:\/\/coparmexjal.org.mx\/entorno-empresarial\/wp-content\/uploads\/2020\/09\/pexels-andrea-piacquadio-3756679.jpg","keywords":["Emprendedoras","Mujer emprendedora"],"articleSection":["Breves","Vida y Estilo"],"inLanguage":"es","potentialAction":[{"@type":"CommentAction","name":"Comment","target":["https:\/\/coparmexjal.org.mx\/entorno-empresarial\/mujer-emprendedora\/#respond"]}]},{"@type":"WebPage","@id":"https:\/\/coparmexjal.org.mx\/entorno-empresarial\/mujer-emprendedora\/","url":"https:\/\/coparmexjal.org.mx\/entorno-empresarial\/mujer-emprendedora\/","name":"MUJER EMPRENDEDORA - Entorno Empresarial","isPartOf":{"@id":"https:\/\/coparmexjal.org.mx\/entorno-empresarial\/#website"},"primaryImageOfPage":{"@id":"https:\/\/coparmexjal.org.mx\/entorno-empresarial\/mujer-emprendedora\/#primaryimage"},"image":{"@id":"https:\/\/coparmexjal.org.mx\/entorno-empresarial\/mujer-emprendedora\/#primaryimage"},"thumbnailUrl":"https:\/\/coparmexjal.org.mx\/entorno-empresarial\/wp-content\/uploads\/2020\/09\/pexels-andrea-piacquadio-3756679.jpg","datePublished":"2019-03-01T20:17:00+00:00","dateModified":"2020-09-22T23:14:36+00:00","breadcrumb":{"@id":"https:\/\/coparmexjal.org.mx\/entorno-empresarial\/mujer-emprendedora\/#breadcrumb"},"inLanguage":"es","potentialAction":[{"@type":"ReadAction","target":["https:\/\/coparmexjal.org.mx\/entorno-empresarial\/mujer-emprendedora\/"]}]},{"@type":"ImageObject","inLanguage":"es","@id":"https:\/\/coparmexjal.org.mx\/entorno-empresarial\/mujer-emprendedora\/#primaryimage","url":"https:\/\/coparmexjal.org.mx\/entorno-empresarial\/wp-content\/uploads\/2020\/09\/pexels-andrea-piacquadio-3756679.jpg","contentUrl":"https:\/\/coparmexjal.org.mx\/entorno-empresarial\/wp-content\/uploads\/2020\/09\/pexels-andrea-piacquadio-3756679.jpg","width":1200,"height":800,"caption":"Mujer emprendedora"},{"@type":"BreadcrumbList","@id":"https:\/\/coparmexjal.org.mx\/entorno-empresarial\/mujer-emprendedora\/#breadcrumb","itemListElement":[{"@type":"ListItem","position":1,"name":"Inicio","item":"https:\/\/coparmexjal.org.mx\/entorno-empresarial\/"},{"@type":"ListItem","position":2,"name":"MUJER EMPRENDEDORA"}]},{"@type":"WebSite","@id":"https:\/\/coparmexjal.org.mx\/entorno-empresarial\/#website","url":"https:\/\/coparmexjal.org.mx\/entorno-empresarial\/","name":"Revista Entorno Empresarial","description":"Coparmex Jalisco","publisher":{"@id":"https:\/\/coparmexjal.org.mx\/entorno-empresarial\/#organization"},"potentialAction":[{"@type":"SearchAction","target":{"@type":"EntryPoint","urlTemplate":"https:\/\/coparmexjal.org.mx\/entorno-empresarial\/?s={search_term_string}"},"query-input":{"@type":"PropertyValueSpecification","valueRequired":true,"valueName":"search_term_string"}}],"inLanguage":"es"},{"@type":"Organization","@id":"https:\/\/coparmexjal.org.mx\/entorno-empresarial\/#organization","name":"Coparmex Jalisco","url":"https:\/\/coparmexjal.org.mx\/entorno-empresarial\/","logo":{"@type":"ImageObject","inLanguage":"es","@id":"https:\/\/coparmexjal.org.mx\/entorno-empresarial\/#\/schema\/logo\/image\/","url":"https:\/\/coparmexjal.org.mx\/entorno-empresarial\/wp-content\/uploads\/2020\/02\/logo-amp.png","contentUrl":"https:\/\/coparmexjal.org.mx\/entorno-empresarial\/wp-content\/uploads\/2020\/02\/logo-amp.png","width":120,"height":90,"caption":"Coparmex Jalisco"},"image":{"@id":"https:\/\/coparmexjal.org.mx\/entorno-empresarial\/#\/schema\/logo\/image\/"},"sameAs":["https:\/\/facebook.com\/comcoparmex","https:\/\/x.com\/comcoparmex","http:\/\/instagram.com\/coparmexjalisco","https:\/\/mx.linkedin.com\/company\/coparmex-jalisco","https:\/\/www.youtube.com\/c\/CoparmexJaliscomx"]},{"@type":"Person","@id":"https:\/\/coparmexjal.org.mx\/entorno-empresarial\/#\/schema\/person\/8ddfa478b7c24c6ded8d0c86b2cd5bd4","name":"Anah\u00ed Su\u00e1rez Z\u00e1rate","image":{"@type":"ImageObject","inLanguage":"es","@id":"https:\/\/coparmexjal.org.mx\/entorno-empresarial\/wp-content\/uploads\/2021\/03\/WhatsApp-Image-2021-03-01-at-1.08.58-PM-1-150x150.jpeg","url":"https:\/\/coparmexjal.org.mx\/entorno-empresarial\/wp-content\/uploads\/2021\/03\/WhatsApp-Image-2021-03-01-at-1.08.58-PM-1-150x150.jpeg","contentUrl":"https:\/\/coparmexjal.org.mx\/entorno-empresarial\/wp-content\/uploads\/2021\/03\/WhatsApp-Image-2021-03-01-at-1.08.58-PM-1-150x150.jpeg","caption":"Anah\u00ed Su\u00e1rez Z\u00e1rate"},"description":"Directora de Vissione Marketing","url":"https:\/\/coparmexjal.org.mx\/entorno-empresarial\/author\/anahi\/"}]}},"_links":{"self":[{"href":"https:\/\/coparmexjal.org.mx\/entorno-empresarial\/wp-json\/wp\/v2\/posts\/3791","targetHints":{"allow":["GET"]}}],"collection":[{"href":"https:\/\/coparmexjal.org.mx\/entorno-empresarial\/wp-json\/wp\/v2\/posts"}],"about":[{"href":"https:\/\/coparmexjal.org.mx\/entorno-empresarial\/wp-json\/wp\/v2\/types\/post"}],"author":[{"embeddable":true,"href":"https:\/\/coparmexjal.org.mx\/entorno-empresarial\/wp-json\/wp\/v2\/users\/16"}],"replies":[{"embeddable":true,"href":"https:\/\/coparmexjal.org.mx\/entorno-empresarial\/wp-json\/wp\/v2\/comments?post=3791"}],"version-history":[{"count":5,"href":"https:\/\/coparmexjal.org.mx\/entorno-empresarial\/wp-json\/wp\/v2\/posts\/3791\/revisions"}],"predecessor-version":[{"id":3803,"href":"https:\/\/coparmexjal.org.mx\/entorno-empresarial\/wp-json\/wp\/v2\/posts\/3791\/revisions\/3803"}],"wp:featuredmedia":[{"embeddable":true,"href":"https:\/\/coparmexjal.org.mx\/entorno-empresarial\/wp-json\/wp\/v2\/media\/3792"}],"wp:attachment":[{"href":"https:\/\/coparmexjal.org.mx\/entorno-empresarial\/wp-json\/wp\/v2\/media?parent=3791"}],"wp:term":[{"taxonomy":"category","embeddable":true,"href":"https:\/\/coparmexjal.org.mx\/entorno-empresarial\/wp-json\/wp\/v2\/categories?post=3791"},{"taxonomy":"post_tag","embeddable":true,"href":"https:\/\/coparmexjal.org.mx\/entorno-empresarial\/wp-json\/wp\/v2\/tags?post=3791"}],"curies":[{"name":"wp","href":"https:\/\/api.w.org\/{rel}","templated":true}]}}