{"id":3755,"date":"2019-01-01T11:52:43","date_gmt":"2019-01-01T17:52:43","guid":{"rendered":"https:\/\/coparmexjal.org.mx\/entorno-empresarial\/?p=3755"},"modified":"2020-09-23T12:54:27","modified_gmt":"2020-09-23T17:54:27","slug":"2019-ano-de-cambios-retos-e-integracion","status":"publish","type":"post","link":"https:\/\/coparmexjal.org.mx\/entorno-empresarial\/2019-ano-de-cambios-retos-e-integracion\/","title":{"rendered":"2019, a\u00f1o de cambios, retos e integraci\u00f3n"},"content":{"rendered":"\n<p><\/p>\n\n\n\n<p>Durante el inicio de 2018 comenzaban las preguntas y discusi\u00f3n entre analistas, empresarios, sociedad civil y academia respecto a tres elementos que marcar\u00edan el a\u00f1o que reci\u00e9n empezaba: la incertidumbre en los mercados generada por las rondas de renegociaci\u00f3n del TLCAN, que se vislumbraban como interminables o sin una conclusi\u00f3n favorable ante las declaraciones del mandatario estadunidense y, por supuesto, la imposici\u00f3n arancelaria que se propuso sobre los aceros y aluminios al 25% y 10%, respectivamente; las elecciones presidenciales en puerta, visualizadas como las m\u00e1s complejas de los \u00faltimos periodos electorales; y temas de operatividad gubernamental con una fuerte presi\u00f3n en las finanzas p\u00fablicas generados por el incremento en el saldo hist\u00f3rico de los requerimientos financieros del sector p\u00fablico (V\u00e9ase gr\u00e1fico 1).\u00a0<\/p>\n\n\n\n<p class=\"has-text-align-center\"><\/p>\n\n\n\n<figure class=\"wp-block-image size-large\"><img fetchpriority=\"high\" decoding=\"async\" width=\"1024\" height=\"421\" src=\"https:\/\/coparmexjal.org.mx\/entorno-empresarial\/wp-content\/uploads\/2020\/09\/g1-1024x421.png\" alt=\"\" class=\"wp-image-3817\" srcset=\"https:\/\/coparmexjal.org.mx\/entorno-empresarial\/wp-content\/uploads\/2020\/09\/g1-1024x421.png 1024w, https:\/\/coparmexjal.org.mx\/entorno-empresarial\/wp-content\/uploads\/2020\/09\/g1-300x123.png 300w, https:\/\/coparmexjal.org.mx\/entorno-empresarial\/wp-content\/uploads\/2020\/09\/g1-768x316.png 768w, https:\/\/coparmexjal.org.mx\/entorno-empresarial\/wp-content\/uploads\/2020\/09\/g1.png 1242w\" sizes=\"(max-width: 1024px) 100vw, 1024px\" \/><figcaption><strong>Gr\u00e1fico 1<\/strong> <\/figcaption><\/figure>\n\n\n\n<p>Continuando con el primer factor de incertidumbre, <strong>las negociaciones del Tratado de Libre Comercio, iniciadas desde 2017, no mostraban se\u00f1ales de avance<\/strong>, situaci\u00f3n que puso en alerta a las autoridades econ\u00f3micas de nuestro pa\u00eds, las cuales, acompa\u00f1adas por un equipo de asesor\u00eda t\u00e9cnica conformado por la iniciativa privada \u2013entre los que destacaban Coparmex y el Consejo Coordinador Empresarial\u2013 y asesores de la Secretar\u00eda de Econom\u00eda, trabajaron por lograr un acuerdo ben\u00e9fico para M\u00e9xico. No fue hasta <strong>el mes de octubre de 2018 y tras una \u00faltima sesi\u00f3n \u00e1lgida entre los Estados Unidos y Canad\u00e1 que se logr\u00f3 un acuerdo trinacional que culmin\u00f3 el 30 de noviembre del a\u00f1o pasado con la firma de un nuevo acuerdo denominado USMCA, del cual destacaremos los siguientes avances:\u00a0<\/strong><\/p>\n\n\n\n<ul class=\"wp-block-list\"><li>Conservaci\u00f3n del cap\u00edtulo 20 de resoluci\u00f3n de controversias, que pretend\u00eda ser eliminado por Estados Unidos.<\/li><li>Creaci\u00f3n del mecanismo de salvaguardas globales, que permite a nuestro pa\u00eds defenderse de las tarifas impuestas bajo la secci\u00f3n 232 de seguridad nacional, como fue el caso del acero y aluminio.<\/li><li>Soberan\u00eda en recursos energ\u00e9ticos.<\/li><li>Inclusi\u00f3n de un cap\u00edtulo exclusivo para la creaci\u00f3n, aceleraci\u00f3n y mejoramiento de mipymes.<\/li><li>Inclusi\u00f3n de cap\u00edtulos laborales y medioambientales.<\/li><li>Garant\u00eda de la protecci\u00f3n de las bebidas alcoh\u00f3licas consideradas signos distintivos de M\u00e9xico en el mercado estadounidense, como el tequila y el mezcal.<\/li><li>Fortalecimiento y ampliaci\u00f3n de la protecci\u00f3n de los derechos de los trabajadores.<\/li><li>Establecimiento de obligaciones claras para cooperar en el combate a la corrupci\u00f3n.<\/li><li>Establecimiento de disciplinas que promuevan la transparencia e igualdad de oportunidades entre proveedores y mecanismos de revisi\u00f3n en los procedimientos de contrataci\u00f3n p\u00fablica.<\/li><\/ul>\n\n\n\n<p>Otro tema coyuntural y de gran impacto econ\u00f3mico, pol\u00edtico y social fueron las elecciones presidenciales en M\u00e9xico, as\u00ed como el cambio a un Gobierno federal con visi\u00f3n de pol\u00edtica econ\u00f3mica distinta a la Administraci\u00f3n que reci\u00e9n concluy\u00f3 en diciembre de 2018, Gobierno que comenz\u00f3 a incidir de manera activa en la agenda nacional desde el momento en que se declar\u00f3 su triunfo.<\/p>\n\n\n\n<p class=\"has-very-dark-gray-color has-text-color\">Entre otros factores, este cambio votado por los ciudadanos mexicanos se debe al descontento de los resultados obtenidos de los pasados Gobiernos, en los cuales la violencia aument\u00f3 en todo el pa\u00eds. <strong>La corrupci\u00f3n y la impunidad llegaron a niveles tales que estudios como el realizado por Transparencia Internacional sit\u00faan al pa\u00eds en una muy vergonzosa primera posici\u00f3n en percepci\u00f3n de corrupci\u00f3n. Un aumento en el precio del d\u00f3lar estadounidense provoc\u00f3 el encarecimiento de muchos bienes primarios y de lujo<\/strong>, como el precio de alimentos y veh\u00edculos, as\u00ed como que el PIB per c\u00e1pita medido en d\u00f3lares disminuyera a causa de una ineficiente toma de decisiones en respuesta a eventos internos y externos que afect\u00f3 directamente a la econom\u00eda nacional. Y no hay que olvidar el aumento en el precio de los energ\u00e9ticos, originado por la implementaci\u00f3n de una reforma que ha causado incertidumbre en el pueblo y que, si bien era necesaria porque estos productos estaban por debajo de su precio internacional debido a un subsidio gubernamental, se pod\u00eda haber actuado de una forma menos agresiva.<\/p>\n\n\n\n<p class=\"has-text-align-center\"><\/p>\n\n\n\n<div class=\"wp-block-image\"><figure class=\"aligncenter size-large\"><img decoding=\"async\" width=\"636\" height=\"180\" src=\"https:\/\/coparmexjal.org.mx\/entorno-empresarial\/wp-content\/uploads\/2020\/09\/g2.png\" alt=\"\" class=\"wp-image-3818\" srcset=\"https:\/\/coparmexjal.org.mx\/entorno-empresarial\/wp-content\/uploads\/2020\/09\/g2.png 636w, https:\/\/coparmexjal.org.mx\/entorno-empresarial\/wp-content\/uploads\/2020\/09\/g2-300x85.png 300w\" sizes=\"(max-width: 636px) 100vw, 636px\" \/><figcaption><strong>Gr\u00e1fico 2<\/strong>&#8211; <strong>Inflaci\u00f3n de M\u00e9xico en 2017 IPC (anual)<\/strong><\/figcaption><\/figure><\/div>\n\n\n\n<p class=\"has-text-align-center\"><\/p>\n\n\n\n<div class=\"wp-block-image\"><figure class=\"aligncenter size-large\"><img decoding=\"async\" width=\"636\" height=\"180\" src=\"https:\/\/coparmexjal.org.mx\/entorno-empresarial\/wp-content\/uploads\/2020\/09\/g3.png\" alt=\"\" class=\"wp-image-3819\" srcset=\"https:\/\/coparmexjal.org.mx\/entorno-empresarial\/wp-content\/uploads\/2020\/09\/g3.png 636w, https:\/\/coparmexjal.org.mx\/entorno-empresarial\/wp-content\/uploads\/2020\/09\/g3-300x85.png 300w\" sizes=\"(max-width: 636px) 100vw, 636px\" \/><figcaption><strong>Gr\u00e1fico 3- Inflaci\u00f3n de M\u00e9xico en 2018 IPC (anual) <\/strong><\/figcaption><\/figure><\/div>\n\n\n\n<p class=\"has-text-align-center\"><\/p>\n\n\n\n<div class=\"wp-block-image\"><figure class=\"aligncenter size-large\"><img loading=\"lazy\" decoding=\"async\" width=\"509\" height=\"320\" src=\"https:\/\/coparmexjal.org.mx\/entorno-empresarial\/wp-content\/uploads\/2020\/09\/g4.png\" alt=\"\" class=\"wp-image-3820\" srcset=\"https:\/\/coparmexjal.org.mx\/entorno-empresarial\/wp-content\/uploads\/2020\/09\/g4.png 509w, https:\/\/coparmexjal.org.mx\/entorno-empresarial\/wp-content\/uploads\/2020\/09\/g4-300x189.png 300w\" sizes=\"(max-width: 509px) 100vw, 509px\" \/><figcaption><strong>Gr\u00e1fico 4 <\/strong><\/figcaption><\/figure><\/div>\n\n\n\n<p>Una vez pasadas las elecciones y con algunas declaraciones del Gobierno electo, como la cancelaci\u00f3n del Nuevo Aeropuerto de la Ciudad de M\u00e9xico, la implementaci\u00f3n de consultas, la eliminaci\u00f3n de comisiones bancarias y de proyectos sin sustento t\u00e9cnico, se vislumbraba un panorama de incertidumbre econ\u00f3mica. Ahora, ya como Gobierno en funciones, falta esperar los resultados en temas de estabilizaci\u00f3n macroecon\u00f3mica; una mejor administraci\u00f3n de energ\u00e9ticos, que reduzca su costo y por lo tanto su precio al consumidor; una igualdad social, que origine bienestar general y que esto permita reducir la violencia en el pa\u00eds; una austeridad en el Gobierno y el compromiso de eliminar la corrupci\u00f3n, con el prop\u00f3sito de tener mayores ingresos para destinarlos a programas sociales que nuevamente beneficien la igualdad social y generen desarrollo y competitividad en el pa\u00eds.<\/p>\n\n\n\n<p class=\"has-very-light-gray-color has-very-dark-gray-background-color has-text-color has-background has-normal-font-size\">Los retos no son menores, y en este sentido, nuestra responsabilidad como ciudadanos debe ser mayor: participar de manera activa en las decisiones p\u00fablicas de forma propositiva y adecu\u00e1ndonos a los cambios en los ciclos econ\u00f3micos que se vislumbran como un proceso de desaceleraci\u00f3n mundial, en la que debemos apostar por el incremento de la productividad, la innovaci\u00f3n, la industrializaci\u00f3n, as\u00ed como mejorar la educaci\u00f3n y capacitaci\u00f3n, tal y como lo anunci\u00f3 el economista turco Dani Rodrik en junio del a\u00f1o pasado.<\/p>\n\n\n\n<p class=\"has-very-dark-gray-color has-text-color\">Sin duda, la apuesta es por mejorar los indicadores macroecon\u00f3micos, generar bienestar, promover el crecimiento econ\u00f3mico de manera equitativa; pero, sobre todo, por crear las condiciones que favorezcan un entorno competitivo para la atracci\u00f3n de inversiones y creaci\u00f3n de m\u00e1s y mejores empresas para nuestro estado y para nuestro pa\u00eds, en un modelo donde trabajen en conjunto Gobierno, sociedad civil, iniciativa privada y academia.<\/p>\n","protected":false},"excerpt":{"rendered":"<p>Durante el inicio de 2018 comenzaban las preguntas y discusi\u00f3n entre analistas, empresarios, sociedad civil y academia respecto a tres elementos que marcar\u00edan el a\u00f1o<\/p>\n","protected":false},"author":31,"featured_media":3816,"comment_status":"open","ping_status":"open","sticky":false,"template":"","format":"standard","meta":{"footnotes":""},"categories":[403],"tags":[535,534],"class_list":["post-3755","post","type-post","status-publish","format-standard","has-post-thumbnail","hentry","category-tema-central","tag-tlcan","tag-usmca"],"yoast_head":"<!-- This site is optimized with the Yoast SEO plugin v27.5 - https:\/\/yoast.com\/product\/yoast-seo-wordpress\/ -->\n<title>2019, a\u00f1o de cambios, retos e integraci\u00f3n - Entorno Empresarial<\/title>\n<meta name=\"robots\" content=\"index, follow, max-snippet:-1, max-image-preview:large, max-video-preview:-1\" \/>\n<link rel=\"canonical\" href=\"https:\/\/coparmexjal.org.mx\/entorno-empresarial\/2019-ano-de-cambios-retos-e-integracion\/\" \/>\n<meta property=\"og:locale\" content=\"es_MX\" \/>\n<meta property=\"og:type\" content=\"article\" \/>\n<meta property=\"og:title\" content=\"2019, a\u00f1o de cambios, retos e integraci\u00f3n - Entorno Empresarial\" \/>\n<meta property=\"og:description\" content=\"Durante el inicio de 2018 comenzaban las preguntas y discusi\u00f3n entre analistas, empresarios, sociedad civil y academia respecto a tres elementos que marcar\u00edan el a\u00f1o\" \/>\n<meta property=\"og:url\" content=\"https:\/\/coparmexjal.org.mx\/entorno-empresarial\/2019-ano-de-cambios-retos-e-integracion\/\" \/>\n<meta property=\"og:site_name\" content=\"Entorno Empresarial\" \/>\n<meta property=\"article:publisher\" content=\"https:\/\/facebook.com\/comcoparmex\" \/>\n<meta property=\"article:published_time\" content=\"2019-01-01T17:52:43+00:00\" \/>\n<meta property=\"article:modified_time\" content=\"2020-09-23T17:54:27+00:00\" \/>\n<meta property=\"og:image\" content=\"https:\/\/coparmexjal.org.mx\/entorno-empresarial\/wp-content\/uploads\/2019\/01\/steve-johnson-WVUrbhWtRNM-unsplash.jpg\" \/>\n\t<meta property=\"og:image:width\" content=\"1200\" \/>\n\t<meta property=\"og:image:height\" content=\"800\" \/>\n\t<meta property=\"og:image:type\" content=\"image\/jpeg\" \/>\n<meta name=\"author\" content=\"Dar\u00edo Alejandro Loria Centeno\" \/>\n<meta name=\"twitter:card\" content=\"summary_large_image\" \/>\n<meta name=\"twitter:creator\" content=\"@comcoparmex\" \/>\n<meta name=\"twitter:site\" content=\"@comcoparmex\" \/>\n<meta name=\"twitter:label1\" content=\"Escrito por\" \/>\n\t<meta name=\"twitter:data1\" content=\"Dar\u00edo Alejandro Loria Centeno\" \/>\n\t<meta name=\"twitter:label2\" content=\"Tiempo de lectura\" \/>\n\t<meta name=\"twitter:data2\" content=\"5 minutos\" \/>\n<script type=\"application\/ld+json\" class=\"yoast-schema-graph\">{\"@context\":\"https:\\\/\\\/schema.org\",\"@graph\":[{\"@type\":\"Article\",\"@id\":\"https:\\\/\\\/coparmexjal.org.mx\\\/entorno-empresarial\\\/2019-ano-de-cambios-retos-e-integracion\\\/#article\",\"isPartOf\":{\"@id\":\"https:\\\/\\\/coparmexjal.org.mx\\\/entorno-empresarial\\\/2019-ano-de-cambios-retos-e-integracion\\\/\"},\"author\":{\"name\":\"Dar\u00edo Alejandro Loria Centeno\",\"@id\":\"https:\\\/\\\/coparmexjal.org.mx\\\/entorno-empresarial\\\/#\\\/schema\\\/person\\\/72729a1761d95ffb7bf9b48535f2d94f\"},\"headline\":\"2019, a\u00f1o de cambios, retos e integraci\u00f3n\",\"datePublished\":\"2019-01-01T17:52:43+00:00\",\"dateModified\":\"2020-09-23T17:54:27+00:00\",\"mainEntityOfPage\":{\"@id\":\"https:\\\/\\\/coparmexjal.org.mx\\\/entorno-empresarial\\\/2019-ano-de-cambios-retos-e-integracion\\\/\"},\"wordCount\":1030,\"commentCount\":0,\"publisher\":{\"@id\":\"https:\\\/\\\/coparmexjal.org.mx\\\/entorno-empresarial\\\/#organization\"},\"image\":{\"@id\":\"https:\\\/\\\/coparmexjal.org.mx\\\/entorno-empresarial\\\/2019-ano-de-cambios-retos-e-integracion\\\/#primaryimage\"},\"thumbnailUrl\":\"https:\\\/\\\/coparmexjal.org.mx\\\/entorno-empresarial\\\/wp-content\\\/uploads\\\/2019\\\/01\\\/steve-johnson-WVUrbhWtRNM-unsplash.jpg\",\"keywords\":[\"TLCAN\",\"USMCA\"],\"articleSection\":[\"Tema central\"],\"inLanguage\":\"es\",\"potentialAction\":[{\"@type\":\"CommentAction\",\"name\":\"Comment\",\"target\":[\"https:\\\/\\\/coparmexjal.org.mx\\\/entorno-empresarial\\\/2019-ano-de-cambios-retos-e-integracion\\\/#respond\"]}]},{\"@type\":\"WebPage\",\"@id\":\"https:\\\/\\\/coparmexjal.org.mx\\\/entorno-empresarial\\\/2019-ano-de-cambios-retos-e-integracion\\\/\",\"url\":\"https:\\\/\\\/coparmexjal.org.mx\\\/entorno-empresarial\\\/2019-ano-de-cambios-retos-e-integracion\\\/\",\"name\":\"2019, a\u00f1o de cambios, retos e integraci\u00f3n - Entorno Empresarial\",\"isPartOf\":{\"@id\":\"https:\\\/\\\/coparmexjal.org.mx\\\/entorno-empresarial\\\/#website\"},\"primaryImageOfPage\":{\"@id\":\"https:\\\/\\\/coparmexjal.org.mx\\\/entorno-empresarial\\\/2019-ano-de-cambios-retos-e-integracion\\\/#primaryimage\"},\"image\":{\"@id\":\"https:\\\/\\\/coparmexjal.org.mx\\\/entorno-empresarial\\\/2019-ano-de-cambios-retos-e-integracion\\\/#primaryimage\"},\"thumbnailUrl\":\"https:\\\/\\\/coparmexjal.org.mx\\\/entorno-empresarial\\\/wp-content\\\/uploads\\\/2019\\\/01\\\/steve-johnson-WVUrbhWtRNM-unsplash.jpg\",\"datePublished\":\"2019-01-01T17:52:43+00:00\",\"dateModified\":\"2020-09-23T17:54:27+00:00\",\"breadcrumb\":{\"@id\":\"https:\\\/\\\/coparmexjal.org.mx\\\/entorno-empresarial\\\/2019-ano-de-cambios-retos-e-integracion\\\/#breadcrumb\"},\"inLanguage\":\"es\",\"potentialAction\":[{\"@type\":\"ReadAction\",\"target\":[\"https:\\\/\\\/coparmexjal.org.mx\\\/entorno-empresarial\\\/2019-ano-de-cambios-retos-e-integracion\\\/\"]}]},{\"@type\":\"ImageObject\",\"inLanguage\":\"es\",\"@id\":\"https:\\\/\\\/coparmexjal.org.mx\\\/entorno-empresarial\\\/2019-ano-de-cambios-retos-e-integracion\\\/#primaryimage\",\"url\":\"https:\\\/\\\/coparmexjal.org.mx\\\/entorno-empresarial\\\/wp-content\\\/uploads\\\/2019\\\/01\\\/steve-johnson-WVUrbhWtRNM-unsplash.jpg\",\"contentUrl\":\"https:\\\/\\\/coparmexjal.org.mx\\\/entorno-empresarial\\\/wp-content\\\/uploads\\\/2019\\\/01\\\/steve-johnson-WVUrbhWtRNM-unsplash.jpg\",\"width\":1200,\"height\":800,\"caption\":\"2019 cambios, retos, integraci\u00f3n econ\u00f3micos\"},{\"@type\":\"BreadcrumbList\",\"@id\":\"https:\\\/\\\/coparmexjal.org.mx\\\/entorno-empresarial\\\/2019-ano-de-cambios-retos-e-integracion\\\/#breadcrumb\",\"itemListElement\":[{\"@type\":\"ListItem\",\"position\":1,\"name\":\"Inicio\",\"item\":\"https:\\\/\\\/coparmexjal.org.mx\\\/entorno-empresarial\\\/\"},{\"@type\":\"ListItem\",\"position\":2,\"name\":\"2019, a\u00f1o de cambios, retos e integraci\u00f3n\"}]},{\"@type\":\"WebSite\",\"@id\":\"https:\\\/\\\/coparmexjal.org.mx\\\/entorno-empresarial\\\/#website\",\"url\":\"https:\\\/\\\/coparmexjal.org.mx\\\/entorno-empresarial\\\/\",\"name\":\"Revista Entorno Empresarial\",\"description\":\"Coparmex Jalisco\",\"publisher\":{\"@id\":\"https:\\\/\\\/coparmexjal.org.mx\\\/entorno-empresarial\\\/#organization\"},\"potentialAction\":[{\"@type\":\"SearchAction\",\"target\":{\"@type\":\"EntryPoint\",\"urlTemplate\":\"https:\\\/\\\/coparmexjal.org.mx\\\/entorno-empresarial\\\/?s={search_term_string}\"},\"query-input\":{\"@type\":\"PropertyValueSpecification\",\"valueRequired\":true,\"valueName\":\"search_term_string\"}}],\"inLanguage\":\"es\"},{\"@type\":\"Organization\",\"@id\":\"https:\\\/\\\/coparmexjal.org.mx\\\/entorno-empresarial\\\/#organization\",\"name\":\"Coparmex Jalisco\",\"url\":\"https:\\\/\\\/coparmexjal.org.mx\\\/entorno-empresarial\\\/\",\"logo\":{\"@type\":\"ImageObject\",\"inLanguage\":\"es\",\"@id\":\"https:\\\/\\\/coparmexjal.org.mx\\\/entorno-empresarial\\\/#\\\/schema\\\/logo\\\/image\\\/\",\"url\":\"https:\\\/\\\/coparmexjal.org.mx\\\/entorno-empresarial\\\/wp-content\\\/uploads\\\/2020\\\/02\\\/logo-amp.png\",\"contentUrl\":\"https:\\\/\\\/coparmexjal.org.mx\\\/entorno-empresarial\\\/wp-content\\\/uploads\\\/2020\\\/02\\\/logo-amp.png\",\"width\":120,\"height\":90,\"caption\":\"Coparmex Jalisco\"},\"image\":{\"@id\":\"https:\\\/\\\/coparmexjal.org.mx\\\/entorno-empresarial\\\/#\\\/schema\\\/logo\\\/image\\\/\"},\"sameAs\":[\"https:\\\/\\\/facebook.com\\\/comcoparmex\",\"https:\\\/\\\/x.com\\\/comcoparmex\",\"http:\\\/\\\/instagram.com\\\/coparmexjalisco\",\"https:\\\/\\\/mx.linkedin.com\\\/company\\\/coparmex-jalisco\",\"https:\\\/\\\/www.youtube.com\\\/c\\\/CoparmexJaliscomx\"]},{\"@type\":\"Person\",\"@id\":\"https:\\\/\\\/coparmexjal.org.mx\\\/entorno-empresarial\\\/#\\\/schema\\\/person\\\/72729a1761d95ffb7bf9b48535f2d94f\",\"name\":\"Dar\u00edo Alejandro Loria Centeno\",\"image\":{\"@type\":\"ImageObject\",\"inLanguage\":\"es\",\"@id\":\"https:\\\/\\\/secure.gravatar.com\\\/avatar\\\/d005016005520345b77be25880889a75813c921ee9a6de7b80cf86216a49f742?s=96&d=mm&r=g\",\"url\":\"https:\\\/\\\/secure.gravatar.com\\\/avatar\\\/d005016005520345b77be25880889a75813c921ee9a6de7b80cf86216a49f742?s=96&d=mm&r=g\",\"contentUrl\":\"https:\\\/\\\/secure.gravatar.com\\\/avatar\\\/d005016005520345b77be25880889a75813c921ee9a6de7b80cf86216a49f742?s=96&d=mm&r=g\",\"caption\":\"Dar\u00edo Alejandro Loria Centeno\"},\"url\":\"https:\\\/\\\/coparmexjal.org.mx\\\/entorno-empresarial\\\/author\\\/dario-loria\\\/\"}]}<\/script>\n<!-- \/ Yoast SEO plugin. -->","yoast_head_json":{"title":"2019, a\u00f1o de cambios, retos e integraci\u00f3n - Entorno Empresarial","robots":{"index":"index","follow":"follow","max-snippet":"max-snippet:-1","max-image-preview":"max-image-preview:large","max-video-preview":"max-video-preview:-1"},"canonical":"https:\/\/coparmexjal.org.mx\/entorno-empresarial\/2019-ano-de-cambios-retos-e-integracion\/","og_locale":"es_MX","og_type":"article","og_title":"2019, a\u00f1o de cambios, retos e integraci\u00f3n - Entorno Empresarial","og_description":"Durante el inicio de 2018 comenzaban las preguntas y discusi\u00f3n entre analistas, empresarios, sociedad civil y academia respecto a tres elementos que marcar\u00edan el a\u00f1o","og_url":"https:\/\/coparmexjal.org.mx\/entorno-empresarial\/2019-ano-de-cambios-retos-e-integracion\/","og_site_name":"Entorno Empresarial","article_publisher":"https:\/\/facebook.com\/comcoparmex","article_published_time":"2019-01-01T17:52:43+00:00","article_modified_time":"2020-09-23T17:54:27+00:00","og_image":[{"width":1200,"height":800,"url":"https:\/\/coparmexjal.org.mx\/entorno-empresarial\/wp-content\/uploads\/2019\/01\/steve-johnson-WVUrbhWtRNM-unsplash.jpg","type":"image\/jpeg"}],"author":"Dar\u00edo Alejandro Loria Centeno","twitter_card":"summary_large_image","twitter_creator":"@comcoparmex","twitter_site":"@comcoparmex","twitter_misc":{"Escrito por":"Dar\u00edo Alejandro Loria Centeno","Tiempo de lectura":"5 minutos"},"schema":{"@context":"https:\/\/schema.org","@graph":[{"@type":"Article","@id":"https:\/\/coparmexjal.org.mx\/entorno-empresarial\/2019-ano-de-cambios-retos-e-integracion\/#article","isPartOf":{"@id":"https:\/\/coparmexjal.org.mx\/entorno-empresarial\/2019-ano-de-cambios-retos-e-integracion\/"},"author":{"name":"Dar\u00edo Alejandro Loria Centeno","@id":"https:\/\/coparmexjal.org.mx\/entorno-empresarial\/#\/schema\/person\/72729a1761d95ffb7bf9b48535f2d94f"},"headline":"2019, a\u00f1o de cambios, retos e integraci\u00f3n","datePublished":"2019-01-01T17:52:43+00:00","dateModified":"2020-09-23T17:54:27+00:00","mainEntityOfPage":{"@id":"https:\/\/coparmexjal.org.mx\/entorno-empresarial\/2019-ano-de-cambios-retos-e-integracion\/"},"wordCount":1030,"commentCount":0,"publisher":{"@id":"https:\/\/coparmexjal.org.mx\/entorno-empresarial\/#organization"},"image":{"@id":"https:\/\/coparmexjal.org.mx\/entorno-empresarial\/2019-ano-de-cambios-retos-e-integracion\/#primaryimage"},"thumbnailUrl":"https:\/\/coparmexjal.org.mx\/entorno-empresarial\/wp-content\/uploads\/2019\/01\/steve-johnson-WVUrbhWtRNM-unsplash.jpg","keywords":["TLCAN","USMCA"],"articleSection":["Tema central"],"inLanguage":"es","potentialAction":[{"@type":"CommentAction","name":"Comment","target":["https:\/\/coparmexjal.org.mx\/entorno-empresarial\/2019-ano-de-cambios-retos-e-integracion\/#respond"]}]},{"@type":"WebPage","@id":"https:\/\/coparmexjal.org.mx\/entorno-empresarial\/2019-ano-de-cambios-retos-e-integracion\/","url":"https:\/\/coparmexjal.org.mx\/entorno-empresarial\/2019-ano-de-cambios-retos-e-integracion\/","name":"2019, a\u00f1o de cambios, retos e integraci\u00f3n - Entorno Empresarial","isPartOf":{"@id":"https:\/\/coparmexjal.org.mx\/entorno-empresarial\/#website"},"primaryImageOfPage":{"@id":"https:\/\/coparmexjal.org.mx\/entorno-empresarial\/2019-ano-de-cambios-retos-e-integracion\/#primaryimage"},"image":{"@id":"https:\/\/coparmexjal.org.mx\/entorno-empresarial\/2019-ano-de-cambios-retos-e-integracion\/#primaryimage"},"thumbnailUrl":"https:\/\/coparmexjal.org.mx\/entorno-empresarial\/wp-content\/uploads\/2019\/01\/steve-johnson-WVUrbhWtRNM-unsplash.jpg","datePublished":"2019-01-01T17:52:43+00:00","dateModified":"2020-09-23T17:54:27+00:00","breadcrumb":{"@id":"https:\/\/coparmexjal.org.mx\/entorno-empresarial\/2019-ano-de-cambios-retos-e-integracion\/#breadcrumb"},"inLanguage":"es","potentialAction":[{"@type":"ReadAction","target":["https:\/\/coparmexjal.org.mx\/entorno-empresarial\/2019-ano-de-cambios-retos-e-integracion\/"]}]},{"@type":"ImageObject","inLanguage":"es","@id":"https:\/\/coparmexjal.org.mx\/entorno-empresarial\/2019-ano-de-cambios-retos-e-integracion\/#primaryimage","url":"https:\/\/coparmexjal.org.mx\/entorno-empresarial\/wp-content\/uploads\/2019\/01\/steve-johnson-WVUrbhWtRNM-unsplash.jpg","contentUrl":"https:\/\/coparmexjal.org.mx\/entorno-empresarial\/wp-content\/uploads\/2019\/01\/steve-johnson-WVUrbhWtRNM-unsplash.jpg","width":1200,"height":800,"caption":"2019 cambios, retos, integraci\u00f3n econ\u00f3micos"},{"@type":"BreadcrumbList","@id":"https:\/\/coparmexjal.org.mx\/entorno-empresarial\/2019-ano-de-cambios-retos-e-integracion\/#breadcrumb","itemListElement":[{"@type":"ListItem","position":1,"name":"Inicio","item":"https:\/\/coparmexjal.org.mx\/entorno-empresarial\/"},{"@type":"ListItem","position":2,"name":"2019, a\u00f1o de cambios, retos e integraci\u00f3n"}]},{"@type":"WebSite","@id":"https:\/\/coparmexjal.org.mx\/entorno-empresarial\/#website","url":"https:\/\/coparmexjal.org.mx\/entorno-empresarial\/","name":"Revista Entorno Empresarial","description":"Coparmex Jalisco","publisher":{"@id":"https:\/\/coparmexjal.org.mx\/entorno-empresarial\/#organization"},"potentialAction":[{"@type":"SearchAction","target":{"@type":"EntryPoint","urlTemplate":"https:\/\/coparmexjal.org.mx\/entorno-empresarial\/?s={search_term_string}"},"query-input":{"@type":"PropertyValueSpecification","valueRequired":true,"valueName":"search_term_string"}}],"inLanguage":"es"},{"@type":"Organization","@id":"https:\/\/coparmexjal.org.mx\/entorno-empresarial\/#organization","name":"Coparmex Jalisco","url":"https:\/\/coparmexjal.org.mx\/entorno-empresarial\/","logo":{"@type":"ImageObject","inLanguage":"es","@id":"https:\/\/coparmexjal.org.mx\/entorno-empresarial\/#\/schema\/logo\/image\/","url":"https:\/\/coparmexjal.org.mx\/entorno-empresarial\/wp-content\/uploads\/2020\/02\/logo-amp.png","contentUrl":"https:\/\/coparmexjal.org.mx\/entorno-empresarial\/wp-content\/uploads\/2020\/02\/logo-amp.png","width":120,"height":90,"caption":"Coparmex Jalisco"},"image":{"@id":"https:\/\/coparmexjal.org.mx\/entorno-empresarial\/#\/schema\/logo\/image\/"},"sameAs":["https:\/\/facebook.com\/comcoparmex","https:\/\/x.com\/comcoparmex","http:\/\/instagram.com\/coparmexjalisco","https:\/\/mx.linkedin.com\/company\/coparmex-jalisco","https:\/\/www.youtube.com\/c\/CoparmexJaliscomx"]},{"@type":"Person","@id":"https:\/\/coparmexjal.org.mx\/entorno-empresarial\/#\/schema\/person\/72729a1761d95ffb7bf9b48535f2d94f","name":"Dar\u00edo Alejandro Loria Centeno","image":{"@type":"ImageObject","inLanguage":"es","@id":"https:\/\/secure.gravatar.com\/avatar\/d005016005520345b77be25880889a75813c921ee9a6de7b80cf86216a49f742?s=96&d=mm&r=g","url":"https:\/\/secure.gravatar.com\/avatar\/d005016005520345b77be25880889a75813c921ee9a6de7b80cf86216a49f742?s=96&d=mm&r=g","contentUrl":"https:\/\/secure.gravatar.com\/avatar\/d005016005520345b77be25880889a75813c921ee9a6de7b80cf86216a49f742?s=96&d=mm&r=g","caption":"Dar\u00edo Alejandro Loria Centeno"},"url":"https:\/\/coparmexjal.org.mx\/entorno-empresarial\/author\/dario-loria\/"}]}},"_links":{"self":[{"href":"https:\/\/coparmexjal.org.mx\/entorno-empresarial\/wp-json\/wp\/v2\/posts\/3755","targetHints":{"allow":["GET"]}}],"collection":[{"href":"https:\/\/coparmexjal.org.mx\/entorno-empresarial\/wp-json\/wp\/v2\/posts"}],"about":[{"href":"https:\/\/coparmexjal.org.mx\/entorno-empresarial\/wp-json\/wp\/v2\/types\/post"}],"author":[{"embeddable":true,"href":"https:\/\/coparmexjal.org.mx\/entorno-empresarial\/wp-json\/wp\/v2\/users\/31"}],"replies":[{"embeddable":true,"href":"https:\/\/coparmexjal.org.mx\/entorno-empresarial\/wp-json\/wp\/v2\/comments?post=3755"}],"version-history":[{"count":6,"href":"https:\/\/coparmexjal.org.mx\/entorno-empresarial\/wp-json\/wp\/v2\/posts\/3755\/revisions"}],"predecessor-version":[{"id":3825,"href":"https:\/\/coparmexjal.org.mx\/entorno-empresarial\/wp-json\/wp\/v2\/posts\/3755\/revisions\/3825"}],"wp:featuredmedia":[{"embeddable":true,"href":"https:\/\/coparmexjal.org.mx\/entorno-empresarial\/wp-json\/wp\/v2\/media\/3816"}],"wp:attachment":[{"href":"https:\/\/coparmexjal.org.mx\/entorno-empresarial\/wp-json\/wp\/v2\/media?parent=3755"}],"wp:term":[{"taxonomy":"category","embeddable":true,"href":"https:\/\/coparmexjal.org.mx\/entorno-empresarial\/wp-json\/wp\/v2\/categories?post=3755"},{"taxonomy":"post_tag","embeddable":true,"href":"https:\/\/coparmexjal.org.mx\/entorno-empresarial\/wp-json\/wp\/v2\/tags?post=3755"}],"curies":[{"name":"wp","href":"https:\/\/api.w.org\/{rel}","templated":true}]}}