{"id":3721,"date":"2020-09-15T15:32:15","date_gmt":"2020-09-15T20:32:15","guid":{"rendered":"https:\/\/coparmexjal.org.mx\/entorno-empresarial\/?p=3721"},"modified":"2022-03-22T11:47:56","modified_gmt":"2022-03-22T17:47:56","slug":"paquete-economico-2021","status":"publish","type":"post","link":"https:\/\/coparmexjal.org.mx\/entorno-empresarial\/paquete-economico-2021\/","title":{"rendered":"Paquete Econ\u00f3mico 2021"},"content":{"rendered":"\n<p>El martes 8 de septiembre fue entregado a la C\u00e1mara de Diputados, el Paquete Econ\u00f3mico que prepar\u00f3 el titular del Ejecutivo, para ser discutido y aprobado por el Congreso de la Uni\u00f3n, que estar\u00e1 vigente durante 2021.<\/p>\n\n\n\n<p>Constitucionalmente, el Presidente de la Rep\u00fablica debe someter a la consideraci\u00f3n del Poder Legislativo, a m\u00e1s tardar en esa fecha, los Criterios Generales de Pol\u00edtica Econ\u00f3mica, la Iniciativa de Ley de Ingresos de la Federaci\u00f3n y el Proyecto de Presupuesto de Egresos de la Federaci\u00f3n; de igual forma, en esta ocasi\u00f3n se acompa\u00f1aron iniciativas de reformas a diversas leyes fiscales y a la Ley Federal de Derechos. El Congreso de la Uni\u00f3n deber\u00e1 llevar a cabo el proceso legislativo, mismo que debe concluir a m\u00e1s tardar el 15 de Noviembre de este a\u00f1o, para que se publiquen en el Diario Oficial de la Federaci\u00f3n, las disposiciones que tendr\u00e1n vigencia a partir del 1 de Enero de 2021.<\/p>\n\n\n\n<p>De acuerdo con las iniciativas presentadas, los principales indicadores econ\u00f3micos que fueron utilizados para preparar la Ley de Ingresos y el Presupuesto de Egresos, son los siguientes: Crecimiento del PIB de 4.6% real anual; Inflaci\u00f3n anual estimada de 3.0%; Tasa Promedio de Cetes a 28 d\u00edas de 4.0%; Precio Promedio del barril de petr\u00f3leo en d\u00f3lares de $42.1 y un Tipo de Cambio de 22.10 pesos por D\u00f3lar.<\/p>\n\n\n\n<p>En la iniciativa de Ley de Ingresos de la Federaci\u00f3n, se propone ratificar la tasa de inter\u00e9s por pr\u00f3rroga del 0.98% mensual, por lo que la de recargos continuar\u00eda en el 1.47%, en tanto que la tasa de retenci\u00f3n de Impuesto Sobre la Renta (ISR) que aplica el sistema financiero sobre las inversiones que producen rendimientos en M\u00e9xico, ser\u00eda del 0.97% en lugar de la que est\u00e1 vigente en 2020 que es del 1.45%.<\/p>\n\n\n\n<p>En materia del ISR, se propone endurecer los requisitos que deber\u00e1n cumplir las personas morales, para que puedan tributar en el T\u00edtulo III de las Personas Morales con Fines No Lucrativos, as\u00ed como para que obtengan y conserven la autorizaci\u00f3n para recibir donativos deducibles de impuestos.<\/p>\n\n\n\n<p>En materia de Impuesto al Valor Agregado, se proponen diversas precisiones aplicables al r\u00e9gimen de Prestaci\u00f3n de Servicios Digitales por Residentes en el Extranjero sin Establecimiento Permanente en M\u00e9xico que incluyen m\u00e1s supuestos de retenci\u00f3n del IVA, as\u00ed como sanciones en caso de incumplimiento de las obligaciones establecidas en la Ley.<\/p>\n\n\n\n<p>C\u00f3digo Fiscal de la Federaci\u00f3n es el ordenamiento que contiene el mayor volumen de cambios, destacando precisiones en Buz\u00f3n Tributario, responsabilidad solidaria, notificaciones personales por medios electr\u00f3nicos obteniendo im\u00e1genes digitales y ajustes al procedimiento de acuerdos conclusivos, entre otros temas.<\/p>\n\n\n\n<p>Si desea conocer m\u00e1s sobre el asunto, en la siguiente liga podr\u00e1 acceder a los documentos presentados <a href=\"http:\/\/www.diputados.gob.mx\/PEF_2021\/inicio.htm\">http:\/\/www.diputados.gob.mx\/PEF_2021\/inicio.htm<\/a> Habr\u00e1 que estar atentos al desarrollo del proceso legislativo para conocer oportunamente las modificaciones que entrar\u00e1n en vigor y estar en posibilidad de adoptar las medidas respectivas, a fin de mitigar el impacto que estas puedan tener en los contribuyentes.<\/p>\n","protected":false},"excerpt":{"rendered":"<p>El martes 8 de septiembre fue entregado a la C\u00e1mara de Diputados, el Paquete Econ\u00f3mico que prepar\u00f3 el titular del Ejecutivo, para ser discutido y<\/p>\n","protected":false},"author":73,"featured_media":3722,"comment_status":"open","ping_status":"open","sticky":false,"template":"","format":"standard","meta":{"footnotes":""},"categories":[153,1182],"tags":[521,520,260,519,523,522,294,517,518],"class_list":["post-3721","post","type-post","status-publish","format-standard","has-post-thumbnail","hentry","category-economia","category-fiscal","tag-cetes","tag-diario-oficial-de-la-federacion","tag-economia","tag-egresos-de-la-federacion","tag-isr","tag-petroleo","tag-pib","tag-poder-legislativo","tag-presidente-de-la-republica"],"yoast_head":"<!-- This site is optimized with the Yoast SEO plugin v27.5 - https:\/\/yoast.com\/product\/yoast-seo-wordpress\/ -->\n<title>Paquete Econ\u00f3mico 2021 - Entorno Empresarial<\/title>\n<meta name=\"robots\" content=\"index, follow, max-snippet:-1, max-image-preview:large, max-video-preview:-1\" \/>\n<link rel=\"canonical\" href=\"https:\/\/coparmexjal.org.mx\/entorno-empresarial\/paquete-economico-2021\/\" \/>\n<meta property=\"og:locale\" content=\"es_MX\" \/>\n<meta property=\"og:type\" content=\"article\" \/>\n<meta property=\"og:title\" content=\"Paquete Econ\u00f3mico 2021 - Entorno Empresarial\" \/>\n<meta property=\"og:description\" content=\"El martes 8 de septiembre fue entregado a la C\u00e1mara de Diputados, el Paquete Econ\u00f3mico que prepar\u00f3 el titular del Ejecutivo, para ser discutido y\" \/>\n<meta property=\"og:url\" content=\"https:\/\/coparmexjal.org.mx\/entorno-empresarial\/paquete-economico-2021\/\" \/>\n<meta property=\"og:site_name\" content=\"Entorno Empresarial\" \/>\n<meta property=\"article:publisher\" content=\"https:\/\/facebook.com\/comcoparmex\" \/>\n<meta property=\"article:published_time\" content=\"2020-09-15T20:32:15+00:00\" \/>\n<meta property=\"article:modified_time\" content=\"2022-03-22T17:47:56+00:00\" \/>\n<meta property=\"og:image\" content=\"https:\/\/coparmexjal.org.mx\/entorno-empresarial\/wp-content\/uploads\/2020\/09\/sandra-gabriel-cwk6ei6Jo0M-unsplash.jpg\" \/>\n\t<meta property=\"og:image:width\" content=\"600\" \/>\n\t<meta property=\"og:image:height\" content=\"800\" \/>\n\t<meta property=\"og:image:type\" content=\"image\/jpeg\" \/>\n<meta name=\"author\" content=\"Comisi\u00f3n Fiscal Coparmex Jalisco\" \/>\n<meta name=\"twitter:card\" content=\"summary_large_image\" \/>\n<meta name=\"twitter:creator\" content=\"@comcoparmex\" \/>\n<meta name=\"twitter:site\" content=\"@comcoparmex\" \/>\n<meta name=\"twitter:label1\" content=\"Escrito por\" \/>\n\t<meta name=\"twitter:data1\" content=\"Comisi\u00f3n Fiscal Coparmex Jalisco\" \/>\n\t<meta name=\"twitter:label2\" content=\"Tiempo de lectura\" \/>\n\t<meta name=\"twitter:data2\" content=\"3 minutos\" \/>\n<script type=\"application\/ld+json\" class=\"yoast-schema-graph\">{\"@context\":\"https:\\\/\\\/schema.org\",\"@graph\":[{\"@type\":\"Article\",\"@id\":\"https:\\\/\\\/coparmexjal.org.mx\\\/entorno-empresarial\\\/paquete-economico-2021\\\/#article\",\"isPartOf\":{\"@id\":\"https:\\\/\\\/coparmexjal.org.mx\\\/entorno-empresarial\\\/paquete-economico-2021\\\/\"},\"author\":{\"name\":\"Comisi\u00f3n Fiscal Coparmex Jalisco\",\"@id\":\"https:\\\/\\\/coparmexjal.org.mx\\\/entorno-empresarial\\\/#\\\/schema\\\/person\\\/cf0f90cf182688b9e5f375498d3daed6\"},\"headline\":\"Paquete Econ\u00f3mico 2021\",\"datePublished\":\"2020-09-15T20:32:15+00:00\",\"dateModified\":\"2022-03-22T17:47:56+00:00\",\"mainEntityOfPage\":{\"@id\":\"https:\\\/\\\/coparmexjal.org.mx\\\/entorno-empresarial\\\/paquete-economico-2021\\\/\"},\"wordCount\":530,\"commentCount\":1,\"publisher\":{\"@id\":\"https:\\\/\\\/coparmexjal.org.mx\\\/entorno-empresarial\\\/#organization\"},\"image\":{\"@id\":\"https:\\\/\\\/coparmexjal.org.mx\\\/entorno-empresarial\\\/paquete-economico-2021\\\/#primaryimage\"},\"thumbnailUrl\":\"https:\\\/\\\/coparmexjal.org.mx\\\/entorno-empresarial\\\/wp-content\\\/uploads\\\/2020\\\/09\\\/sandra-gabriel-cwk6ei6Jo0M-unsplash.jpg\",\"keywords\":[\"cetes\",\"Diario Oficial de la Federaci\u00f3n\",\"econom\u00eda\",\"egresos de la federaci\u00f3n\",\"ISR\",\"petr\u00f3leo\",\"PIB\",\"poder legislativo\",\"presidente de la rep\u00fablica\"],\"articleSection\":[\"Econom\u00eda\",\"Fiscal\"],\"inLanguage\":\"es\",\"potentialAction\":[{\"@type\":\"CommentAction\",\"name\":\"Comment\",\"target\":[\"https:\\\/\\\/coparmexjal.org.mx\\\/entorno-empresarial\\\/paquete-economico-2021\\\/#respond\"]}]},{\"@type\":\"WebPage\",\"@id\":\"https:\\\/\\\/coparmexjal.org.mx\\\/entorno-empresarial\\\/paquete-economico-2021\\\/\",\"url\":\"https:\\\/\\\/coparmexjal.org.mx\\\/entorno-empresarial\\\/paquete-economico-2021\\\/\",\"name\":\"Paquete Econ\u00f3mico 2021 - Entorno Empresarial\",\"isPartOf\":{\"@id\":\"https:\\\/\\\/coparmexjal.org.mx\\\/entorno-empresarial\\\/#website\"},\"primaryImageOfPage\":{\"@id\":\"https:\\\/\\\/coparmexjal.org.mx\\\/entorno-empresarial\\\/paquete-economico-2021\\\/#primaryimage\"},\"image\":{\"@id\":\"https:\\\/\\\/coparmexjal.org.mx\\\/entorno-empresarial\\\/paquete-economico-2021\\\/#primaryimage\"},\"thumbnailUrl\":\"https:\\\/\\\/coparmexjal.org.mx\\\/entorno-empresarial\\\/wp-content\\\/uploads\\\/2020\\\/09\\\/sandra-gabriel-cwk6ei6Jo0M-unsplash.jpg\",\"datePublished\":\"2020-09-15T20:32:15+00:00\",\"dateModified\":\"2022-03-22T17:47:56+00:00\",\"breadcrumb\":{\"@id\":\"https:\\\/\\\/coparmexjal.org.mx\\\/entorno-empresarial\\\/paquete-economico-2021\\\/#breadcrumb\"},\"inLanguage\":\"es\",\"potentialAction\":[{\"@type\":\"ReadAction\",\"target\":[\"https:\\\/\\\/coparmexjal.org.mx\\\/entorno-empresarial\\\/paquete-economico-2021\\\/\"]}]},{\"@type\":\"ImageObject\",\"inLanguage\":\"es\",\"@id\":\"https:\\\/\\\/coparmexjal.org.mx\\\/entorno-empresarial\\\/paquete-economico-2021\\\/#primaryimage\",\"url\":\"https:\\\/\\\/coparmexjal.org.mx\\\/entorno-empresarial\\\/wp-content\\\/uploads\\\/2020\\\/09\\\/sandra-gabriel-cwk6ei6Jo0M-unsplash.jpg\",\"contentUrl\":\"https:\\\/\\\/coparmexjal.org.mx\\\/entorno-empresarial\\\/wp-content\\\/uploads\\\/2020\\\/09\\\/sandra-gabriel-cwk6ei6Jo0M-unsplash.jpg\",\"width\":600,\"height\":800},{\"@type\":\"BreadcrumbList\",\"@id\":\"https:\\\/\\\/coparmexjal.org.mx\\\/entorno-empresarial\\\/paquete-economico-2021\\\/#breadcrumb\",\"itemListElement\":[{\"@type\":\"ListItem\",\"position\":1,\"name\":\"Inicio\",\"item\":\"https:\\\/\\\/coparmexjal.org.mx\\\/entorno-empresarial\\\/\"},{\"@type\":\"ListItem\",\"position\":2,\"name\":\"Paquete Econ\u00f3mico 2021\"}]},{\"@type\":\"WebSite\",\"@id\":\"https:\\\/\\\/coparmexjal.org.mx\\\/entorno-empresarial\\\/#website\",\"url\":\"https:\\\/\\\/coparmexjal.org.mx\\\/entorno-empresarial\\\/\",\"name\":\"Revista Entorno Empresarial\",\"description\":\"Coparmex Jalisco\",\"publisher\":{\"@id\":\"https:\\\/\\\/coparmexjal.org.mx\\\/entorno-empresarial\\\/#organization\"},\"potentialAction\":[{\"@type\":\"SearchAction\",\"target\":{\"@type\":\"EntryPoint\",\"urlTemplate\":\"https:\\\/\\\/coparmexjal.org.mx\\\/entorno-empresarial\\\/?s={search_term_string}\"},\"query-input\":{\"@type\":\"PropertyValueSpecification\",\"valueRequired\":true,\"valueName\":\"search_term_string\"}}],\"inLanguage\":\"es\"},{\"@type\":\"Organization\",\"@id\":\"https:\\\/\\\/coparmexjal.org.mx\\\/entorno-empresarial\\\/#organization\",\"name\":\"Coparmex Jalisco\",\"url\":\"https:\\\/\\\/coparmexjal.org.mx\\\/entorno-empresarial\\\/\",\"logo\":{\"@type\":\"ImageObject\",\"inLanguage\":\"es\",\"@id\":\"https:\\\/\\\/coparmexjal.org.mx\\\/entorno-empresarial\\\/#\\\/schema\\\/logo\\\/image\\\/\",\"url\":\"https:\\\/\\\/coparmexjal.org.mx\\\/entorno-empresarial\\\/wp-content\\\/uploads\\\/2020\\\/02\\\/logo-amp.png\",\"contentUrl\":\"https:\\\/\\\/coparmexjal.org.mx\\\/entorno-empresarial\\\/wp-content\\\/uploads\\\/2020\\\/02\\\/logo-amp.png\",\"width\":120,\"height\":90,\"caption\":\"Coparmex Jalisco\"},\"image\":{\"@id\":\"https:\\\/\\\/coparmexjal.org.mx\\\/entorno-empresarial\\\/#\\\/schema\\\/logo\\\/image\\\/\"},\"sameAs\":[\"https:\\\/\\\/facebook.com\\\/comcoparmex\",\"https:\\\/\\\/x.com\\\/comcoparmex\",\"http:\\\/\\\/instagram.com\\\/coparmexjalisco\",\"https:\\\/\\\/mx.linkedin.com\\\/company\\\/coparmex-jalisco\",\"https:\\\/\\\/www.youtube.com\\\/c\\\/CoparmexJaliscomx\"]},{\"@type\":\"Person\",\"@id\":\"https:\\\/\\\/coparmexjal.org.mx\\\/entorno-empresarial\\\/#\\\/schema\\\/person\\\/cf0f90cf182688b9e5f375498d3daed6\",\"name\":\"Comisi\u00f3n Fiscal Coparmex Jalisco\",\"image\":{\"@type\":\"ImageObject\",\"inLanguage\":\"es\",\"@id\":\"https:\\\/\\\/secure.gravatar.com\\\/avatar\\\/5d4c0683dbd1753d9b0ac4e80522437c91772ff63bb609de35657468240628a0?s=96&d=mm&r=g\",\"url\":\"https:\\\/\\\/secure.gravatar.com\\\/avatar\\\/5d4c0683dbd1753d9b0ac4e80522437c91772ff63bb609de35657468240628a0?s=96&d=mm&r=g\",\"contentUrl\":\"https:\\\/\\\/secure.gravatar.com\\\/avatar\\\/5d4c0683dbd1753d9b0ac4e80522437c91772ff63bb609de35657468240628a0?s=96&d=mm&r=g\",\"caption\":\"Comisi\u00f3n Fiscal Coparmex Jalisco\"},\"url\":\"https:\\\/\\\/coparmexjal.org.mx\\\/entorno-empresarial\\\/author\\\/comision-fiscal\\\/\"}]}<\/script>\n<!-- \/ Yoast SEO plugin. -->","yoast_head_json":{"title":"Paquete Econ\u00f3mico 2021 - Entorno Empresarial","robots":{"index":"index","follow":"follow","max-snippet":"max-snippet:-1","max-image-preview":"max-image-preview:large","max-video-preview":"max-video-preview:-1"},"canonical":"https:\/\/coparmexjal.org.mx\/entorno-empresarial\/paquete-economico-2021\/","og_locale":"es_MX","og_type":"article","og_title":"Paquete Econ\u00f3mico 2021 - Entorno Empresarial","og_description":"El martes 8 de septiembre fue entregado a la C\u00e1mara de Diputados, el Paquete Econ\u00f3mico que prepar\u00f3 el titular del Ejecutivo, para ser discutido y","og_url":"https:\/\/coparmexjal.org.mx\/entorno-empresarial\/paquete-economico-2021\/","og_site_name":"Entorno Empresarial","article_publisher":"https:\/\/facebook.com\/comcoparmex","article_published_time":"2020-09-15T20:32:15+00:00","article_modified_time":"2022-03-22T17:47:56+00:00","og_image":[{"width":600,"height":800,"url":"https:\/\/coparmexjal.org.mx\/entorno-empresarial\/wp-content\/uploads\/2020\/09\/sandra-gabriel-cwk6ei6Jo0M-unsplash.jpg","type":"image\/jpeg"}],"author":"Comisi\u00f3n Fiscal Coparmex Jalisco","twitter_card":"summary_large_image","twitter_creator":"@comcoparmex","twitter_site":"@comcoparmex","twitter_misc":{"Escrito por":"Comisi\u00f3n Fiscal Coparmex Jalisco","Tiempo de lectura":"3 minutos"},"schema":{"@context":"https:\/\/schema.org","@graph":[{"@type":"Article","@id":"https:\/\/coparmexjal.org.mx\/entorno-empresarial\/paquete-economico-2021\/#article","isPartOf":{"@id":"https:\/\/coparmexjal.org.mx\/entorno-empresarial\/paquete-economico-2021\/"},"author":{"name":"Comisi\u00f3n Fiscal Coparmex Jalisco","@id":"https:\/\/coparmexjal.org.mx\/entorno-empresarial\/#\/schema\/person\/cf0f90cf182688b9e5f375498d3daed6"},"headline":"Paquete Econ\u00f3mico 2021","datePublished":"2020-09-15T20:32:15+00:00","dateModified":"2022-03-22T17:47:56+00:00","mainEntityOfPage":{"@id":"https:\/\/coparmexjal.org.mx\/entorno-empresarial\/paquete-economico-2021\/"},"wordCount":530,"commentCount":1,"publisher":{"@id":"https:\/\/coparmexjal.org.mx\/entorno-empresarial\/#organization"},"image":{"@id":"https:\/\/coparmexjal.org.mx\/entorno-empresarial\/paquete-economico-2021\/#primaryimage"},"thumbnailUrl":"https:\/\/coparmexjal.org.mx\/entorno-empresarial\/wp-content\/uploads\/2020\/09\/sandra-gabriel-cwk6ei6Jo0M-unsplash.jpg","keywords":["cetes","Diario Oficial de la Federaci\u00f3n","econom\u00eda","egresos de la federaci\u00f3n","ISR","petr\u00f3leo","PIB","poder legislativo","presidente de la rep\u00fablica"],"articleSection":["Econom\u00eda","Fiscal"],"inLanguage":"es","potentialAction":[{"@type":"CommentAction","name":"Comment","target":["https:\/\/coparmexjal.org.mx\/entorno-empresarial\/paquete-economico-2021\/#respond"]}]},{"@type":"WebPage","@id":"https:\/\/coparmexjal.org.mx\/entorno-empresarial\/paquete-economico-2021\/","url":"https:\/\/coparmexjal.org.mx\/entorno-empresarial\/paquete-economico-2021\/","name":"Paquete Econ\u00f3mico 2021 - Entorno Empresarial","isPartOf":{"@id":"https:\/\/coparmexjal.org.mx\/entorno-empresarial\/#website"},"primaryImageOfPage":{"@id":"https:\/\/coparmexjal.org.mx\/entorno-empresarial\/paquete-economico-2021\/#primaryimage"},"image":{"@id":"https:\/\/coparmexjal.org.mx\/entorno-empresarial\/paquete-economico-2021\/#primaryimage"},"thumbnailUrl":"https:\/\/coparmexjal.org.mx\/entorno-empresarial\/wp-content\/uploads\/2020\/09\/sandra-gabriel-cwk6ei6Jo0M-unsplash.jpg","datePublished":"2020-09-15T20:32:15+00:00","dateModified":"2022-03-22T17:47:56+00:00","breadcrumb":{"@id":"https:\/\/coparmexjal.org.mx\/entorno-empresarial\/paquete-economico-2021\/#breadcrumb"},"inLanguage":"es","potentialAction":[{"@type":"ReadAction","target":["https:\/\/coparmexjal.org.mx\/entorno-empresarial\/paquete-economico-2021\/"]}]},{"@type":"ImageObject","inLanguage":"es","@id":"https:\/\/coparmexjal.org.mx\/entorno-empresarial\/paquete-economico-2021\/#primaryimage","url":"https:\/\/coparmexjal.org.mx\/entorno-empresarial\/wp-content\/uploads\/2020\/09\/sandra-gabriel-cwk6ei6Jo0M-unsplash.jpg","contentUrl":"https:\/\/coparmexjal.org.mx\/entorno-empresarial\/wp-content\/uploads\/2020\/09\/sandra-gabriel-cwk6ei6Jo0M-unsplash.jpg","width":600,"height":800},{"@type":"BreadcrumbList","@id":"https:\/\/coparmexjal.org.mx\/entorno-empresarial\/paquete-economico-2021\/#breadcrumb","itemListElement":[{"@type":"ListItem","position":1,"name":"Inicio","item":"https:\/\/coparmexjal.org.mx\/entorno-empresarial\/"},{"@type":"ListItem","position":2,"name":"Paquete Econ\u00f3mico 2021"}]},{"@type":"WebSite","@id":"https:\/\/coparmexjal.org.mx\/entorno-empresarial\/#website","url":"https:\/\/coparmexjal.org.mx\/entorno-empresarial\/","name":"Revista Entorno Empresarial","description":"Coparmex Jalisco","publisher":{"@id":"https:\/\/coparmexjal.org.mx\/entorno-empresarial\/#organization"},"potentialAction":[{"@type":"SearchAction","target":{"@type":"EntryPoint","urlTemplate":"https:\/\/coparmexjal.org.mx\/entorno-empresarial\/?s={search_term_string}"},"query-input":{"@type":"PropertyValueSpecification","valueRequired":true,"valueName":"search_term_string"}}],"inLanguage":"es"},{"@type":"Organization","@id":"https:\/\/coparmexjal.org.mx\/entorno-empresarial\/#organization","name":"Coparmex Jalisco","url":"https:\/\/coparmexjal.org.mx\/entorno-empresarial\/","logo":{"@type":"ImageObject","inLanguage":"es","@id":"https:\/\/coparmexjal.org.mx\/entorno-empresarial\/#\/schema\/logo\/image\/","url":"https:\/\/coparmexjal.org.mx\/entorno-empresarial\/wp-content\/uploads\/2020\/02\/logo-amp.png","contentUrl":"https:\/\/coparmexjal.org.mx\/entorno-empresarial\/wp-content\/uploads\/2020\/02\/logo-amp.png","width":120,"height":90,"caption":"Coparmex Jalisco"},"image":{"@id":"https:\/\/coparmexjal.org.mx\/entorno-empresarial\/#\/schema\/logo\/image\/"},"sameAs":["https:\/\/facebook.com\/comcoparmex","https:\/\/x.com\/comcoparmex","http:\/\/instagram.com\/coparmexjalisco","https:\/\/mx.linkedin.com\/company\/coparmex-jalisco","https:\/\/www.youtube.com\/c\/CoparmexJaliscomx"]},{"@type":"Person","@id":"https:\/\/coparmexjal.org.mx\/entorno-empresarial\/#\/schema\/person\/cf0f90cf182688b9e5f375498d3daed6","name":"Comisi\u00f3n Fiscal Coparmex Jalisco","image":{"@type":"ImageObject","inLanguage":"es","@id":"https:\/\/secure.gravatar.com\/avatar\/5d4c0683dbd1753d9b0ac4e80522437c91772ff63bb609de35657468240628a0?s=96&d=mm&r=g","url":"https:\/\/secure.gravatar.com\/avatar\/5d4c0683dbd1753d9b0ac4e80522437c91772ff63bb609de35657468240628a0?s=96&d=mm&r=g","contentUrl":"https:\/\/secure.gravatar.com\/avatar\/5d4c0683dbd1753d9b0ac4e80522437c91772ff63bb609de35657468240628a0?s=96&d=mm&r=g","caption":"Comisi\u00f3n Fiscal Coparmex Jalisco"},"url":"https:\/\/coparmexjal.org.mx\/entorno-empresarial\/author\/comision-fiscal\/"}]}},"_links":{"self":[{"href":"https:\/\/coparmexjal.org.mx\/entorno-empresarial\/wp-json\/wp\/v2\/posts\/3721","targetHints":{"allow":["GET"]}}],"collection":[{"href":"https:\/\/coparmexjal.org.mx\/entorno-empresarial\/wp-json\/wp\/v2\/posts"}],"about":[{"href":"https:\/\/coparmexjal.org.mx\/entorno-empresarial\/wp-json\/wp\/v2\/types\/post"}],"author":[{"embeddable":true,"href":"https:\/\/coparmexjal.org.mx\/entorno-empresarial\/wp-json\/wp\/v2\/users\/73"}],"replies":[{"embeddable":true,"href":"https:\/\/coparmexjal.org.mx\/entorno-empresarial\/wp-json\/wp\/v2\/comments?post=3721"}],"version-history":[{"count":1,"href":"https:\/\/coparmexjal.org.mx\/entorno-empresarial\/wp-json\/wp\/v2\/posts\/3721\/revisions"}],"predecessor-version":[{"id":3723,"href":"https:\/\/coparmexjal.org.mx\/entorno-empresarial\/wp-json\/wp\/v2\/posts\/3721\/revisions\/3723"}],"wp:featuredmedia":[{"embeddable":true,"href":"https:\/\/coparmexjal.org.mx\/entorno-empresarial\/wp-json\/wp\/v2\/media\/3722"}],"wp:attachment":[{"href":"https:\/\/coparmexjal.org.mx\/entorno-empresarial\/wp-json\/wp\/v2\/media?parent=3721"}],"wp:term":[{"taxonomy":"category","embeddable":true,"href":"https:\/\/coparmexjal.org.mx\/entorno-empresarial\/wp-json\/wp\/v2\/categories?post=3721"},{"taxonomy":"post_tag","embeddable":true,"href":"https:\/\/coparmexjal.org.mx\/entorno-empresarial\/wp-json\/wp\/v2\/tags?post=3721"}],"curies":[{"name":"wp","href":"https:\/\/api.w.org\/{rel}","templated":true}]}}