{"id":3701,"date":"2020-09-10T13:55:03","date_gmt":"2020-09-10T18:55:03","guid":{"rendered":"https:\/\/coparmexjal.org.mx\/entorno-empresarial\/?p=3701"},"modified":"2020-09-10T13:55:08","modified_gmt":"2020-09-10T18:55:08","slug":"vivir-trabajar-y-crecer-en-familia","status":"publish","type":"post","link":"https:\/\/coparmexjal.org.mx\/entorno-empresarial\/vivir-trabajar-y-crecer-en-familia\/","title":{"rendered":"Vivir, trabajar y crecer en familia"},"content":{"rendered":"\n<p>En M\u00e9xico muchas empresas familiares han sido clave para la construcci\u00f3n del pa\u00eds y han contribuido de manera destacada a la generaci\u00f3n de riqueza. Su importancia es muy grande por lo que la gesti\u00f3n interna de \u00e9stas es un tema fundamental para su crecimiento, permanencia, y de trascendencia en la econom\u00eda nacional.<\/p>\n\n\n\n<p>La tasa de mortalidad de estas empresas es muy alta y una de las principales razones es la falta de reglas para manejar los procesos de sucesi\u00f3n, la convivencia entre dos o m\u00e1s generaciones diferentes y la reducci\u00f3n del grado de involucramiento de la familia en la operaci\u00f3n. Para superar estos retos se requiere un proceso de transici\u00f3n hacia un gobierno corporativo institucional. \u00c9ste es un proceso continuo, que nunca termina y puede ser aplicado a empresas de cualquier tama\u00f1o.<\/p>\n\n\n\n<p>\u00c9ste es la cuesti\u00f3n principal de <em>Vivir, trabajar y crecer en familia<\/em>, de Alfonso Urrea Martin, relevante empresario y profundo conocedor del tema a partir de su experiencia personal.&nbsp; Empez\u00f3 a trabajar en la empresa de la familia, Grupo Urrea, desde los 18 a\u00f1os y a los 24 fue nombrado, por su padre, director general. Desde entonces ha liderado el proceso de institucionalizaci\u00f3n, transformaci\u00f3n y crecimiento del grupo, por lo que el libro narra experiencias de primera mano. Todos estos conocimientos los ha compartido a trav\u00e9s de m\u00e1s de 250 conferencias en universidades, c\u00e1maras, congresos, asociaciones, consejos, empresas y familias en M\u00e9xico y Estados Unidos, y ahora, en esta obra.<\/p>\n\n\n\n<p>Propone un modelo para conocer el ecosistema de la empresa como la coincidencia de tres sistemas: el patrimonial, el empresarial y el operativo, lo que llevar\u00e1 al lector a comprender, paso a paso, el proceso para la institucionalizaci\u00f3n de la empresa, en el que deber\u00e1n estar involucrados no solo los familiares sino todas las personas con funciones clave en ella. Parte de esto, es la delimitaci\u00f3n de los roles de cada miembro de la familia, tanto de los que est\u00e1n directamente involucrados trabajando, como de los que son herederos o parte de un Consejo Familiar.<\/p>\n\n\n\n<p>Lo m\u00e1s conveniente es empezar el proyecto de institucionalizaci\u00f3n antes de que las complejidades de la empresa y la familia sean tan altas que no se pueda llegar a acuerdos que satisfagan a todos. En referencia a su propia experiencia, el autor afirma que gracias a su proyecto de institucionalizaci\u00f3n el grupo de empresas familiares que preside ha podido mantener y crecer su patrimonio con el activo m\u00e1s importante: una familia unida.<\/p>\n\n\n\n<p>\u201cLa educaci\u00f3n y formaci\u00f3n integral de los miembros de la familia para aprender a resolver diferencias, escuchar y comprender a los dem\u00e1s, analizar los problemas, encontrar sus causas y plantear soluciones, son los cimientos sobre los que se construyen las buenas relaciones empresariales\u201d, comenta. Una fractura en cualquiera de los tres sistemas (patrimonial, empresarial y operativo) puede terminar con la armon\u00eda empresarial y la familiar por lo que, recomienda, hay que practicar las virtudes cardinales: prudencia, fortaleza, templanza y justicia.<\/p>\n\n\n\n<p>Este libro claro, conciso y ameno est\u00e1 llamado a estar siempre en el escritorio. Gestionar una empresa familiar no tiene porqu\u00e9 ser conflictivo, sin embargo, es importante saber c\u00f3mo lograr que todos los miembros de \u00e9sta compartan la misma visi\u00f3n, sostenida por valores compartidos y as\u00ed lograr que permanezca y trascienda a trav\u00e9s de un proceso de institucionalizaci\u00f3n eficaz.<\/p>\n","protected":false},"excerpt":{"rendered":"<p>En M\u00e9xico muchas empresas familiares han sido clave para la construcci\u00f3n del pa\u00eds y han contribuido de manera destacada a la generaci\u00f3n de riqueza. Su<\/p>\n","protected":false},"author":8,"featured_media":3702,"comment_status":"open","ping_status":"open","sticky":false,"template":"","format":"standard","meta":{"footnotes":""},"categories":[159],"tags":[508,511,164,504,506,507,509],"class_list":["post-3701","post","type-post","status-publish","format-standard","has-post-thumbnail","hentry","category-letras","tag-alfonso-urrea","tag-consejo-empresarial","tag-consejos-empresariales","tag-empresas-familiares","tag-generaciones","tag-gobierno-corporativo","tag-institucionalizacion"],"yoast_head":"<!-- This site is optimized with the Yoast SEO plugin v27.5 - https:\/\/yoast.com\/product\/yoast-seo-wordpress\/ -->\n<title>Vivir, trabajar y crecer en familia - Entorno Empresarial<\/title>\n<meta name=\"robots\" content=\"index, follow, max-snippet:-1, max-image-preview:large, max-video-preview:-1\" \/>\n<link rel=\"canonical\" href=\"https:\/\/coparmexjal.org.mx\/entorno-empresarial\/vivir-trabajar-y-crecer-en-familia\/\" \/>\n<meta property=\"og:locale\" content=\"es_MX\" \/>\n<meta property=\"og:type\" content=\"article\" \/>\n<meta property=\"og:title\" content=\"Vivir, trabajar y crecer en familia - Entorno Empresarial\" \/>\n<meta property=\"og:description\" content=\"En M\u00e9xico muchas empresas familiares han sido clave para la construcci\u00f3n del pa\u00eds y han contribuido de manera destacada a la generaci\u00f3n de riqueza. Su\" \/>\n<meta property=\"og:url\" content=\"https:\/\/coparmexjal.org.mx\/entorno-empresarial\/vivir-trabajar-y-crecer-en-familia\/\" \/>\n<meta property=\"og:site_name\" content=\"Entorno Empresarial\" \/>\n<meta property=\"article:publisher\" content=\"https:\/\/facebook.com\/comcoparmex\" \/>\n<meta property=\"article:published_time\" content=\"2020-09-10T18:55:03+00:00\" \/>\n<meta property=\"article:modified_time\" content=\"2020-09-10T18:55:08+00:00\" \/>\n<meta property=\"og:image\" content=\"https:\/\/coparmexjal.org.mx\/entorno-empresarial\/wp-content\/uploads\/2020\/09\/Vivir-trabajar-y-crecer-en-familia-1era-alta.jpg\" \/>\n\t<meta property=\"og:image:width\" content=\"528\" \/>\n\t<meta property=\"og:image:height\" content=\"800\" \/>\n\t<meta property=\"og:image:type\" content=\"image\/jpeg\" \/>\n<meta name=\"author\" content=\"Bertha In\u00e9s Herrer\u00edas Franco\" \/>\n<meta name=\"twitter:card\" content=\"summary_large_image\" \/>\n<meta name=\"twitter:creator\" content=\"@comcoparmex\" \/>\n<meta name=\"twitter:site\" content=\"@comcoparmex\" \/>\n<meta name=\"twitter:label1\" content=\"Escrito por\" \/>\n\t<meta name=\"twitter:data1\" content=\"Bertha In\u00e9s Herrer\u00edas Franco\" \/>\n\t<meta name=\"twitter:label2\" content=\"Tiempo de lectura\" \/>\n\t<meta name=\"twitter:data2\" content=\"3 minutos\" \/>\n<script type=\"application\/ld+json\" class=\"yoast-schema-graph\">{\"@context\":\"https:\\\/\\\/schema.org\",\"@graph\":[{\"@type\":\"Article\",\"@id\":\"https:\\\/\\\/coparmexjal.org.mx\\\/entorno-empresarial\\\/vivir-trabajar-y-crecer-en-familia\\\/#article\",\"isPartOf\":{\"@id\":\"https:\\\/\\\/coparmexjal.org.mx\\\/entorno-empresarial\\\/vivir-trabajar-y-crecer-en-familia\\\/\"},\"author\":{\"name\":\"Bertha In\u00e9s Herrer\u00edas Franco\",\"@id\":\"https:\\\/\\\/coparmexjal.org.mx\\\/entorno-empresarial\\\/#\\\/schema\\\/person\\\/a5631197d27621bced2324279987e56a\"},\"headline\":\"Vivir, trabajar y crecer en familia\",\"datePublished\":\"2020-09-10T18:55:03+00:00\",\"dateModified\":\"2020-09-10T18:55:08+00:00\",\"mainEntityOfPage\":{\"@id\":\"https:\\\/\\\/coparmexjal.org.mx\\\/entorno-empresarial\\\/vivir-trabajar-y-crecer-en-familia\\\/\"},\"wordCount\":588,\"commentCount\":0,\"publisher\":{\"@id\":\"https:\\\/\\\/coparmexjal.org.mx\\\/entorno-empresarial\\\/#organization\"},\"image\":{\"@id\":\"https:\\\/\\\/coparmexjal.org.mx\\\/entorno-empresarial\\\/vivir-trabajar-y-crecer-en-familia\\\/#primaryimage\"},\"thumbnailUrl\":\"https:\\\/\\\/coparmexjal.org.mx\\\/entorno-empresarial\\\/wp-content\\\/uploads\\\/2020\\\/09\\\/Vivir-trabajar-y-crecer-en-familia-1era-alta.jpg\",\"keywords\":[\"Alfonso Urrea\",\"consejo empresarial\",\"consejos empresariales\",\"empresas familiares\",\"generaciones\",\"gobierno corporativo\",\"institucionalizaci\u00f3n\"],\"articleSection\":[\"Letras\"],\"inLanguage\":\"es\",\"potentialAction\":[{\"@type\":\"CommentAction\",\"name\":\"Comment\",\"target\":[\"https:\\\/\\\/coparmexjal.org.mx\\\/entorno-empresarial\\\/vivir-trabajar-y-crecer-en-familia\\\/#respond\"]}]},{\"@type\":\"WebPage\",\"@id\":\"https:\\\/\\\/coparmexjal.org.mx\\\/entorno-empresarial\\\/vivir-trabajar-y-crecer-en-familia\\\/\",\"url\":\"https:\\\/\\\/coparmexjal.org.mx\\\/entorno-empresarial\\\/vivir-trabajar-y-crecer-en-familia\\\/\",\"name\":\"Vivir, trabajar y crecer en familia - Entorno Empresarial\",\"isPartOf\":{\"@id\":\"https:\\\/\\\/coparmexjal.org.mx\\\/entorno-empresarial\\\/#website\"},\"primaryImageOfPage\":{\"@id\":\"https:\\\/\\\/coparmexjal.org.mx\\\/entorno-empresarial\\\/vivir-trabajar-y-crecer-en-familia\\\/#primaryimage\"},\"image\":{\"@id\":\"https:\\\/\\\/coparmexjal.org.mx\\\/entorno-empresarial\\\/vivir-trabajar-y-crecer-en-familia\\\/#primaryimage\"},\"thumbnailUrl\":\"https:\\\/\\\/coparmexjal.org.mx\\\/entorno-empresarial\\\/wp-content\\\/uploads\\\/2020\\\/09\\\/Vivir-trabajar-y-crecer-en-familia-1era-alta.jpg\",\"datePublished\":\"2020-09-10T18:55:03+00:00\",\"dateModified\":\"2020-09-10T18:55:08+00:00\",\"breadcrumb\":{\"@id\":\"https:\\\/\\\/coparmexjal.org.mx\\\/entorno-empresarial\\\/vivir-trabajar-y-crecer-en-familia\\\/#breadcrumb\"},\"inLanguage\":\"es\",\"potentialAction\":[{\"@type\":\"ReadAction\",\"target\":[\"https:\\\/\\\/coparmexjal.org.mx\\\/entorno-empresarial\\\/vivir-trabajar-y-crecer-en-familia\\\/\"]}]},{\"@type\":\"ImageObject\",\"inLanguage\":\"es\",\"@id\":\"https:\\\/\\\/coparmexjal.org.mx\\\/entorno-empresarial\\\/vivir-trabajar-y-crecer-en-familia\\\/#primaryimage\",\"url\":\"https:\\\/\\\/coparmexjal.org.mx\\\/entorno-empresarial\\\/wp-content\\\/uploads\\\/2020\\\/09\\\/Vivir-trabajar-y-crecer-en-familia-1era-alta.jpg\",\"contentUrl\":\"https:\\\/\\\/coparmexjal.org.mx\\\/entorno-empresarial\\\/wp-content\\\/uploads\\\/2020\\\/09\\\/Vivir-trabajar-y-crecer-en-familia-1era-alta.jpg\",\"width\":528,\"height\":800},{\"@type\":\"BreadcrumbList\",\"@id\":\"https:\\\/\\\/coparmexjal.org.mx\\\/entorno-empresarial\\\/vivir-trabajar-y-crecer-en-familia\\\/#breadcrumb\",\"itemListElement\":[{\"@type\":\"ListItem\",\"position\":1,\"name\":\"Inicio\",\"item\":\"https:\\\/\\\/coparmexjal.org.mx\\\/entorno-empresarial\\\/\"},{\"@type\":\"ListItem\",\"position\":2,\"name\":\"Vivir, trabajar y crecer en familia\"}]},{\"@type\":\"WebSite\",\"@id\":\"https:\\\/\\\/coparmexjal.org.mx\\\/entorno-empresarial\\\/#website\",\"url\":\"https:\\\/\\\/coparmexjal.org.mx\\\/entorno-empresarial\\\/\",\"name\":\"Revista Entorno Empresarial\",\"description\":\"Coparmex Jalisco\",\"publisher\":{\"@id\":\"https:\\\/\\\/coparmexjal.org.mx\\\/entorno-empresarial\\\/#organization\"},\"potentialAction\":[{\"@type\":\"SearchAction\",\"target\":{\"@type\":\"EntryPoint\",\"urlTemplate\":\"https:\\\/\\\/coparmexjal.org.mx\\\/entorno-empresarial\\\/?s={search_term_string}\"},\"query-input\":{\"@type\":\"PropertyValueSpecification\",\"valueRequired\":true,\"valueName\":\"search_term_string\"}}],\"inLanguage\":\"es\"},{\"@type\":\"Organization\",\"@id\":\"https:\\\/\\\/coparmexjal.org.mx\\\/entorno-empresarial\\\/#organization\",\"name\":\"Coparmex Jalisco\",\"url\":\"https:\\\/\\\/coparmexjal.org.mx\\\/entorno-empresarial\\\/\",\"logo\":{\"@type\":\"ImageObject\",\"inLanguage\":\"es\",\"@id\":\"https:\\\/\\\/coparmexjal.org.mx\\\/entorno-empresarial\\\/#\\\/schema\\\/logo\\\/image\\\/\",\"url\":\"https:\\\/\\\/coparmexjal.org.mx\\\/entorno-empresarial\\\/wp-content\\\/uploads\\\/2020\\\/02\\\/logo-amp.png\",\"contentUrl\":\"https:\\\/\\\/coparmexjal.org.mx\\\/entorno-empresarial\\\/wp-content\\\/uploads\\\/2020\\\/02\\\/logo-amp.png\",\"width\":120,\"height\":90,\"caption\":\"Coparmex Jalisco\"},\"image\":{\"@id\":\"https:\\\/\\\/coparmexjal.org.mx\\\/entorno-empresarial\\\/#\\\/schema\\\/logo\\\/image\\\/\"},\"sameAs\":[\"https:\\\/\\\/facebook.com\\\/comcoparmex\",\"https:\\\/\\\/x.com\\\/comcoparmex\",\"http:\\\/\\\/instagram.com\\\/coparmexjalisco\",\"https:\\\/\\\/mx.linkedin.com\\\/company\\\/coparmex-jalisco\",\"https:\\\/\\\/www.youtube.com\\\/c\\\/CoparmexJaliscomx\"]},{\"@type\":\"Person\",\"@id\":\"https:\\\/\\\/coparmexjal.org.mx\\\/entorno-empresarial\\\/#\\\/schema\\\/person\\\/a5631197d27621bced2324279987e56a\",\"name\":\"Bertha In\u00e9s Herrer\u00edas Franco\",\"image\":{\"@type\":\"ImageObject\",\"inLanguage\":\"es\",\"@id\":\"https:\\\/\\\/coparmexjal.org.mx\\\/entorno-empresarial\\\/wp-content\\\/uploads\\\/2020\\\/06\\\/lid-150x150.jpg\",\"url\":\"https:\\\/\\\/coparmexjal.org.mx\\\/entorno-empresarial\\\/wp-content\\\/uploads\\\/2020\\\/06\\\/lid-150x150.jpg\",\"contentUrl\":\"https:\\\/\\\/coparmexjal.org.mx\\\/entorno-empresarial\\\/wp-content\\\/uploads\\\/2020\\\/06\\\/lid-150x150.jpg\",\"caption\":\"Bertha In\u00e9s Herrer\u00edas Franco\"},\"description\":\"Gerente de comunicaci\u00f3n de LID Editorial Mexicana\",\"sameAs\":[\"https:\\\/\\\/www.lideditorial.com\"],\"url\":\"https:\\\/\\\/coparmexjal.org.mx\\\/entorno-empresarial\\\/author\\\/bertha-herrerias\\\/\"}]}<\/script>\n<!-- \/ Yoast SEO plugin. -->","yoast_head_json":{"title":"Vivir, trabajar y crecer en familia - Entorno Empresarial","robots":{"index":"index","follow":"follow","max-snippet":"max-snippet:-1","max-image-preview":"max-image-preview:large","max-video-preview":"max-video-preview:-1"},"canonical":"https:\/\/coparmexjal.org.mx\/entorno-empresarial\/vivir-trabajar-y-crecer-en-familia\/","og_locale":"es_MX","og_type":"article","og_title":"Vivir, trabajar y crecer en familia - Entorno Empresarial","og_description":"En M\u00e9xico muchas empresas familiares han sido clave para la construcci\u00f3n del pa\u00eds y han contribuido de manera destacada a la generaci\u00f3n de riqueza. Su","og_url":"https:\/\/coparmexjal.org.mx\/entorno-empresarial\/vivir-trabajar-y-crecer-en-familia\/","og_site_name":"Entorno Empresarial","article_publisher":"https:\/\/facebook.com\/comcoparmex","article_published_time":"2020-09-10T18:55:03+00:00","article_modified_time":"2020-09-10T18:55:08+00:00","og_image":[{"width":528,"height":800,"url":"https:\/\/coparmexjal.org.mx\/entorno-empresarial\/wp-content\/uploads\/2020\/09\/Vivir-trabajar-y-crecer-en-familia-1era-alta.jpg","type":"image\/jpeg"}],"author":"Bertha In\u00e9s Herrer\u00edas Franco","twitter_card":"summary_large_image","twitter_creator":"@comcoparmex","twitter_site":"@comcoparmex","twitter_misc":{"Escrito por":"Bertha In\u00e9s Herrer\u00edas Franco","Tiempo de lectura":"3 minutos"},"schema":{"@context":"https:\/\/schema.org","@graph":[{"@type":"Article","@id":"https:\/\/coparmexjal.org.mx\/entorno-empresarial\/vivir-trabajar-y-crecer-en-familia\/#article","isPartOf":{"@id":"https:\/\/coparmexjal.org.mx\/entorno-empresarial\/vivir-trabajar-y-crecer-en-familia\/"},"author":{"name":"Bertha In\u00e9s Herrer\u00edas Franco","@id":"https:\/\/coparmexjal.org.mx\/entorno-empresarial\/#\/schema\/person\/a5631197d27621bced2324279987e56a"},"headline":"Vivir, trabajar y crecer en familia","datePublished":"2020-09-10T18:55:03+00:00","dateModified":"2020-09-10T18:55:08+00:00","mainEntityOfPage":{"@id":"https:\/\/coparmexjal.org.mx\/entorno-empresarial\/vivir-trabajar-y-crecer-en-familia\/"},"wordCount":588,"commentCount":0,"publisher":{"@id":"https:\/\/coparmexjal.org.mx\/entorno-empresarial\/#organization"},"image":{"@id":"https:\/\/coparmexjal.org.mx\/entorno-empresarial\/vivir-trabajar-y-crecer-en-familia\/#primaryimage"},"thumbnailUrl":"https:\/\/coparmexjal.org.mx\/entorno-empresarial\/wp-content\/uploads\/2020\/09\/Vivir-trabajar-y-crecer-en-familia-1era-alta.jpg","keywords":["Alfonso Urrea","consejo empresarial","consejos empresariales","empresas familiares","generaciones","gobierno corporativo","institucionalizaci\u00f3n"],"articleSection":["Letras"],"inLanguage":"es","potentialAction":[{"@type":"CommentAction","name":"Comment","target":["https:\/\/coparmexjal.org.mx\/entorno-empresarial\/vivir-trabajar-y-crecer-en-familia\/#respond"]}]},{"@type":"WebPage","@id":"https:\/\/coparmexjal.org.mx\/entorno-empresarial\/vivir-trabajar-y-crecer-en-familia\/","url":"https:\/\/coparmexjal.org.mx\/entorno-empresarial\/vivir-trabajar-y-crecer-en-familia\/","name":"Vivir, trabajar y crecer en familia - Entorno Empresarial","isPartOf":{"@id":"https:\/\/coparmexjal.org.mx\/entorno-empresarial\/#website"},"primaryImageOfPage":{"@id":"https:\/\/coparmexjal.org.mx\/entorno-empresarial\/vivir-trabajar-y-crecer-en-familia\/#primaryimage"},"image":{"@id":"https:\/\/coparmexjal.org.mx\/entorno-empresarial\/vivir-trabajar-y-crecer-en-familia\/#primaryimage"},"thumbnailUrl":"https:\/\/coparmexjal.org.mx\/entorno-empresarial\/wp-content\/uploads\/2020\/09\/Vivir-trabajar-y-crecer-en-familia-1era-alta.jpg","datePublished":"2020-09-10T18:55:03+00:00","dateModified":"2020-09-10T18:55:08+00:00","breadcrumb":{"@id":"https:\/\/coparmexjal.org.mx\/entorno-empresarial\/vivir-trabajar-y-crecer-en-familia\/#breadcrumb"},"inLanguage":"es","potentialAction":[{"@type":"ReadAction","target":["https:\/\/coparmexjal.org.mx\/entorno-empresarial\/vivir-trabajar-y-crecer-en-familia\/"]}]},{"@type":"ImageObject","inLanguage":"es","@id":"https:\/\/coparmexjal.org.mx\/entorno-empresarial\/vivir-trabajar-y-crecer-en-familia\/#primaryimage","url":"https:\/\/coparmexjal.org.mx\/entorno-empresarial\/wp-content\/uploads\/2020\/09\/Vivir-trabajar-y-crecer-en-familia-1era-alta.jpg","contentUrl":"https:\/\/coparmexjal.org.mx\/entorno-empresarial\/wp-content\/uploads\/2020\/09\/Vivir-trabajar-y-crecer-en-familia-1era-alta.jpg","width":528,"height":800},{"@type":"BreadcrumbList","@id":"https:\/\/coparmexjal.org.mx\/entorno-empresarial\/vivir-trabajar-y-crecer-en-familia\/#breadcrumb","itemListElement":[{"@type":"ListItem","position":1,"name":"Inicio","item":"https:\/\/coparmexjal.org.mx\/entorno-empresarial\/"},{"@type":"ListItem","position":2,"name":"Vivir, trabajar y crecer en familia"}]},{"@type":"WebSite","@id":"https:\/\/coparmexjal.org.mx\/entorno-empresarial\/#website","url":"https:\/\/coparmexjal.org.mx\/entorno-empresarial\/","name":"Revista Entorno Empresarial","description":"Coparmex Jalisco","publisher":{"@id":"https:\/\/coparmexjal.org.mx\/entorno-empresarial\/#organization"},"potentialAction":[{"@type":"SearchAction","target":{"@type":"EntryPoint","urlTemplate":"https:\/\/coparmexjal.org.mx\/entorno-empresarial\/?s={search_term_string}"},"query-input":{"@type":"PropertyValueSpecification","valueRequired":true,"valueName":"search_term_string"}}],"inLanguage":"es"},{"@type":"Organization","@id":"https:\/\/coparmexjal.org.mx\/entorno-empresarial\/#organization","name":"Coparmex Jalisco","url":"https:\/\/coparmexjal.org.mx\/entorno-empresarial\/","logo":{"@type":"ImageObject","inLanguage":"es","@id":"https:\/\/coparmexjal.org.mx\/entorno-empresarial\/#\/schema\/logo\/image\/","url":"https:\/\/coparmexjal.org.mx\/entorno-empresarial\/wp-content\/uploads\/2020\/02\/logo-amp.png","contentUrl":"https:\/\/coparmexjal.org.mx\/entorno-empresarial\/wp-content\/uploads\/2020\/02\/logo-amp.png","width":120,"height":90,"caption":"Coparmex Jalisco"},"image":{"@id":"https:\/\/coparmexjal.org.mx\/entorno-empresarial\/#\/schema\/logo\/image\/"},"sameAs":["https:\/\/facebook.com\/comcoparmex","https:\/\/x.com\/comcoparmex","http:\/\/instagram.com\/coparmexjalisco","https:\/\/mx.linkedin.com\/company\/coparmex-jalisco","https:\/\/www.youtube.com\/c\/CoparmexJaliscomx"]},{"@type":"Person","@id":"https:\/\/coparmexjal.org.mx\/entorno-empresarial\/#\/schema\/person\/a5631197d27621bced2324279987e56a","name":"Bertha In\u00e9s Herrer\u00edas Franco","image":{"@type":"ImageObject","inLanguage":"es","@id":"https:\/\/coparmexjal.org.mx\/entorno-empresarial\/wp-content\/uploads\/2020\/06\/lid-150x150.jpg","url":"https:\/\/coparmexjal.org.mx\/entorno-empresarial\/wp-content\/uploads\/2020\/06\/lid-150x150.jpg","contentUrl":"https:\/\/coparmexjal.org.mx\/entorno-empresarial\/wp-content\/uploads\/2020\/06\/lid-150x150.jpg","caption":"Bertha In\u00e9s Herrer\u00edas Franco"},"description":"Gerente de comunicaci\u00f3n de LID Editorial Mexicana","sameAs":["https:\/\/www.lideditorial.com"],"url":"https:\/\/coparmexjal.org.mx\/entorno-empresarial\/author\/bertha-herrerias\/"}]}},"_links":{"self":[{"href":"https:\/\/coparmexjal.org.mx\/entorno-empresarial\/wp-json\/wp\/v2\/posts\/3701","targetHints":{"allow":["GET"]}}],"collection":[{"href":"https:\/\/coparmexjal.org.mx\/entorno-empresarial\/wp-json\/wp\/v2\/posts"}],"about":[{"href":"https:\/\/coparmexjal.org.mx\/entorno-empresarial\/wp-json\/wp\/v2\/types\/post"}],"author":[{"embeddable":true,"href":"https:\/\/coparmexjal.org.mx\/entorno-empresarial\/wp-json\/wp\/v2\/users\/8"}],"replies":[{"embeddable":true,"href":"https:\/\/coparmexjal.org.mx\/entorno-empresarial\/wp-json\/wp\/v2\/comments?post=3701"}],"version-history":[{"count":1,"href":"https:\/\/coparmexjal.org.mx\/entorno-empresarial\/wp-json\/wp\/v2\/posts\/3701\/revisions"}],"predecessor-version":[{"id":3703,"href":"https:\/\/coparmexjal.org.mx\/entorno-empresarial\/wp-json\/wp\/v2\/posts\/3701\/revisions\/3703"}],"wp:featuredmedia":[{"embeddable":true,"href":"https:\/\/coparmexjal.org.mx\/entorno-empresarial\/wp-json\/wp\/v2\/media\/3702"}],"wp:attachment":[{"href":"https:\/\/coparmexjal.org.mx\/entorno-empresarial\/wp-json\/wp\/v2\/media?parent=3701"}],"wp:term":[{"taxonomy":"category","embeddable":true,"href":"https:\/\/coparmexjal.org.mx\/entorno-empresarial\/wp-json\/wp\/v2\/categories?post=3701"},{"taxonomy":"post_tag","embeddable":true,"href":"https:\/\/coparmexjal.org.mx\/entorno-empresarial\/wp-json\/wp\/v2\/tags?post=3701"}],"curies":[{"name":"wp","href":"https:\/\/api.w.org\/{rel}","templated":true}]}}