{"id":3665,"date":"2020-06-15T15:58:00","date_gmt":"2020-06-15T20:58:00","guid":{"rendered":"https:\/\/coparmexjal.org.mx\/entorno-empresarial\/?p=3665"},"modified":"2021-01-11T14:33:35","modified_gmt":"2021-01-11T20:33:35","slug":"urge-implementar-los-remediossolidarios-que-solucionen-de-forma-integral-la-perdida-de-empleo-coparmex","status":"publish","type":"post","link":"https:\/\/coparmexjal.org.mx\/entorno-empresarial\/urge-implementar-los-remediossolidarios-que-solucionen-de-forma-integral-la-perdida-de-empleo-coparmex\/","title":{"rendered":"Urge implementar los #RemediosSolidarios que solucionen de forma integral la p\u00e9rdida de empleo: COPARMEX"},"content":{"rendered":"\n<p>En el Sector Empresarial buscamos todos los #RemediosSolidarios necesarios para hacer frente a la crisis de empleo que estamos enfrentando.<br>El costo de todos los #RemediosSolidarios es equivalente al 1% del PIB, es decir, cerca de 204 mil millones de pesos.<\/p>\n\n\n\n<p>En la Confederaci\u00f3n Patronal de la Rep\u00fablica Mexicana (COPARMEX) solicitamos al Gobierno Federal que implemente los #RemediosSolidarios necesarios que buscan brindar una soluci\u00f3n integral a la p\u00e9rdida de empleo que estamos experimentando todos los d\u00edas, a consecuencia de la pandemia derivada del coronavirus SARS-CoV-2 (que causa la enfermedad COVID-19).&nbsp;<\/p>\n\n\n\n<p>Entre marzo y mayo en M\u00e9xico hemos perdido m\u00e1s de 1 mill\u00f3n de empleos y m\u00e1s de 10 mil empresas formales han cerrado. Muchos pa\u00edses ya han implementado medidas fiscales para enfrentar las consecuencias sin precedentes que la pandemia est\u00e1 ocasionando en la econom\u00eda y, sobre todo, en el empleo.&nbsp;<\/p>\n\n\n\n<p>En la COPARMEX impulsamos tres #RemediosSolidarios necesarios para hacer frente a la crisis de empleo que estamos enfrentando:<\/p>\n\n\n\n<ol class=\"wp-block-list\"><li>#SALARIOSOLIDARIO: la vacuna para proteger el empleo. Se compone por una contribuci\u00f3n del gobierno, patr\u00f3n y trabajador, con el fin de evitar despidos ante el cierre de operaciones o ca\u00edda de los ingresos que enfrentan las empresas con el COVID-19. El Salario Solidario garantiza el 100% del ingreso de los trabajadores con menor percepci\u00f3n.<\/li><\/ol>\n\n\n\n<p>Esta medida es una forma de subsidio al empleo, que ya se ha aplicado en 54 pa\u00edses para proteger el empleo. Entre ellos, varios latinoamericanos como Chile, Argentina, Brasil y Uruguay. La implementaci\u00f3n de dicha medida tendr\u00eda un costo estimado de apenas el 0.7% del PIB mexicano.<\/p>\n\n\n\n<ol class=\"wp-block-list\" start=\"2\"><li>#SEGUROSOLIDARIO: la terapia intensiva para la p\u00e9rdida de empleo. Este es un apoyo equivalente a un salario m\u00ednimo general ($3,696.6) para todos los trabajadores formales que hayan perdido su empleo.<\/li><\/ol>\n\n\n\n<p>En este sentido, acompa\u00f1amos a todos los actores de la sociedad civil y legisladores que han impulsado la necesidad de implementar un Ingreso M\u00ednimo Vital para compensar los ingresos que han dejado de recibir quienes hayan perdido su empleo a causa del COVID-19.&nbsp;<\/p>\n\n\n\n<ol class=\"wp-block-list\" start=\"3\"><li>#BONOSOLIDARIO: Energizante para crear trabajos. Este es un incentivo a la contrataci\u00f3n de empleo formal, con el fin de recuperar la p\u00e9rdida de empleo registrada en los \u00faltimos meses.&nbsp;&nbsp;<\/li><\/ol>\n\n\n\n<p>Para el #BonoSolidario se utiliza un esquema que incentiva la creaci\u00f3n de empleos con salarios por encima del salario m\u00ednimo, con un tope de tres salarios m\u00ednimos de apoyo por parte del gobierno por trabajador&nbsp;\u2028\u2028\u2028<br>Para Jalisco la implementaci\u00f3n de estos #RemediosSolidarios representar\u00eda un apoyo total de 16 mil 299 millones de pesos para la protecci\u00f3n y conservaci\u00f3n del empleo.<\/p>\n\n\n\n<p>Estos #RemediosSolidarios tienen un costo aproximado de 1% del PIB, es decir cerca de 204 mil millones de pesos. Para financiarlo, en la COPARMEX proponemos la adquisici\u00f3n razonable de deuda p\u00fablica; M\u00e9xico cuenta con un nivel de endeudamiento adecuado que est\u00e1 permitido ante la situaci\u00f3n de emergencia.&nbsp;<\/p>\n\n\n\n<p>De no optar por la adquisici\u00f3n de deuda, proponemos la reorientaci\u00f3n del gasto p\u00fablico, por ejemplo, cancelando obras que hoy no son esenciales, como el Aeropuerto de Santa Luc\u00eda, la Refiner\u00eda Dos Bocas y el Tren Maya, entre otras.&nbsp;<\/p>\n\n\n\n<p>Hasta hoy el Gobierno Federal s\u00f3lo ha anunciado 0.10% del PIB en medidas fiscales directas para apoyar a empresas y trabajadores formales. Mientras que por s\u00ed solos, trabajadores y patrones aportan cerca de 7 por ciento del PIB por concepto de ISR al a\u00f1o.&nbsp;<\/p>\n\n\n\n<p>En la COPARMEX impulsamos que las empresas, los trabajadores y las autoridades, incluyendo al Gobierno Federal, logremos consensos para sortear en equipo la crisis por la que todos atravesamos, protegiendo la econom\u00eda nacional a trav\u00e9s de un impulso al empleo y a las fuentes de trabajo, con la implementaci\u00f3n urgente de los #RemediosSolidarios.<\/p>\n\n\n\n<p>Para m\u00e1s informaci\u00f3n visita remediosolidarios.mx&nbsp;<\/p>\n","protected":false},"excerpt":{"rendered":"<p>En el Sector Empresarial buscamos todos los #RemediosSolidarios necesarios para hacer frente a la crisis de empleo que estamos enfrentando.El costo de todos los #RemediosSolidarios<\/p>\n","protected":false},"author":2,"featured_media":3666,"comment_status":"open","ping_status":"open","sticky":false,"template":"","format":"standard","meta":{"footnotes":""},"categories":[348],"tags":[],"class_list":["post-3665","post","type-post","status-publish","format-standard","has-post-thumbnail","hentry","category-noticias"],"yoast_head":"<!-- This site is optimized with the Yoast SEO plugin v27.5 - https:\/\/yoast.com\/product\/yoast-seo-wordpress\/ -->\n<title>Urge implementar los #RemediosSolidarios que solucionen de forma integral la p\u00e9rdida de empleo: COPARMEX - Entorno Empresarial<\/title>\n<meta name=\"robots\" content=\"index, follow, max-snippet:-1, max-image-preview:large, max-video-preview:-1\" \/>\n<link rel=\"canonical\" href=\"https:\/\/coparmexjal.org.mx\/entorno-empresarial\/urge-implementar-los-remediossolidarios-que-solucionen-de-forma-integral-la-perdida-de-empleo-coparmex\/\" \/>\n<meta property=\"og:locale\" content=\"es_MX\" \/>\n<meta property=\"og:type\" content=\"article\" \/>\n<meta property=\"og:title\" content=\"Urge implementar los #RemediosSolidarios que solucionen de forma integral la p\u00e9rdida de empleo: COPARMEX - Entorno Empresarial\" \/>\n<meta property=\"og:description\" content=\"En el Sector Empresarial buscamos todos los #RemediosSolidarios necesarios para hacer frente a la crisis de empleo que estamos enfrentando.El costo de todos los #RemediosSolidarios\" \/>\n<meta property=\"og:url\" content=\"https:\/\/coparmexjal.org.mx\/entorno-empresarial\/urge-implementar-los-remediossolidarios-que-solucionen-de-forma-integral-la-perdida-de-empleo-coparmex\/\" \/>\n<meta property=\"og:site_name\" content=\"Entorno Empresarial\" \/>\n<meta property=\"article:publisher\" content=\"https:\/\/facebook.com\/comcoparmex\" \/>\n<meta property=\"article:published_time\" content=\"2020-06-15T20:58:00+00:00\" \/>\n<meta property=\"article:modified_time\" content=\"2021-01-11T20:33:35+00:00\" \/>\n<meta property=\"og:image\" content=\"https:\/\/coparmexjal.org.mx\/entorno-empresarial\/wp-content\/uploads\/2020\/08\/remedios-solidarios.jpg\" \/>\n\t<meta property=\"og:image:width\" content=\"1280\" \/>\n\t<meta property=\"og:image:height\" content=\"720\" \/>\n\t<meta property=\"og:image:type\" content=\"image\/jpeg\" \/>\n<meta name=\"author\" content=\"Coparmex Jalisco\" \/>\n<meta name=\"twitter:card\" content=\"summary_large_image\" \/>\n<meta name=\"twitter:creator\" content=\"@comcoparmex\" \/>\n<meta name=\"twitter:site\" content=\"@comcoparmex\" \/>\n<meta name=\"twitter:label1\" content=\"Escrito por\" \/>\n\t<meta name=\"twitter:data1\" content=\"Coparmex Jalisco\" \/>\n\t<meta name=\"twitter:label2\" content=\"Tiempo de lectura\" \/>\n\t<meta name=\"twitter:data2\" content=\"3 minutos\" \/>\n<script type=\"application\/ld+json\" class=\"yoast-schema-graph\">{\"@context\":\"https:\\\/\\\/schema.org\",\"@graph\":[{\"@type\":\"Article\",\"@id\":\"https:\\\/\\\/coparmexjal.org.mx\\\/entorno-empresarial\\\/urge-implementar-los-remediossolidarios-que-solucionen-de-forma-integral-la-perdida-de-empleo-coparmex\\\/#article\",\"isPartOf\":{\"@id\":\"https:\\\/\\\/coparmexjal.org.mx\\\/entorno-empresarial\\\/urge-implementar-los-remediossolidarios-que-solucionen-de-forma-integral-la-perdida-de-empleo-coparmex\\\/\"},\"author\":{\"name\":\"Coparmex Jalisco\",\"@id\":\"https:\\\/\\\/coparmexjal.org.mx\\\/entorno-empresarial\\\/#\\\/schema\\\/person\\\/7d1d56a9587bfb3a725cd3dbfbdb9d44\"},\"headline\":\"Urge implementar los #RemediosSolidarios que solucionen de forma integral la p\u00e9rdida de empleo: COPARMEX\",\"datePublished\":\"2020-06-15T20:58:00+00:00\",\"dateModified\":\"2021-01-11T20:33:35+00:00\",\"mainEntityOfPage\":{\"@id\":\"https:\\\/\\\/coparmexjal.org.mx\\\/entorno-empresarial\\\/urge-implementar-los-remediossolidarios-que-solucionen-de-forma-integral-la-perdida-de-empleo-coparmex\\\/\"},\"wordCount\":668,\"commentCount\":0,\"publisher\":{\"@id\":\"https:\\\/\\\/coparmexjal.org.mx\\\/entorno-empresarial\\\/#organization\"},\"image\":{\"@id\":\"https:\\\/\\\/coparmexjal.org.mx\\\/entorno-empresarial\\\/urge-implementar-los-remediossolidarios-que-solucionen-de-forma-integral-la-perdida-de-empleo-coparmex\\\/#primaryimage\"},\"thumbnailUrl\":\"https:\\\/\\\/coparmexjal.org.mx\\\/entorno-empresarial\\\/wp-content\\\/uploads\\\/2020\\\/08\\\/remedios-solidarios.jpg\",\"articleSection\":[\"Noticias\"],\"inLanguage\":\"es\",\"potentialAction\":[{\"@type\":\"CommentAction\",\"name\":\"Comment\",\"target\":[\"https:\\\/\\\/coparmexjal.org.mx\\\/entorno-empresarial\\\/urge-implementar-los-remediossolidarios-que-solucionen-de-forma-integral-la-perdida-de-empleo-coparmex\\\/#respond\"]}]},{\"@type\":\"WebPage\",\"@id\":\"https:\\\/\\\/coparmexjal.org.mx\\\/entorno-empresarial\\\/urge-implementar-los-remediossolidarios-que-solucionen-de-forma-integral-la-perdida-de-empleo-coparmex\\\/\",\"url\":\"https:\\\/\\\/coparmexjal.org.mx\\\/entorno-empresarial\\\/urge-implementar-los-remediossolidarios-que-solucionen-de-forma-integral-la-perdida-de-empleo-coparmex\\\/\",\"name\":\"Urge implementar los #RemediosSolidarios que solucionen de forma integral la p\u00e9rdida de empleo: COPARMEX - Entorno Empresarial\",\"isPartOf\":{\"@id\":\"https:\\\/\\\/coparmexjal.org.mx\\\/entorno-empresarial\\\/#website\"},\"primaryImageOfPage\":{\"@id\":\"https:\\\/\\\/coparmexjal.org.mx\\\/entorno-empresarial\\\/urge-implementar-los-remediossolidarios-que-solucionen-de-forma-integral-la-perdida-de-empleo-coparmex\\\/#primaryimage\"},\"image\":{\"@id\":\"https:\\\/\\\/coparmexjal.org.mx\\\/entorno-empresarial\\\/urge-implementar-los-remediossolidarios-que-solucionen-de-forma-integral-la-perdida-de-empleo-coparmex\\\/#primaryimage\"},\"thumbnailUrl\":\"https:\\\/\\\/coparmexjal.org.mx\\\/entorno-empresarial\\\/wp-content\\\/uploads\\\/2020\\\/08\\\/remedios-solidarios.jpg\",\"datePublished\":\"2020-06-15T20:58:00+00:00\",\"dateModified\":\"2021-01-11T20:33:35+00:00\",\"breadcrumb\":{\"@id\":\"https:\\\/\\\/coparmexjal.org.mx\\\/entorno-empresarial\\\/urge-implementar-los-remediossolidarios-que-solucionen-de-forma-integral-la-perdida-de-empleo-coparmex\\\/#breadcrumb\"},\"inLanguage\":\"es\",\"potentialAction\":[{\"@type\":\"ReadAction\",\"target\":[\"https:\\\/\\\/coparmexjal.org.mx\\\/entorno-empresarial\\\/urge-implementar-los-remediossolidarios-que-solucionen-de-forma-integral-la-perdida-de-empleo-coparmex\\\/\"]}]},{\"@type\":\"ImageObject\",\"inLanguage\":\"es\",\"@id\":\"https:\\\/\\\/coparmexjal.org.mx\\\/entorno-empresarial\\\/urge-implementar-los-remediossolidarios-que-solucionen-de-forma-integral-la-perdida-de-empleo-coparmex\\\/#primaryimage\",\"url\":\"https:\\\/\\\/coparmexjal.org.mx\\\/entorno-empresarial\\\/wp-content\\\/uploads\\\/2020\\\/08\\\/remedios-solidarios.jpg\",\"contentUrl\":\"https:\\\/\\\/coparmexjal.org.mx\\\/entorno-empresarial\\\/wp-content\\\/uploads\\\/2020\\\/08\\\/remedios-solidarios.jpg\",\"width\":1280,\"height\":720},{\"@type\":\"BreadcrumbList\",\"@id\":\"https:\\\/\\\/coparmexjal.org.mx\\\/entorno-empresarial\\\/urge-implementar-los-remediossolidarios-que-solucionen-de-forma-integral-la-perdida-de-empleo-coparmex\\\/#breadcrumb\",\"itemListElement\":[{\"@type\":\"ListItem\",\"position\":1,\"name\":\"Inicio\",\"item\":\"https:\\\/\\\/coparmexjal.org.mx\\\/entorno-empresarial\\\/\"},{\"@type\":\"ListItem\",\"position\":2,\"name\":\"Urge implementar los #RemediosSolidarios que solucionen de forma integral la p\u00e9rdida de empleo: COPARMEX\"}]},{\"@type\":\"WebSite\",\"@id\":\"https:\\\/\\\/coparmexjal.org.mx\\\/entorno-empresarial\\\/#website\",\"url\":\"https:\\\/\\\/coparmexjal.org.mx\\\/entorno-empresarial\\\/\",\"name\":\"Revista Entorno Empresarial\",\"description\":\"Coparmex Jalisco\",\"publisher\":{\"@id\":\"https:\\\/\\\/coparmexjal.org.mx\\\/entorno-empresarial\\\/#organization\"},\"potentialAction\":[{\"@type\":\"SearchAction\",\"target\":{\"@type\":\"EntryPoint\",\"urlTemplate\":\"https:\\\/\\\/coparmexjal.org.mx\\\/entorno-empresarial\\\/?s={search_term_string}\"},\"query-input\":{\"@type\":\"PropertyValueSpecification\",\"valueRequired\":true,\"valueName\":\"search_term_string\"}}],\"inLanguage\":\"es\"},{\"@type\":\"Organization\",\"@id\":\"https:\\\/\\\/coparmexjal.org.mx\\\/entorno-empresarial\\\/#organization\",\"name\":\"Coparmex Jalisco\",\"url\":\"https:\\\/\\\/coparmexjal.org.mx\\\/entorno-empresarial\\\/\",\"logo\":{\"@type\":\"ImageObject\",\"inLanguage\":\"es\",\"@id\":\"https:\\\/\\\/coparmexjal.org.mx\\\/entorno-empresarial\\\/#\\\/schema\\\/logo\\\/image\\\/\",\"url\":\"https:\\\/\\\/coparmexjal.org.mx\\\/entorno-empresarial\\\/wp-content\\\/uploads\\\/2020\\\/02\\\/logo-amp.png\",\"contentUrl\":\"https:\\\/\\\/coparmexjal.org.mx\\\/entorno-empresarial\\\/wp-content\\\/uploads\\\/2020\\\/02\\\/logo-amp.png\",\"width\":120,\"height\":90,\"caption\":\"Coparmex Jalisco\"},\"image\":{\"@id\":\"https:\\\/\\\/coparmexjal.org.mx\\\/entorno-empresarial\\\/#\\\/schema\\\/logo\\\/image\\\/\"},\"sameAs\":[\"https:\\\/\\\/facebook.com\\\/comcoparmex\",\"https:\\\/\\\/x.com\\\/comcoparmex\",\"http:\\\/\\\/instagram.com\\\/coparmexjalisco\",\"https:\\\/\\\/mx.linkedin.com\\\/company\\\/coparmex-jalisco\",\"https:\\\/\\\/www.youtube.com\\\/c\\\/CoparmexJaliscomx\"]},{\"@type\":\"Person\",\"@id\":\"https:\\\/\\\/coparmexjal.org.mx\\\/entorno-empresarial\\\/#\\\/schema\\\/person\\\/7d1d56a9587bfb3a725cd3dbfbdb9d44\",\"name\":\"Coparmex Jalisco\",\"image\":{\"@type\":\"ImageObject\",\"inLanguage\":\"es\",\"@id\":\"https:\\\/\\\/coparmexjal.org.mx\\\/entorno-empresarial\\\/wp-content\\\/uploads\\\/2020\\\/06\\\/favicon-150x133.png\",\"url\":\"https:\\\/\\\/coparmexjal.org.mx\\\/entorno-empresarial\\\/wp-content\\\/uploads\\\/2020\\\/06\\\/favicon-150x133.png\",\"contentUrl\":\"https:\\\/\\\/coparmexjal.org.mx\\\/entorno-empresarial\\\/wp-content\\\/uploads\\\/2020\\\/06\\\/favicon-150x133.png\",\"caption\":\"Coparmex Jalisco\"},\"url\":\"https:\\\/\\\/coparmexjal.org.mx\\\/entorno-empresarial\\\/author\\\/coparmexjalisco\\\/\"}]}<\/script>\n<!-- \/ Yoast SEO plugin. -->","yoast_head_json":{"title":"Urge implementar los #RemediosSolidarios que solucionen de forma integral la p\u00e9rdida de empleo: COPARMEX - Entorno Empresarial","robots":{"index":"index","follow":"follow","max-snippet":"max-snippet:-1","max-image-preview":"max-image-preview:large","max-video-preview":"max-video-preview:-1"},"canonical":"https:\/\/coparmexjal.org.mx\/entorno-empresarial\/urge-implementar-los-remediossolidarios-que-solucionen-de-forma-integral-la-perdida-de-empleo-coparmex\/","og_locale":"es_MX","og_type":"article","og_title":"Urge implementar los #RemediosSolidarios que solucionen de forma integral la p\u00e9rdida de empleo: COPARMEX - Entorno Empresarial","og_description":"En el Sector Empresarial buscamos todos los #RemediosSolidarios necesarios para hacer frente a la crisis de empleo que estamos enfrentando.El costo de todos los #RemediosSolidarios","og_url":"https:\/\/coparmexjal.org.mx\/entorno-empresarial\/urge-implementar-los-remediossolidarios-que-solucionen-de-forma-integral-la-perdida-de-empleo-coparmex\/","og_site_name":"Entorno Empresarial","article_publisher":"https:\/\/facebook.com\/comcoparmex","article_published_time":"2020-06-15T20:58:00+00:00","article_modified_time":"2021-01-11T20:33:35+00:00","og_image":[{"width":1280,"height":720,"url":"https:\/\/coparmexjal.org.mx\/entorno-empresarial\/wp-content\/uploads\/2020\/08\/remedios-solidarios.jpg","type":"image\/jpeg"}],"author":"Coparmex Jalisco","twitter_card":"summary_large_image","twitter_creator":"@comcoparmex","twitter_site":"@comcoparmex","twitter_misc":{"Escrito por":"Coparmex Jalisco","Tiempo de lectura":"3 minutos"},"schema":{"@context":"https:\/\/schema.org","@graph":[{"@type":"Article","@id":"https:\/\/coparmexjal.org.mx\/entorno-empresarial\/urge-implementar-los-remediossolidarios-que-solucionen-de-forma-integral-la-perdida-de-empleo-coparmex\/#article","isPartOf":{"@id":"https:\/\/coparmexjal.org.mx\/entorno-empresarial\/urge-implementar-los-remediossolidarios-que-solucionen-de-forma-integral-la-perdida-de-empleo-coparmex\/"},"author":{"name":"Coparmex Jalisco","@id":"https:\/\/coparmexjal.org.mx\/entorno-empresarial\/#\/schema\/person\/7d1d56a9587bfb3a725cd3dbfbdb9d44"},"headline":"Urge implementar los #RemediosSolidarios que solucionen de forma integral la p\u00e9rdida de empleo: COPARMEX","datePublished":"2020-06-15T20:58:00+00:00","dateModified":"2021-01-11T20:33:35+00:00","mainEntityOfPage":{"@id":"https:\/\/coparmexjal.org.mx\/entorno-empresarial\/urge-implementar-los-remediossolidarios-que-solucionen-de-forma-integral-la-perdida-de-empleo-coparmex\/"},"wordCount":668,"commentCount":0,"publisher":{"@id":"https:\/\/coparmexjal.org.mx\/entorno-empresarial\/#organization"},"image":{"@id":"https:\/\/coparmexjal.org.mx\/entorno-empresarial\/urge-implementar-los-remediossolidarios-que-solucionen-de-forma-integral-la-perdida-de-empleo-coparmex\/#primaryimage"},"thumbnailUrl":"https:\/\/coparmexjal.org.mx\/entorno-empresarial\/wp-content\/uploads\/2020\/08\/remedios-solidarios.jpg","articleSection":["Noticias"],"inLanguage":"es","potentialAction":[{"@type":"CommentAction","name":"Comment","target":["https:\/\/coparmexjal.org.mx\/entorno-empresarial\/urge-implementar-los-remediossolidarios-que-solucionen-de-forma-integral-la-perdida-de-empleo-coparmex\/#respond"]}]},{"@type":"WebPage","@id":"https:\/\/coparmexjal.org.mx\/entorno-empresarial\/urge-implementar-los-remediossolidarios-que-solucionen-de-forma-integral-la-perdida-de-empleo-coparmex\/","url":"https:\/\/coparmexjal.org.mx\/entorno-empresarial\/urge-implementar-los-remediossolidarios-que-solucionen-de-forma-integral-la-perdida-de-empleo-coparmex\/","name":"Urge implementar los #RemediosSolidarios que solucionen de forma integral la p\u00e9rdida de empleo: COPARMEX - Entorno Empresarial","isPartOf":{"@id":"https:\/\/coparmexjal.org.mx\/entorno-empresarial\/#website"},"primaryImageOfPage":{"@id":"https:\/\/coparmexjal.org.mx\/entorno-empresarial\/urge-implementar-los-remediossolidarios-que-solucionen-de-forma-integral-la-perdida-de-empleo-coparmex\/#primaryimage"},"image":{"@id":"https:\/\/coparmexjal.org.mx\/entorno-empresarial\/urge-implementar-los-remediossolidarios-que-solucionen-de-forma-integral-la-perdida-de-empleo-coparmex\/#primaryimage"},"thumbnailUrl":"https:\/\/coparmexjal.org.mx\/entorno-empresarial\/wp-content\/uploads\/2020\/08\/remedios-solidarios.jpg","datePublished":"2020-06-15T20:58:00+00:00","dateModified":"2021-01-11T20:33:35+00:00","breadcrumb":{"@id":"https:\/\/coparmexjal.org.mx\/entorno-empresarial\/urge-implementar-los-remediossolidarios-que-solucionen-de-forma-integral-la-perdida-de-empleo-coparmex\/#breadcrumb"},"inLanguage":"es","potentialAction":[{"@type":"ReadAction","target":["https:\/\/coparmexjal.org.mx\/entorno-empresarial\/urge-implementar-los-remediossolidarios-que-solucionen-de-forma-integral-la-perdida-de-empleo-coparmex\/"]}]},{"@type":"ImageObject","inLanguage":"es","@id":"https:\/\/coparmexjal.org.mx\/entorno-empresarial\/urge-implementar-los-remediossolidarios-que-solucionen-de-forma-integral-la-perdida-de-empleo-coparmex\/#primaryimage","url":"https:\/\/coparmexjal.org.mx\/entorno-empresarial\/wp-content\/uploads\/2020\/08\/remedios-solidarios.jpg","contentUrl":"https:\/\/coparmexjal.org.mx\/entorno-empresarial\/wp-content\/uploads\/2020\/08\/remedios-solidarios.jpg","width":1280,"height":720},{"@type":"BreadcrumbList","@id":"https:\/\/coparmexjal.org.mx\/entorno-empresarial\/urge-implementar-los-remediossolidarios-que-solucionen-de-forma-integral-la-perdida-de-empleo-coparmex\/#breadcrumb","itemListElement":[{"@type":"ListItem","position":1,"name":"Inicio","item":"https:\/\/coparmexjal.org.mx\/entorno-empresarial\/"},{"@type":"ListItem","position":2,"name":"Urge implementar los #RemediosSolidarios que solucionen de forma integral la p\u00e9rdida de empleo: COPARMEX"}]},{"@type":"WebSite","@id":"https:\/\/coparmexjal.org.mx\/entorno-empresarial\/#website","url":"https:\/\/coparmexjal.org.mx\/entorno-empresarial\/","name":"Revista Entorno Empresarial","description":"Coparmex Jalisco","publisher":{"@id":"https:\/\/coparmexjal.org.mx\/entorno-empresarial\/#organization"},"potentialAction":[{"@type":"SearchAction","target":{"@type":"EntryPoint","urlTemplate":"https:\/\/coparmexjal.org.mx\/entorno-empresarial\/?s={search_term_string}"},"query-input":{"@type":"PropertyValueSpecification","valueRequired":true,"valueName":"search_term_string"}}],"inLanguage":"es"},{"@type":"Organization","@id":"https:\/\/coparmexjal.org.mx\/entorno-empresarial\/#organization","name":"Coparmex Jalisco","url":"https:\/\/coparmexjal.org.mx\/entorno-empresarial\/","logo":{"@type":"ImageObject","inLanguage":"es","@id":"https:\/\/coparmexjal.org.mx\/entorno-empresarial\/#\/schema\/logo\/image\/","url":"https:\/\/coparmexjal.org.mx\/entorno-empresarial\/wp-content\/uploads\/2020\/02\/logo-amp.png","contentUrl":"https:\/\/coparmexjal.org.mx\/entorno-empresarial\/wp-content\/uploads\/2020\/02\/logo-amp.png","width":120,"height":90,"caption":"Coparmex Jalisco"},"image":{"@id":"https:\/\/coparmexjal.org.mx\/entorno-empresarial\/#\/schema\/logo\/image\/"},"sameAs":["https:\/\/facebook.com\/comcoparmex","https:\/\/x.com\/comcoparmex","http:\/\/instagram.com\/coparmexjalisco","https:\/\/mx.linkedin.com\/company\/coparmex-jalisco","https:\/\/www.youtube.com\/c\/CoparmexJaliscomx"]},{"@type":"Person","@id":"https:\/\/coparmexjal.org.mx\/entorno-empresarial\/#\/schema\/person\/7d1d56a9587bfb3a725cd3dbfbdb9d44","name":"Coparmex Jalisco","image":{"@type":"ImageObject","inLanguage":"es","@id":"https:\/\/coparmexjal.org.mx\/entorno-empresarial\/wp-content\/uploads\/2020\/06\/favicon-150x133.png","url":"https:\/\/coparmexjal.org.mx\/entorno-empresarial\/wp-content\/uploads\/2020\/06\/favicon-150x133.png","contentUrl":"https:\/\/coparmexjal.org.mx\/entorno-empresarial\/wp-content\/uploads\/2020\/06\/favicon-150x133.png","caption":"Coparmex Jalisco"},"url":"https:\/\/coparmexjal.org.mx\/entorno-empresarial\/author\/coparmexjalisco\/"}]}},"_links":{"self":[{"href":"https:\/\/coparmexjal.org.mx\/entorno-empresarial\/wp-json\/wp\/v2\/posts\/3665","targetHints":{"allow":["GET"]}}],"collection":[{"href":"https:\/\/coparmexjal.org.mx\/entorno-empresarial\/wp-json\/wp\/v2\/posts"}],"about":[{"href":"https:\/\/coparmexjal.org.mx\/entorno-empresarial\/wp-json\/wp\/v2\/types\/post"}],"author":[{"embeddable":true,"href":"https:\/\/coparmexjal.org.mx\/entorno-empresarial\/wp-json\/wp\/v2\/users\/2"}],"replies":[{"embeddable":true,"href":"https:\/\/coparmexjal.org.mx\/entorno-empresarial\/wp-json\/wp\/v2\/comments?post=3665"}],"version-history":[{"count":2,"href":"https:\/\/coparmexjal.org.mx\/entorno-empresarial\/wp-json\/wp\/v2\/posts\/3665\/revisions"}],"predecessor-version":[{"id":4457,"href":"https:\/\/coparmexjal.org.mx\/entorno-empresarial\/wp-json\/wp\/v2\/posts\/3665\/revisions\/4457"}],"wp:featuredmedia":[{"embeddable":true,"href":"https:\/\/coparmexjal.org.mx\/entorno-empresarial\/wp-json\/wp\/v2\/media\/3666"}],"wp:attachment":[{"href":"https:\/\/coparmexjal.org.mx\/entorno-empresarial\/wp-json\/wp\/v2\/media?parent=3665"}],"wp:term":[{"taxonomy":"category","embeddable":true,"href":"https:\/\/coparmexjal.org.mx\/entorno-empresarial\/wp-json\/wp\/v2\/categories?post=3665"},{"taxonomy":"post_tag","embeddable":true,"href":"https:\/\/coparmexjal.org.mx\/entorno-empresarial\/wp-json\/wp\/v2\/tags?post=3665"}],"curies":[{"name":"wp","href":"https:\/\/api.w.org\/{rel}","templated":true}]}}