{"id":3662,"date":"2020-07-23T15:46:00","date_gmt":"2020-07-23T20:46:00","guid":{"rendered":"https:\/\/coparmexjal.org.mx\/entorno-empresarial\/?p=3662"},"modified":"2020-08-10T15:55:24","modified_gmt":"2020-08-10T20:55:24","slug":"protocolo-de-reapertura-de-la-junta-de-conciliacion-y-arbitraje","status":"publish","type":"post","link":"https:\/\/coparmexjal.org.mx\/entorno-empresarial\/protocolo-de-reapertura-de-la-junta-de-conciliacion-y-arbitraje\/","title":{"rendered":"Protocolo de reapertura de la Junta de Conciliaci\u00f3n y Arbitraje"},"content":{"rendered":"\n<p>La Secretar\u00eda del Trabajo y Previsi\u00f3n Social y la Junta Local de Conciliaci\u00f3n y Arbitraje en el estado de Jalisco, debido a la emergencia sanitaria declarada por las autoridades mexicanas federales as\u00ed como estatales competentes, elabor\u00f3 un protocolo de reapertura de las actividades para las Juntas de  Conciliaci\u00f3n (el pr\u00f3ximo lunes 27 de julio) as\u00ed como las \u00e1reas que lo integran.<\/p>\n\n\n\n<p><br>Entre las acciones a realizarse por dicha secretaria del trabajo y previsi\u00f3n social y en conjunto con la secretar\u00eda de salud Jalisco, est\u00e1n:<br>\u25cf Obtener un dictamen donde se desprenda el grado de riesgo en que se encuentra el tribunal<br>\u25cf Practicar las pruebas PCR como lo marque la autoridad sanitaria al personal de las juntas de conciliaci\u00f3n<br>\u25cf Adquirir material de desinfecci\u00f3n y sanitizaci\u00f3n de espacios y \u00e1reas.<br>\u25cf Utilizar el personal de las juntas protecci\u00f3n personal cubre bocas, guantes, visor de protecci\u00f3n facial (caretas) as\u00ed como alcohol en gel. El personal seguir\u00e1 las medidas de seguridad e higiene que adelante se se\u00f1alan.<\/p>\n\n\n\n<p><br>Adem\u00e1s para evitar cualquier situaci\u00f3n de riesgo para el personal como para los usuarios, se reubic\u00f3 el \u00e1rea de oficial\u00eda de partes de cada una de las juntas a un espacio adecuado en el estacionamiento de la misma, donde se podr\u00e1n resguardar las condiciones de distanciamiento social, adem\u00e1s de contar este espacio con ventilaci\u00f3n natural.<br><strong>Implementaci\u00f3n de medidas generales de seguridad e higiene <\/strong><\/p>\n\n\n\n<p>\u25cf Se monitorear\u00e1 la temperatura de toda persona que acuda a las instalaciones de la junta local, y para el caso de detectarse una temperatura mayor a los 37.5\u00b0 celsius, as\u00ed como s\u00edntomas evidentes relacionados con los de COVID-19, no se le permitir\u00e1 el ingreso y se le pedir\u00e1 acuda a un centro de salud<br>\u25cf Para el p\u00fablico en general se proporcionar\u00e1 alcohol en gel y ser\u00e1 obligatorio el uso de cubrebocas en todo momento<br>\u25cf Para los funcionarios contar\u00e1n con cubre bocas, guantes, visor de protecci\u00f3n facial (caretas) as\u00ed como alcohol en gel, en especial todo aquel que tenga contacto directo con el usuario o p\u00fablico en general de la junta<br>\u25cf Habr\u00e1 constante limpieza y desinfecci\u00f3n de \u00e1reas com\u00fanes as\u00ed como espacios de trabajo<br>\u25cf Solo se permitir\u00e1 el acceso a quien acredite tenga audiencia se\u00f1alada o cita <\/p>\n\n\n\n<p><strong>Reanudaci\u00f3n paulatina de actividades y regreso escalonado del personal de la Junta de conciliaci\u00f3n<\/strong><br>A. el personal acudir\u00e1 a sus actividades en los horarios en los que su \u00e1rea designe<br>a. Las juntas PRIMERA, SEGUNDA, TERCERA, CUARTA, QUINTA , DECIMA, DECIMA PRIMERA, D\u00c9CIMA SEGUNDA, D\u00c9CIMA TERCERA, D\u00c9CIMA QUINTA, D\u00c9CIMA SEXTA, D\u00c9CIMA S\u00c9PTIMA, contar\u00e1n con una reducci\u00f3n de audiencias, teniendo como total 40 audiencias por d\u00eda por junta.<br>B. Se proporciona informaci\u00f3n de los asuntos por v\u00eda telef\u00f3nica<br>C. Los siguientes tr\u00e1mites se har\u00e1n mediante cita<br>\u25cf De las juntas especiales de conciliaci\u00f3n y arbitraje a los tel\u00e9fonos 30 30 1000 ext<br>21022<br>\u25cb desistimientos<br>\u25cb cumplimientos de convenios en juicio<br>\u25cb pr\u00e9stamo de expedientes<br>\u25cf Del archivo, al tel\u00e9fono 30 30 1000 ext 21025<br>\u25cb recepci\u00f3n de contratos colectivos<br>\u25cb revisi\u00f3n de expedientes<br>\u25cb copias de documentos<br>\u25cb entrega de copias certificadas<br>\u25cb entrega de tomas de nota<br>\u25cf \u00c1rea de ratificaci\u00f3n y renuncias tel\u00e9fono 30 30 1000 ext 26731<br>D. Se atender\u00e1n las indicaciones del m\u00e9dico del trabajo por parte de las juntas, su presidente especial as\u00ed como el personal en turno<br>E. La junta crear\u00e1 un archivo con todas las audiencias que no se llevaron a cabo en el periodo de suspensi\u00f3n de labores para reprogramar dichas audiencias<br>F. Durante el periodo de reanudaci\u00f3n de labores, todo el personal que se encuentre dentro de las personas vulnerables se encontrara en resguardo domiciliario para evitar un riesgo de salud<\/p>\n","protected":false},"excerpt":{"rendered":"<p>La Secretar\u00eda del Trabajo y Previsi\u00f3n Social y la Junta Local de Conciliaci\u00f3n y Arbitraje en el estado de Jalisco, debido a la emergencia sanitaria<\/p>\n","protected":false},"author":2,"featured_media":3663,"comment_status":"open","ping_status":"open","sticky":false,"template":"","format":"standard","meta":{"footnotes":""},"categories":[348],"tags":[],"class_list":["post-3662","post","type-post","status-publish","format-standard","has-post-thumbnail","hentry","category-noticias"],"yoast_head":"<!-- This site is optimized with the Yoast SEO plugin v27.5 - https:\/\/yoast.com\/product\/yoast-seo-wordpress\/ -->\n<title>Protocolo de reapertura de la Junta de Conciliaci\u00f3n y Arbitraje - Entorno Empresarial<\/title>\n<meta name=\"robots\" content=\"index, follow, max-snippet:-1, max-image-preview:large, max-video-preview:-1\" \/>\n<link rel=\"canonical\" href=\"https:\/\/coparmexjal.org.mx\/entorno-empresarial\/protocolo-de-reapertura-de-la-junta-de-conciliacion-y-arbitraje\/\" \/>\n<meta property=\"og:locale\" content=\"es_MX\" \/>\n<meta property=\"og:type\" content=\"article\" \/>\n<meta property=\"og:title\" content=\"Protocolo de reapertura de la Junta de Conciliaci\u00f3n y Arbitraje - Entorno Empresarial\" \/>\n<meta property=\"og:description\" content=\"La Secretar\u00eda del Trabajo y Previsi\u00f3n Social y la Junta Local de Conciliaci\u00f3n y Arbitraje en el estado de Jalisco, debido a la emergencia sanitaria\" \/>\n<meta property=\"og:url\" content=\"https:\/\/coparmexjal.org.mx\/entorno-empresarial\/protocolo-de-reapertura-de-la-junta-de-conciliacion-y-arbitraje\/\" \/>\n<meta property=\"og:site_name\" content=\"Entorno Empresarial\" \/>\n<meta property=\"article:publisher\" content=\"https:\/\/facebook.com\/comcoparmex\" \/>\n<meta property=\"article:published_time\" content=\"2020-07-23T20:46:00+00:00\" \/>\n<meta property=\"article:modified_time\" content=\"2020-08-10T20:55:24+00:00\" \/>\n<meta property=\"og:image\" content=\"https:\/\/coparmexjal.org.mx\/entorno-empresarial\/wp-content\/uploads\/2020\/08\/Junta-de-Conciliacion-y-Arbitraje-CDMX.jpg\" \/>\n\t<meta property=\"og:image:width\" content=\"900\" \/>\n\t<meta property=\"og:image:height\" content=\"615\" \/>\n\t<meta property=\"og:image:type\" content=\"image\/jpeg\" \/>\n<meta name=\"author\" content=\"Coparmex Jalisco\" \/>\n<meta name=\"twitter:card\" content=\"summary_large_image\" \/>\n<meta name=\"twitter:creator\" content=\"@comcoparmex\" \/>\n<meta name=\"twitter:site\" content=\"@comcoparmex\" \/>\n<meta name=\"twitter:label1\" content=\"Escrito por\" \/>\n\t<meta name=\"twitter:data1\" content=\"Coparmex Jalisco\" \/>\n\t<meta name=\"twitter:label2\" content=\"Tiempo de lectura\" \/>\n\t<meta name=\"twitter:data2\" content=\"3 minutos\" \/>\n<script type=\"application\/ld+json\" class=\"yoast-schema-graph\">{\"@context\":\"https:\\\/\\\/schema.org\",\"@graph\":[{\"@type\":\"Article\",\"@id\":\"https:\\\/\\\/coparmexjal.org.mx\\\/entorno-empresarial\\\/protocolo-de-reapertura-de-la-junta-de-conciliacion-y-arbitraje\\\/#article\",\"isPartOf\":{\"@id\":\"https:\\\/\\\/coparmexjal.org.mx\\\/entorno-empresarial\\\/protocolo-de-reapertura-de-la-junta-de-conciliacion-y-arbitraje\\\/\"},\"author\":{\"name\":\"Coparmex Jalisco\",\"@id\":\"https:\\\/\\\/coparmexjal.org.mx\\\/entorno-empresarial\\\/#\\\/schema\\\/person\\\/7d1d56a9587bfb3a725cd3dbfbdb9d44\"},\"headline\":\"Protocolo de reapertura de la Junta de Conciliaci\u00f3n y Arbitraje\",\"datePublished\":\"2020-07-23T20:46:00+00:00\",\"dateModified\":\"2020-08-10T20:55:24+00:00\",\"mainEntityOfPage\":{\"@id\":\"https:\\\/\\\/coparmexjal.org.mx\\\/entorno-empresarial\\\/protocolo-de-reapertura-de-la-junta-de-conciliacion-y-arbitraje\\\/\"},\"wordCount\":637,\"commentCount\":0,\"publisher\":{\"@id\":\"https:\\\/\\\/coparmexjal.org.mx\\\/entorno-empresarial\\\/#organization\"},\"image\":{\"@id\":\"https:\\\/\\\/coparmexjal.org.mx\\\/entorno-empresarial\\\/protocolo-de-reapertura-de-la-junta-de-conciliacion-y-arbitraje\\\/#primaryimage\"},\"thumbnailUrl\":\"https:\\\/\\\/coparmexjal.org.mx\\\/entorno-empresarial\\\/wp-content\\\/uploads\\\/2020\\\/08\\\/Junta-de-Conciliacion-y-Arbitraje-CDMX.jpg\",\"articleSection\":[\"Noticias\"],\"inLanguage\":\"es\",\"potentialAction\":[{\"@type\":\"CommentAction\",\"name\":\"Comment\",\"target\":[\"https:\\\/\\\/coparmexjal.org.mx\\\/entorno-empresarial\\\/protocolo-de-reapertura-de-la-junta-de-conciliacion-y-arbitraje\\\/#respond\"]}]},{\"@type\":\"WebPage\",\"@id\":\"https:\\\/\\\/coparmexjal.org.mx\\\/entorno-empresarial\\\/protocolo-de-reapertura-de-la-junta-de-conciliacion-y-arbitraje\\\/\",\"url\":\"https:\\\/\\\/coparmexjal.org.mx\\\/entorno-empresarial\\\/protocolo-de-reapertura-de-la-junta-de-conciliacion-y-arbitraje\\\/\",\"name\":\"Protocolo de reapertura de la Junta de Conciliaci\u00f3n y Arbitraje - Entorno Empresarial\",\"isPartOf\":{\"@id\":\"https:\\\/\\\/coparmexjal.org.mx\\\/entorno-empresarial\\\/#website\"},\"primaryImageOfPage\":{\"@id\":\"https:\\\/\\\/coparmexjal.org.mx\\\/entorno-empresarial\\\/protocolo-de-reapertura-de-la-junta-de-conciliacion-y-arbitraje\\\/#primaryimage\"},\"image\":{\"@id\":\"https:\\\/\\\/coparmexjal.org.mx\\\/entorno-empresarial\\\/protocolo-de-reapertura-de-la-junta-de-conciliacion-y-arbitraje\\\/#primaryimage\"},\"thumbnailUrl\":\"https:\\\/\\\/coparmexjal.org.mx\\\/entorno-empresarial\\\/wp-content\\\/uploads\\\/2020\\\/08\\\/Junta-de-Conciliacion-y-Arbitraje-CDMX.jpg\",\"datePublished\":\"2020-07-23T20:46:00+00:00\",\"dateModified\":\"2020-08-10T20:55:24+00:00\",\"breadcrumb\":{\"@id\":\"https:\\\/\\\/coparmexjal.org.mx\\\/entorno-empresarial\\\/protocolo-de-reapertura-de-la-junta-de-conciliacion-y-arbitraje\\\/#breadcrumb\"},\"inLanguage\":\"es\",\"potentialAction\":[{\"@type\":\"ReadAction\",\"target\":[\"https:\\\/\\\/coparmexjal.org.mx\\\/entorno-empresarial\\\/protocolo-de-reapertura-de-la-junta-de-conciliacion-y-arbitraje\\\/\"]}]},{\"@type\":\"ImageObject\",\"inLanguage\":\"es\",\"@id\":\"https:\\\/\\\/coparmexjal.org.mx\\\/entorno-empresarial\\\/protocolo-de-reapertura-de-la-junta-de-conciliacion-y-arbitraje\\\/#primaryimage\",\"url\":\"https:\\\/\\\/coparmexjal.org.mx\\\/entorno-empresarial\\\/wp-content\\\/uploads\\\/2020\\\/08\\\/Junta-de-Conciliacion-y-Arbitraje-CDMX.jpg\",\"contentUrl\":\"https:\\\/\\\/coparmexjal.org.mx\\\/entorno-empresarial\\\/wp-content\\\/uploads\\\/2020\\\/08\\\/Junta-de-Conciliacion-y-Arbitraje-CDMX.jpg\",\"width\":900,\"height\":615},{\"@type\":\"BreadcrumbList\",\"@id\":\"https:\\\/\\\/coparmexjal.org.mx\\\/entorno-empresarial\\\/protocolo-de-reapertura-de-la-junta-de-conciliacion-y-arbitraje\\\/#breadcrumb\",\"itemListElement\":[{\"@type\":\"ListItem\",\"position\":1,\"name\":\"Inicio\",\"item\":\"https:\\\/\\\/coparmexjal.org.mx\\\/entorno-empresarial\\\/\"},{\"@type\":\"ListItem\",\"position\":2,\"name\":\"Protocolo de reapertura de la Junta de Conciliaci\u00f3n y Arbitraje\"}]},{\"@type\":\"WebSite\",\"@id\":\"https:\\\/\\\/coparmexjal.org.mx\\\/entorno-empresarial\\\/#website\",\"url\":\"https:\\\/\\\/coparmexjal.org.mx\\\/entorno-empresarial\\\/\",\"name\":\"Revista Entorno Empresarial\",\"description\":\"Coparmex Jalisco\",\"publisher\":{\"@id\":\"https:\\\/\\\/coparmexjal.org.mx\\\/entorno-empresarial\\\/#organization\"},\"potentialAction\":[{\"@type\":\"SearchAction\",\"target\":{\"@type\":\"EntryPoint\",\"urlTemplate\":\"https:\\\/\\\/coparmexjal.org.mx\\\/entorno-empresarial\\\/?s={search_term_string}\"},\"query-input\":{\"@type\":\"PropertyValueSpecification\",\"valueRequired\":true,\"valueName\":\"search_term_string\"}}],\"inLanguage\":\"es\"},{\"@type\":\"Organization\",\"@id\":\"https:\\\/\\\/coparmexjal.org.mx\\\/entorno-empresarial\\\/#organization\",\"name\":\"Coparmex Jalisco\",\"url\":\"https:\\\/\\\/coparmexjal.org.mx\\\/entorno-empresarial\\\/\",\"logo\":{\"@type\":\"ImageObject\",\"inLanguage\":\"es\",\"@id\":\"https:\\\/\\\/coparmexjal.org.mx\\\/entorno-empresarial\\\/#\\\/schema\\\/logo\\\/image\\\/\",\"url\":\"https:\\\/\\\/coparmexjal.org.mx\\\/entorno-empresarial\\\/wp-content\\\/uploads\\\/2020\\\/02\\\/logo-amp.png\",\"contentUrl\":\"https:\\\/\\\/coparmexjal.org.mx\\\/entorno-empresarial\\\/wp-content\\\/uploads\\\/2020\\\/02\\\/logo-amp.png\",\"width\":120,\"height\":90,\"caption\":\"Coparmex Jalisco\"},\"image\":{\"@id\":\"https:\\\/\\\/coparmexjal.org.mx\\\/entorno-empresarial\\\/#\\\/schema\\\/logo\\\/image\\\/\"},\"sameAs\":[\"https:\\\/\\\/facebook.com\\\/comcoparmex\",\"https:\\\/\\\/x.com\\\/comcoparmex\",\"http:\\\/\\\/instagram.com\\\/coparmexjalisco\",\"https:\\\/\\\/mx.linkedin.com\\\/company\\\/coparmex-jalisco\",\"https:\\\/\\\/www.youtube.com\\\/c\\\/CoparmexJaliscomx\"]},{\"@type\":\"Person\",\"@id\":\"https:\\\/\\\/coparmexjal.org.mx\\\/entorno-empresarial\\\/#\\\/schema\\\/person\\\/7d1d56a9587bfb3a725cd3dbfbdb9d44\",\"name\":\"Coparmex Jalisco\",\"image\":{\"@type\":\"ImageObject\",\"inLanguage\":\"es\",\"@id\":\"https:\\\/\\\/coparmexjal.org.mx\\\/entorno-empresarial\\\/wp-content\\\/uploads\\\/2020\\\/06\\\/favicon-150x133.png\",\"url\":\"https:\\\/\\\/coparmexjal.org.mx\\\/entorno-empresarial\\\/wp-content\\\/uploads\\\/2020\\\/06\\\/favicon-150x133.png\",\"contentUrl\":\"https:\\\/\\\/coparmexjal.org.mx\\\/entorno-empresarial\\\/wp-content\\\/uploads\\\/2020\\\/06\\\/favicon-150x133.png\",\"caption\":\"Coparmex Jalisco\"},\"url\":\"https:\\\/\\\/coparmexjal.org.mx\\\/entorno-empresarial\\\/author\\\/coparmexjalisco\\\/\"}]}<\/script>\n<!-- \/ Yoast SEO plugin. -->","yoast_head_json":{"title":"Protocolo de reapertura de la Junta de Conciliaci\u00f3n y Arbitraje - Entorno Empresarial","robots":{"index":"index","follow":"follow","max-snippet":"max-snippet:-1","max-image-preview":"max-image-preview:large","max-video-preview":"max-video-preview:-1"},"canonical":"https:\/\/coparmexjal.org.mx\/entorno-empresarial\/protocolo-de-reapertura-de-la-junta-de-conciliacion-y-arbitraje\/","og_locale":"es_MX","og_type":"article","og_title":"Protocolo de reapertura de la Junta de Conciliaci\u00f3n y Arbitraje - Entorno Empresarial","og_description":"La Secretar\u00eda del Trabajo y Previsi\u00f3n Social y la Junta Local de Conciliaci\u00f3n y Arbitraje en el estado de Jalisco, debido a la emergencia sanitaria","og_url":"https:\/\/coparmexjal.org.mx\/entorno-empresarial\/protocolo-de-reapertura-de-la-junta-de-conciliacion-y-arbitraje\/","og_site_name":"Entorno Empresarial","article_publisher":"https:\/\/facebook.com\/comcoparmex","article_published_time":"2020-07-23T20:46:00+00:00","article_modified_time":"2020-08-10T20:55:24+00:00","og_image":[{"width":900,"height":615,"url":"https:\/\/coparmexjal.org.mx\/entorno-empresarial\/wp-content\/uploads\/2020\/08\/Junta-de-Conciliacion-y-Arbitraje-CDMX.jpg","type":"image\/jpeg"}],"author":"Coparmex Jalisco","twitter_card":"summary_large_image","twitter_creator":"@comcoparmex","twitter_site":"@comcoparmex","twitter_misc":{"Escrito por":"Coparmex Jalisco","Tiempo de lectura":"3 minutos"},"schema":{"@context":"https:\/\/schema.org","@graph":[{"@type":"Article","@id":"https:\/\/coparmexjal.org.mx\/entorno-empresarial\/protocolo-de-reapertura-de-la-junta-de-conciliacion-y-arbitraje\/#article","isPartOf":{"@id":"https:\/\/coparmexjal.org.mx\/entorno-empresarial\/protocolo-de-reapertura-de-la-junta-de-conciliacion-y-arbitraje\/"},"author":{"name":"Coparmex Jalisco","@id":"https:\/\/coparmexjal.org.mx\/entorno-empresarial\/#\/schema\/person\/7d1d56a9587bfb3a725cd3dbfbdb9d44"},"headline":"Protocolo de reapertura de la Junta de Conciliaci\u00f3n y Arbitraje","datePublished":"2020-07-23T20:46:00+00:00","dateModified":"2020-08-10T20:55:24+00:00","mainEntityOfPage":{"@id":"https:\/\/coparmexjal.org.mx\/entorno-empresarial\/protocolo-de-reapertura-de-la-junta-de-conciliacion-y-arbitraje\/"},"wordCount":637,"commentCount":0,"publisher":{"@id":"https:\/\/coparmexjal.org.mx\/entorno-empresarial\/#organization"},"image":{"@id":"https:\/\/coparmexjal.org.mx\/entorno-empresarial\/protocolo-de-reapertura-de-la-junta-de-conciliacion-y-arbitraje\/#primaryimage"},"thumbnailUrl":"https:\/\/coparmexjal.org.mx\/entorno-empresarial\/wp-content\/uploads\/2020\/08\/Junta-de-Conciliacion-y-Arbitraje-CDMX.jpg","articleSection":["Noticias"],"inLanguage":"es","potentialAction":[{"@type":"CommentAction","name":"Comment","target":["https:\/\/coparmexjal.org.mx\/entorno-empresarial\/protocolo-de-reapertura-de-la-junta-de-conciliacion-y-arbitraje\/#respond"]}]},{"@type":"WebPage","@id":"https:\/\/coparmexjal.org.mx\/entorno-empresarial\/protocolo-de-reapertura-de-la-junta-de-conciliacion-y-arbitraje\/","url":"https:\/\/coparmexjal.org.mx\/entorno-empresarial\/protocolo-de-reapertura-de-la-junta-de-conciliacion-y-arbitraje\/","name":"Protocolo de reapertura de la Junta de Conciliaci\u00f3n y Arbitraje - Entorno Empresarial","isPartOf":{"@id":"https:\/\/coparmexjal.org.mx\/entorno-empresarial\/#website"},"primaryImageOfPage":{"@id":"https:\/\/coparmexjal.org.mx\/entorno-empresarial\/protocolo-de-reapertura-de-la-junta-de-conciliacion-y-arbitraje\/#primaryimage"},"image":{"@id":"https:\/\/coparmexjal.org.mx\/entorno-empresarial\/protocolo-de-reapertura-de-la-junta-de-conciliacion-y-arbitraje\/#primaryimage"},"thumbnailUrl":"https:\/\/coparmexjal.org.mx\/entorno-empresarial\/wp-content\/uploads\/2020\/08\/Junta-de-Conciliacion-y-Arbitraje-CDMX.jpg","datePublished":"2020-07-23T20:46:00+00:00","dateModified":"2020-08-10T20:55:24+00:00","breadcrumb":{"@id":"https:\/\/coparmexjal.org.mx\/entorno-empresarial\/protocolo-de-reapertura-de-la-junta-de-conciliacion-y-arbitraje\/#breadcrumb"},"inLanguage":"es","potentialAction":[{"@type":"ReadAction","target":["https:\/\/coparmexjal.org.mx\/entorno-empresarial\/protocolo-de-reapertura-de-la-junta-de-conciliacion-y-arbitraje\/"]}]},{"@type":"ImageObject","inLanguage":"es","@id":"https:\/\/coparmexjal.org.mx\/entorno-empresarial\/protocolo-de-reapertura-de-la-junta-de-conciliacion-y-arbitraje\/#primaryimage","url":"https:\/\/coparmexjal.org.mx\/entorno-empresarial\/wp-content\/uploads\/2020\/08\/Junta-de-Conciliacion-y-Arbitraje-CDMX.jpg","contentUrl":"https:\/\/coparmexjal.org.mx\/entorno-empresarial\/wp-content\/uploads\/2020\/08\/Junta-de-Conciliacion-y-Arbitraje-CDMX.jpg","width":900,"height":615},{"@type":"BreadcrumbList","@id":"https:\/\/coparmexjal.org.mx\/entorno-empresarial\/protocolo-de-reapertura-de-la-junta-de-conciliacion-y-arbitraje\/#breadcrumb","itemListElement":[{"@type":"ListItem","position":1,"name":"Inicio","item":"https:\/\/coparmexjal.org.mx\/entorno-empresarial\/"},{"@type":"ListItem","position":2,"name":"Protocolo de reapertura de la Junta de Conciliaci\u00f3n y Arbitraje"}]},{"@type":"WebSite","@id":"https:\/\/coparmexjal.org.mx\/entorno-empresarial\/#website","url":"https:\/\/coparmexjal.org.mx\/entorno-empresarial\/","name":"Revista Entorno Empresarial","description":"Coparmex Jalisco","publisher":{"@id":"https:\/\/coparmexjal.org.mx\/entorno-empresarial\/#organization"},"potentialAction":[{"@type":"SearchAction","target":{"@type":"EntryPoint","urlTemplate":"https:\/\/coparmexjal.org.mx\/entorno-empresarial\/?s={search_term_string}"},"query-input":{"@type":"PropertyValueSpecification","valueRequired":true,"valueName":"search_term_string"}}],"inLanguage":"es"},{"@type":"Organization","@id":"https:\/\/coparmexjal.org.mx\/entorno-empresarial\/#organization","name":"Coparmex Jalisco","url":"https:\/\/coparmexjal.org.mx\/entorno-empresarial\/","logo":{"@type":"ImageObject","inLanguage":"es","@id":"https:\/\/coparmexjal.org.mx\/entorno-empresarial\/#\/schema\/logo\/image\/","url":"https:\/\/coparmexjal.org.mx\/entorno-empresarial\/wp-content\/uploads\/2020\/02\/logo-amp.png","contentUrl":"https:\/\/coparmexjal.org.mx\/entorno-empresarial\/wp-content\/uploads\/2020\/02\/logo-amp.png","width":120,"height":90,"caption":"Coparmex Jalisco"},"image":{"@id":"https:\/\/coparmexjal.org.mx\/entorno-empresarial\/#\/schema\/logo\/image\/"},"sameAs":["https:\/\/facebook.com\/comcoparmex","https:\/\/x.com\/comcoparmex","http:\/\/instagram.com\/coparmexjalisco","https:\/\/mx.linkedin.com\/company\/coparmex-jalisco","https:\/\/www.youtube.com\/c\/CoparmexJaliscomx"]},{"@type":"Person","@id":"https:\/\/coparmexjal.org.mx\/entorno-empresarial\/#\/schema\/person\/7d1d56a9587bfb3a725cd3dbfbdb9d44","name":"Coparmex Jalisco","image":{"@type":"ImageObject","inLanguage":"es","@id":"https:\/\/coparmexjal.org.mx\/entorno-empresarial\/wp-content\/uploads\/2020\/06\/favicon-150x133.png","url":"https:\/\/coparmexjal.org.mx\/entorno-empresarial\/wp-content\/uploads\/2020\/06\/favicon-150x133.png","contentUrl":"https:\/\/coparmexjal.org.mx\/entorno-empresarial\/wp-content\/uploads\/2020\/06\/favicon-150x133.png","caption":"Coparmex Jalisco"},"url":"https:\/\/coparmexjal.org.mx\/entorno-empresarial\/author\/coparmexjalisco\/"}]}},"_links":{"self":[{"href":"https:\/\/coparmexjal.org.mx\/entorno-empresarial\/wp-json\/wp\/v2\/posts\/3662","targetHints":{"allow":["GET"]}}],"collection":[{"href":"https:\/\/coparmexjal.org.mx\/entorno-empresarial\/wp-json\/wp\/v2\/posts"}],"about":[{"href":"https:\/\/coparmexjal.org.mx\/entorno-empresarial\/wp-json\/wp\/v2\/types\/post"}],"author":[{"embeddable":true,"href":"https:\/\/coparmexjal.org.mx\/entorno-empresarial\/wp-json\/wp\/v2\/users\/2"}],"replies":[{"embeddable":true,"href":"https:\/\/coparmexjal.org.mx\/entorno-empresarial\/wp-json\/wp\/v2\/comments?post=3662"}],"version-history":[{"count":1,"href":"https:\/\/coparmexjal.org.mx\/entorno-empresarial\/wp-json\/wp\/v2\/posts\/3662\/revisions"}],"predecessor-version":[{"id":3664,"href":"https:\/\/coparmexjal.org.mx\/entorno-empresarial\/wp-json\/wp\/v2\/posts\/3662\/revisions\/3664"}],"wp:featuredmedia":[{"embeddable":true,"href":"https:\/\/coparmexjal.org.mx\/entorno-empresarial\/wp-json\/wp\/v2\/media\/3663"}],"wp:attachment":[{"href":"https:\/\/coparmexjal.org.mx\/entorno-empresarial\/wp-json\/wp\/v2\/media?parent=3662"}],"wp:term":[{"taxonomy":"category","embeddable":true,"href":"https:\/\/coparmexjal.org.mx\/entorno-empresarial\/wp-json\/wp\/v2\/categories?post=3662"},{"taxonomy":"post_tag","embeddable":true,"href":"https:\/\/coparmexjal.org.mx\/entorno-empresarial\/wp-json\/wp\/v2\/tags?post=3662"}],"curies":[{"name":"wp","href":"https:\/\/api.w.org\/{rel}","templated":true}]}}