{"id":3648,"date":"2019-03-01T12:15:00","date_gmt":"2019-03-01T18:15:00","guid":{"rendered":"https:\/\/coparmexjal.org.mx\/entorno-empresarial\/?p=3648"},"modified":"2020-06-26T13:15:16","modified_gmt":"2020-06-26T18:15:16","slug":"el-amor-de-emprender","status":"publish","type":"post","link":"https:\/\/coparmexjal.org.mx\/entorno-empresarial\/el-amor-de-emprender\/","title":{"rendered":"El amor de emprender"},"content":{"rendered":"\n<p>Emprender es mi amor. Mi primero, segundo, tercero y cuarto amor.&nbsp;<\/p>\n\n\n\n<p>Nada me es m\u00e1s importante que, cuando la vida me da la opci\u00f3n de saltar, escoger siempre el trampol\u00edn m\u00e1s alto. Dicho de otra manera, mi amor por emprender es exactamente proporcional a mi amor por la vida.<\/p>\n\n\n\n<p>Les recuerdo, mi nombre es M\u00e1ximo Macario Jim\u00e9nez Ortiz del Cerro. Lo hago porque estoy convencido de que las palabras son mucho m\u00e1s importantes de lo que usualmente pensamos. Y la palabra m\u00e1s importante en el mundo para cada persona es\u2026 \u00a1su nombre! Si recuerdan esto, habr\u00e1n aprendido una de las grandes lecciones de la vida que les abrir\u00e1 incontables puertas (si esas puertas los llevan a un basurero o a Disneylandia, eso ya depende de su sagacidad y pericia intelectual o falta de, queridos lectores).<\/p>\n\n\n\n<p>Mi primer gran fracaso fue a los 11 a\u00f1os. Puedo decir con orgullo que mi primer gran \u00e9xito fue a los 12.<\/p>\n\n\n\n<p>Mi prima Nabia tuvo que ver en gran medida con esta dulce y seductora experiencia. Como sabr\u00e1n (y si no lo saben, hagan el ejercicio de leer el primer art\u00edculo, publicado hace escasas semanas), tengo un refinado gusto por la leche de cabra, el cual descubr\u00ed gracias a mi prima.<\/p>\n\n\n\n<p>Estaba yo observando la singular curvatura de mi nariz \u2014que muchos, por cierto, consideran aguile\u00f1a y probablemente fea\u2014, cuando de pronto escuch\u00e9 un tremor en la sala de al lado y una vociferaci\u00f3n digna de maestro de ceremonia del infierno gritando: \u201c\u00a1Zambaaa, est\u00e1s zambaaaaa!\u201d. Mi pobre prima, al no haber sido dotada de un nombre com\u00fan y aburrido, ha sido frecuentemente objeto de lo que hoy se denomina como <em>bullying<\/em>, y desarroll\u00f3 una sensibilidad un poco exagerada y agresiva al respecto.&nbsp;<\/p>\n\n\n\n<p>Mi primo Jencho, que en ese momento era el perpetrador de la broma, sali\u00f3 corriendo para evitar ser justamente torturado con un gran jal\u00f3n de pelos por su prima, al menos 15 cm de alto y 45 cm de ancho m\u00e1s grande que \u00e9l. Mi prima, al no ser tan h\u00e1bil con sus pies (lo cual me hace reflexionar que tal vez mi primo no la estaba <em>bulleando<\/em>, sino simplemente dando testimonio de una verdad), sali\u00f3 tras \u00e9l, y al doblar en la esquina de mi cuarto, se estrell\u00f3 en seco contra mi espalda.<\/p>\n\n\n\n<p>Mi siguiente imagen fue algo at\u00edpica. Recuerdo el sabor a sangre en mi nariz y boca, y una gran confusi\u00f3n mental, a la cual no estoy acostumbrado. Lo extra\u00f1o y relevante de esta historia fue que acto seguido de yo abrir los ojos, mi prima Nabia derram\u00f3 una taza de leche de cabra en mi cara, y fue justo en ese momento que conoc\u00ed ese sabor \u00fanico que me ha sido tan fiel compa\u00f1ero durante mis 42 a\u00f1os.<\/p>\n\n\n\n<p>Inmediatamente supe que la leche de cabra combinada con un sabor amargo podr\u00eda crear una bebida altamente popular y rentable a un mercado bien segmentado, es decir, ni\u00f1os de mi edad.<\/p>\n\n\n\n<p>Horas despu\u00e9s, y con tapones de papel en la nariz, prepar\u00e9 mi primer caf\u00e9 con leche de cabra, y a Nabia y a Jencho pareci\u00f3 gustarles (ahora entiendo que estaban m\u00e1s preocupados por mi sanidad que por el sabor del caf\u00e9). Siendo el emprendedor nato que soy, ese mismo mes logr\u00e9 vender 40 caf\u00e9s con leche de cabra y obtener la mayor ganancia que jam\u00e1s hubiera tenido a mis 12 a\u00f1os.<\/p>\n\n\n\n<p>Hoy comprendo que esas 40 ventas no fueron consecuencia de un gran producto (ahora s\u00e9 que la exquisita combinaci\u00f3n que tanto disfruto es solo para paladares muy selectos y escasos), sino de una gran historia y del l\u00edmite estomacal de mi primer c\u00edrculo familiar (cada primo y t\u00edo me compr\u00f3 exactamente dos bebidas, y nunca m\u00e1s me volvi\u00f3 a comprar).<\/p>\n\n\n\n<p>Muchos catalogar\u00edan el caf\u00e9 con leche de cabra como algo nauseabundo, pero ni una sola persona pudo resistirse a la historia de mi prima Nabia, y como gracias a que su tatarabuela viv\u00eda en un rancho con cabras (y curaba todo con leche de cabras), pude yo encontrar una bebida exquisita y lograr ventas y una gran ganancia con ellas.<\/p>\n\n\n\n<p>Lo que yo descubr\u00ed a mis 12 a\u00f1os y quisiera compartirles, queridos lectores, es que las personas no compramos productos: compramos historias.<\/p>\n\n\n\n<p>Es f\u00e1cil caer en el error al pensar que compramos dise\u00f1o o tela o calidad. Esto es un error garrafal. Lo que compramos nunca es una prenda, sino la historia que nos relatamos a nosotros mismos sobre esta o aquella prenda, y la historia que viviremos al contar con ella.&nbsp;<\/p>\n\n\n\n<p>Recuerden, el primer y \u00faltimo paso para emprender es vender historias.<\/p>\n\n\n\n<p>Los dejo, dese\u00e1ndoles que puedan encontrarse con una prima o amiga de nombre raro, y que la vida les d\u00e9 golpes sorpresa que los hagan probar y pensar cosas diferentes.<\/p>\n","protected":false},"excerpt":{"rendered":"<p>Emprender es mi amor. Mi primero, segundo, tercero y cuarto amor.&nbsp; Nada me es m\u00e1s importante que, cuando la vida me da la opci\u00f3n de<\/p>\n","protected":false},"author":41,"featured_media":3650,"comment_status":"open","ping_status":"open","sticky":false,"template":"","format":"standard","meta":{"footnotes":""},"categories":[161,156],"tags":[485,474,486,285],"class_list":["post-3648","post","type-post","status-publish","format-standard","has-post-thumbnail","hentry","category-emprende","category-opinion","tag-amor-al-emprendimiento","tag-emprender","tag-idea","tag-innovacion"],"yoast_head":"<!-- This site is optimized with the Yoast SEO plugin v27.5 - https:\/\/yoast.com\/product\/yoast-seo-wordpress\/ -->\n<title>El amor de emprender - Entorno Empresarial<\/title>\n<meta name=\"robots\" content=\"index, follow, max-snippet:-1, max-image-preview:large, max-video-preview:-1\" \/>\n<link rel=\"canonical\" href=\"https:\/\/coparmexjal.org.mx\/entorno-empresarial\/el-amor-de-emprender\/\" \/>\n<meta property=\"og:locale\" content=\"es_MX\" \/>\n<meta property=\"og:type\" content=\"article\" \/>\n<meta property=\"og:title\" content=\"El amor de emprender - Entorno Empresarial\" \/>\n<meta property=\"og:description\" content=\"Emprender es mi amor. Mi primero, segundo, tercero y cuarto amor.&nbsp; Nada me es m\u00e1s importante que, cuando la vida me da la opci\u00f3n de\" \/>\n<meta property=\"og:url\" content=\"https:\/\/coparmexjal.org.mx\/entorno-empresarial\/el-amor-de-emprender\/\" \/>\n<meta property=\"og:site_name\" content=\"Entorno Empresarial\" \/>\n<meta property=\"article:publisher\" content=\"https:\/\/facebook.com\/comcoparmex\" \/>\n<meta property=\"article:published_time\" content=\"2019-03-01T18:15:00+00:00\" \/>\n<meta property=\"article:modified_time\" content=\"2020-06-26T18:15:16+00:00\" \/>\n<meta property=\"og:image\" content=\"https:\/\/coparmexjal.org.mx\/entorno-empresarial\/wp-content\/uploads\/2020\/06\/mini-personas-idea-bombilla_24877-56146.jpg\" \/>\n\t<meta property=\"og:image:width\" content=\"626\" \/>\n\t<meta property=\"og:image:height\" content=\"721\" \/>\n\t<meta property=\"og:image:type\" content=\"image\/jpeg\" \/>\n<meta name=\"author\" content=\"M\u00e1ximo Macario Jim\u00e9nez Ortiz del Cerro\" \/>\n<meta name=\"twitter:card\" content=\"summary_large_image\" \/>\n<meta name=\"twitter:creator\" content=\"@comcoparmex\" \/>\n<meta name=\"twitter:site\" content=\"@comcoparmex\" \/>\n<meta name=\"twitter:label1\" content=\"Escrito por\" \/>\n\t<meta name=\"twitter:data1\" content=\"M\u00e1ximo Macario Jim\u00e9nez Ortiz del Cerro\" \/>\n\t<meta name=\"twitter:label2\" content=\"Tiempo de lectura\" \/>\n\t<meta name=\"twitter:data2\" content=\"4 minutos\" \/>\n<script type=\"application\/ld+json\" class=\"yoast-schema-graph\">{\"@context\":\"https:\\\/\\\/schema.org\",\"@graph\":[{\"@type\":\"Article\",\"@id\":\"https:\\\/\\\/coparmexjal.org.mx\\\/entorno-empresarial\\\/el-amor-de-emprender\\\/#article\",\"isPartOf\":{\"@id\":\"https:\\\/\\\/coparmexjal.org.mx\\\/entorno-empresarial\\\/el-amor-de-emprender\\\/\"},\"author\":{\"name\":\"M\u00e1ximo Macario Jim\u00e9nez Ortiz del Cerro\",\"@id\":\"https:\\\/\\\/coparmexjal.org.mx\\\/entorno-empresarial\\\/#\\\/schema\\\/person\\\/4cd0e433649d20c330304afaa0613155\"},\"headline\":\"El amor de emprender\",\"datePublished\":\"2019-03-01T18:15:00+00:00\",\"dateModified\":\"2020-06-26T18:15:16+00:00\",\"mainEntityOfPage\":{\"@id\":\"https:\\\/\\\/coparmexjal.org.mx\\\/entorno-empresarial\\\/el-amor-de-emprender\\\/\"},\"wordCount\":835,\"commentCount\":0,\"publisher\":{\"@id\":\"https:\\\/\\\/coparmexjal.org.mx\\\/entorno-empresarial\\\/#organization\"},\"image\":{\"@id\":\"https:\\\/\\\/coparmexjal.org.mx\\\/entorno-empresarial\\\/el-amor-de-emprender\\\/#primaryimage\"},\"thumbnailUrl\":\"https:\\\/\\\/coparmexjal.org.mx\\\/entorno-empresarial\\\/wp-content\\\/uploads\\\/2020\\\/06\\\/mini-personas-idea-bombilla_24877-56146.jpg\",\"keywords\":[\"amor al emprendimiento\",\"emprender\",\"idea\",\"innovaci\u00f3n\"],\"articleSection\":[\"Emprende\",\"Opini\u00f3n\"],\"inLanguage\":\"es\",\"potentialAction\":[{\"@type\":\"CommentAction\",\"name\":\"Comment\",\"target\":[\"https:\\\/\\\/coparmexjal.org.mx\\\/entorno-empresarial\\\/el-amor-de-emprender\\\/#respond\"]}]},{\"@type\":\"WebPage\",\"@id\":\"https:\\\/\\\/coparmexjal.org.mx\\\/entorno-empresarial\\\/el-amor-de-emprender\\\/\",\"url\":\"https:\\\/\\\/coparmexjal.org.mx\\\/entorno-empresarial\\\/el-amor-de-emprender\\\/\",\"name\":\"El amor de emprender - Entorno Empresarial\",\"isPartOf\":{\"@id\":\"https:\\\/\\\/coparmexjal.org.mx\\\/entorno-empresarial\\\/#website\"},\"primaryImageOfPage\":{\"@id\":\"https:\\\/\\\/coparmexjal.org.mx\\\/entorno-empresarial\\\/el-amor-de-emprender\\\/#primaryimage\"},\"image\":{\"@id\":\"https:\\\/\\\/coparmexjal.org.mx\\\/entorno-empresarial\\\/el-amor-de-emprender\\\/#primaryimage\"},\"thumbnailUrl\":\"https:\\\/\\\/coparmexjal.org.mx\\\/entorno-empresarial\\\/wp-content\\\/uploads\\\/2020\\\/06\\\/mini-personas-idea-bombilla_24877-56146.jpg\",\"datePublished\":\"2019-03-01T18:15:00+00:00\",\"dateModified\":\"2020-06-26T18:15:16+00:00\",\"breadcrumb\":{\"@id\":\"https:\\\/\\\/coparmexjal.org.mx\\\/entorno-empresarial\\\/el-amor-de-emprender\\\/#breadcrumb\"},\"inLanguage\":\"es\",\"potentialAction\":[{\"@type\":\"ReadAction\",\"target\":[\"https:\\\/\\\/coparmexjal.org.mx\\\/entorno-empresarial\\\/el-amor-de-emprender\\\/\"]}]},{\"@type\":\"ImageObject\",\"inLanguage\":\"es\",\"@id\":\"https:\\\/\\\/coparmexjal.org.mx\\\/entorno-empresarial\\\/el-amor-de-emprender\\\/#primaryimage\",\"url\":\"https:\\\/\\\/coparmexjal.org.mx\\\/entorno-empresarial\\\/wp-content\\\/uploads\\\/2020\\\/06\\\/mini-personas-idea-bombilla_24877-56146.jpg\",\"contentUrl\":\"https:\\\/\\\/coparmexjal.org.mx\\\/entorno-empresarial\\\/wp-content\\\/uploads\\\/2020\\\/06\\\/mini-personas-idea-bombilla_24877-56146.jpg\",\"width\":626,\"height\":721},{\"@type\":\"BreadcrumbList\",\"@id\":\"https:\\\/\\\/coparmexjal.org.mx\\\/entorno-empresarial\\\/el-amor-de-emprender\\\/#breadcrumb\",\"itemListElement\":[{\"@type\":\"ListItem\",\"position\":1,\"name\":\"Inicio\",\"item\":\"https:\\\/\\\/coparmexjal.org.mx\\\/entorno-empresarial\\\/\"},{\"@type\":\"ListItem\",\"position\":2,\"name\":\"El amor de emprender\"}]},{\"@type\":\"WebSite\",\"@id\":\"https:\\\/\\\/coparmexjal.org.mx\\\/entorno-empresarial\\\/#website\",\"url\":\"https:\\\/\\\/coparmexjal.org.mx\\\/entorno-empresarial\\\/\",\"name\":\"Revista Entorno Empresarial\",\"description\":\"Coparmex Jalisco\",\"publisher\":{\"@id\":\"https:\\\/\\\/coparmexjal.org.mx\\\/entorno-empresarial\\\/#organization\"},\"potentialAction\":[{\"@type\":\"SearchAction\",\"target\":{\"@type\":\"EntryPoint\",\"urlTemplate\":\"https:\\\/\\\/coparmexjal.org.mx\\\/entorno-empresarial\\\/?s={search_term_string}\"},\"query-input\":{\"@type\":\"PropertyValueSpecification\",\"valueRequired\":true,\"valueName\":\"search_term_string\"}}],\"inLanguage\":\"es\"},{\"@type\":\"Organization\",\"@id\":\"https:\\\/\\\/coparmexjal.org.mx\\\/entorno-empresarial\\\/#organization\",\"name\":\"Coparmex Jalisco\",\"url\":\"https:\\\/\\\/coparmexjal.org.mx\\\/entorno-empresarial\\\/\",\"logo\":{\"@type\":\"ImageObject\",\"inLanguage\":\"es\",\"@id\":\"https:\\\/\\\/coparmexjal.org.mx\\\/entorno-empresarial\\\/#\\\/schema\\\/logo\\\/image\\\/\",\"url\":\"https:\\\/\\\/coparmexjal.org.mx\\\/entorno-empresarial\\\/wp-content\\\/uploads\\\/2020\\\/02\\\/logo-amp.png\",\"contentUrl\":\"https:\\\/\\\/coparmexjal.org.mx\\\/entorno-empresarial\\\/wp-content\\\/uploads\\\/2020\\\/02\\\/logo-amp.png\",\"width\":120,\"height\":90,\"caption\":\"Coparmex Jalisco\"},\"image\":{\"@id\":\"https:\\\/\\\/coparmexjal.org.mx\\\/entorno-empresarial\\\/#\\\/schema\\\/logo\\\/image\\\/\"},\"sameAs\":[\"https:\\\/\\\/facebook.com\\\/comcoparmex\",\"https:\\\/\\\/x.com\\\/comcoparmex\",\"http:\\\/\\\/instagram.com\\\/coparmexjalisco\",\"https:\\\/\\\/mx.linkedin.com\\\/company\\\/coparmex-jalisco\",\"https:\\\/\\\/www.youtube.com\\\/c\\\/CoparmexJaliscomx\"]},{\"@type\":\"Person\",\"@id\":\"https:\\\/\\\/coparmexjal.org.mx\\\/entorno-empresarial\\\/#\\\/schema\\\/person\\\/4cd0e433649d20c330304afaa0613155\",\"name\":\"M\u00e1ximo Macario Jim\u00e9nez Ortiz del Cerro\",\"image\":{\"@type\":\"ImageObject\",\"inLanguage\":\"es\",\"@id\":\"https:\\\/\\\/secure.gravatar.com\\\/avatar\\\/c3973aa62d071b811db6badaebf2d60a64b45abb3062944ada107e146af6d0cd?s=96&d=mm&r=g\",\"url\":\"https:\\\/\\\/secure.gravatar.com\\\/avatar\\\/c3973aa62d071b811db6badaebf2d60a64b45abb3062944ada107e146af6d0cd?s=96&d=mm&r=g\",\"contentUrl\":\"https:\\\/\\\/secure.gravatar.com\\\/avatar\\\/c3973aa62d071b811db6badaebf2d60a64b45abb3062944ada107e146af6d0cd?s=96&d=mm&r=g\",\"caption\":\"M\u00e1ximo Macario Jim\u00e9nez Ortiz del Cerro\"},\"url\":\"https:\\\/\\\/coparmexjal.org.mx\\\/entorno-empresarial\\\/author\\\/maximo-jimenez\\\/\"}]}<\/script>\n<!-- \/ Yoast SEO plugin. -->","yoast_head_json":{"title":"El amor de emprender - Entorno Empresarial","robots":{"index":"index","follow":"follow","max-snippet":"max-snippet:-1","max-image-preview":"max-image-preview:large","max-video-preview":"max-video-preview:-1"},"canonical":"https:\/\/coparmexjal.org.mx\/entorno-empresarial\/el-amor-de-emprender\/","og_locale":"es_MX","og_type":"article","og_title":"El amor de emprender - Entorno Empresarial","og_description":"Emprender es mi amor. Mi primero, segundo, tercero y cuarto amor.&nbsp; Nada me es m\u00e1s importante que, cuando la vida me da la opci\u00f3n de","og_url":"https:\/\/coparmexjal.org.mx\/entorno-empresarial\/el-amor-de-emprender\/","og_site_name":"Entorno Empresarial","article_publisher":"https:\/\/facebook.com\/comcoparmex","article_published_time":"2019-03-01T18:15:00+00:00","article_modified_time":"2020-06-26T18:15:16+00:00","og_image":[{"width":626,"height":721,"url":"https:\/\/coparmexjal.org.mx\/entorno-empresarial\/wp-content\/uploads\/2020\/06\/mini-personas-idea-bombilla_24877-56146.jpg","type":"image\/jpeg"}],"author":"M\u00e1ximo Macario Jim\u00e9nez Ortiz del Cerro","twitter_card":"summary_large_image","twitter_creator":"@comcoparmex","twitter_site":"@comcoparmex","twitter_misc":{"Escrito por":"M\u00e1ximo Macario Jim\u00e9nez Ortiz del Cerro","Tiempo de lectura":"4 minutos"},"schema":{"@context":"https:\/\/schema.org","@graph":[{"@type":"Article","@id":"https:\/\/coparmexjal.org.mx\/entorno-empresarial\/el-amor-de-emprender\/#article","isPartOf":{"@id":"https:\/\/coparmexjal.org.mx\/entorno-empresarial\/el-amor-de-emprender\/"},"author":{"name":"M\u00e1ximo Macario Jim\u00e9nez Ortiz del Cerro","@id":"https:\/\/coparmexjal.org.mx\/entorno-empresarial\/#\/schema\/person\/4cd0e433649d20c330304afaa0613155"},"headline":"El amor de emprender","datePublished":"2019-03-01T18:15:00+00:00","dateModified":"2020-06-26T18:15:16+00:00","mainEntityOfPage":{"@id":"https:\/\/coparmexjal.org.mx\/entorno-empresarial\/el-amor-de-emprender\/"},"wordCount":835,"commentCount":0,"publisher":{"@id":"https:\/\/coparmexjal.org.mx\/entorno-empresarial\/#organization"},"image":{"@id":"https:\/\/coparmexjal.org.mx\/entorno-empresarial\/el-amor-de-emprender\/#primaryimage"},"thumbnailUrl":"https:\/\/coparmexjal.org.mx\/entorno-empresarial\/wp-content\/uploads\/2020\/06\/mini-personas-idea-bombilla_24877-56146.jpg","keywords":["amor al emprendimiento","emprender","idea","innovaci\u00f3n"],"articleSection":["Emprende","Opini\u00f3n"],"inLanguage":"es","potentialAction":[{"@type":"CommentAction","name":"Comment","target":["https:\/\/coparmexjal.org.mx\/entorno-empresarial\/el-amor-de-emprender\/#respond"]}]},{"@type":"WebPage","@id":"https:\/\/coparmexjal.org.mx\/entorno-empresarial\/el-amor-de-emprender\/","url":"https:\/\/coparmexjal.org.mx\/entorno-empresarial\/el-amor-de-emprender\/","name":"El amor de emprender - Entorno Empresarial","isPartOf":{"@id":"https:\/\/coparmexjal.org.mx\/entorno-empresarial\/#website"},"primaryImageOfPage":{"@id":"https:\/\/coparmexjal.org.mx\/entorno-empresarial\/el-amor-de-emprender\/#primaryimage"},"image":{"@id":"https:\/\/coparmexjal.org.mx\/entorno-empresarial\/el-amor-de-emprender\/#primaryimage"},"thumbnailUrl":"https:\/\/coparmexjal.org.mx\/entorno-empresarial\/wp-content\/uploads\/2020\/06\/mini-personas-idea-bombilla_24877-56146.jpg","datePublished":"2019-03-01T18:15:00+00:00","dateModified":"2020-06-26T18:15:16+00:00","breadcrumb":{"@id":"https:\/\/coparmexjal.org.mx\/entorno-empresarial\/el-amor-de-emprender\/#breadcrumb"},"inLanguage":"es","potentialAction":[{"@type":"ReadAction","target":["https:\/\/coparmexjal.org.mx\/entorno-empresarial\/el-amor-de-emprender\/"]}]},{"@type":"ImageObject","inLanguage":"es","@id":"https:\/\/coparmexjal.org.mx\/entorno-empresarial\/el-amor-de-emprender\/#primaryimage","url":"https:\/\/coparmexjal.org.mx\/entorno-empresarial\/wp-content\/uploads\/2020\/06\/mini-personas-idea-bombilla_24877-56146.jpg","contentUrl":"https:\/\/coparmexjal.org.mx\/entorno-empresarial\/wp-content\/uploads\/2020\/06\/mini-personas-idea-bombilla_24877-56146.jpg","width":626,"height":721},{"@type":"BreadcrumbList","@id":"https:\/\/coparmexjal.org.mx\/entorno-empresarial\/el-amor-de-emprender\/#breadcrumb","itemListElement":[{"@type":"ListItem","position":1,"name":"Inicio","item":"https:\/\/coparmexjal.org.mx\/entorno-empresarial\/"},{"@type":"ListItem","position":2,"name":"El amor de emprender"}]},{"@type":"WebSite","@id":"https:\/\/coparmexjal.org.mx\/entorno-empresarial\/#website","url":"https:\/\/coparmexjal.org.mx\/entorno-empresarial\/","name":"Revista Entorno Empresarial","description":"Coparmex Jalisco","publisher":{"@id":"https:\/\/coparmexjal.org.mx\/entorno-empresarial\/#organization"},"potentialAction":[{"@type":"SearchAction","target":{"@type":"EntryPoint","urlTemplate":"https:\/\/coparmexjal.org.mx\/entorno-empresarial\/?s={search_term_string}"},"query-input":{"@type":"PropertyValueSpecification","valueRequired":true,"valueName":"search_term_string"}}],"inLanguage":"es"},{"@type":"Organization","@id":"https:\/\/coparmexjal.org.mx\/entorno-empresarial\/#organization","name":"Coparmex Jalisco","url":"https:\/\/coparmexjal.org.mx\/entorno-empresarial\/","logo":{"@type":"ImageObject","inLanguage":"es","@id":"https:\/\/coparmexjal.org.mx\/entorno-empresarial\/#\/schema\/logo\/image\/","url":"https:\/\/coparmexjal.org.mx\/entorno-empresarial\/wp-content\/uploads\/2020\/02\/logo-amp.png","contentUrl":"https:\/\/coparmexjal.org.mx\/entorno-empresarial\/wp-content\/uploads\/2020\/02\/logo-amp.png","width":120,"height":90,"caption":"Coparmex Jalisco"},"image":{"@id":"https:\/\/coparmexjal.org.mx\/entorno-empresarial\/#\/schema\/logo\/image\/"},"sameAs":["https:\/\/facebook.com\/comcoparmex","https:\/\/x.com\/comcoparmex","http:\/\/instagram.com\/coparmexjalisco","https:\/\/mx.linkedin.com\/company\/coparmex-jalisco","https:\/\/www.youtube.com\/c\/CoparmexJaliscomx"]},{"@type":"Person","@id":"https:\/\/coparmexjal.org.mx\/entorno-empresarial\/#\/schema\/person\/4cd0e433649d20c330304afaa0613155","name":"M\u00e1ximo Macario Jim\u00e9nez Ortiz del Cerro","image":{"@type":"ImageObject","inLanguage":"es","@id":"https:\/\/secure.gravatar.com\/avatar\/c3973aa62d071b811db6badaebf2d60a64b45abb3062944ada107e146af6d0cd?s=96&d=mm&r=g","url":"https:\/\/secure.gravatar.com\/avatar\/c3973aa62d071b811db6badaebf2d60a64b45abb3062944ada107e146af6d0cd?s=96&d=mm&r=g","contentUrl":"https:\/\/secure.gravatar.com\/avatar\/c3973aa62d071b811db6badaebf2d60a64b45abb3062944ada107e146af6d0cd?s=96&d=mm&r=g","caption":"M\u00e1ximo Macario Jim\u00e9nez Ortiz del Cerro"},"url":"https:\/\/coparmexjal.org.mx\/entorno-empresarial\/author\/maximo-jimenez\/"}]}},"_links":{"self":[{"href":"https:\/\/coparmexjal.org.mx\/entorno-empresarial\/wp-json\/wp\/v2\/posts\/3648","targetHints":{"allow":["GET"]}}],"collection":[{"href":"https:\/\/coparmexjal.org.mx\/entorno-empresarial\/wp-json\/wp\/v2\/posts"}],"about":[{"href":"https:\/\/coparmexjal.org.mx\/entorno-empresarial\/wp-json\/wp\/v2\/types\/post"}],"author":[{"embeddable":true,"href":"https:\/\/coparmexjal.org.mx\/entorno-empresarial\/wp-json\/wp\/v2\/users\/41"}],"replies":[{"embeddable":true,"href":"https:\/\/coparmexjal.org.mx\/entorno-empresarial\/wp-json\/wp\/v2\/comments?post=3648"}],"version-history":[{"count":1,"href":"https:\/\/coparmexjal.org.mx\/entorno-empresarial\/wp-json\/wp\/v2\/posts\/3648\/revisions"}],"predecessor-version":[{"id":3651,"href":"https:\/\/coparmexjal.org.mx\/entorno-empresarial\/wp-json\/wp\/v2\/posts\/3648\/revisions\/3651"}],"wp:featuredmedia":[{"embeddable":true,"href":"https:\/\/coparmexjal.org.mx\/entorno-empresarial\/wp-json\/wp\/v2\/media\/3650"}],"wp:attachment":[{"href":"https:\/\/coparmexjal.org.mx\/entorno-empresarial\/wp-json\/wp\/v2\/media?parent=3648"}],"wp:term":[{"taxonomy":"category","embeddable":true,"href":"https:\/\/coparmexjal.org.mx\/entorno-empresarial\/wp-json\/wp\/v2\/categories?post=3648"},{"taxonomy":"post_tag","embeddable":true,"href":"https:\/\/coparmexjal.org.mx\/entorno-empresarial\/wp-json\/wp\/v2\/tags?post=3648"}],"curies":[{"name":"wp","href":"https:\/\/api.w.org\/{rel}","templated":true}]}}