{"id":3608,"date":"2020-06-23T08:00:00","date_gmt":"2020-06-23T13:00:00","guid":{"rendered":"https:\/\/coparmexjal.org.mx\/entorno-empresarial\/?p=3608"},"modified":"2020-06-23T11:12:06","modified_gmt":"2020-06-23T16:12:06","slug":"lo-abstracto-de-emprender","status":"publish","type":"post","link":"https:\/\/coparmexjal.org.mx\/entorno-empresarial\/lo-abstracto-de-emprender\/","title":{"rendered":"Lo abstracto de emprender"},"content":{"rendered":"\n<p><em>Lo abstracto de emprender<\/em> es una cr\u00f3nica de vida que nos estimula a superar las pruebas que, inevitablemente, la vida plantea como la que estamos experimentando en el mundo con la pandemia. El reto que tenemos es enorme si deseamos volver a lo que conoc\u00edamos como normalidad. Este libro es un recorrido inusual de un joven dispuesto a reflexionar sobre las lecciones que le ha dado la vida. Pudiera parecer la obra de un hombre mayor por la intensa trayectoria de Daniel G\u00f3mez \u00cd\u00f1iguez, quien logra fusionar una rica experiencia personal, profesional y espiritual con la visi\u00f3n de quien tiene todo por delante.&nbsp;<\/p>\n\n\n\n<p>Emprender, como todo lo que vale la pena no es f\u00e1cil, quiz\u00e1 lo m\u00e1s dif\u00edcil es lo abstracto, lo intangible, lo que no est\u00e1 en los n\u00fameros sino en el coraz\u00f3n. En cada cap\u00edtulo del libro los lectores podr\u00e1n obtener ideas inspiradoras y c\u00f3mo \u00e9stas se pueden transformar con trabajo duro en realidades. Siempre hay tropiezos y situaciones desafortunadas, pero si algo nos deja en claro Daniel es que no se debe permitir que el \u00e1nimo decaiga, siempre habr\u00e1 una soluci\u00f3n o una salida mejor.<\/p>\n\n\n\n<div class=\"wp-block-image\"><figure class=\"alignleft size-large is-resized\"><img fetchpriority=\"high\" decoding=\"async\" src=\"https:\/\/coparmexjal.org.mx\/entorno-empresarial\/wp-content\/uploads\/2020\/06\/Daniel-Gomez.jpg\" alt=\"\" class=\"wp-image-3610\" width=\"332\" height=\"499\" srcset=\"https:\/\/coparmexjal.org.mx\/entorno-empresarial\/wp-content\/uploads\/2020\/06\/Daniel-Gomez.jpg 533w, https:\/\/coparmexjal.org.mx\/entorno-empresarial\/wp-content\/uploads\/2020\/06\/Daniel-Gomez-200x300.jpg 200w\" sizes=\"(max-width: 332px) 100vw, 332px\" \/><\/figure><\/div>\n\n\n\n<p class=\"has-text-align-left\">\u00cd\u00f1iguez fund\u00f3 Solben, a los 16 a\u00f1os, empresa que desarrolla 80% de los biocombustibles en el pa\u00eds y se encuentra ubicada en la ciudad de Monterrey.<strong> \u00a0<\/strong>Ahora a sus 29 a\u00f1os ya ha recibido diversos reconocimientos tanto nacionales como internacionales. Entre estos destacan el Premio de Innovaci\u00f3n de Honeywell que recibi\u00f3 de las manos del doctor Mario Molina, premio Nobel de Qu\u00edmica, tambi\u00e9n recibi\u00f3 el Premio Estatal de la Juventud y fue nombrado el Innovador del a\u00f1o por el MIT Technology Review.\u00a0 Fund\u00f3 la empresa Govfaces en Ginebra cuya misi\u00f3n, avalada por el Banco Mundial, es promover la transparencia internacional. En el a\u00f1o 2016 cofund\u00f3 Talent Network empresa que a\u00f1o con a\u00f1o produce el evento tecnol\u00f3gico para j\u00f3venes m\u00e1s grande de M\u00e9xico.\u00a0<\/p>\n\n\n\n<p>Una de las an\u00e9cdotas m\u00e1s enriquecedoras del libro es la relacionada con el pintor de Oaxaca Gabriel Salvador Cruz a quien conoci\u00f3 por casualidad cuando confeccionaba una de sus obras, en la calle, cerca de la catedral de esa ciudad. Al pasar por ah\u00ed llam\u00f3 la atenci\u00f3n de Daniel al ver que aplicaba a su lienzo una t\u00e9cnica muy original, \u201c\u2026 para hacerla parec\u00eda coser un cuadro con una aguja curva\u201d, nos cuenta en el libro. La belleza del cuadro lo impact\u00f3 y como el artista en vez de vender sus creaciones las intercambiaba, pidi\u00f3 un curso de encuadernaci\u00f3n en el taller del maestro Francisco Toledo. As\u00ed empez\u00f3 una gran amistad que a\u00fan perdura y desemboc\u00f3 en hacer de Cruz un artista reconocido internacionalmente.<\/p>\n\n\n\n<p>A trav\u00e9s de una narraci\u00f3n fluida y amena vamos a descubrir \u00e9sta y otras muchas experiencias que han llevado al autor a ser un referente entre los empresarios j\u00f3venes m\u00e1s destacados de M\u00e9xico.<\/p>\n\n\n\n<p>Este libro se public\u00f3 originalmente en 2017 y ahora LID Editorial ha invitado al autor a sumarse al cat\u00e1logo de LID con el objetivo de dar a conocer a nuestros lectores esta historia de \u00e9xito empresarial y personal.<\/p>\n","protected":false},"excerpt":{"rendered":"<p>Lo abstracto de emprender es una cr\u00f3nica de vida que nos estimula a superar las pruebas que, inevitablemente, la vida plantea como la que estamos<\/p>\n","protected":false},"author":8,"featured_media":3609,"comment_status":"open","ping_status":"open","sticky":false,"template":"","format":"standard","meta":{"footnotes":""},"categories":[159],"tags":[296,474,169,288,231,300,424,423,360],"class_list":["post-3608","post","type-post","status-publish","format-standard","has-post-thumbnail","hentry","category-letras","tag-emprendedor","tag-emprender","tag-empresa","tag-empresarial","tag-empresario","tag-exito","tag-lectura","tag-lid-editorial","tag-retos"],"yoast_head":"<!-- This site is optimized with the Yoast SEO plugin v27.5 - https:\/\/yoast.com\/product\/yoast-seo-wordpress\/ -->\n<title>Lo abstracto de emprender - Entorno Empresarial<\/title>\n<meta name=\"robots\" content=\"index, follow, max-snippet:-1, max-image-preview:large, max-video-preview:-1\" \/>\n<link rel=\"canonical\" href=\"https:\/\/coparmexjal.org.mx\/entorno-empresarial\/lo-abstracto-de-emprender\/\" \/>\n<meta property=\"og:locale\" content=\"es_MX\" \/>\n<meta property=\"og:type\" content=\"article\" \/>\n<meta property=\"og:title\" content=\"Lo abstracto de emprender - Entorno Empresarial\" \/>\n<meta property=\"og:description\" content=\"Lo abstracto de emprender es una cr\u00f3nica de vida que nos estimula a superar las pruebas que, inevitablemente, la vida plantea como la que estamos\" \/>\n<meta property=\"og:url\" content=\"https:\/\/coparmexjal.org.mx\/entorno-empresarial\/lo-abstracto-de-emprender\/\" \/>\n<meta property=\"og:site_name\" content=\"Entorno Empresarial\" \/>\n<meta property=\"article:publisher\" content=\"https:\/\/facebook.com\/comcoparmex\" \/>\n<meta property=\"article:published_time\" content=\"2020-06-23T13:00:00+00:00\" \/>\n<meta property=\"article:modified_time\" content=\"2020-06-23T16:12:06+00:00\" \/>\n<meta property=\"og:image\" content=\"https:\/\/coparmexjal.org.mx\/entorno-empresarial\/wp-content\/uploads\/2020\/06\/Lo-abstracto-de-emprender.jpg\" \/>\n\t<meta property=\"og:image:width\" content=\"534\" \/>\n\t<meta property=\"og:image:height\" content=\"800\" \/>\n\t<meta property=\"og:image:type\" content=\"image\/jpeg\" \/>\n<meta name=\"author\" content=\"Bertha In\u00e9s Herrer\u00edas Franco\" \/>\n<meta name=\"twitter:card\" content=\"summary_large_image\" \/>\n<meta name=\"twitter:creator\" content=\"@comcoparmex\" \/>\n<meta name=\"twitter:site\" content=\"@comcoparmex\" \/>\n<meta name=\"twitter:label1\" content=\"Escrito por\" \/>\n\t<meta name=\"twitter:data1\" content=\"Bertha In\u00e9s Herrer\u00edas Franco\" \/>\n\t<meta name=\"twitter:label2\" content=\"Tiempo de lectura\" \/>\n\t<meta name=\"twitter:data2\" content=\"3 minutos\" \/>\n<script type=\"application\/ld+json\" class=\"yoast-schema-graph\">{\"@context\":\"https:\\\/\\\/schema.org\",\"@graph\":[{\"@type\":\"Article\",\"@id\":\"https:\\\/\\\/coparmexjal.org.mx\\\/entorno-empresarial\\\/lo-abstracto-de-emprender\\\/#article\",\"isPartOf\":{\"@id\":\"https:\\\/\\\/coparmexjal.org.mx\\\/entorno-empresarial\\\/lo-abstracto-de-emprender\\\/\"},\"author\":{\"name\":\"Bertha In\u00e9s Herrer\u00edas Franco\",\"@id\":\"https:\\\/\\\/coparmexjal.org.mx\\\/entorno-empresarial\\\/#\\\/schema\\\/person\\\/a5631197d27621bced2324279987e56a\"},\"headline\":\"Lo abstracto de emprender\",\"datePublished\":\"2020-06-23T13:00:00+00:00\",\"dateModified\":\"2020-06-23T16:12:06+00:00\",\"mainEntityOfPage\":{\"@id\":\"https:\\\/\\\/coparmexjal.org.mx\\\/entorno-empresarial\\\/lo-abstracto-de-emprender\\\/\"},\"wordCount\":545,\"commentCount\":0,\"publisher\":{\"@id\":\"https:\\\/\\\/coparmexjal.org.mx\\\/entorno-empresarial\\\/#organization\"},\"image\":{\"@id\":\"https:\\\/\\\/coparmexjal.org.mx\\\/entorno-empresarial\\\/lo-abstracto-de-emprender\\\/#primaryimage\"},\"thumbnailUrl\":\"https:\\\/\\\/coparmexjal.org.mx\\\/entorno-empresarial\\\/wp-content\\\/uploads\\\/2020\\\/06\\\/Lo-abstracto-de-emprender.jpg\",\"keywords\":[\"emprendedor\",\"emprender\",\"empresa\",\"empresarial\",\"empresario\",\"\u00e9xito\",\"lectura\",\"LID Editorial\",\"retos\"],\"articleSection\":[\"Letras\"],\"inLanguage\":\"es\",\"potentialAction\":[{\"@type\":\"CommentAction\",\"name\":\"Comment\",\"target\":[\"https:\\\/\\\/coparmexjal.org.mx\\\/entorno-empresarial\\\/lo-abstracto-de-emprender\\\/#respond\"]}]},{\"@type\":\"WebPage\",\"@id\":\"https:\\\/\\\/coparmexjal.org.mx\\\/entorno-empresarial\\\/lo-abstracto-de-emprender\\\/\",\"url\":\"https:\\\/\\\/coparmexjal.org.mx\\\/entorno-empresarial\\\/lo-abstracto-de-emprender\\\/\",\"name\":\"Lo abstracto de emprender - Entorno Empresarial\",\"isPartOf\":{\"@id\":\"https:\\\/\\\/coparmexjal.org.mx\\\/entorno-empresarial\\\/#website\"},\"primaryImageOfPage\":{\"@id\":\"https:\\\/\\\/coparmexjal.org.mx\\\/entorno-empresarial\\\/lo-abstracto-de-emprender\\\/#primaryimage\"},\"image\":{\"@id\":\"https:\\\/\\\/coparmexjal.org.mx\\\/entorno-empresarial\\\/lo-abstracto-de-emprender\\\/#primaryimage\"},\"thumbnailUrl\":\"https:\\\/\\\/coparmexjal.org.mx\\\/entorno-empresarial\\\/wp-content\\\/uploads\\\/2020\\\/06\\\/Lo-abstracto-de-emprender.jpg\",\"datePublished\":\"2020-06-23T13:00:00+00:00\",\"dateModified\":\"2020-06-23T16:12:06+00:00\",\"breadcrumb\":{\"@id\":\"https:\\\/\\\/coparmexjal.org.mx\\\/entorno-empresarial\\\/lo-abstracto-de-emprender\\\/#breadcrumb\"},\"inLanguage\":\"es\",\"potentialAction\":[{\"@type\":\"ReadAction\",\"target\":[\"https:\\\/\\\/coparmexjal.org.mx\\\/entorno-empresarial\\\/lo-abstracto-de-emprender\\\/\"]}]},{\"@type\":\"ImageObject\",\"inLanguage\":\"es\",\"@id\":\"https:\\\/\\\/coparmexjal.org.mx\\\/entorno-empresarial\\\/lo-abstracto-de-emprender\\\/#primaryimage\",\"url\":\"https:\\\/\\\/coparmexjal.org.mx\\\/entorno-empresarial\\\/wp-content\\\/uploads\\\/2020\\\/06\\\/Lo-abstracto-de-emprender.jpg\",\"contentUrl\":\"https:\\\/\\\/coparmexjal.org.mx\\\/entorno-empresarial\\\/wp-content\\\/uploads\\\/2020\\\/06\\\/Lo-abstracto-de-emprender.jpg\",\"width\":534,\"height\":800},{\"@type\":\"BreadcrumbList\",\"@id\":\"https:\\\/\\\/coparmexjal.org.mx\\\/entorno-empresarial\\\/lo-abstracto-de-emprender\\\/#breadcrumb\",\"itemListElement\":[{\"@type\":\"ListItem\",\"position\":1,\"name\":\"Inicio\",\"item\":\"https:\\\/\\\/coparmexjal.org.mx\\\/entorno-empresarial\\\/\"},{\"@type\":\"ListItem\",\"position\":2,\"name\":\"Lo abstracto de emprender\"}]},{\"@type\":\"WebSite\",\"@id\":\"https:\\\/\\\/coparmexjal.org.mx\\\/entorno-empresarial\\\/#website\",\"url\":\"https:\\\/\\\/coparmexjal.org.mx\\\/entorno-empresarial\\\/\",\"name\":\"Revista Entorno Empresarial\",\"description\":\"Coparmex Jalisco\",\"publisher\":{\"@id\":\"https:\\\/\\\/coparmexjal.org.mx\\\/entorno-empresarial\\\/#organization\"},\"potentialAction\":[{\"@type\":\"SearchAction\",\"target\":{\"@type\":\"EntryPoint\",\"urlTemplate\":\"https:\\\/\\\/coparmexjal.org.mx\\\/entorno-empresarial\\\/?s={search_term_string}\"},\"query-input\":{\"@type\":\"PropertyValueSpecification\",\"valueRequired\":true,\"valueName\":\"search_term_string\"}}],\"inLanguage\":\"es\"},{\"@type\":\"Organization\",\"@id\":\"https:\\\/\\\/coparmexjal.org.mx\\\/entorno-empresarial\\\/#organization\",\"name\":\"Coparmex Jalisco\",\"url\":\"https:\\\/\\\/coparmexjal.org.mx\\\/entorno-empresarial\\\/\",\"logo\":{\"@type\":\"ImageObject\",\"inLanguage\":\"es\",\"@id\":\"https:\\\/\\\/coparmexjal.org.mx\\\/entorno-empresarial\\\/#\\\/schema\\\/logo\\\/image\\\/\",\"url\":\"https:\\\/\\\/coparmexjal.org.mx\\\/entorno-empresarial\\\/wp-content\\\/uploads\\\/2020\\\/02\\\/logo-amp.png\",\"contentUrl\":\"https:\\\/\\\/coparmexjal.org.mx\\\/entorno-empresarial\\\/wp-content\\\/uploads\\\/2020\\\/02\\\/logo-amp.png\",\"width\":120,\"height\":90,\"caption\":\"Coparmex Jalisco\"},\"image\":{\"@id\":\"https:\\\/\\\/coparmexjal.org.mx\\\/entorno-empresarial\\\/#\\\/schema\\\/logo\\\/image\\\/\"},\"sameAs\":[\"https:\\\/\\\/facebook.com\\\/comcoparmex\",\"https:\\\/\\\/x.com\\\/comcoparmex\",\"http:\\\/\\\/instagram.com\\\/coparmexjalisco\",\"https:\\\/\\\/mx.linkedin.com\\\/company\\\/coparmex-jalisco\",\"https:\\\/\\\/www.youtube.com\\\/c\\\/CoparmexJaliscomx\"]},{\"@type\":\"Person\",\"@id\":\"https:\\\/\\\/coparmexjal.org.mx\\\/entorno-empresarial\\\/#\\\/schema\\\/person\\\/a5631197d27621bced2324279987e56a\",\"name\":\"Bertha In\u00e9s Herrer\u00edas Franco\",\"image\":{\"@type\":\"ImageObject\",\"inLanguage\":\"es\",\"@id\":\"https:\\\/\\\/coparmexjal.org.mx\\\/entorno-empresarial\\\/wp-content\\\/uploads\\\/2020\\\/06\\\/lid-150x150.jpg\",\"url\":\"https:\\\/\\\/coparmexjal.org.mx\\\/entorno-empresarial\\\/wp-content\\\/uploads\\\/2020\\\/06\\\/lid-150x150.jpg\",\"contentUrl\":\"https:\\\/\\\/coparmexjal.org.mx\\\/entorno-empresarial\\\/wp-content\\\/uploads\\\/2020\\\/06\\\/lid-150x150.jpg\",\"caption\":\"Bertha In\u00e9s Herrer\u00edas Franco\"},\"description\":\"Gerente de comunicaci\u00f3n de LID Editorial Mexicana\",\"sameAs\":[\"https:\\\/\\\/www.lideditorial.com\"],\"url\":\"https:\\\/\\\/coparmexjal.org.mx\\\/entorno-empresarial\\\/author\\\/bertha-herrerias\\\/\"}]}<\/script>\n<!-- \/ Yoast SEO plugin. -->","yoast_head_json":{"title":"Lo abstracto de emprender - Entorno Empresarial","robots":{"index":"index","follow":"follow","max-snippet":"max-snippet:-1","max-image-preview":"max-image-preview:large","max-video-preview":"max-video-preview:-1"},"canonical":"https:\/\/coparmexjal.org.mx\/entorno-empresarial\/lo-abstracto-de-emprender\/","og_locale":"es_MX","og_type":"article","og_title":"Lo abstracto de emprender - Entorno Empresarial","og_description":"Lo abstracto de emprender es una cr\u00f3nica de vida que nos estimula a superar las pruebas que, inevitablemente, la vida plantea como la que estamos","og_url":"https:\/\/coparmexjal.org.mx\/entorno-empresarial\/lo-abstracto-de-emprender\/","og_site_name":"Entorno Empresarial","article_publisher":"https:\/\/facebook.com\/comcoparmex","article_published_time":"2020-06-23T13:00:00+00:00","article_modified_time":"2020-06-23T16:12:06+00:00","og_image":[{"width":534,"height":800,"url":"https:\/\/coparmexjal.org.mx\/entorno-empresarial\/wp-content\/uploads\/2020\/06\/Lo-abstracto-de-emprender.jpg","type":"image\/jpeg"}],"author":"Bertha In\u00e9s Herrer\u00edas Franco","twitter_card":"summary_large_image","twitter_creator":"@comcoparmex","twitter_site":"@comcoparmex","twitter_misc":{"Escrito por":"Bertha In\u00e9s Herrer\u00edas Franco","Tiempo de lectura":"3 minutos"},"schema":{"@context":"https:\/\/schema.org","@graph":[{"@type":"Article","@id":"https:\/\/coparmexjal.org.mx\/entorno-empresarial\/lo-abstracto-de-emprender\/#article","isPartOf":{"@id":"https:\/\/coparmexjal.org.mx\/entorno-empresarial\/lo-abstracto-de-emprender\/"},"author":{"name":"Bertha In\u00e9s Herrer\u00edas Franco","@id":"https:\/\/coparmexjal.org.mx\/entorno-empresarial\/#\/schema\/person\/a5631197d27621bced2324279987e56a"},"headline":"Lo abstracto de emprender","datePublished":"2020-06-23T13:00:00+00:00","dateModified":"2020-06-23T16:12:06+00:00","mainEntityOfPage":{"@id":"https:\/\/coparmexjal.org.mx\/entorno-empresarial\/lo-abstracto-de-emprender\/"},"wordCount":545,"commentCount":0,"publisher":{"@id":"https:\/\/coparmexjal.org.mx\/entorno-empresarial\/#organization"},"image":{"@id":"https:\/\/coparmexjal.org.mx\/entorno-empresarial\/lo-abstracto-de-emprender\/#primaryimage"},"thumbnailUrl":"https:\/\/coparmexjal.org.mx\/entorno-empresarial\/wp-content\/uploads\/2020\/06\/Lo-abstracto-de-emprender.jpg","keywords":["emprendedor","emprender","empresa","empresarial","empresario","\u00e9xito","lectura","LID Editorial","retos"],"articleSection":["Letras"],"inLanguage":"es","potentialAction":[{"@type":"CommentAction","name":"Comment","target":["https:\/\/coparmexjal.org.mx\/entorno-empresarial\/lo-abstracto-de-emprender\/#respond"]}]},{"@type":"WebPage","@id":"https:\/\/coparmexjal.org.mx\/entorno-empresarial\/lo-abstracto-de-emprender\/","url":"https:\/\/coparmexjal.org.mx\/entorno-empresarial\/lo-abstracto-de-emprender\/","name":"Lo abstracto de emprender - Entorno Empresarial","isPartOf":{"@id":"https:\/\/coparmexjal.org.mx\/entorno-empresarial\/#website"},"primaryImageOfPage":{"@id":"https:\/\/coparmexjal.org.mx\/entorno-empresarial\/lo-abstracto-de-emprender\/#primaryimage"},"image":{"@id":"https:\/\/coparmexjal.org.mx\/entorno-empresarial\/lo-abstracto-de-emprender\/#primaryimage"},"thumbnailUrl":"https:\/\/coparmexjal.org.mx\/entorno-empresarial\/wp-content\/uploads\/2020\/06\/Lo-abstracto-de-emprender.jpg","datePublished":"2020-06-23T13:00:00+00:00","dateModified":"2020-06-23T16:12:06+00:00","breadcrumb":{"@id":"https:\/\/coparmexjal.org.mx\/entorno-empresarial\/lo-abstracto-de-emprender\/#breadcrumb"},"inLanguage":"es","potentialAction":[{"@type":"ReadAction","target":["https:\/\/coparmexjal.org.mx\/entorno-empresarial\/lo-abstracto-de-emprender\/"]}]},{"@type":"ImageObject","inLanguage":"es","@id":"https:\/\/coparmexjal.org.mx\/entorno-empresarial\/lo-abstracto-de-emprender\/#primaryimage","url":"https:\/\/coparmexjal.org.mx\/entorno-empresarial\/wp-content\/uploads\/2020\/06\/Lo-abstracto-de-emprender.jpg","contentUrl":"https:\/\/coparmexjal.org.mx\/entorno-empresarial\/wp-content\/uploads\/2020\/06\/Lo-abstracto-de-emprender.jpg","width":534,"height":800},{"@type":"BreadcrumbList","@id":"https:\/\/coparmexjal.org.mx\/entorno-empresarial\/lo-abstracto-de-emprender\/#breadcrumb","itemListElement":[{"@type":"ListItem","position":1,"name":"Inicio","item":"https:\/\/coparmexjal.org.mx\/entorno-empresarial\/"},{"@type":"ListItem","position":2,"name":"Lo abstracto de emprender"}]},{"@type":"WebSite","@id":"https:\/\/coparmexjal.org.mx\/entorno-empresarial\/#website","url":"https:\/\/coparmexjal.org.mx\/entorno-empresarial\/","name":"Revista Entorno Empresarial","description":"Coparmex Jalisco","publisher":{"@id":"https:\/\/coparmexjal.org.mx\/entorno-empresarial\/#organization"},"potentialAction":[{"@type":"SearchAction","target":{"@type":"EntryPoint","urlTemplate":"https:\/\/coparmexjal.org.mx\/entorno-empresarial\/?s={search_term_string}"},"query-input":{"@type":"PropertyValueSpecification","valueRequired":true,"valueName":"search_term_string"}}],"inLanguage":"es"},{"@type":"Organization","@id":"https:\/\/coparmexjal.org.mx\/entorno-empresarial\/#organization","name":"Coparmex Jalisco","url":"https:\/\/coparmexjal.org.mx\/entorno-empresarial\/","logo":{"@type":"ImageObject","inLanguage":"es","@id":"https:\/\/coparmexjal.org.mx\/entorno-empresarial\/#\/schema\/logo\/image\/","url":"https:\/\/coparmexjal.org.mx\/entorno-empresarial\/wp-content\/uploads\/2020\/02\/logo-amp.png","contentUrl":"https:\/\/coparmexjal.org.mx\/entorno-empresarial\/wp-content\/uploads\/2020\/02\/logo-amp.png","width":120,"height":90,"caption":"Coparmex Jalisco"},"image":{"@id":"https:\/\/coparmexjal.org.mx\/entorno-empresarial\/#\/schema\/logo\/image\/"},"sameAs":["https:\/\/facebook.com\/comcoparmex","https:\/\/x.com\/comcoparmex","http:\/\/instagram.com\/coparmexjalisco","https:\/\/mx.linkedin.com\/company\/coparmex-jalisco","https:\/\/www.youtube.com\/c\/CoparmexJaliscomx"]},{"@type":"Person","@id":"https:\/\/coparmexjal.org.mx\/entorno-empresarial\/#\/schema\/person\/a5631197d27621bced2324279987e56a","name":"Bertha In\u00e9s Herrer\u00edas Franco","image":{"@type":"ImageObject","inLanguage":"es","@id":"https:\/\/coparmexjal.org.mx\/entorno-empresarial\/wp-content\/uploads\/2020\/06\/lid-150x150.jpg","url":"https:\/\/coparmexjal.org.mx\/entorno-empresarial\/wp-content\/uploads\/2020\/06\/lid-150x150.jpg","contentUrl":"https:\/\/coparmexjal.org.mx\/entorno-empresarial\/wp-content\/uploads\/2020\/06\/lid-150x150.jpg","caption":"Bertha In\u00e9s Herrer\u00edas Franco"},"description":"Gerente de comunicaci\u00f3n de LID Editorial Mexicana","sameAs":["https:\/\/www.lideditorial.com"],"url":"https:\/\/coparmexjal.org.mx\/entorno-empresarial\/author\/bertha-herrerias\/"}]}},"_links":{"self":[{"href":"https:\/\/coparmexjal.org.mx\/entorno-empresarial\/wp-json\/wp\/v2\/posts\/3608","targetHints":{"allow":["GET"]}}],"collection":[{"href":"https:\/\/coparmexjal.org.mx\/entorno-empresarial\/wp-json\/wp\/v2\/posts"}],"about":[{"href":"https:\/\/coparmexjal.org.mx\/entorno-empresarial\/wp-json\/wp\/v2\/types\/post"}],"author":[{"embeddable":true,"href":"https:\/\/coparmexjal.org.mx\/entorno-empresarial\/wp-json\/wp\/v2\/users\/8"}],"replies":[{"embeddable":true,"href":"https:\/\/coparmexjal.org.mx\/entorno-empresarial\/wp-json\/wp\/v2\/comments?post=3608"}],"version-history":[{"count":1,"href":"https:\/\/coparmexjal.org.mx\/entorno-empresarial\/wp-json\/wp\/v2\/posts\/3608\/revisions"}],"predecessor-version":[{"id":3611,"href":"https:\/\/coparmexjal.org.mx\/entorno-empresarial\/wp-json\/wp\/v2\/posts\/3608\/revisions\/3611"}],"wp:featuredmedia":[{"embeddable":true,"href":"https:\/\/coparmexjal.org.mx\/entorno-empresarial\/wp-json\/wp\/v2\/media\/3609"}],"wp:attachment":[{"href":"https:\/\/coparmexjal.org.mx\/entorno-empresarial\/wp-json\/wp\/v2\/media?parent=3608"}],"wp:term":[{"taxonomy":"category","embeddable":true,"href":"https:\/\/coparmexjal.org.mx\/entorno-empresarial\/wp-json\/wp\/v2\/categories?post=3608"},{"taxonomy":"post_tag","embeddable":true,"href":"https:\/\/coparmexjal.org.mx\/entorno-empresarial\/wp-json\/wp\/v2\/tags?post=3608"}],"curies":[{"name":"wp","href":"https:\/\/api.w.org\/{rel}","templated":true}]}}