{"id":3584,"date":"2019-01-01T13:06:50","date_gmt":"2019-01-01T19:06:50","guid":{"rendered":"https:\/\/coparmexjal.org.mx\/entorno-empresarial\/?p=3584"},"modified":"2020-06-09T13:15:38","modified_gmt":"2020-06-09T18:15:38","slug":"el-terror-de-emprender","status":"publish","type":"post","link":"https:\/\/coparmexjal.org.mx\/entorno-empresarial\/el-terror-de-emprender\/","title":{"rendered":"El terror de emprender"},"content":{"rendered":"\n<p>Emprender es mi pasi\u00f3n, no mi virtud. Quiero dejar eso completamente claro.<\/p>\n\n\n\n<p>Mi nombre es M\u00e1ximo Macario Jim\u00e9nez Ortiz del Cerro. Mis padres tuvieron muchos aciertos y habilidades en su vida; poner nombres no era uno de ellos.<\/p>\n\n\n\n<p>\u00bfQu\u00e9 hago y por qu\u00e9 estoy escribiendo en esta columna?<\/p>\n\n\n\n<p>Tengo el mejor trabajo del mundo. Para pon\u00e9rselo de una manera simple, soy el Quijote 2.0 del emprendimiento. Suena un trabajo sencillo, pero, se\u00f1ores, para nada lo es. Un trabajo propio s\u00ed; simple, jam\u00e1s.<\/p>\n\n\n\n<p>Este es mi 14<sup>o<\/sup> emprendimiento, y si no hablamos de \u00e9xito, podr\u00eda decir que me ha ido muy bien. Tengo un mill\u00f3n de fans hipervirtuales y cientos se suman a la lista cada d\u00eda. Nunca divulgo que tengo 42 a\u00f1os de edad ni que adoro el caf\u00e9 fr\u00edo con leche de cabra.<\/p>\n\n\n\n<p>Hace poco me invitaron a escribir esta columna y estuve tentado a decir que no. Mi tiempo es extremadamente limitado y no estaba seguro de poder aportar algo et\u00e9reo y perenne, pero despu\u00e9s tuve un gran pensamiento: el fracaso es mi mejor amigo, y eso es algo que vale la pena compartir.<\/p>\n\n\n\n<p>Para explicarlo mejor tendr\u00e9 que compartir un poco de mi historia.&nbsp;<\/p>\n\n\n\n<p>Dicen que cuando nac\u00ed lo primero que hice fue morderme la lengua. Pudiera parecer un dato irrelevante pero estar\u00edan equivocados si pensaran as\u00ed: nada en esta vida es irrelevante salvo que uno as\u00ed lo considere.<\/p>\n\n\n\n<p>Mi primer emprendimiento, a los once a\u00f1os, consisti\u00f3 en crear un aparato para que los ni\u00f1os reci\u00e9n nacidos no sufrieran la misma pena que yo (cabe hacer notar que mis primos siempre me dec\u00edan que no ten\u00eda muchos amigos por morderme la lengua al nacer, cosa que caus\u00f3 un profundo impacto en m\u00ed, aun cuando a\u00f1os despu\u00e9s descubr\u00ed que los ni\u00f1os no nac\u00edan con dientes y que era imposible que me hubiese mordido la lengua al nacer). Debo admitir que a esa tierna edad mi inteligencia no era suprema, y podr\u00eda aceptar que tal vez era un poco limitada. Pero lo que me faltaba de inteligencia lo ten\u00eda de elocuencia.<\/p>\n\n\n\n<p>Por lo tanto, llegu\u00e9 a dibujar al menos diez prototipos diferentes, y un gran logro que tuve fue poder estar presente en el nacimiento de mi primo Jacinto. Recuerdo perfectamente la emoci\u00f3n que sent\u00ed al estar vestido con una bata y con mi primer prototipo escondido en mi bolsa, listo para probarlo en el instante en el que mi primo saliera del \u00fatero de mi t\u00eda. Seguramente podr\u00e1n imaginar el desenlace\u2026 jam\u00e1s tuve la oportunidad de probar mi primer invento, y cuando el doctor se dio cuenta de que me hab\u00eda introducido en la sala de parto, me invit\u00f3 enf\u00e1ticamente con una patada a que me saliera.<\/p>\n\n\n\n<p>Justo al salir corriendo de la sala de parto tuve un aprendizaje que marc\u00f3 mi vida. Supe que el fracaso ser\u00eda mi mejor compa\u00f1ero. Claro que en ese instante no fue una frase lo que vino a mi mente; m\u00e1s bien fue un tipo de emoci\u00f3n donde me sent\u00ed tonto, inteligente, valiente y cobarde al mismo tiempo.<\/p>\n\n\n\n<p>Las personas huyen del fracaso y corren cuando sienten miedo. Me parece curioso por qu\u00e9 tantas personas huyen ante algo que, en lo personal, no solo me es interesante, sino podr\u00eda inclusive decir que me es placentero y altamente interesante.<\/p>\n\n\n\n<div class=\"wp-block-image\"><figure class=\"aligncenter size-large is-resized\"><img fetchpriority=\"high\" decoding=\"async\" src=\"https:\/\/coparmexjal.org.mx\/entorno-empresarial\/wp-content\/uploads\/2020\/06\/photo-1504805572947-34fad45aed93-1.jpg\" alt=\"\" class=\"wp-image-3587\" width=\"516\" height=\"344\" srcset=\"https:\/\/coparmexjal.org.mx\/entorno-empresarial\/wp-content\/uploads\/2020\/06\/photo-1504805572947-34fad45aed93-1.jpg 750w, https:\/\/coparmexjal.org.mx\/entorno-empresarial\/wp-content\/uploads\/2020\/06\/photo-1504805572947-34fad45aed93-1-300x200.jpg 300w\" sizes=\"(max-width: 516px) 100vw, 516px\" \/><\/figure><\/div>\n\n\n\n<p>Entiendo que muchas personas no lo entiendan, y justamente esa es mi motivaci\u00f3n.&nbsp;<\/p>\n\n\n\n<p>Para concluir apropiadamente, me gustar\u00eda decir que tenemos un gran enemigo en este pa\u00eds. Ese enemigo no son los pol\u00edticos ni los v\u00e1ndalos. El verdadero enemigo que tenemos que erradicar es el miedo.<\/p>\n\n\n\n<p>As\u00ed como soy consciente de que mis fallas son muchas, s\u00e9 que cuento con una virtud: inmunidad al miedo. Es mi gran objetivo y mi deseo que cada uno de ustedes pueda tambi\u00e9n deshacerse del ofuscamiento mental que nos aplasta la vida.<\/p>\n","protected":false},"excerpt":{"rendered":"<p>Las personas huyen del fracaso y corren cuando sienten miedo. Me parece curioso por qu\u00e9 tantas personas huyen ante algo que, en lo personal, no solo me es interesante, sino podr\u00eda inclusive decir que me es placentero y altamente interesante.<\/p>\n","protected":false},"author":41,"featured_media":3585,"comment_status":"open","ping_status":"open","sticky":false,"template":"","format":"standard","meta":{"footnotes":""},"categories":[161,156],"tags":[],"class_list":["post-3584","post","type-post","status-publish","format-standard","has-post-thumbnail","hentry","category-emprende","category-opinion"],"yoast_head":"<!-- This site is optimized with the Yoast SEO plugin v27.5 - https:\/\/yoast.com\/product\/yoast-seo-wordpress\/ -->\n<title>El terror de emprender - Entorno Empresarial<\/title>\n<meta name=\"robots\" content=\"index, follow, max-snippet:-1, max-image-preview:large, max-video-preview:-1\" \/>\n<link rel=\"canonical\" href=\"https:\/\/coparmexjal.org.mx\/entorno-empresarial\/el-terror-de-emprender\/\" \/>\n<meta property=\"og:locale\" content=\"es_MX\" \/>\n<meta property=\"og:type\" content=\"article\" \/>\n<meta property=\"og:title\" content=\"El terror de emprender - Entorno Empresarial\" \/>\n<meta property=\"og:description\" content=\"Las personas huyen del fracaso y corren cuando sienten miedo. Me parece curioso por qu\u00e9 tantas personas huyen ante algo que, en lo personal, no solo me es interesante, sino podr\u00eda inclusive decir que me es placentero y altamente interesante.\" \/>\n<meta property=\"og:url\" content=\"https:\/\/coparmexjal.org.mx\/entorno-empresarial\/el-terror-de-emprender\/\" \/>\n<meta property=\"og:site_name\" content=\"Entorno Empresarial\" \/>\n<meta property=\"article:publisher\" content=\"https:\/\/facebook.com\/comcoparmex\" \/>\n<meta property=\"article:published_time\" content=\"2019-01-01T19:06:50+00:00\" \/>\n<meta property=\"article:modified_time\" content=\"2020-06-09T18:15:38+00:00\" \/>\n<meta property=\"og:image\" content=\"https:\/\/coparmexjal.org.mx\/entorno-empresarial\/wp-content\/uploads\/2020\/06\/photo-1554774853-aae0a22c8aa4.jpg\" \/>\n\t<meta property=\"og:image:width\" content=\"750\" \/>\n\t<meta property=\"og:image:height\" content=\"500\" \/>\n\t<meta property=\"og:image:type\" content=\"image\/jpeg\" \/>\n<meta name=\"author\" content=\"M\u00e1ximo Macario Jim\u00e9nez Ortiz del Cerro\" \/>\n<meta name=\"twitter:card\" content=\"summary_large_image\" \/>\n<meta name=\"twitter:creator\" content=\"@comcoparmex\" \/>\n<meta name=\"twitter:site\" content=\"@comcoparmex\" \/>\n<meta name=\"twitter:label1\" content=\"Escrito por\" \/>\n\t<meta name=\"twitter:data1\" content=\"M\u00e1ximo Macario Jim\u00e9nez Ortiz del Cerro\" \/>\n\t<meta name=\"twitter:label2\" content=\"Tiempo de lectura\" \/>\n\t<meta name=\"twitter:data2\" content=\"3 minutos\" \/>\n<script type=\"application\/ld+json\" class=\"yoast-schema-graph\">{\"@context\":\"https:\\\/\\\/schema.org\",\"@graph\":[{\"@type\":\"Article\",\"@id\":\"https:\\\/\\\/coparmexjal.org.mx\\\/entorno-empresarial\\\/el-terror-de-emprender\\\/#article\",\"isPartOf\":{\"@id\":\"https:\\\/\\\/coparmexjal.org.mx\\\/entorno-empresarial\\\/el-terror-de-emprender\\\/\"},\"author\":{\"name\":\"M\u00e1ximo Macario Jim\u00e9nez Ortiz del Cerro\",\"@id\":\"https:\\\/\\\/coparmexjal.org.mx\\\/entorno-empresarial\\\/#\\\/schema\\\/person\\\/4cd0e433649d20c330304afaa0613155\"},\"headline\":\"El terror de emprender\",\"datePublished\":\"2019-01-01T19:06:50+00:00\",\"dateModified\":\"2020-06-09T18:15:38+00:00\",\"mainEntityOfPage\":{\"@id\":\"https:\\\/\\\/coparmexjal.org.mx\\\/entorno-empresarial\\\/el-terror-de-emprender\\\/\"},\"wordCount\":680,\"commentCount\":0,\"publisher\":{\"@id\":\"https:\\\/\\\/coparmexjal.org.mx\\\/entorno-empresarial\\\/#organization\"},\"image\":{\"@id\":\"https:\\\/\\\/coparmexjal.org.mx\\\/entorno-empresarial\\\/el-terror-de-emprender\\\/#primaryimage\"},\"thumbnailUrl\":\"https:\\\/\\\/coparmexjal.org.mx\\\/entorno-empresarial\\\/wp-content\\\/uploads\\\/2020\\\/06\\\/photo-1554774853-aae0a22c8aa4.jpg\",\"articleSection\":[\"Emprende\",\"Opini\u00f3n\"],\"inLanguage\":\"es\",\"potentialAction\":[{\"@type\":\"CommentAction\",\"name\":\"Comment\",\"target\":[\"https:\\\/\\\/coparmexjal.org.mx\\\/entorno-empresarial\\\/el-terror-de-emprender\\\/#respond\"]}]},{\"@type\":\"WebPage\",\"@id\":\"https:\\\/\\\/coparmexjal.org.mx\\\/entorno-empresarial\\\/el-terror-de-emprender\\\/\",\"url\":\"https:\\\/\\\/coparmexjal.org.mx\\\/entorno-empresarial\\\/el-terror-de-emprender\\\/\",\"name\":\"El terror de emprender - Entorno Empresarial\",\"isPartOf\":{\"@id\":\"https:\\\/\\\/coparmexjal.org.mx\\\/entorno-empresarial\\\/#website\"},\"primaryImageOfPage\":{\"@id\":\"https:\\\/\\\/coparmexjal.org.mx\\\/entorno-empresarial\\\/el-terror-de-emprender\\\/#primaryimage\"},\"image\":{\"@id\":\"https:\\\/\\\/coparmexjal.org.mx\\\/entorno-empresarial\\\/el-terror-de-emprender\\\/#primaryimage\"},\"thumbnailUrl\":\"https:\\\/\\\/coparmexjal.org.mx\\\/entorno-empresarial\\\/wp-content\\\/uploads\\\/2020\\\/06\\\/photo-1554774853-aae0a22c8aa4.jpg\",\"datePublished\":\"2019-01-01T19:06:50+00:00\",\"dateModified\":\"2020-06-09T18:15:38+00:00\",\"breadcrumb\":{\"@id\":\"https:\\\/\\\/coparmexjal.org.mx\\\/entorno-empresarial\\\/el-terror-de-emprender\\\/#breadcrumb\"},\"inLanguage\":\"es\",\"potentialAction\":[{\"@type\":\"ReadAction\",\"target\":[\"https:\\\/\\\/coparmexjal.org.mx\\\/entorno-empresarial\\\/el-terror-de-emprender\\\/\"]}]},{\"@type\":\"ImageObject\",\"inLanguage\":\"es\",\"@id\":\"https:\\\/\\\/coparmexjal.org.mx\\\/entorno-empresarial\\\/el-terror-de-emprender\\\/#primaryimage\",\"url\":\"https:\\\/\\\/coparmexjal.org.mx\\\/entorno-empresarial\\\/wp-content\\\/uploads\\\/2020\\\/06\\\/photo-1554774853-aae0a22c8aa4.jpg\",\"contentUrl\":\"https:\\\/\\\/coparmexjal.org.mx\\\/entorno-empresarial\\\/wp-content\\\/uploads\\\/2020\\\/06\\\/photo-1554774853-aae0a22c8aa4.jpg\",\"width\":750,\"height\":500},{\"@type\":\"BreadcrumbList\",\"@id\":\"https:\\\/\\\/coparmexjal.org.mx\\\/entorno-empresarial\\\/el-terror-de-emprender\\\/#breadcrumb\",\"itemListElement\":[{\"@type\":\"ListItem\",\"position\":1,\"name\":\"Inicio\",\"item\":\"https:\\\/\\\/coparmexjal.org.mx\\\/entorno-empresarial\\\/\"},{\"@type\":\"ListItem\",\"position\":2,\"name\":\"El terror de emprender\"}]},{\"@type\":\"WebSite\",\"@id\":\"https:\\\/\\\/coparmexjal.org.mx\\\/entorno-empresarial\\\/#website\",\"url\":\"https:\\\/\\\/coparmexjal.org.mx\\\/entorno-empresarial\\\/\",\"name\":\"Revista Entorno Empresarial\",\"description\":\"Coparmex Jalisco\",\"publisher\":{\"@id\":\"https:\\\/\\\/coparmexjal.org.mx\\\/entorno-empresarial\\\/#organization\"},\"potentialAction\":[{\"@type\":\"SearchAction\",\"target\":{\"@type\":\"EntryPoint\",\"urlTemplate\":\"https:\\\/\\\/coparmexjal.org.mx\\\/entorno-empresarial\\\/?s={search_term_string}\"},\"query-input\":{\"@type\":\"PropertyValueSpecification\",\"valueRequired\":true,\"valueName\":\"search_term_string\"}}],\"inLanguage\":\"es\"},{\"@type\":\"Organization\",\"@id\":\"https:\\\/\\\/coparmexjal.org.mx\\\/entorno-empresarial\\\/#organization\",\"name\":\"Coparmex Jalisco\",\"url\":\"https:\\\/\\\/coparmexjal.org.mx\\\/entorno-empresarial\\\/\",\"logo\":{\"@type\":\"ImageObject\",\"inLanguage\":\"es\",\"@id\":\"https:\\\/\\\/coparmexjal.org.mx\\\/entorno-empresarial\\\/#\\\/schema\\\/logo\\\/image\\\/\",\"url\":\"https:\\\/\\\/coparmexjal.org.mx\\\/entorno-empresarial\\\/wp-content\\\/uploads\\\/2020\\\/02\\\/logo-amp.png\",\"contentUrl\":\"https:\\\/\\\/coparmexjal.org.mx\\\/entorno-empresarial\\\/wp-content\\\/uploads\\\/2020\\\/02\\\/logo-amp.png\",\"width\":120,\"height\":90,\"caption\":\"Coparmex Jalisco\"},\"image\":{\"@id\":\"https:\\\/\\\/coparmexjal.org.mx\\\/entorno-empresarial\\\/#\\\/schema\\\/logo\\\/image\\\/\"},\"sameAs\":[\"https:\\\/\\\/facebook.com\\\/comcoparmex\",\"https:\\\/\\\/x.com\\\/comcoparmex\",\"http:\\\/\\\/instagram.com\\\/coparmexjalisco\",\"https:\\\/\\\/mx.linkedin.com\\\/company\\\/coparmex-jalisco\",\"https:\\\/\\\/www.youtube.com\\\/c\\\/CoparmexJaliscomx\"]},{\"@type\":\"Person\",\"@id\":\"https:\\\/\\\/coparmexjal.org.mx\\\/entorno-empresarial\\\/#\\\/schema\\\/person\\\/4cd0e433649d20c330304afaa0613155\",\"name\":\"M\u00e1ximo Macario Jim\u00e9nez Ortiz del Cerro\",\"image\":{\"@type\":\"ImageObject\",\"inLanguage\":\"es\",\"@id\":\"https:\\\/\\\/secure.gravatar.com\\\/avatar\\\/c3973aa62d071b811db6badaebf2d60a64b45abb3062944ada107e146af6d0cd?s=96&d=mm&r=g\",\"url\":\"https:\\\/\\\/secure.gravatar.com\\\/avatar\\\/c3973aa62d071b811db6badaebf2d60a64b45abb3062944ada107e146af6d0cd?s=96&d=mm&r=g\",\"contentUrl\":\"https:\\\/\\\/secure.gravatar.com\\\/avatar\\\/c3973aa62d071b811db6badaebf2d60a64b45abb3062944ada107e146af6d0cd?s=96&d=mm&r=g\",\"caption\":\"M\u00e1ximo Macario Jim\u00e9nez Ortiz del Cerro\"},\"url\":\"https:\\\/\\\/coparmexjal.org.mx\\\/entorno-empresarial\\\/author\\\/maximo-jimenez\\\/\"}]}<\/script>\n<!-- \/ Yoast SEO plugin. -->","yoast_head_json":{"title":"El terror de emprender - Entorno Empresarial","robots":{"index":"index","follow":"follow","max-snippet":"max-snippet:-1","max-image-preview":"max-image-preview:large","max-video-preview":"max-video-preview:-1"},"canonical":"https:\/\/coparmexjal.org.mx\/entorno-empresarial\/el-terror-de-emprender\/","og_locale":"es_MX","og_type":"article","og_title":"El terror de emprender - Entorno Empresarial","og_description":"Las personas huyen del fracaso y corren cuando sienten miedo. Me parece curioso por qu\u00e9 tantas personas huyen ante algo que, en lo personal, no solo me es interesante, sino podr\u00eda inclusive decir que me es placentero y altamente interesante.","og_url":"https:\/\/coparmexjal.org.mx\/entorno-empresarial\/el-terror-de-emprender\/","og_site_name":"Entorno Empresarial","article_publisher":"https:\/\/facebook.com\/comcoparmex","article_published_time":"2019-01-01T19:06:50+00:00","article_modified_time":"2020-06-09T18:15:38+00:00","og_image":[{"width":750,"height":500,"url":"https:\/\/coparmexjal.org.mx\/entorno-empresarial\/wp-content\/uploads\/2020\/06\/photo-1554774853-aae0a22c8aa4.jpg","type":"image\/jpeg"}],"author":"M\u00e1ximo Macario Jim\u00e9nez Ortiz del Cerro","twitter_card":"summary_large_image","twitter_creator":"@comcoparmex","twitter_site":"@comcoparmex","twitter_misc":{"Escrito por":"M\u00e1ximo Macario Jim\u00e9nez Ortiz del Cerro","Tiempo de lectura":"3 minutos"},"schema":{"@context":"https:\/\/schema.org","@graph":[{"@type":"Article","@id":"https:\/\/coparmexjal.org.mx\/entorno-empresarial\/el-terror-de-emprender\/#article","isPartOf":{"@id":"https:\/\/coparmexjal.org.mx\/entorno-empresarial\/el-terror-de-emprender\/"},"author":{"name":"M\u00e1ximo Macario Jim\u00e9nez Ortiz del Cerro","@id":"https:\/\/coparmexjal.org.mx\/entorno-empresarial\/#\/schema\/person\/4cd0e433649d20c330304afaa0613155"},"headline":"El terror de emprender","datePublished":"2019-01-01T19:06:50+00:00","dateModified":"2020-06-09T18:15:38+00:00","mainEntityOfPage":{"@id":"https:\/\/coparmexjal.org.mx\/entorno-empresarial\/el-terror-de-emprender\/"},"wordCount":680,"commentCount":0,"publisher":{"@id":"https:\/\/coparmexjal.org.mx\/entorno-empresarial\/#organization"},"image":{"@id":"https:\/\/coparmexjal.org.mx\/entorno-empresarial\/el-terror-de-emprender\/#primaryimage"},"thumbnailUrl":"https:\/\/coparmexjal.org.mx\/entorno-empresarial\/wp-content\/uploads\/2020\/06\/photo-1554774853-aae0a22c8aa4.jpg","articleSection":["Emprende","Opini\u00f3n"],"inLanguage":"es","potentialAction":[{"@type":"CommentAction","name":"Comment","target":["https:\/\/coparmexjal.org.mx\/entorno-empresarial\/el-terror-de-emprender\/#respond"]}]},{"@type":"WebPage","@id":"https:\/\/coparmexjal.org.mx\/entorno-empresarial\/el-terror-de-emprender\/","url":"https:\/\/coparmexjal.org.mx\/entorno-empresarial\/el-terror-de-emprender\/","name":"El terror de emprender - Entorno Empresarial","isPartOf":{"@id":"https:\/\/coparmexjal.org.mx\/entorno-empresarial\/#website"},"primaryImageOfPage":{"@id":"https:\/\/coparmexjal.org.mx\/entorno-empresarial\/el-terror-de-emprender\/#primaryimage"},"image":{"@id":"https:\/\/coparmexjal.org.mx\/entorno-empresarial\/el-terror-de-emprender\/#primaryimage"},"thumbnailUrl":"https:\/\/coparmexjal.org.mx\/entorno-empresarial\/wp-content\/uploads\/2020\/06\/photo-1554774853-aae0a22c8aa4.jpg","datePublished":"2019-01-01T19:06:50+00:00","dateModified":"2020-06-09T18:15:38+00:00","breadcrumb":{"@id":"https:\/\/coparmexjal.org.mx\/entorno-empresarial\/el-terror-de-emprender\/#breadcrumb"},"inLanguage":"es","potentialAction":[{"@type":"ReadAction","target":["https:\/\/coparmexjal.org.mx\/entorno-empresarial\/el-terror-de-emprender\/"]}]},{"@type":"ImageObject","inLanguage":"es","@id":"https:\/\/coparmexjal.org.mx\/entorno-empresarial\/el-terror-de-emprender\/#primaryimage","url":"https:\/\/coparmexjal.org.mx\/entorno-empresarial\/wp-content\/uploads\/2020\/06\/photo-1554774853-aae0a22c8aa4.jpg","contentUrl":"https:\/\/coparmexjal.org.mx\/entorno-empresarial\/wp-content\/uploads\/2020\/06\/photo-1554774853-aae0a22c8aa4.jpg","width":750,"height":500},{"@type":"BreadcrumbList","@id":"https:\/\/coparmexjal.org.mx\/entorno-empresarial\/el-terror-de-emprender\/#breadcrumb","itemListElement":[{"@type":"ListItem","position":1,"name":"Inicio","item":"https:\/\/coparmexjal.org.mx\/entorno-empresarial\/"},{"@type":"ListItem","position":2,"name":"El terror de emprender"}]},{"@type":"WebSite","@id":"https:\/\/coparmexjal.org.mx\/entorno-empresarial\/#website","url":"https:\/\/coparmexjal.org.mx\/entorno-empresarial\/","name":"Revista Entorno Empresarial","description":"Coparmex Jalisco","publisher":{"@id":"https:\/\/coparmexjal.org.mx\/entorno-empresarial\/#organization"},"potentialAction":[{"@type":"SearchAction","target":{"@type":"EntryPoint","urlTemplate":"https:\/\/coparmexjal.org.mx\/entorno-empresarial\/?s={search_term_string}"},"query-input":{"@type":"PropertyValueSpecification","valueRequired":true,"valueName":"search_term_string"}}],"inLanguage":"es"},{"@type":"Organization","@id":"https:\/\/coparmexjal.org.mx\/entorno-empresarial\/#organization","name":"Coparmex Jalisco","url":"https:\/\/coparmexjal.org.mx\/entorno-empresarial\/","logo":{"@type":"ImageObject","inLanguage":"es","@id":"https:\/\/coparmexjal.org.mx\/entorno-empresarial\/#\/schema\/logo\/image\/","url":"https:\/\/coparmexjal.org.mx\/entorno-empresarial\/wp-content\/uploads\/2020\/02\/logo-amp.png","contentUrl":"https:\/\/coparmexjal.org.mx\/entorno-empresarial\/wp-content\/uploads\/2020\/02\/logo-amp.png","width":120,"height":90,"caption":"Coparmex Jalisco"},"image":{"@id":"https:\/\/coparmexjal.org.mx\/entorno-empresarial\/#\/schema\/logo\/image\/"},"sameAs":["https:\/\/facebook.com\/comcoparmex","https:\/\/x.com\/comcoparmex","http:\/\/instagram.com\/coparmexjalisco","https:\/\/mx.linkedin.com\/company\/coparmex-jalisco","https:\/\/www.youtube.com\/c\/CoparmexJaliscomx"]},{"@type":"Person","@id":"https:\/\/coparmexjal.org.mx\/entorno-empresarial\/#\/schema\/person\/4cd0e433649d20c330304afaa0613155","name":"M\u00e1ximo Macario Jim\u00e9nez Ortiz del Cerro","image":{"@type":"ImageObject","inLanguage":"es","@id":"https:\/\/secure.gravatar.com\/avatar\/c3973aa62d071b811db6badaebf2d60a64b45abb3062944ada107e146af6d0cd?s=96&d=mm&r=g","url":"https:\/\/secure.gravatar.com\/avatar\/c3973aa62d071b811db6badaebf2d60a64b45abb3062944ada107e146af6d0cd?s=96&d=mm&r=g","contentUrl":"https:\/\/secure.gravatar.com\/avatar\/c3973aa62d071b811db6badaebf2d60a64b45abb3062944ada107e146af6d0cd?s=96&d=mm&r=g","caption":"M\u00e1ximo Macario Jim\u00e9nez Ortiz del Cerro"},"url":"https:\/\/coparmexjal.org.mx\/entorno-empresarial\/author\/maximo-jimenez\/"}]}},"_links":{"self":[{"href":"https:\/\/coparmexjal.org.mx\/entorno-empresarial\/wp-json\/wp\/v2\/posts\/3584","targetHints":{"allow":["GET"]}}],"collection":[{"href":"https:\/\/coparmexjal.org.mx\/entorno-empresarial\/wp-json\/wp\/v2\/posts"}],"about":[{"href":"https:\/\/coparmexjal.org.mx\/entorno-empresarial\/wp-json\/wp\/v2\/types\/post"}],"author":[{"embeddable":true,"href":"https:\/\/coparmexjal.org.mx\/entorno-empresarial\/wp-json\/wp\/v2\/users\/41"}],"replies":[{"embeddable":true,"href":"https:\/\/coparmexjal.org.mx\/entorno-empresarial\/wp-json\/wp\/v2\/comments?post=3584"}],"version-history":[{"count":2,"href":"https:\/\/coparmexjal.org.mx\/entorno-empresarial\/wp-json\/wp\/v2\/posts\/3584\/revisions"}],"predecessor-version":[{"id":3589,"href":"https:\/\/coparmexjal.org.mx\/entorno-empresarial\/wp-json\/wp\/v2\/posts\/3584\/revisions\/3589"}],"wp:featuredmedia":[{"embeddable":true,"href":"https:\/\/coparmexjal.org.mx\/entorno-empresarial\/wp-json\/wp\/v2\/media\/3585"}],"wp:attachment":[{"href":"https:\/\/coparmexjal.org.mx\/entorno-empresarial\/wp-json\/wp\/v2\/media?parent=3584"}],"wp:term":[{"taxonomy":"category","embeddable":true,"href":"https:\/\/coparmexjal.org.mx\/entorno-empresarial\/wp-json\/wp\/v2\/categories?post=3584"},{"taxonomy":"post_tag","embeddable":true,"href":"https:\/\/coparmexjal.org.mx\/entorno-empresarial\/wp-json\/wp\/v2\/tags?post=3584"}],"curies":[{"name":"wp","href":"https:\/\/api.w.org\/{rel}","templated":true}]}}