{"id":3554,"date":"2019-01-01T11:20:00","date_gmt":"2019-01-01T17:20:00","guid":{"rendered":"https:\/\/coparmexjal.org.mx\/entorno-empresarial\/?p=3554"},"modified":"2020-06-09T11:22:04","modified_gmt":"2020-06-09T16:22:04","slug":"liderazgo-360-grados-la-competencia-laboral-mas-critica-y-aportadora-a-los-resultados-de-la-empresa","status":"publish","type":"post","link":"https:\/\/coparmexjal.org.mx\/entorno-empresarial\/liderazgo-360-grados-la-competencia-laboral-mas-critica-y-aportadora-a-los-resultados-de-la-empresa\/","title":{"rendered":"Liderazgo 360 grados. La competencia laboral m\u00e1s cr\u00edtica y aportadora a los resultados de la empresa"},"content":{"rendered":"\n<p>Todos los que colaboramos en una empresa nos percatamos del hecho de que nadie puede trabajar solo e independiente para la consecuci\u00f3n de los objetivos meta que nos corresponden, pues forzosamente necesitamos del apoyo de otras personas: para proporcionarnos informaci\u00f3n, apoyo t\u00e9cnico, materiales, equipo y otras muchas cosas, seg\u00fan sea el caso.<\/p>\n\n\n\n<div class=\"wp-block-image\"><figure class=\"aligncenter size-large\"><img fetchpriority=\"high\" decoding=\"async\" width=\"626\" height=\"352\" src=\"https:\/\/coparmexjal.org.mx\/entorno-empresarial\/wp-content\/uploads\/2020\/06\/personaje-asociacion-organizacional-crea-rompecabezas-geometricos-hombres-mujeres_159757-31.jpg\" alt=\"\" class=\"wp-image-3556\" srcset=\"https:\/\/coparmexjal.org.mx\/entorno-empresarial\/wp-content\/uploads\/2020\/06\/personaje-asociacion-organizacional-crea-rompecabezas-geometricos-hombres-mujeres_159757-31.jpg 626w, https:\/\/coparmexjal.org.mx\/entorno-empresarial\/wp-content\/uploads\/2020\/06\/personaje-asociacion-organizacional-crea-rompecabezas-geometricos-hombres-mujeres_159757-31-300x169.jpg 300w\" sizes=\"(max-width: 626px) 100vw, 626px\" \/><\/figure><\/div>\n\n\n\n<p>La efectividad de alguien dentro de una organizaci\u00f3n est\u00e1 supeditada a la competencia, habilidad o destreza que puede desplegar para influir en las actitudes y conductas de los dem\u00e1s para obtener de ellos comportamientos colaborativos.<\/p>\n\n\n\n<p>Hoy esta es una competencia laboral important\u00edsima: la capacidad de un colaborador para construir y conservar redes sociales dentro de la organizaci\u00f3n, y en ocasiones fuera de ella, para utilizarlas y provocar la uni\u00f3n de fuerzas para el alcance de las metas. Lo que actualmente podemos llamar la capacidad de hacer <em>networking<\/em> interno y a veces externo como ingrediente esencial de la eficiencia laboral. Todos conocemos personas que destacan por su capacidad de logro. Coloquialmente decimos que <em>no se les atora nada<\/em>, porque para todo consiguen aliados, colaboradores y, en el buen sentido, hasta c\u00f3mplices.<\/p>\n\n\n\n<p>Para lograr esa competencia incluyente que consiste en la influencia en los dem\u00e1s, se deben conjuntar en la persona m\u00faltiples habilidades sociales, como la empat\u00eda, la comunicaci\u00f3n, la persuasi\u00f3n, la motivaci\u00f3n, la prudencia, la lealtad y hasta la resiliencia.<\/p>\n\n\n\n<p>John C. Maxwell en su libro titulado <em>L\u00edder de 360 grados<\/em> explica que el liderazgo ha dejado de ser considerado como la capacidad de influencia sobre la conducta de los subordinados, sino que se entiende como la capacidad que un ser humano tiene para influir en todo su entorno social para convertirlo en una red de aliados que le ayuden a conseguir lo que necesita.<\/p>\n\n\n\n<p>Los l\u00edderes de 360 grados saben influir en la conducta de sus subordinados, pero tambi\u00e9n en la de los colegas y en la de los colegas de estos y en la de los subordinados de estos, en la de los jefes y en la de los colegas de su jefe. Los l\u00edderes 360 influyen en las personas en cualquier \u00e1rea de la organizaci\u00f3n.<\/p>\n\n\n\n<div class=\"wp-block-image\"><figure class=\"aligncenter size-large\"><img decoding=\"async\" width=\"626\" height=\"626\" src=\"https:\/\/coparmexjal.org.mx\/entorno-empresarial\/wp-content\/uploads\/2020\/06\/manos-trabajo-equipo-creando-rompecabezas-perfecto_23-2148420590-1.jpg\" alt=\"\" class=\"wp-image-3558\" srcset=\"https:\/\/coparmexjal.org.mx\/entorno-empresarial\/wp-content\/uploads\/2020\/06\/manos-trabajo-equipo-creando-rompecabezas-perfecto_23-2148420590-1.jpg 626w, https:\/\/coparmexjal.org.mx\/entorno-empresarial\/wp-content\/uploads\/2020\/06\/manos-trabajo-equipo-creando-rompecabezas-perfecto_23-2148420590-1-300x300.jpg 300w, https:\/\/coparmexjal.org.mx\/entorno-empresarial\/wp-content\/uploads\/2020\/06\/manos-trabajo-equipo-creando-rompecabezas-perfecto_23-2148420590-1-150x150.jpg 150w, https:\/\/coparmexjal.org.mx\/entorno-empresarial\/wp-content\/uploads\/2020\/06\/manos-trabajo-equipo-creando-rompecabezas-perfecto_23-2148420590-1-400x400.jpg 400w\" sizes=\"(max-width: 626px) 100vw, 626px\" \/><\/figure><\/div>\n\n\n\n<p><strong>La manera en la que los l\u00edderes de 360 grados logran influir en la conducta de todos los miembros de su entorno es comprendi\u00e9ndolos, apoy\u00e1ndolos y ayud\u00e1ndolos a crecer.<\/strong><\/p>\n\n\n\n<p>As\u00ed se distinguen cinco grados de avance al liderazgo:<\/p>\n\n\n\n<p>1. Cuando las personas colaboran por obligaci\u00f3n debido a la POSICI\u00d3N jer\u00e1rquica que ocupamos.<\/p>\n\n\n\n<p>2. Cuando colaboran porque las tratamos con empat\u00eda, respeto, y nos dan PERMISO de liderarlas.<\/p>\n\n\n\n<p>3. Cuando admiran las valiosas aportaciones que hemos PRODUCIDO a la organizaci\u00f3n.<\/p>\n\n\n\n<p>4. Cuando consideran que hemos hecho mucho por el DESARROLLO de ellas mismas.<\/p>\n\n\n\n<p>5. Cuando las personas consideran que hemos hecho por bastante tiempo todo lo anterior y nos otorgan este grado, por nuestra PERSONALIDAD.<\/p>\n","protected":false},"excerpt":{"rendered":"<p>Todos los que colaboramos en una empresa nos percatamos del hecho de que nadie puede trabajar solo e independiente para la consecuci\u00f3n de los objetivos meta que nos corresponden, pues forzosamente necesitamos del apoyo de otras personas: para proporcionarnos informaci\u00f3n, apoyo t\u00e9cnico, materiales, equipo y otras muchas cosas, seg\u00fan sea el caso.<\/p>\n","protected":false},"author":38,"featured_media":3559,"comment_status":"open","ping_status":"open","sticky":false,"template":"","format":"standard","meta":{"footnotes":""},"categories":[152],"tags":[226,215,452,210],"class_list":["post-3554","post","type-post","status-publish","format-standard","has-post-thumbnail","hentry","category-empresas","tag-colaboradores","tag-liderazgo","tag-liderazgo-360-grados","tag-productividad"],"yoast_head":"<!-- This site is optimized with the Yoast SEO plugin v27.5 - https:\/\/yoast.com\/product\/yoast-seo-wordpress\/ -->\n<title>Liderazgo 360 grados. La competencia laboral m\u00e1s cr\u00edtica y aportadora a los resultados de la empresa - Entorno Empresarial<\/title>\n<meta name=\"robots\" content=\"index, follow, max-snippet:-1, max-image-preview:large, max-video-preview:-1\" \/>\n<link rel=\"canonical\" href=\"https:\/\/coparmexjal.org.mx\/entorno-empresarial\/liderazgo-360-grados-la-competencia-laboral-mas-critica-y-aportadora-a-los-resultados-de-la-empresa\/\" \/>\n<meta property=\"og:locale\" content=\"es_MX\" \/>\n<meta property=\"og:type\" content=\"article\" \/>\n<meta property=\"og:title\" content=\"Liderazgo 360 grados. La competencia laboral m\u00e1s cr\u00edtica y aportadora a los resultados de la empresa - Entorno Empresarial\" \/>\n<meta property=\"og:description\" content=\"Todos los que colaboramos en una empresa nos percatamos del hecho de que nadie puede trabajar solo e independiente para la consecuci\u00f3n de los objetivos meta que nos corresponden, pues forzosamente necesitamos del apoyo de otras personas: para proporcionarnos informaci\u00f3n, apoyo t\u00e9cnico, materiales, equipo y otras muchas cosas, seg\u00fan sea el caso.\" \/>\n<meta property=\"og:url\" content=\"https:\/\/coparmexjal.org.mx\/entorno-empresarial\/liderazgo-360-grados-la-competencia-laboral-mas-critica-y-aportadora-a-los-resultados-de-la-empresa\/\" \/>\n<meta property=\"og:site_name\" content=\"Entorno Empresarial\" \/>\n<meta property=\"article:publisher\" content=\"https:\/\/facebook.com\/comcoparmex\" \/>\n<meta property=\"article:published_time\" content=\"2019-01-01T17:20:00+00:00\" \/>\n<meta property=\"article:modified_time\" content=\"2020-06-09T16:22:04+00:00\" \/>\n<meta property=\"og:image\" content=\"https:\/\/coparmexjal.org.mx\/entorno-empresarial\/wp-content\/uploads\/2020\/06\/liderazgo-360-grados.jpg\" \/>\n\t<meta property=\"og:image:width\" content=\"626\" \/>\n\t<meta property=\"og:image:height\" content=\"417\" \/>\n\t<meta property=\"og:image:type\" content=\"image\/jpeg\" \/>\n<meta name=\"author\" content=\"Agust\u00edn Monroy Enr\u00edquez\" \/>\n<meta name=\"twitter:card\" content=\"summary_large_image\" \/>\n<meta name=\"twitter:creator\" content=\"@comcoparmex\" \/>\n<meta name=\"twitter:site\" content=\"@comcoparmex\" \/>\n<meta name=\"twitter:label1\" content=\"Escrito por\" \/>\n\t<meta name=\"twitter:data1\" content=\"Agust\u00edn Monroy Enr\u00edquez\" \/>\n\t<meta name=\"twitter:label2\" content=\"Tiempo de lectura\" \/>\n\t<meta name=\"twitter:data2\" content=\"2 minutos\" \/>\n<script type=\"application\/ld+json\" class=\"yoast-schema-graph\">{\"@context\":\"https:\\\/\\\/schema.org\",\"@graph\":[{\"@type\":\"Article\",\"@id\":\"https:\\\/\\\/coparmexjal.org.mx\\\/entorno-empresarial\\\/liderazgo-360-grados-la-competencia-laboral-mas-critica-y-aportadora-a-los-resultados-de-la-empresa\\\/#article\",\"isPartOf\":{\"@id\":\"https:\\\/\\\/coparmexjal.org.mx\\\/entorno-empresarial\\\/liderazgo-360-grados-la-competencia-laboral-mas-critica-y-aportadora-a-los-resultados-de-la-empresa\\\/\"},\"author\":{\"name\":\"Agust\u00edn Monroy Enr\u00edquez\",\"@id\":\"https:\\\/\\\/coparmexjal.org.mx\\\/entorno-empresarial\\\/#\\\/schema\\\/person\\\/7157d2664595113916f4b0058fc53387\"},\"headline\":\"Liderazgo 360 grados. La competencia laboral m\u00e1s cr\u00edtica y aportadora a los resultados de la empresa\",\"datePublished\":\"2019-01-01T17:20:00+00:00\",\"dateModified\":\"2020-06-09T16:22:04+00:00\",\"mainEntityOfPage\":{\"@id\":\"https:\\\/\\\/coparmexjal.org.mx\\\/entorno-empresarial\\\/liderazgo-360-grados-la-competencia-laboral-mas-critica-y-aportadora-a-los-resultados-de-la-empresa\\\/\"},\"wordCount\":501,\"commentCount\":0,\"publisher\":{\"@id\":\"https:\\\/\\\/coparmexjal.org.mx\\\/entorno-empresarial\\\/#organization\"},\"image\":{\"@id\":\"https:\\\/\\\/coparmexjal.org.mx\\\/entorno-empresarial\\\/liderazgo-360-grados-la-competencia-laboral-mas-critica-y-aportadora-a-los-resultados-de-la-empresa\\\/#primaryimage\"},\"thumbnailUrl\":\"https:\\\/\\\/coparmexjal.org.mx\\\/entorno-empresarial\\\/wp-content\\\/uploads\\\/2020\\\/06\\\/liderazgo-360-grados.jpg\",\"keywords\":[\"colaboradores\",\"liderazgo\",\"liderazgo 360 grados\",\"productividad\"],\"articleSection\":[\"Empresas\"],\"inLanguage\":\"es\",\"potentialAction\":[{\"@type\":\"CommentAction\",\"name\":\"Comment\",\"target\":[\"https:\\\/\\\/coparmexjal.org.mx\\\/entorno-empresarial\\\/liderazgo-360-grados-la-competencia-laboral-mas-critica-y-aportadora-a-los-resultados-de-la-empresa\\\/#respond\"]}]},{\"@type\":\"WebPage\",\"@id\":\"https:\\\/\\\/coparmexjal.org.mx\\\/entorno-empresarial\\\/liderazgo-360-grados-la-competencia-laboral-mas-critica-y-aportadora-a-los-resultados-de-la-empresa\\\/\",\"url\":\"https:\\\/\\\/coparmexjal.org.mx\\\/entorno-empresarial\\\/liderazgo-360-grados-la-competencia-laboral-mas-critica-y-aportadora-a-los-resultados-de-la-empresa\\\/\",\"name\":\"Liderazgo 360 grados. La competencia laboral m\u00e1s cr\u00edtica y aportadora a los resultados de la empresa - Entorno Empresarial\",\"isPartOf\":{\"@id\":\"https:\\\/\\\/coparmexjal.org.mx\\\/entorno-empresarial\\\/#website\"},\"primaryImageOfPage\":{\"@id\":\"https:\\\/\\\/coparmexjal.org.mx\\\/entorno-empresarial\\\/liderazgo-360-grados-la-competencia-laboral-mas-critica-y-aportadora-a-los-resultados-de-la-empresa\\\/#primaryimage\"},\"image\":{\"@id\":\"https:\\\/\\\/coparmexjal.org.mx\\\/entorno-empresarial\\\/liderazgo-360-grados-la-competencia-laboral-mas-critica-y-aportadora-a-los-resultados-de-la-empresa\\\/#primaryimage\"},\"thumbnailUrl\":\"https:\\\/\\\/coparmexjal.org.mx\\\/entorno-empresarial\\\/wp-content\\\/uploads\\\/2020\\\/06\\\/liderazgo-360-grados.jpg\",\"datePublished\":\"2019-01-01T17:20:00+00:00\",\"dateModified\":\"2020-06-09T16:22:04+00:00\",\"breadcrumb\":{\"@id\":\"https:\\\/\\\/coparmexjal.org.mx\\\/entorno-empresarial\\\/liderazgo-360-grados-la-competencia-laboral-mas-critica-y-aportadora-a-los-resultados-de-la-empresa\\\/#breadcrumb\"},\"inLanguage\":\"es\",\"potentialAction\":[{\"@type\":\"ReadAction\",\"target\":[\"https:\\\/\\\/coparmexjal.org.mx\\\/entorno-empresarial\\\/liderazgo-360-grados-la-competencia-laboral-mas-critica-y-aportadora-a-los-resultados-de-la-empresa\\\/\"]}]},{\"@type\":\"ImageObject\",\"inLanguage\":\"es\",\"@id\":\"https:\\\/\\\/coparmexjal.org.mx\\\/entorno-empresarial\\\/liderazgo-360-grados-la-competencia-laboral-mas-critica-y-aportadora-a-los-resultados-de-la-empresa\\\/#primaryimage\",\"url\":\"https:\\\/\\\/coparmexjal.org.mx\\\/entorno-empresarial\\\/wp-content\\\/uploads\\\/2020\\\/06\\\/liderazgo-360-grados.jpg\",\"contentUrl\":\"https:\\\/\\\/coparmexjal.org.mx\\\/entorno-empresarial\\\/wp-content\\\/uploads\\\/2020\\\/06\\\/liderazgo-360-grados.jpg\",\"width\":626,\"height\":417},{\"@type\":\"BreadcrumbList\",\"@id\":\"https:\\\/\\\/coparmexjal.org.mx\\\/entorno-empresarial\\\/liderazgo-360-grados-la-competencia-laboral-mas-critica-y-aportadora-a-los-resultados-de-la-empresa\\\/#breadcrumb\",\"itemListElement\":[{\"@type\":\"ListItem\",\"position\":1,\"name\":\"Inicio\",\"item\":\"https:\\\/\\\/coparmexjal.org.mx\\\/entorno-empresarial\\\/\"},{\"@type\":\"ListItem\",\"position\":2,\"name\":\"Liderazgo 360 grados. La competencia laboral m\u00e1s cr\u00edtica y aportadora a los resultados de la empresa\"}]},{\"@type\":\"WebSite\",\"@id\":\"https:\\\/\\\/coparmexjal.org.mx\\\/entorno-empresarial\\\/#website\",\"url\":\"https:\\\/\\\/coparmexjal.org.mx\\\/entorno-empresarial\\\/\",\"name\":\"Revista Entorno Empresarial\",\"description\":\"Coparmex Jalisco\",\"publisher\":{\"@id\":\"https:\\\/\\\/coparmexjal.org.mx\\\/entorno-empresarial\\\/#organization\"},\"potentialAction\":[{\"@type\":\"SearchAction\",\"target\":{\"@type\":\"EntryPoint\",\"urlTemplate\":\"https:\\\/\\\/coparmexjal.org.mx\\\/entorno-empresarial\\\/?s={search_term_string}\"},\"query-input\":{\"@type\":\"PropertyValueSpecification\",\"valueRequired\":true,\"valueName\":\"search_term_string\"}}],\"inLanguage\":\"es\"},{\"@type\":\"Organization\",\"@id\":\"https:\\\/\\\/coparmexjal.org.mx\\\/entorno-empresarial\\\/#organization\",\"name\":\"Coparmex Jalisco\",\"url\":\"https:\\\/\\\/coparmexjal.org.mx\\\/entorno-empresarial\\\/\",\"logo\":{\"@type\":\"ImageObject\",\"inLanguage\":\"es\",\"@id\":\"https:\\\/\\\/coparmexjal.org.mx\\\/entorno-empresarial\\\/#\\\/schema\\\/logo\\\/image\\\/\",\"url\":\"https:\\\/\\\/coparmexjal.org.mx\\\/entorno-empresarial\\\/wp-content\\\/uploads\\\/2020\\\/02\\\/logo-amp.png\",\"contentUrl\":\"https:\\\/\\\/coparmexjal.org.mx\\\/entorno-empresarial\\\/wp-content\\\/uploads\\\/2020\\\/02\\\/logo-amp.png\",\"width\":120,\"height\":90,\"caption\":\"Coparmex Jalisco\"},\"image\":{\"@id\":\"https:\\\/\\\/coparmexjal.org.mx\\\/entorno-empresarial\\\/#\\\/schema\\\/logo\\\/image\\\/\"},\"sameAs\":[\"https:\\\/\\\/facebook.com\\\/comcoparmex\",\"https:\\\/\\\/x.com\\\/comcoparmex\",\"http:\\\/\\\/instagram.com\\\/coparmexjalisco\",\"https:\\\/\\\/mx.linkedin.com\\\/company\\\/coparmex-jalisco\",\"https:\\\/\\\/www.youtube.com\\\/c\\\/CoparmexJaliscomx\"]},{\"@type\":\"Person\",\"@id\":\"https:\\\/\\\/coparmexjal.org.mx\\\/entorno-empresarial\\\/#\\\/schema\\\/person\\\/7157d2664595113916f4b0058fc53387\",\"name\":\"Agust\u00edn Monroy Enr\u00edquez\",\"image\":{\"@type\":\"ImageObject\",\"inLanguage\":\"es\",\"@id\":\"https:\\\/\\\/secure.gravatar.com\\\/avatar\\\/2bfb7088feff6fe8dbc71483c6d79766512e79dcec00c674f8002cecaf83f7a1?s=96&d=mm&r=g\",\"url\":\"https:\\\/\\\/secure.gravatar.com\\\/avatar\\\/2bfb7088feff6fe8dbc71483c6d79766512e79dcec00c674f8002cecaf83f7a1?s=96&d=mm&r=g\",\"contentUrl\":\"https:\\\/\\\/secure.gravatar.com\\\/avatar\\\/2bfb7088feff6fe8dbc71483c6d79766512e79dcec00c674f8002cecaf83f7a1?s=96&d=mm&r=g\",\"caption\":\"Agust\u00edn Monroy Enr\u00edquez\"},\"url\":\"https:\\\/\\\/coparmexjal.org.mx\\\/entorno-empresarial\\\/author\\\/agustin-monroy\\\/\"}]}<\/script>\n<!-- \/ Yoast SEO plugin. -->","yoast_head_json":{"title":"Liderazgo 360 grados. La competencia laboral m\u00e1s cr\u00edtica y aportadora a los resultados de la empresa - Entorno Empresarial","robots":{"index":"index","follow":"follow","max-snippet":"max-snippet:-1","max-image-preview":"max-image-preview:large","max-video-preview":"max-video-preview:-1"},"canonical":"https:\/\/coparmexjal.org.mx\/entorno-empresarial\/liderazgo-360-grados-la-competencia-laboral-mas-critica-y-aportadora-a-los-resultados-de-la-empresa\/","og_locale":"es_MX","og_type":"article","og_title":"Liderazgo 360 grados. La competencia laboral m\u00e1s cr\u00edtica y aportadora a los resultados de la empresa - Entorno Empresarial","og_description":"Todos los que colaboramos en una empresa nos percatamos del hecho de que nadie puede trabajar solo e independiente para la consecuci\u00f3n de los objetivos meta que nos corresponden, pues forzosamente necesitamos del apoyo de otras personas: para proporcionarnos informaci\u00f3n, apoyo t\u00e9cnico, materiales, equipo y otras muchas cosas, seg\u00fan sea el caso.","og_url":"https:\/\/coparmexjal.org.mx\/entorno-empresarial\/liderazgo-360-grados-la-competencia-laboral-mas-critica-y-aportadora-a-los-resultados-de-la-empresa\/","og_site_name":"Entorno Empresarial","article_publisher":"https:\/\/facebook.com\/comcoparmex","article_published_time":"2019-01-01T17:20:00+00:00","article_modified_time":"2020-06-09T16:22:04+00:00","og_image":[{"width":626,"height":417,"url":"https:\/\/coparmexjal.org.mx\/entorno-empresarial\/wp-content\/uploads\/2020\/06\/liderazgo-360-grados.jpg","type":"image\/jpeg"}],"author":"Agust\u00edn Monroy Enr\u00edquez","twitter_card":"summary_large_image","twitter_creator":"@comcoparmex","twitter_site":"@comcoparmex","twitter_misc":{"Escrito por":"Agust\u00edn Monroy Enr\u00edquez","Tiempo de lectura":"2 minutos"},"schema":{"@context":"https:\/\/schema.org","@graph":[{"@type":"Article","@id":"https:\/\/coparmexjal.org.mx\/entorno-empresarial\/liderazgo-360-grados-la-competencia-laboral-mas-critica-y-aportadora-a-los-resultados-de-la-empresa\/#article","isPartOf":{"@id":"https:\/\/coparmexjal.org.mx\/entorno-empresarial\/liderazgo-360-grados-la-competencia-laboral-mas-critica-y-aportadora-a-los-resultados-de-la-empresa\/"},"author":{"name":"Agust\u00edn Monroy Enr\u00edquez","@id":"https:\/\/coparmexjal.org.mx\/entorno-empresarial\/#\/schema\/person\/7157d2664595113916f4b0058fc53387"},"headline":"Liderazgo 360 grados. La competencia laboral m\u00e1s cr\u00edtica y aportadora a los resultados de la empresa","datePublished":"2019-01-01T17:20:00+00:00","dateModified":"2020-06-09T16:22:04+00:00","mainEntityOfPage":{"@id":"https:\/\/coparmexjal.org.mx\/entorno-empresarial\/liderazgo-360-grados-la-competencia-laboral-mas-critica-y-aportadora-a-los-resultados-de-la-empresa\/"},"wordCount":501,"commentCount":0,"publisher":{"@id":"https:\/\/coparmexjal.org.mx\/entorno-empresarial\/#organization"},"image":{"@id":"https:\/\/coparmexjal.org.mx\/entorno-empresarial\/liderazgo-360-grados-la-competencia-laboral-mas-critica-y-aportadora-a-los-resultados-de-la-empresa\/#primaryimage"},"thumbnailUrl":"https:\/\/coparmexjal.org.mx\/entorno-empresarial\/wp-content\/uploads\/2020\/06\/liderazgo-360-grados.jpg","keywords":["colaboradores","liderazgo","liderazgo 360 grados","productividad"],"articleSection":["Empresas"],"inLanguage":"es","potentialAction":[{"@type":"CommentAction","name":"Comment","target":["https:\/\/coparmexjal.org.mx\/entorno-empresarial\/liderazgo-360-grados-la-competencia-laboral-mas-critica-y-aportadora-a-los-resultados-de-la-empresa\/#respond"]}]},{"@type":"WebPage","@id":"https:\/\/coparmexjal.org.mx\/entorno-empresarial\/liderazgo-360-grados-la-competencia-laboral-mas-critica-y-aportadora-a-los-resultados-de-la-empresa\/","url":"https:\/\/coparmexjal.org.mx\/entorno-empresarial\/liderazgo-360-grados-la-competencia-laboral-mas-critica-y-aportadora-a-los-resultados-de-la-empresa\/","name":"Liderazgo 360 grados. La competencia laboral m\u00e1s cr\u00edtica y aportadora a los resultados de la empresa - Entorno Empresarial","isPartOf":{"@id":"https:\/\/coparmexjal.org.mx\/entorno-empresarial\/#website"},"primaryImageOfPage":{"@id":"https:\/\/coparmexjal.org.mx\/entorno-empresarial\/liderazgo-360-grados-la-competencia-laboral-mas-critica-y-aportadora-a-los-resultados-de-la-empresa\/#primaryimage"},"image":{"@id":"https:\/\/coparmexjal.org.mx\/entorno-empresarial\/liderazgo-360-grados-la-competencia-laboral-mas-critica-y-aportadora-a-los-resultados-de-la-empresa\/#primaryimage"},"thumbnailUrl":"https:\/\/coparmexjal.org.mx\/entorno-empresarial\/wp-content\/uploads\/2020\/06\/liderazgo-360-grados.jpg","datePublished":"2019-01-01T17:20:00+00:00","dateModified":"2020-06-09T16:22:04+00:00","breadcrumb":{"@id":"https:\/\/coparmexjal.org.mx\/entorno-empresarial\/liderazgo-360-grados-la-competencia-laboral-mas-critica-y-aportadora-a-los-resultados-de-la-empresa\/#breadcrumb"},"inLanguage":"es","potentialAction":[{"@type":"ReadAction","target":["https:\/\/coparmexjal.org.mx\/entorno-empresarial\/liderazgo-360-grados-la-competencia-laboral-mas-critica-y-aportadora-a-los-resultados-de-la-empresa\/"]}]},{"@type":"ImageObject","inLanguage":"es","@id":"https:\/\/coparmexjal.org.mx\/entorno-empresarial\/liderazgo-360-grados-la-competencia-laboral-mas-critica-y-aportadora-a-los-resultados-de-la-empresa\/#primaryimage","url":"https:\/\/coparmexjal.org.mx\/entorno-empresarial\/wp-content\/uploads\/2020\/06\/liderazgo-360-grados.jpg","contentUrl":"https:\/\/coparmexjal.org.mx\/entorno-empresarial\/wp-content\/uploads\/2020\/06\/liderazgo-360-grados.jpg","width":626,"height":417},{"@type":"BreadcrumbList","@id":"https:\/\/coparmexjal.org.mx\/entorno-empresarial\/liderazgo-360-grados-la-competencia-laboral-mas-critica-y-aportadora-a-los-resultados-de-la-empresa\/#breadcrumb","itemListElement":[{"@type":"ListItem","position":1,"name":"Inicio","item":"https:\/\/coparmexjal.org.mx\/entorno-empresarial\/"},{"@type":"ListItem","position":2,"name":"Liderazgo 360 grados. La competencia laboral m\u00e1s cr\u00edtica y aportadora a los resultados de la empresa"}]},{"@type":"WebSite","@id":"https:\/\/coparmexjal.org.mx\/entorno-empresarial\/#website","url":"https:\/\/coparmexjal.org.mx\/entorno-empresarial\/","name":"Revista Entorno Empresarial","description":"Coparmex Jalisco","publisher":{"@id":"https:\/\/coparmexjal.org.mx\/entorno-empresarial\/#organization"},"potentialAction":[{"@type":"SearchAction","target":{"@type":"EntryPoint","urlTemplate":"https:\/\/coparmexjal.org.mx\/entorno-empresarial\/?s={search_term_string}"},"query-input":{"@type":"PropertyValueSpecification","valueRequired":true,"valueName":"search_term_string"}}],"inLanguage":"es"},{"@type":"Organization","@id":"https:\/\/coparmexjal.org.mx\/entorno-empresarial\/#organization","name":"Coparmex Jalisco","url":"https:\/\/coparmexjal.org.mx\/entorno-empresarial\/","logo":{"@type":"ImageObject","inLanguage":"es","@id":"https:\/\/coparmexjal.org.mx\/entorno-empresarial\/#\/schema\/logo\/image\/","url":"https:\/\/coparmexjal.org.mx\/entorno-empresarial\/wp-content\/uploads\/2020\/02\/logo-amp.png","contentUrl":"https:\/\/coparmexjal.org.mx\/entorno-empresarial\/wp-content\/uploads\/2020\/02\/logo-amp.png","width":120,"height":90,"caption":"Coparmex Jalisco"},"image":{"@id":"https:\/\/coparmexjal.org.mx\/entorno-empresarial\/#\/schema\/logo\/image\/"},"sameAs":["https:\/\/facebook.com\/comcoparmex","https:\/\/x.com\/comcoparmex","http:\/\/instagram.com\/coparmexjalisco","https:\/\/mx.linkedin.com\/company\/coparmex-jalisco","https:\/\/www.youtube.com\/c\/CoparmexJaliscomx"]},{"@type":"Person","@id":"https:\/\/coparmexjal.org.mx\/entorno-empresarial\/#\/schema\/person\/7157d2664595113916f4b0058fc53387","name":"Agust\u00edn Monroy Enr\u00edquez","image":{"@type":"ImageObject","inLanguage":"es","@id":"https:\/\/secure.gravatar.com\/avatar\/2bfb7088feff6fe8dbc71483c6d79766512e79dcec00c674f8002cecaf83f7a1?s=96&d=mm&r=g","url":"https:\/\/secure.gravatar.com\/avatar\/2bfb7088feff6fe8dbc71483c6d79766512e79dcec00c674f8002cecaf83f7a1?s=96&d=mm&r=g","contentUrl":"https:\/\/secure.gravatar.com\/avatar\/2bfb7088feff6fe8dbc71483c6d79766512e79dcec00c674f8002cecaf83f7a1?s=96&d=mm&r=g","caption":"Agust\u00edn Monroy Enr\u00edquez"},"url":"https:\/\/coparmexjal.org.mx\/entorno-empresarial\/author\/agustin-monroy\/"}]}},"_links":{"self":[{"href":"https:\/\/coparmexjal.org.mx\/entorno-empresarial\/wp-json\/wp\/v2\/posts\/3554","targetHints":{"allow":["GET"]}}],"collection":[{"href":"https:\/\/coparmexjal.org.mx\/entorno-empresarial\/wp-json\/wp\/v2\/posts"}],"about":[{"href":"https:\/\/coparmexjal.org.mx\/entorno-empresarial\/wp-json\/wp\/v2\/types\/post"}],"author":[{"embeddable":true,"href":"https:\/\/coparmexjal.org.mx\/entorno-empresarial\/wp-json\/wp\/v2\/users\/38"}],"replies":[{"embeddable":true,"href":"https:\/\/coparmexjal.org.mx\/entorno-empresarial\/wp-json\/wp\/v2\/comments?post=3554"}],"version-history":[{"count":1,"href":"https:\/\/coparmexjal.org.mx\/entorno-empresarial\/wp-json\/wp\/v2\/posts\/3554\/revisions"}],"predecessor-version":[{"id":3560,"href":"https:\/\/coparmexjal.org.mx\/entorno-empresarial\/wp-json\/wp\/v2\/posts\/3554\/revisions\/3560"}],"wp:featuredmedia":[{"embeddable":true,"href":"https:\/\/coparmexjal.org.mx\/entorno-empresarial\/wp-json\/wp\/v2\/media\/3559"}],"wp:attachment":[{"href":"https:\/\/coparmexjal.org.mx\/entorno-empresarial\/wp-json\/wp\/v2\/media?parent=3554"}],"wp:term":[{"taxonomy":"category","embeddable":true,"href":"https:\/\/coparmexjal.org.mx\/entorno-empresarial\/wp-json\/wp\/v2\/categories?post=3554"},{"taxonomy":"post_tag","embeddable":true,"href":"https:\/\/coparmexjal.org.mx\/entorno-empresarial\/wp-json\/wp\/v2\/tags?post=3554"}],"curies":[{"name":"wp","href":"https:\/\/api.w.org\/{rel}","templated":true}]}}