{"id":3527,"date":"2020-04-21T08:57:15","date_gmt":"2020-04-21T13:57:15","guid":{"rendered":"https:\/\/coparmexjal.org.mx\/entorno-empresarial\/?p=3527"},"modified":"2020-06-08T20:02:00","modified_gmt":"2020-06-09T01:02:00","slug":"gobierno-federal-dicta-acciones-extraordinarias-para-atender-la-emergencia-por-covid-19-en-fase-3","status":"publish","type":"post","link":"https:\/\/coparmexjal.org.mx\/entorno-empresarial\/gobierno-federal-dicta-acciones-extraordinarias-para-atender-la-emergencia-por-covid-19-en-fase-3\/","title":{"rendered":"Gobierno Federal dicta acciones extraordinarias para atender la emergencia por COVID-19 en fase 3"},"content":{"rendered":"\n<p>El d\u00eda de\nhoy se anunci\u00f3 que el pa\u00eds entra en la fase 3 de la pandemia COVID19, etapa en\nla que la dispersi\u00f3n de los contagios comenzar\u00e1 a crecer de manera exponencial,\nante ello se public\u00f3 en el Diario Oficial de la Federaci\u00f3n el Decreto que\nestablece <strong><em>Modificaciones a las<\/em><\/strong> <strong><em>Acciones Extraordinarias\nPara Atender la Emergencia Sanitaria Generada por el virus SARS-COV2,\npublicados el 31 de marzo de 2020<\/em><\/strong>, orden\u00e1ndose la ampliaci\u00f3n de la\njornada de sana distancia hasta el d\u00eda 30 de mayo del 2020 con las siguientes\nconsideraciones.<\/p>\n\n\n\n<p><strong>I. <\/strong>Se ordena la suspensi\u00f3n inmediata, d<strong>el 30 de\nmarzo al 30 de mayo de 2020, de las actividades NO ESENCIALES<\/strong>, continuando\n\u00fanicamente las esenciales que a continuaci\u00f3n se enuncian:<\/p>\n\n\n\n<p><strong><em>Directamente necesarias para atender la emergencia\nsanitaria:&nbsp;<\/em><\/strong><\/p>\n\n\n\n<ul class=\"wp-block-list\"><li>Rama\nm\u00e9dica.&nbsp;<\/li><li>Param\u00e9dica.&nbsp;<\/li><li>Administrativa\ny de apoyo en todo el Sistema Nacional de Salud.&nbsp;<\/li><li>Sector\nfarmac\u00e9utico (producci\u00f3n y distribuci\u00f3n).&nbsp;<\/li><li>Manufactura\nde insumos, equipamiento m\u00e9dico y tecnolog\u00edas para la atenci\u00f3n de la\nsalud.&nbsp;<\/li><li>Involucrados\nen la disposici\u00f3n adecuada de los residuos peligrosos biol\u00f3gicos infecciosos\n(RPBI).&nbsp;<\/li><li>Limpieza\ny sanitizaci\u00f3n de las unidades m\u00e9dicas en los diferentes niveles de\natenci\u00f3n.&nbsp;<\/li><\/ul>\n\n\n\n<p><br>\n<strong><em>Las involucradas en los siguientes rubros:&nbsp;<\/em><\/strong><\/p>\n\n\n\n<ul class=\"wp-block-list\"><li>La seguridad p\u00fablica y la protecci\u00f3n ciudadana.&nbsp;<\/li><li>En la defensa de la integridad y la soberan\u00eda\nnacionales.&nbsp;<\/li><li>La procuraci\u00f3n e impartici\u00f3n de justicia.&nbsp;<\/li><li>La\nactividad legislativa en los niveles federal y estatal.&nbsp;<\/li><\/ul>\n\n\n\n<p><strong><em>3.- Las de\nlos sectores fundamentales de la econom\u00eda&nbsp;<\/em><\/strong><\/p>\n\n\n\n<ul class=\"wp-block-list\"><li>Recaudaci\u00f3n\ny finanzas<\/li><li>Distribuci\u00f3n\ny venta de energ\u00e9ticos.&nbsp;<\/li><li>Gasolineras\ny gas.&nbsp;<\/li><li>Generaci\u00f3n\ny distribuci\u00f3n de agua potable.&nbsp;<\/li><li>Industria\nde alimentos y bebidas no alcoh\u00f3licas.&nbsp;<\/li><li>Mercados\nde alimentos.&nbsp;<\/li><li>Supermercados.&nbsp;<\/li><li>Tiendas\nde autoservicio.&nbsp;<\/li><li>Abarrotes\ny venta de alimentos preparados.&nbsp;<\/li><li>Servicio\nde transporte de pasajeros y de carga.&nbsp;<\/li><li>Producci\u00f3n\nagr\u00edcola.&nbsp;<\/li><li>Pesquera\ny pecuaria.&nbsp;<\/li><li>Agroindustria.&nbsp;<\/li><li>Industria\nqu\u00edmica.&nbsp;<\/li><li>Productos\nde limpieza.&nbsp;<\/li><li>Ferreter\u00edas.&nbsp;<\/li><li>Servicios\nde mensajer\u00eda.&nbsp;<\/li><li>Guardias\nen labores de Seguridad Privada.&nbsp;<\/li><li>Guarder\u00edas\ny estancias infantiles.&nbsp;<\/li><li>Asilos y\nestancias para personas adultas mayores.&nbsp;<\/li><li>Refugios\ny centros de atenci\u00f3n para mujeres v\u00edctimas de la violencia, sus hijas e\nhijos.&nbsp;<\/li><li>Telecomunicaciones\ny medios de informaci\u00f3n.&nbsp;<\/li><li>Servicios\nprivados de emergencia.&nbsp;<\/li><li>Servicios\nfunerarios y de inhumaci\u00f3n.&nbsp;<\/li><li>Servicios\nde almacenamiento y cadena de insumo de fr\u00edos esenciales.&nbsp;<\/li><li>Log\u00edstica\n(aeropuertos, puertos y ferrocarriles).&nbsp;<\/li><\/ul>\n\n\n\n<p><strong><em>Las\nrelacionadas directamente con la operaci\u00f3n de los programas sociales del\ngobierno.&nbsp;<\/em><\/strong><\/p>\n\n\n\n<p><strong><em>Las necesarias para la conservaci\u00f3n, mantenimiento\ny reparaci\u00f3n de la infraestructura cr\u00edtica que asegura la producci\u00f3n y\ndistribuci\u00f3n de servicios indispensables&nbsp;<\/em><\/strong><\/p>\n\n\n\n<ul class=\"wp-block-list\"><li>Agua\npotable.&nbsp;<\/li><li>Energ\u00eda\nel\u00e9ctrica.&nbsp;<\/li><li>Gas,\npetr\u00f3leo.&nbsp;<\/li><li>Gasolina,\nturbosina.&nbsp;<\/li><li>Saneamiento\nb\u00e1sico.&nbsp;<\/li><li>Transporte\np\u00fablico.&nbsp;<\/li><li>Infraestructura\nhospitalaria y m\u00e9dica.&nbsp;<\/li><li>Entre\notros m\u00e1s que pudieran listarse en esta categor\u00eda de Salud Federal.&nbsp;<\/li><\/ul>\n\n\n\n<p><strong>\u00bfQu\u00e9 debe hacer mi empresa?&nbsp;<\/strong><\/p>\n\n\n\n<p>Identificar\nsi se encuentra entre las actividades denominadas esenciales. De ser as\u00ed, podr\u00e1\nseguir operando aplicando las medidas de sanidad se\u00f1aladas como obligatorias y\nrespetar grupos vulnerables, as\u00ed como el tiempo que aparece en el\nDecreto.&nbsp;<\/p>\n\n\n\n<p>Estar\npreparado con la documentaci\u00f3n que acredite a la empresa como esencial, para\nlas inspecciones de revisi\u00f3n y estos pueden ser: licencia municipal, acta\nconstitutiva, alta de hacienda, contratos con empresas de lo que son sus\nactividades, carta justificante, facturas, etc.<\/p>\n\n\n\n<p>Expedir a\nsus trabajadores gafete o identificaci\u00f3n de la empresa respectiva, junto con un\ntexto explicativo de la actividad esencial, as\u00ed como los datos de contacto de\nla empresa para que puedan comprobar ante una autoridad su necesidad de\ntransitar la v\u00eda p\u00fablica.<\/p>\n\n\n\n<p><strong>Consulta el acuerdo oficial en:<\/strong> <a href=\"https:\/\/t.co\/Y7fVDsxLV6\">https:\/\/t.co\/Y7fVDsxLV6<\/a> <\/p>\n","protected":false},"excerpt":{"rendered":"<p>El d\u00eda de hoy se anunci\u00f3 que el pa\u00eds entra en la fase 3 de la pandemia COVID19, etapa en la que la dispersi\u00f3n de<\/p>\n","protected":false},"author":2,"featured_media":3528,"comment_status":"open","ping_status":"open","sticky":false,"template":"","format":"standard","meta":{"footnotes":""},"categories":[348],"tags":[429,431,442,264],"class_list":["post-3527","post","type-post","status-publish","format-standard","has-post-thumbnail","hentry","category-noticias","tag-covid","tag-covid-19","tag-fase-3","tag-gobierno"],"yoast_head":"<!-- This site is optimized with the Yoast SEO plugin v27.5 - https:\/\/yoast.com\/product\/yoast-seo-wordpress\/ -->\n<title>Gobierno Federal dicta acciones extraordinarias para atender la emergencia por COVID-19 en fase 3 - Entorno Empresarial<\/title>\n<meta name=\"robots\" content=\"index, follow, max-snippet:-1, max-image-preview:large, max-video-preview:-1\" \/>\n<link rel=\"canonical\" href=\"https:\/\/coparmexjal.org.mx\/entorno-empresarial\/gobierno-federal-dicta-acciones-extraordinarias-para-atender-la-emergencia-por-covid-19-en-fase-3\/\" \/>\n<meta property=\"og:locale\" content=\"es_MX\" \/>\n<meta property=\"og:type\" content=\"article\" \/>\n<meta property=\"og:title\" content=\"Gobierno Federal dicta acciones extraordinarias para atender la emergencia por COVID-19 en fase 3 - Entorno Empresarial\" \/>\n<meta property=\"og:description\" content=\"El d\u00eda de hoy se anunci\u00f3 que el pa\u00eds entra en la fase 3 de la pandemia COVID19, etapa en la que la dispersi\u00f3n de\" \/>\n<meta property=\"og:url\" content=\"https:\/\/coparmexjal.org.mx\/entorno-empresarial\/gobierno-federal-dicta-acciones-extraordinarias-para-atender-la-emergencia-por-covid-19-en-fase-3\/\" \/>\n<meta property=\"og:site_name\" content=\"Entorno Empresarial\" \/>\n<meta property=\"article:publisher\" content=\"https:\/\/facebook.com\/comcoparmex\" \/>\n<meta property=\"article:published_time\" content=\"2020-04-21T13:57:15+00:00\" \/>\n<meta property=\"article:modified_time\" content=\"2020-06-09T01:02:00+00:00\" \/>\n<meta property=\"og:image\" content=\"https:\/\/coparmexjal.org.mx\/entorno-empresarial\/wp-content\/uploads\/2020\/06\/fase-3-covid19.jpg\" \/>\n\t<meta property=\"og:image:width\" content=\"1200\" \/>\n\t<meta property=\"og:image:height\" content=\"800\" \/>\n\t<meta property=\"og:image:type\" content=\"image\/jpeg\" \/>\n<meta name=\"author\" content=\"Coparmex Jalisco\" \/>\n<meta name=\"twitter:card\" content=\"summary_large_image\" \/>\n<meta name=\"twitter:creator\" content=\"@comcoparmex\" \/>\n<meta name=\"twitter:site\" content=\"@comcoparmex\" \/>\n<meta name=\"twitter:label1\" content=\"Escrito por\" \/>\n\t<meta name=\"twitter:data1\" content=\"Coparmex Jalisco\" \/>\n\t<meta name=\"twitter:label2\" content=\"Tiempo de lectura\" \/>\n\t<meta name=\"twitter:data2\" content=\"3 minutos\" \/>\n<script type=\"application\/ld+json\" class=\"yoast-schema-graph\">{\"@context\":\"https:\\\/\\\/schema.org\",\"@graph\":[{\"@type\":\"Article\",\"@id\":\"https:\\\/\\\/coparmexjal.org.mx\\\/entorno-empresarial\\\/gobierno-federal-dicta-acciones-extraordinarias-para-atender-la-emergencia-por-covid-19-en-fase-3\\\/#article\",\"isPartOf\":{\"@id\":\"https:\\\/\\\/coparmexjal.org.mx\\\/entorno-empresarial\\\/gobierno-federal-dicta-acciones-extraordinarias-para-atender-la-emergencia-por-covid-19-en-fase-3\\\/\"},\"author\":{\"name\":\"Coparmex Jalisco\",\"@id\":\"https:\\\/\\\/coparmexjal.org.mx\\\/entorno-empresarial\\\/#\\\/schema\\\/person\\\/7d1d56a9587bfb3a725cd3dbfbdb9d44\"},\"headline\":\"Gobierno Federal dicta acciones extraordinarias para atender la emergencia por COVID-19 en fase 3\",\"datePublished\":\"2020-04-21T13:57:15+00:00\",\"dateModified\":\"2020-06-09T01:02:00+00:00\",\"mainEntityOfPage\":{\"@id\":\"https:\\\/\\\/coparmexjal.org.mx\\\/entorno-empresarial\\\/gobierno-federal-dicta-acciones-extraordinarias-para-atender-la-emergencia-por-covid-19-en-fase-3\\\/\"},\"wordCount\":671,\"commentCount\":0,\"publisher\":{\"@id\":\"https:\\\/\\\/coparmexjal.org.mx\\\/entorno-empresarial\\\/#organization\"},\"image\":{\"@id\":\"https:\\\/\\\/coparmexjal.org.mx\\\/entorno-empresarial\\\/gobierno-federal-dicta-acciones-extraordinarias-para-atender-la-emergencia-por-covid-19-en-fase-3\\\/#primaryimage\"},\"thumbnailUrl\":\"https:\\\/\\\/coparmexjal.org.mx\\\/entorno-empresarial\\\/wp-content\\\/uploads\\\/2020\\\/06\\\/fase-3-covid19.jpg\",\"keywords\":[\"covid\",\"covid-19\",\"fase 3\",\"gobierno\"],\"articleSection\":[\"Noticias\"],\"inLanguage\":\"es\",\"potentialAction\":[{\"@type\":\"CommentAction\",\"name\":\"Comment\",\"target\":[\"https:\\\/\\\/coparmexjal.org.mx\\\/entorno-empresarial\\\/gobierno-federal-dicta-acciones-extraordinarias-para-atender-la-emergencia-por-covid-19-en-fase-3\\\/#respond\"]}]},{\"@type\":\"WebPage\",\"@id\":\"https:\\\/\\\/coparmexjal.org.mx\\\/entorno-empresarial\\\/gobierno-federal-dicta-acciones-extraordinarias-para-atender-la-emergencia-por-covid-19-en-fase-3\\\/\",\"url\":\"https:\\\/\\\/coparmexjal.org.mx\\\/entorno-empresarial\\\/gobierno-federal-dicta-acciones-extraordinarias-para-atender-la-emergencia-por-covid-19-en-fase-3\\\/\",\"name\":\"Gobierno Federal dicta acciones extraordinarias para atender la emergencia por COVID-19 en fase 3 - Entorno Empresarial\",\"isPartOf\":{\"@id\":\"https:\\\/\\\/coparmexjal.org.mx\\\/entorno-empresarial\\\/#website\"},\"primaryImageOfPage\":{\"@id\":\"https:\\\/\\\/coparmexjal.org.mx\\\/entorno-empresarial\\\/gobierno-federal-dicta-acciones-extraordinarias-para-atender-la-emergencia-por-covid-19-en-fase-3\\\/#primaryimage\"},\"image\":{\"@id\":\"https:\\\/\\\/coparmexjal.org.mx\\\/entorno-empresarial\\\/gobierno-federal-dicta-acciones-extraordinarias-para-atender-la-emergencia-por-covid-19-en-fase-3\\\/#primaryimage\"},\"thumbnailUrl\":\"https:\\\/\\\/coparmexjal.org.mx\\\/entorno-empresarial\\\/wp-content\\\/uploads\\\/2020\\\/06\\\/fase-3-covid19.jpg\",\"datePublished\":\"2020-04-21T13:57:15+00:00\",\"dateModified\":\"2020-06-09T01:02:00+00:00\",\"breadcrumb\":{\"@id\":\"https:\\\/\\\/coparmexjal.org.mx\\\/entorno-empresarial\\\/gobierno-federal-dicta-acciones-extraordinarias-para-atender-la-emergencia-por-covid-19-en-fase-3\\\/#breadcrumb\"},\"inLanguage\":\"es\",\"potentialAction\":[{\"@type\":\"ReadAction\",\"target\":[\"https:\\\/\\\/coparmexjal.org.mx\\\/entorno-empresarial\\\/gobierno-federal-dicta-acciones-extraordinarias-para-atender-la-emergencia-por-covid-19-en-fase-3\\\/\"]}]},{\"@type\":\"ImageObject\",\"inLanguage\":\"es\",\"@id\":\"https:\\\/\\\/coparmexjal.org.mx\\\/entorno-empresarial\\\/gobierno-federal-dicta-acciones-extraordinarias-para-atender-la-emergencia-por-covid-19-en-fase-3\\\/#primaryimage\",\"url\":\"https:\\\/\\\/coparmexjal.org.mx\\\/entorno-empresarial\\\/wp-content\\\/uploads\\\/2020\\\/06\\\/fase-3-covid19.jpg\",\"contentUrl\":\"https:\\\/\\\/coparmexjal.org.mx\\\/entorno-empresarial\\\/wp-content\\\/uploads\\\/2020\\\/06\\\/fase-3-covid19.jpg\",\"width\":1200,\"height\":800},{\"@type\":\"BreadcrumbList\",\"@id\":\"https:\\\/\\\/coparmexjal.org.mx\\\/entorno-empresarial\\\/gobierno-federal-dicta-acciones-extraordinarias-para-atender-la-emergencia-por-covid-19-en-fase-3\\\/#breadcrumb\",\"itemListElement\":[{\"@type\":\"ListItem\",\"position\":1,\"name\":\"Inicio\",\"item\":\"https:\\\/\\\/coparmexjal.org.mx\\\/entorno-empresarial\\\/\"},{\"@type\":\"ListItem\",\"position\":2,\"name\":\"Gobierno Federal dicta acciones extraordinarias para atender la emergencia por COVID-19 en fase 3\"}]},{\"@type\":\"WebSite\",\"@id\":\"https:\\\/\\\/coparmexjal.org.mx\\\/entorno-empresarial\\\/#website\",\"url\":\"https:\\\/\\\/coparmexjal.org.mx\\\/entorno-empresarial\\\/\",\"name\":\"Revista Entorno Empresarial\",\"description\":\"Coparmex Jalisco\",\"publisher\":{\"@id\":\"https:\\\/\\\/coparmexjal.org.mx\\\/entorno-empresarial\\\/#organization\"},\"potentialAction\":[{\"@type\":\"SearchAction\",\"target\":{\"@type\":\"EntryPoint\",\"urlTemplate\":\"https:\\\/\\\/coparmexjal.org.mx\\\/entorno-empresarial\\\/?s={search_term_string}\"},\"query-input\":{\"@type\":\"PropertyValueSpecification\",\"valueRequired\":true,\"valueName\":\"search_term_string\"}}],\"inLanguage\":\"es\"},{\"@type\":\"Organization\",\"@id\":\"https:\\\/\\\/coparmexjal.org.mx\\\/entorno-empresarial\\\/#organization\",\"name\":\"Coparmex Jalisco\",\"url\":\"https:\\\/\\\/coparmexjal.org.mx\\\/entorno-empresarial\\\/\",\"logo\":{\"@type\":\"ImageObject\",\"inLanguage\":\"es\",\"@id\":\"https:\\\/\\\/coparmexjal.org.mx\\\/entorno-empresarial\\\/#\\\/schema\\\/logo\\\/image\\\/\",\"url\":\"https:\\\/\\\/coparmexjal.org.mx\\\/entorno-empresarial\\\/wp-content\\\/uploads\\\/2020\\\/02\\\/logo-amp.png\",\"contentUrl\":\"https:\\\/\\\/coparmexjal.org.mx\\\/entorno-empresarial\\\/wp-content\\\/uploads\\\/2020\\\/02\\\/logo-amp.png\",\"width\":120,\"height\":90,\"caption\":\"Coparmex Jalisco\"},\"image\":{\"@id\":\"https:\\\/\\\/coparmexjal.org.mx\\\/entorno-empresarial\\\/#\\\/schema\\\/logo\\\/image\\\/\"},\"sameAs\":[\"https:\\\/\\\/facebook.com\\\/comcoparmex\",\"https:\\\/\\\/x.com\\\/comcoparmex\",\"http:\\\/\\\/instagram.com\\\/coparmexjalisco\",\"https:\\\/\\\/mx.linkedin.com\\\/company\\\/coparmex-jalisco\",\"https:\\\/\\\/www.youtube.com\\\/c\\\/CoparmexJaliscomx\"]},{\"@type\":\"Person\",\"@id\":\"https:\\\/\\\/coparmexjal.org.mx\\\/entorno-empresarial\\\/#\\\/schema\\\/person\\\/7d1d56a9587bfb3a725cd3dbfbdb9d44\",\"name\":\"Coparmex Jalisco\",\"image\":{\"@type\":\"ImageObject\",\"inLanguage\":\"es\",\"@id\":\"https:\\\/\\\/coparmexjal.org.mx\\\/entorno-empresarial\\\/wp-content\\\/uploads\\\/2020\\\/06\\\/favicon-150x133.png\",\"url\":\"https:\\\/\\\/coparmexjal.org.mx\\\/entorno-empresarial\\\/wp-content\\\/uploads\\\/2020\\\/06\\\/favicon-150x133.png\",\"contentUrl\":\"https:\\\/\\\/coparmexjal.org.mx\\\/entorno-empresarial\\\/wp-content\\\/uploads\\\/2020\\\/06\\\/favicon-150x133.png\",\"caption\":\"Coparmex Jalisco\"},\"url\":\"https:\\\/\\\/coparmexjal.org.mx\\\/entorno-empresarial\\\/author\\\/coparmexjalisco\\\/\"}]}<\/script>\n<!-- \/ Yoast SEO plugin. -->","yoast_head_json":{"title":"Gobierno Federal dicta acciones extraordinarias para atender la emergencia por COVID-19 en fase 3 - Entorno Empresarial","robots":{"index":"index","follow":"follow","max-snippet":"max-snippet:-1","max-image-preview":"max-image-preview:large","max-video-preview":"max-video-preview:-1"},"canonical":"https:\/\/coparmexjal.org.mx\/entorno-empresarial\/gobierno-federal-dicta-acciones-extraordinarias-para-atender-la-emergencia-por-covid-19-en-fase-3\/","og_locale":"es_MX","og_type":"article","og_title":"Gobierno Federal dicta acciones extraordinarias para atender la emergencia por COVID-19 en fase 3 - Entorno Empresarial","og_description":"El d\u00eda de hoy se anunci\u00f3 que el pa\u00eds entra en la fase 3 de la pandemia COVID19, etapa en la que la dispersi\u00f3n de","og_url":"https:\/\/coparmexjal.org.mx\/entorno-empresarial\/gobierno-federal-dicta-acciones-extraordinarias-para-atender-la-emergencia-por-covid-19-en-fase-3\/","og_site_name":"Entorno Empresarial","article_publisher":"https:\/\/facebook.com\/comcoparmex","article_published_time":"2020-04-21T13:57:15+00:00","article_modified_time":"2020-06-09T01:02:00+00:00","og_image":[{"width":1200,"height":800,"url":"https:\/\/coparmexjal.org.mx\/entorno-empresarial\/wp-content\/uploads\/2020\/06\/fase-3-covid19.jpg","type":"image\/jpeg"}],"author":"Coparmex Jalisco","twitter_card":"summary_large_image","twitter_creator":"@comcoparmex","twitter_site":"@comcoparmex","twitter_misc":{"Escrito por":"Coparmex Jalisco","Tiempo de lectura":"3 minutos"},"schema":{"@context":"https:\/\/schema.org","@graph":[{"@type":"Article","@id":"https:\/\/coparmexjal.org.mx\/entorno-empresarial\/gobierno-federal-dicta-acciones-extraordinarias-para-atender-la-emergencia-por-covid-19-en-fase-3\/#article","isPartOf":{"@id":"https:\/\/coparmexjal.org.mx\/entorno-empresarial\/gobierno-federal-dicta-acciones-extraordinarias-para-atender-la-emergencia-por-covid-19-en-fase-3\/"},"author":{"name":"Coparmex Jalisco","@id":"https:\/\/coparmexjal.org.mx\/entorno-empresarial\/#\/schema\/person\/7d1d56a9587bfb3a725cd3dbfbdb9d44"},"headline":"Gobierno Federal dicta acciones extraordinarias para atender la emergencia por COVID-19 en fase 3","datePublished":"2020-04-21T13:57:15+00:00","dateModified":"2020-06-09T01:02:00+00:00","mainEntityOfPage":{"@id":"https:\/\/coparmexjal.org.mx\/entorno-empresarial\/gobierno-federal-dicta-acciones-extraordinarias-para-atender-la-emergencia-por-covid-19-en-fase-3\/"},"wordCount":671,"commentCount":0,"publisher":{"@id":"https:\/\/coparmexjal.org.mx\/entorno-empresarial\/#organization"},"image":{"@id":"https:\/\/coparmexjal.org.mx\/entorno-empresarial\/gobierno-federal-dicta-acciones-extraordinarias-para-atender-la-emergencia-por-covid-19-en-fase-3\/#primaryimage"},"thumbnailUrl":"https:\/\/coparmexjal.org.mx\/entorno-empresarial\/wp-content\/uploads\/2020\/06\/fase-3-covid19.jpg","keywords":["covid","covid-19","fase 3","gobierno"],"articleSection":["Noticias"],"inLanguage":"es","potentialAction":[{"@type":"CommentAction","name":"Comment","target":["https:\/\/coparmexjal.org.mx\/entorno-empresarial\/gobierno-federal-dicta-acciones-extraordinarias-para-atender-la-emergencia-por-covid-19-en-fase-3\/#respond"]}]},{"@type":"WebPage","@id":"https:\/\/coparmexjal.org.mx\/entorno-empresarial\/gobierno-federal-dicta-acciones-extraordinarias-para-atender-la-emergencia-por-covid-19-en-fase-3\/","url":"https:\/\/coparmexjal.org.mx\/entorno-empresarial\/gobierno-federal-dicta-acciones-extraordinarias-para-atender-la-emergencia-por-covid-19-en-fase-3\/","name":"Gobierno Federal dicta acciones extraordinarias para atender la emergencia por COVID-19 en fase 3 - Entorno Empresarial","isPartOf":{"@id":"https:\/\/coparmexjal.org.mx\/entorno-empresarial\/#website"},"primaryImageOfPage":{"@id":"https:\/\/coparmexjal.org.mx\/entorno-empresarial\/gobierno-federal-dicta-acciones-extraordinarias-para-atender-la-emergencia-por-covid-19-en-fase-3\/#primaryimage"},"image":{"@id":"https:\/\/coparmexjal.org.mx\/entorno-empresarial\/gobierno-federal-dicta-acciones-extraordinarias-para-atender-la-emergencia-por-covid-19-en-fase-3\/#primaryimage"},"thumbnailUrl":"https:\/\/coparmexjal.org.mx\/entorno-empresarial\/wp-content\/uploads\/2020\/06\/fase-3-covid19.jpg","datePublished":"2020-04-21T13:57:15+00:00","dateModified":"2020-06-09T01:02:00+00:00","breadcrumb":{"@id":"https:\/\/coparmexjal.org.mx\/entorno-empresarial\/gobierno-federal-dicta-acciones-extraordinarias-para-atender-la-emergencia-por-covid-19-en-fase-3\/#breadcrumb"},"inLanguage":"es","potentialAction":[{"@type":"ReadAction","target":["https:\/\/coparmexjal.org.mx\/entorno-empresarial\/gobierno-federal-dicta-acciones-extraordinarias-para-atender-la-emergencia-por-covid-19-en-fase-3\/"]}]},{"@type":"ImageObject","inLanguage":"es","@id":"https:\/\/coparmexjal.org.mx\/entorno-empresarial\/gobierno-federal-dicta-acciones-extraordinarias-para-atender-la-emergencia-por-covid-19-en-fase-3\/#primaryimage","url":"https:\/\/coparmexjal.org.mx\/entorno-empresarial\/wp-content\/uploads\/2020\/06\/fase-3-covid19.jpg","contentUrl":"https:\/\/coparmexjal.org.mx\/entorno-empresarial\/wp-content\/uploads\/2020\/06\/fase-3-covid19.jpg","width":1200,"height":800},{"@type":"BreadcrumbList","@id":"https:\/\/coparmexjal.org.mx\/entorno-empresarial\/gobierno-federal-dicta-acciones-extraordinarias-para-atender-la-emergencia-por-covid-19-en-fase-3\/#breadcrumb","itemListElement":[{"@type":"ListItem","position":1,"name":"Inicio","item":"https:\/\/coparmexjal.org.mx\/entorno-empresarial\/"},{"@type":"ListItem","position":2,"name":"Gobierno Federal dicta acciones extraordinarias para atender la emergencia por COVID-19 en fase 3"}]},{"@type":"WebSite","@id":"https:\/\/coparmexjal.org.mx\/entorno-empresarial\/#website","url":"https:\/\/coparmexjal.org.mx\/entorno-empresarial\/","name":"Revista Entorno Empresarial","description":"Coparmex Jalisco","publisher":{"@id":"https:\/\/coparmexjal.org.mx\/entorno-empresarial\/#organization"},"potentialAction":[{"@type":"SearchAction","target":{"@type":"EntryPoint","urlTemplate":"https:\/\/coparmexjal.org.mx\/entorno-empresarial\/?s={search_term_string}"},"query-input":{"@type":"PropertyValueSpecification","valueRequired":true,"valueName":"search_term_string"}}],"inLanguage":"es"},{"@type":"Organization","@id":"https:\/\/coparmexjal.org.mx\/entorno-empresarial\/#organization","name":"Coparmex Jalisco","url":"https:\/\/coparmexjal.org.mx\/entorno-empresarial\/","logo":{"@type":"ImageObject","inLanguage":"es","@id":"https:\/\/coparmexjal.org.mx\/entorno-empresarial\/#\/schema\/logo\/image\/","url":"https:\/\/coparmexjal.org.mx\/entorno-empresarial\/wp-content\/uploads\/2020\/02\/logo-amp.png","contentUrl":"https:\/\/coparmexjal.org.mx\/entorno-empresarial\/wp-content\/uploads\/2020\/02\/logo-amp.png","width":120,"height":90,"caption":"Coparmex Jalisco"},"image":{"@id":"https:\/\/coparmexjal.org.mx\/entorno-empresarial\/#\/schema\/logo\/image\/"},"sameAs":["https:\/\/facebook.com\/comcoparmex","https:\/\/x.com\/comcoparmex","http:\/\/instagram.com\/coparmexjalisco","https:\/\/mx.linkedin.com\/company\/coparmex-jalisco","https:\/\/www.youtube.com\/c\/CoparmexJaliscomx"]},{"@type":"Person","@id":"https:\/\/coparmexjal.org.mx\/entorno-empresarial\/#\/schema\/person\/7d1d56a9587bfb3a725cd3dbfbdb9d44","name":"Coparmex Jalisco","image":{"@type":"ImageObject","inLanguage":"es","@id":"https:\/\/coparmexjal.org.mx\/entorno-empresarial\/wp-content\/uploads\/2020\/06\/favicon-150x133.png","url":"https:\/\/coparmexjal.org.mx\/entorno-empresarial\/wp-content\/uploads\/2020\/06\/favicon-150x133.png","contentUrl":"https:\/\/coparmexjal.org.mx\/entorno-empresarial\/wp-content\/uploads\/2020\/06\/favicon-150x133.png","caption":"Coparmex Jalisco"},"url":"https:\/\/coparmexjal.org.mx\/entorno-empresarial\/author\/coparmexjalisco\/"}]}},"_links":{"self":[{"href":"https:\/\/coparmexjal.org.mx\/entorno-empresarial\/wp-json\/wp\/v2\/posts\/3527","targetHints":{"allow":["GET"]}}],"collection":[{"href":"https:\/\/coparmexjal.org.mx\/entorno-empresarial\/wp-json\/wp\/v2\/posts"}],"about":[{"href":"https:\/\/coparmexjal.org.mx\/entorno-empresarial\/wp-json\/wp\/v2\/types\/post"}],"author":[{"embeddable":true,"href":"https:\/\/coparmexjal.org.mx\/entorno-empresarial\/wp-json\/wp\/v2\/users\/2"}],"replies":[{"embeddable":true,"href":"https:\/\/coparmexjal.org.mx\/entorno-empresarial\/wp-json\/wp\/v2\/comments?post=3527"}],"version-history":[{"count":1,"href":"https:\/\/coparmexjal.org.mx\/entorno-empresarial\/wp-json\/wp\/v2\/posts\/3527\/revisions"}],"predecessor-version":[{"id":3529,"href":"https:\/\/coparmexjal.org.mx\/entorno-empresarial\/wp-json\/wp\/v2\/posts\/3527\/revisions\/3529"}],"wp:featuredmedia":[{"embeddable":true,"href":"https:\/\/coparmexjal.org.mx\/entorno-empresarial\/wp-json\/wp\/v2\/media\/3528"}],"wp:attachment":[{"href":"https:\/\/coparmexjal.org.mx\/entorno-empresarial\/wp-json\/wp\/v2\/media?parent=3527"}],"wp:term":[{"taxonomy":"category","embeddable":true,"href":"https:\/\/coparmexjal.org.mx\/entorno-empresarial\/wp-json\/wp\/v2\/categories?post=3527"},{"taxonomy":"post_tag","embeddable":true,"href":"https:\/\/coparmexjal.org.mx\/entorno-empresarial\/wp-json\/wp\/v2\/tags?post=3527"}],"curies":[{"name":"wp","href":"https:\/\/api.w.org\/{rel}","templated":true}]}}