{"id":3521,"date":"2020-03-19T08:44:00","date_gmt":"2020-03-19T14:44:00","guid":{"rendered":"https:\/\/coparmexjal.org.mx\/entorno-empresarial\/?p=3521"},"modified":"2020-06-08T19:52:32","modified_gmt":"2020-06-09T00:52:32","slug":"cuidar-el-empleo-de-las-familias-jaliscienses-debe-ser-una-prioridad-durante-el-covid-19","status":"publish","type":"post","link":"https:\/\/coparmexjal.org.mx\/entorno-empresarial\/cuidar-el-empleo-de-las-familias-jaliscienses-debe-ser-una-prioridad-durante-el-covid-19\/","title":{"rendered":"Cuidar el empleo de las familias jaliscienses debe ser una prioridad durante el COVID-19"},"content":{"rendered":"\n<p>Cuidar el\nempleo de las familias jaliscienses debe ser una prioridad durante el COVID-19,\npor ello se han adoptado medidas que permitan a las empresas continuar con las\noperaciones.&nbsp;<\/p>\n\n\n\n<p>Para\nprevenir y contener el COVI-19, les compartimos las acciones emitidas por el\nGobierno del Estado de Jalisco, as\u00ed como <strong>las implicaciones laborales<\/strong>.&nbsp;<\/p>\n\n\n\n<p>Las\nempresas con giros comerciales como salones de fiestas, casinos, antros,\ncantinas, centros nocturnos y bares est\u00e1n contempladas dentro del acuerdo de\nclausura temporal emitido por el Gobernador del estado.&nbsp;<\/p>\n\n\n\n<p><strong>\u00bfQu\u00e9 hago si mi empresa figura dentro de los giros\ncomerciales se\u00f1alados?<\/strong><\/p>\n\n\n\n<p>En el\ncaso de los giros mencionados, se recomienda acatar lo descrito <em>en el art.\n427, fracci\u00f3n VII, y art. 429, fracci\u00f3n IV, de la Ley Federal de Trabajo, <\/em>que\ncontempla la suspensi\u00f3n temporal del trabajo (en este caso decretada por el\nGobierno del Estado) por lo que<em> <strong>\u201cel patr\u00f3n deja de estar obligado a pagar\nel salario (actual), pero est\u00e1 obligado a pagar a sus trabajadores una\nindemnizaci\u00f3n equivalente a un d\u00eda de salario m\u00ednimo general vigente, por cada\nd\u00eda que dure la suspensi\u00f3n. La suspensi\u00f3n no puede exceder de un mes y los\ntrabajadores deber\u00e1n reanudar actividades tan pronto concluya la\nemergencia\u201d.&nbsp;<\/strong><\/em><\/p>\n\n\n\n<p>Cabe\nse\u00f1alar, que las mujeres embarazadas, en lactancia y menores de 18 a\u00f1os,\ndeber\u00e1n recibir el 100% \u00edntegro de su salario actual durante la suspensi\u00f3n.<\/p>\n\n\n\n<p><strong>\u00bfQu\u00e9 hago si mi empresa no est\u00e1 contemplada dentro\nde estos giros?&nbsp;<\/strong><\/p>\n\n\n\n<p>Trabajar\nde manera regular, aplicando los protocolos sanitarios de prevenci\u00f3n marcados\npor la autoridad para cada sector.<\/p>\n\n\n\n<p><strong>\u00bfQu\u00e9 medidas puedo implementar desde mi empresa\nrespecto al COVID-19?<\/strong><\/p>\n\n\n\n<p>Algunas\nmedidas de prevenci\u00f3n que se han adoptado por las empresas son:<\/p>\n\n\n\n<ul class=\"wp-block-list\"><li>Adopci\u00f3n de medidas de  control y prevenci\u00f3n en: ingresos, salidas, checadores, cocina y \u00e1rea de trabajo.<\/li><li>Flexibilizaci\u00f3n de horarios y redise\u00f1o de turnos para evitar aglomeraciones en el transporte p\u00fablico.<\/li><li>Home office.<\/li><li>Restricciones de visitas a clientes y viajes de negocios.\u00a0<\/li><li>Generaci\u00f3n de reuniones a trav\u00e9s de plataformas digitales.\u00a0<\/li><li>Se sugiere dialogar con los colaboradores para adelantar vacaciones.\u00a0<\/li><li>Utilizar modalidades de \u201cbancos de horas\u201d o\u00a0\u201ctiempo por tiempo\u201d.\u00a0<\/li><\/ul>\n\n\n\n<p>Para\nconsulta a detalle de los decretos oficiales emitidos por el Gobierno de\nJalisco, les proporcionamos las ligas de enlace a la p\u00e1gina del peri\u00f3dico\noficial de Jalisco.&nbsp;<\/p>\n\n\n\n<ol class=\"wp-block-list\"><li>Acuerdo del Secretario de Salud Mediante el cual se emiten los Criterios y      Lineamientos para Prevenir, Contener, Diagnosticar y Atender la Pandemia de COVID-19 en el Estado de Jalisco\u00a0 <a href=\"https:\/\/periodicooficial.jalisco.gob.mx\/sites\/periodicooficial.jalisco.gob.mx\/files\/03-17-20-v.pdf\">https:\/\/periodicooficial.jalisco.gob.mx\/sites\/periodicooficial.jalisco.gob.mx\/files\/03-17-20-v.pdf<\/a> (<strong>Fracci\u00f3n VI<\/strong>)<\/li><li>Acuerdo del Ciudadano Gobernador Constitucional del Estado Libre y Soberano De      Jalisco mediante el cual se clausuran de manera temporal salones de fiesta, casinos, antros, cantinas, centros nocturnos y bares <a href=\"https:\/\/periodicooficial.jalisco.gob.mx\/sites\/periodicooficial.jalisco.gob.mx\/files\/03-17-20-vi.pdf\">https:\/\/periodicooficial.jalisco.gob.mx\/sites\/periodicooficial.jalisco.gob.mx\/files\/03-17-20-vi.pdf<\/a> (<strong>P\u00e1gina 5<\/strong>)<\/li><li>Criterios y Lineamientos para Prevenir, Contener, Diagnosticar y Atender la Pandemia de COVID-19 en el Estado de Jalisco.<br>      <a href=\"https:\/\/periodicooficial.jalisco.gob.mx\/sites\/periodicooficial.jalisco.gob.mx\/files\/03-17-20-v.pdf\">https:\/\/periodicooficial.jalisco.gob.mx\/sites\/periodicooficial.jalisco.gob.mx\/files\/03-17-20-v.pdf<\/a> (<strong>P\u00e1gina 8 secci\u00f3n Octava)<\/strong><\/li><\/ol>\n","protected":false},"excerpt":{"rendered":"<p>Cuidar el empleo de las familias jaliscienses debe ser una prioridad durante el COVID-19, por ello se han adoptado medidas que permitan a las empresas<\/p>\n","protected":false},"author":2,"featured_media":3522,"comment_status":"open","ping_status":"open","sticky":false,"template":"","format":"standard","meta":{"footnotes":""},"categories":[348],"tags":[429,441,257],"class_list":["post-3521","post","type-post","status-publish","format-standard","has-post-thumbnail","hentry","category-noticias","tag-covid","tag-empleo","tag-jalisco"],"yoast_head":"<!-- This site is optimized with the Yoast SEO plugin v27.5 - https:\/\/yoast.com\/product\/yoast-seo-wordpress\/ -->\n<title>Cuidar el empleo de las familias jaliscienses debe ser una prioridad durante el COVID-19 - Entorno Empresarial<\/title>\n<meta name=\"robots\" content=\"index, follow, max-snippet:-1, max-image-preview:large, max-video-preview:-1\" \/>\n<link rel=\"canonical\" href=\"https:\/\/coparmexjal.org.mx\/entorno-empresarial\/cuidar-el-empleo-de-las-familias-jaliscienses-debe-ser-una-prioridad-durante-el-covid-19\/\" \/>\n<meta property=\"og:locale\" content=\"es_MX\" \/>\n<meta property=\"og:type\" content=\"article\" \/>\n<meta property=\"og:title\" content=\"Cuidar el empleo de las familias jaliscienses debe ser una prioridad durante el COVID-19 - Entorno Empresarial\" \/>\n<meta property=\"og:description\" content=\"Cuidar el empleo de las familias jaliscienses debe ser una prioridad durante el COVID-19, por ello se han adoptado medidas que permitan a las empresas\" \/>\n<meta property=\"og:url\" content=\"https:\/\/coparmexjal.org.mx\/entorno-empresarial\/cuidar-el-empleo-de-las-familias-jaliscienses-debe-ser-una-prioridad-durante-el-covid-19\/\" \/>\n<meta property=\"og:site_name\" content=\"Entorno Empresarial\" \/>\n<meta property=\"article:publisher\" content=\"https:\/\/facebook.com\/comcoparmex\" \/>\n<meta property=\"article:published_time\" content=\"2020-03-19T14:44:00+00:00\" \/>\n<meta property=\"article:modified_time\" content=\"2020-06-09T00:52:32+00:00\" \/>\n<meta property=\"og:image\" content=\"https:\/\/coparmexjal.org.mx\/entorno-empresarial\/wp-content\/uploads\/2020\/06\/familia-covid.jpg\" \/>\n\t<meta property=\"og:image:width\" content=\"1200\" \/>\n\t<meta property=\"og:image:height\" content=\"589\" \/>\n\t<meta property=\"og:image:type\" content=\"image\/jpeg\" \/>\n<meta name=\"author\" content=\"Coparmex Jalisco\" \/>\n<meta name=\"twitter:card\" content=\"summary_large_image\" \/>\n<meta name=\"twitter:creator\" content=\"@comcoparmex\" \/>\n<meta name=\"twitter:site\" content=\"@comcoparmex\" \/>\n<meta name=\"twitter:label1\" content=\"Escrito por\" \/>\n\t<meta name=\"twitter:data1\" content=\"Coparmex Jalisco\" \/>\n\t<meta name=\"twitter:label2\" content=\"Tiempo de lectura\" \/>\n\t<meta name=\"twitter:data2\" content=\"3 minutos\" \/>\n<script type=\"application\/ld+json\" class=\"yoast-schema-graph\">{\"@context\":\"https:\\\/\\\/schema.org\",\"@graph\":[{\"@type\":\"Article\",\"@id\":\"https:\\\/\\\/coparmexjal.org.mx\\\/entorno-empresarial\\\/cuidar-el-empleo-de-las-familias-jaliscienses-debe-ser-una-prioridad-durante-el-covid-19\\\/#article\",\"isPartOf\":{\"@id\":\"https:\\\/\\\/coparmexjal.org.mx\\\/entorno-empresarial\\\/cuidar-el-empleo-de-las-familias-jaliscienses-debe-ser-una-prioridad-durante-el-covid-19\\\/\"},\"author\":{\"name\":\"Coparmex Jalisco\",\"@id\":\"https:\\\/\\\/coparmexjal.org.mx\\\/entorno-empresarial\\\/#\\\/schema\\\/person\\\/7d1d56a9587bfb3a725cd3dbfbdb9d44\"},\"headline\":\"Cuidar el empleo de las familias jaliscienses debe ser una prioridad durante el COVID-19\",\"datePublished\":\"2020-03-19T14:44:00+00:00\",\"dateModified\":\"2020-06-09T00:52:32+00:00\",\"mainEntityOfPage\":{\"@id\":\"https:\\\/\\\/coparmexjal.org.mx\\\/entorno-empresarial\\\/cuidar-el-empleo-de-las-familias-jaliscienses-debe-ser-una-prioridad-durante-el-covid-19\\\/\"},\"wordCount\":546,\"commentCount\":0,\"publisher\":{\"@id\":\"https:\\\/\\\/coparmexjal.org.mx\\\/entorno-empresarial\\\/#organization\"},\"image\":{\"@id\":\"https:\\\/\\\/coparmexjal.org.mx\\\/entorno-empresarial\\\/cuidar-el-empleo-de-las-familias-jaliscienses-debe-ser-una-prioridad-durante-el-covid-19\\\/#primaryimage\"},\"thumbnailUrl\":\"https:\\\/\\\/coparmexjal.org.mx\\\/entorno-empresarial\\\/wp-content\\\/uploads\\\/2020\\\/06\\\/familia-covid.jpg\",\"keywords\":[\"covid\",\"empleo\",\"Jalisco\"],\"articleSection\":[\"Noticias\"],\"inLanguage\":\"es\",\"potentialAction\":[{\"@type\":\"CommentAction\",\"name\":\"Comment\",\"target\":[\"https:\\\/\\\/coparmexjal.org.mx\\\/entorno-empresarial\\\/cuidar-el-empleo-de-las-familias-jaliscienses-debe-ser-una-prioridad-durante-el-covid-19\\\/#respond\"]}]},{\"@type\":\"WebPage\",\"@id\":\"https:\\\/\\\/coparmexjal.org.mx\\\/entorno-empresarial\\\/cuidar-el-empleo-de-las-familias-jaliscienses-debe-ser-una-prioridad-durante-el-covid-19\\\/\",\"url\":\"https:\\\/\\\/coparmexjal.org.mx\\\/entorno-empresarial\\\/cuidar-el-empleo-de-las-familias-jaliscienses-debe-ser-una-prioridad-durante-el-covid-19\\\/\",\"name\":\"Cuidar el empleo de las familias jaliscienses debe ser una prioridad durante el COVID-19 - Entorno Empresarial\",\"isPartOf\":{\"@id\":\"https:\\\/\\\/coparmexjal.org.mx\\\/entorno-empresarial\\\/#website\"},\"primaryImageOfPage\":{\"@id\":\"https:\\\/\\\/coparmexjal.org.mx\\\/entorno-empresarial\\\/cuidar-el-empleo-de-las-familias-jaliscienses-debe-ser-una-prioridad-durante-el-covid-19\\\/#primaryimage\"},\"image\":{\"@id\":\"https:\\\/\\\/coparmexjal.org.mx\\\/entorno-empresarial\\\/cuidar-el-empleo-de-las-familias-jaliscienses-debe-ser-una-prioridad-durante-el-covid-19\\\/#primaryimage\"},\"thumbnailUrl\":\"https:\\\/\\\/coparmexjal.org.mx\\\/entorno-empresarial\\\/wp-content\\\/uploads\\\/2020\\\/06\\\/familia-covid.jpg\",\"datePublished\":\"2020-03-19T14:44:00+00:00\",\"dateModified\":\"2020-06-09T00:52:32+00:00\",\"breadcrumb\":{\"@id\":\"https:\\\/\\\/coparmexjal.org.mx\\\/entorno-empresarial\\\/cuidar-el-empleo-de-las-familias-jaliscienses-debe-ser-una-prioridad-durante-el-covid-19\\\/#breadcrumb\"},\"inLanguage\":\"es\",\"potentialAction\":[{\"@type\":\"ReadAction\",\"target\":[\"https:\\\/\\\/coparmexjal.org.mx\\\/entorno-empresarial\\\/cuidar-el-empleo-de-las-familias-jaliscienses-debe-ser-una-prioridad-durante-el-covid-19\\\/\"]}]},{\"@type\":\"ImageObject\",\"inLanguage\":\"es\",\"@id\":\"https:\\\/\\\/coparmexjal.org.mx\\\/entorno-empresarial\\\/cuidar-el-empleo-de-las-familias-jaliscienses-debe-ser-una-prioridad-durante-el-covid-19\\\/#primaryimage\",\"url\":\"https:\\\/\\\/coparmexjal.org.mx\\\/entorno-empresarial\\\/wp-content\\\/uploads\\\/2020\\\/06\\\/familia-covid.jpg\",\"contentUrl\":\"https:\\\/\\\/coparmexjal.org.mx\\\/entorno-empresarial\\\/wp-content\\\/uploads\\\/2020\\\/06\\\/familia-covid.jpg\",\"width\":1200,\"height\":589},{\"@type\":\"BreadcrumbList\",\"@id\":\"https:\\\/\\\/coparmexjal.org.mx\\\/entorno-empresarial\\\/cuidar-el-empleo-de-las-familias-jaliscienses-debe-ser-una-prioridad-durante-el-covid-19\\\/#breadcrumb\",\"itemListElement\":[{\"@type\":\"ListItem\",\"position\":1,\"name\":\"Inicio\",\"item\":\"https:\\\/\\\/coparmexjal.org.mx\\\/entorno-empresarial\\\/\"},{\"@type\":\"ListItem\",\"position\":2,\"name\":\"Cuidar el empleo de las familias jaliscienses debe ser una prioridad durante el COVID-19\"}]},{\"@type\":\"WebSite\",\"@id\":\"https:\\\/\\\/coparmexjal.org.mx\\\/entorno-empresarial\\\/#website\",\"url\":\"https:\\\/\\\/coparmexjal.org.mx\\\/entorno-empresarial\\\/\",\"name\":\"Revista Entorno Empresarial\",\"description\":\"Coparmex Jalisco\",\"publisher\":{\"@id\":\"https:\\\/\\\/coparmexjal.org.mx\\\/entorno-empresarial\\\/#organization\"},\"potentialAction\":[{\"@type\":\"SearchAction\",\"target\":{\"@type\":\"EntryPoint\",\"urlTemplate\":\"https:\\\/\\\/coparmexjal.org.mx\\\/entorno-empresarial\\\/?s={search_term_string}\"},\"query-input\":{\"@type\":\"PropertyValueSpecification\",\"valueRequired\":true,\"valueName\":\"search_term_string\"}}],\"inLanguage\":\"es\"},{\"@type\":\"Organization\",\"@id\":\"https:\\\/\\\/coparmexjal.org.mx\\\/entorno-empresarial\\\/#organization\",\"name\":\"Coparmex Jalisco\",\"url\":\"https:\\\/\\\/coparmexjal.org.mx\\\/entorno-empresarial\\\/\",\"logo\":{\"@type\":\"ImageObject\",\"inLanguage\":\"es\",\"@id\":\"https:\\\/\\\/coparmexjal.org.mx\\\/entorno-empresarial\\\/#\\\/schema\\\/logo\\\/image\\\/\",\"url\":\"https:\\\/\\\/coparmexjal.org.mx\\\/entorno-empresarial\\\/wp-content\\\/uploads\\\/2020\\\/02\\\/logo-amp.png\",\"contentUrl\":\"https:\\\/\\\/coparmexjal.org.mx\\\/entorno-empresarial\\\/wp-content\\\/uploads\\\/2020\\\/02\\\/logo-amp.png\",\"width\":120,\"height\":90,\"caption\":\"Coparmex Jalisco\"},\"image\":{\"@id\":\"https:\\\/\\\/coparmexjal.org.mx\\\/entorno-empresarial\\\/#\\\/schema\\\/logo\\\/image\\\/\"},\"sameAs\":[\"https:\\\/\\\/facebook.com\\\/comcoparmex\",\"https:\\\/\\\/x.com\\\/comcoparmex\",\"http:\\\/\\\/instagram.com\\\/coparmexjalisco\",\"https:\\\/\\\/mx.linkedin.com\\\/company\\\/coparmex-jalisco\",\"https:\\\/\\\/www.youtube.com\\\/c\\\/CoparmexJaliscomx\"]},{\"@type\":\"Person\",\"@id\":\"https:\\\/\\\/coparmexjal.org.mx\\\/entorno-empresarial\\\/#\\\/schema\\\/person\\\/7d1d56a9587bfb3a725cd3dbfbdb9d44\",\"name\":\"Coparmex Jalisco\",\"image\":{\"@type\":\"ImageObject\",\"inLanguage\":\"es\",\"@id\":\"https:\\\/\\\/coparmexjal.org.mx\\\/entorno-empresarial\\\/wp-content\\\/uploads\\\/2020\\\/06\\\/favicon-150x133.png\",\"url\":\"https:\\\/\\\/coparmexjal.org.mx\\\/entorno-empresarial\\\/wp-content\\\/uploads\\\/2020\\\/06\\\/favicon-150x133.png\",\"contentUrl\":\"https:\\\/\\\/coparmexjal.org.mx\\\/entorno-empresarial\\\/wp-content\\\/uploads\\\/2020\\\/06\\\/favicon-150x133.png\",\"caption\":\"Coparmex Jalisco\"},\"url\":\"https:\\\/\\\/coparmexjal.org.mx\\\/entorno-empresarial\\\/author\\\/coparmexjalisco\\\/\"}]}<\/script>\n<!-- \/ Yoast SEO plugin. -->","yoast_head_json":{"title":"Cuidar el empleo de las familias jaliscienses debe ser una prioridad durante el COVID-19 - Entorno Empresarial","robots":{"index":"index","follow":"follow","max-snippet":"max-snippet:-1","max-image-preview":"max-image-preview:large","max-video-preview":"max-video-preview:-1"},"canonical":"https:\/\/coparmexjal.org.mx\/entorno-empresarial\/cuidar-el-empleo-de-las-familias-jaliscienses-debe-ser-una-prioridad-durante-el-covid-19\/","og_locale":"es_MX","og_type":"article","og_title":"Cuidar el empleo de las familias jaliscienses debe ser una prioridad durante el COVID-19 - Entorno Empresarial","og_description":"Cuidar el empleo de las familias jaliscienses debe ser una prioridad durante el COVID-19, por ello se han adoptado medidas que permitan a las empresas","og_url":"https:\/\/coparmexjal.org.mx\/entorno-empresarial\/cuidar-el-empleo-de-las-familias-jaliscienses-debe-ser-una-prioridad-durante-el-covid-19\/","og_site_name":"Entorno Empresarial","article_publisher":"https:\/\/facebook.com\/comcoparmex","article_published_time":"2020-03-19T14:44:00+00:00","article_modified_time":"2020-06-09T00:52:32+00:00","og_image":[{"width":1200,"height":589,"url":"https:\/\/coparmexjal.org.mx\/entorno-empresarial\/wp-content\/uploads\/2020\/06\/familia-covid.jpg","type":"image\/jpeg"}],"author":"Coparmex Jalisco","twitter_card":"summary_large_image","twitter_creator":"@comcoparmex","twitter_site":"@comcoparmex","twitter_misc":{"Escrito por":"Coparmex Jalisco","Tiempo de lectura":"3 minutos"},"schema":{"@context":"https:\/\/schema.org","@graph":[{"@type":"Article","@id":"https:\/\/coparmexjal.org.mx\/entorno-empresarial\/cuidar-el-empleo-de-las-familias-jaliscienses-debe-ser-una-prioridad-durante-el-covid-19\/#article","isPartOf":{"@id":"https:\/\/coparmexjal.org.mx\/entorno-empresarial\/cuidar-el-empleo-de-las-familias-jaliscienses-debe-ser-una-prioridad-durante-el-covid-19\/"},"author":{"name":"Coparmex Jalisco","@id":"https:\/\/coparmexjal.org.mx\/entorno-empresarial\/#\/schema\/person\/7d1d56a9587bfb3a725cd3dbfbdb9d44"},"headline":"Cuidar el empleo de las familias jaliscienses debe ser una prioridad durante el COVID-19","datePublished":"2020-03-19T14:44:00+00:00","dateModified":"2020-06-09T00:52:32+00:00","mainEntityOfPage":{"@id":"https:\/\/coparmexjal.org.mx\/entorno-empresarial\/cuidar-el-empleo-de-las-familias-jaliscienses-debe-ser-una-prioridad-durante-el-covid-19\/"},"wordCount":546,"commentCount":0,"publisher":{"@id":"https:\/\/coparmexjal.org.mx\/entorno-empresarial\/#organization"},"image":{"@id":"https:\/\/coparmexjal.org.mx\/entorno-empresarial\/cuidar-el-empleo-de-las-familias-jaliscienses-debe-ser-una-prioridad-durante-el-covid-19\/#primaryimage"},"thumbnailUrl":"https:\/\/coparmexjal.org.mx\/entorno-empresarial\/wp-content\/uploads\/2020\/06\/familia-covid.jpg","keywords":["covid","empleo","Jalisco"],"articleSection":["Noticias"],"inLanguage":"es","potentialAction":[{"@type":"CommentAction","name":"Comment","target":["https:\/\/coparmexjal.org.mx\/entorno-empresarial\/cuidar-el-empleo-de-las-familias-jaliscienses-debe-ser-una-prioridad-durante-el-covid-19\/#respond"]}]},{"@type":"WebPage","@id":"https:\/\/coparmexjal.org.mx\/entorno-empresarial\/cuidar-el-empleo-de-las-familias-jaliscienses-debe-ser-una-prioridad-durante-el-covid-19\/","url":"https:\/\/coparmexjal.org.mx\/entorno-empresarial\/cuidar-el-empleo-de-las-familias-jaliscienses-debe-ser-una-prioridad-durante-el-covid-19\/","name":"Cuidar el empleo de las familias jaliscienses debe ser una prioridad durante el COVID-19 - Entorno Empresarial","isPartOf":{"@id":"https:\/\/coparmexjal.org.mx\/entorno-empresarial\/#website"},"primaryImageOfPage":{"@id":"https:\/\/coparmexjal.org.mx\/entorno-empresarial\/cuidar-el-empleo-de-las-familias-jaliscienses-debe-ser-una-prioridad-durante-el-covid-19\/#primaryimage"},"image":{"@id":"https:\/\/coparmexjal.org.mx\/entorno-empresarial\/cuidar-el-empleo-de-las-familias-jaliscienses-debe-ser-una-prioridad-durante-el-covid-19\/#primaryimage"},"thumbnailUrl":"https:\/\/coparmexjal.org.mx\/entorno-empresarial\/wp-content\/uploads\/2020\/06\/familia-covid.jpg","datePublished":"2020-03-19T14:44:00+00:00","dateModified":"2020-06-09T00:52:32+00:00","breadcrumb":{"@id":"https:\/\/coparmexjal.org.mx\/entorno-empresarial\/cuidar-el-empleo-de-las-familias-jaliscienses-debe-ser-una-prioridad-durante-el-covid-19\/#breadcrumb"},"inLanguage":"es","potentialAction":[{"@type":"ReadAction","target":["https:\/\/coparmexjal.org.mx\/entorno-empresarial\/cuidar-el-empleo-de-las-familias-jaliscienses-debe-ser-una-prioridad-durante-el-covid-19\/"]}]},{"@type":"ImageObject","inLanguage":"es","@id":"https:\/\/coparmexjal.org.mx\/entorno-empresarial\/cuidar-el-empleo-de-las-familias-jaliscienses-debe-ser-una-prioridad-durante-el-covid-19\/#primaryimage","url":"https:\/\/coparmexjal.org.mx\/entorno-empresarial\/wp-content\/uploads\/2020\/06\/familia-covid.jpg","contentUrl":"https:\/\/coparmexjal.org.mx\/entorno-empresarial\/wp-content\/uploads\/2020\/06\/familia-covid.jpg","width":1200,"height":589},{"@type":"BreadcrumbList","@id":"https:\/\/coparmexjal.org.mx\/entorno-empresarial\/cuidar-el-empleo-de-las-familias-jaliscienses-debe-ser-una-prioridad-durante-el-covid-19\/#breadcrumb","itemListElement":[{"@type":"ListItem","position":1,"name":"Inicio","item":"https:\/\/coparmexjal.org.mx\/entorno-empresarial\/"},{"@type":"ListItem","position":2,"name":"Cuidar el empleo de las familias jaliscienses debe ser una prioridad durante el COVID-19"}]},{"@type":"WebSite","@id":"https:\/\/coparmexjal.org.mx\/entorno-empresarial\/#website","url":"https:\/\/coparmexjal.org.mx\/entorno-empresarial\/","name":"Revista Entorno Empresarial","description":"Coparmex Jalisco","publisher":{"@id":"https:\/\/coparmexjal.org.mx\/entorno-empresarial\/#organization"},"potentialAction":[{"@type":"SearchAction","target":{"@type":"EntryPoint","urlTemplate":"https:\/\/coparmexjal.org.mx\/entorno-empresarial\/?s={search_term_string}"},"query-input":{"@type":"PropertyValueSpecification","valueRequired":true,"valueName":"search_term_string"}}],"inLanguage":"es"},{"@type":"Organization","@id":"https:\/\/coparmexjal.org.mx\/entorno-empresarial\/#organization","name":"Coparmex Jalisco","url":"https:\/\/coparmexjal.org.mx\/entorno-empresarial\/","logo":{"@type":"ImageObject","inLanguage":"es","@id":"https:\/\/coparmexjal.org.mx\/entorno-empresarial\/#\/schema\/logo\/image\/","url":"https:\/\/coparmexjal.org.mx\/entorno-empresarial\/wp-content\/uploads\/2020\/02\/logo-amp.png","contentUrl":"https:\/\/coparmexjal.org.mx\/entorno-empresarial\/wp-content\/uploads\/2020\/02\/logo-amp.png","width":120,"height":90,"caption":"Coparmex Jalisco"},"image":{"@id":"https:\/\/coparmexjal.org.mx\/entorno-empresarial\/#\/schema\/logo\/image\/"},"sameAs":["https:\/\/facebook.com\/comcoparmex","https:\/\/x.com\/comcoparmex","http:\/\/instagram.com\/coparmexjalisco","https:\/\/mx.linkedin.com\/company\/coparmex-jalisco","https:\/\/www.youtube.com\/c\/CoparmexJaliscomx"]},{"@type":"Person","@id":"https:\/\/coparmexjal.org.mx\/entorno-empresarial\/#\/schema\/person\/7d1d56a9587bfb3a725cd3dbfbdb9d44","name":"Coparmex Jalisco","image":{"@type":"ImageObject","inLanguage":"es","@id":"https:\/\/coparmexjal.org.mx\/entorno-empresarial\/wp-content\/uploads\/2020\/06\/favicon-150x133.png","url":"https:\/\/coparmexjal.org.mx\/entorno-empresarial\/wp-content\/uploads\/2020\/06\/favicon-150x133.png","contentUrl":"https:\/\/coparmexjal.org.mx\/entorno-empresarial\/wp-content\/uploads\/2020\/06\/favicon-150x133.png","caption":"Coparmex Jalisco"},"url":"https:\/\/coparmexjal.org.mx\/entorno-empresarial\/author\/coparmexjalisco\/"}]}},"_links":{"self":[{"href":"https:\/\/coparmexjal.org.mx\/entorno-empresarial\/wp-json\/wp\/v2\/posts\/3521","targetHints":{"allow":["GET"]}}],"collection":[{"href":"https:\/\/coparmexjal.org.mx\/entorno-empresarial\/wp-json\/wp\/v2\/posts"}],"about":[{"href":"https:\/\/coparmexjal.org.mx\/entorno-empresarial\/wp-json\/wp\/v2\/types\/post"}],"author":[{"embeddable":true,"href":"https:\/\/coparmexjal.org.mx\/entorno-empresarial\/wp-json\/wp\/v2\/users\/2"}],"replies":[{"embeddable":true,"href":"https:\/\/coparmexjal.org.mx\/entorno-empresarial\/wp-json\/wp\/v2\/comments?post=3521"}],"version-history":[{"count":1,"href":"https:\/\/coparmexjal.org.mx\/entorno-empresarial\/wp-json\/wp\/v2\/posts\/3521\/revisions"}],"predecessor-version":[{"id":3523,"href":"https:\/\/coparmexjal.org.mx\/entorno-empresarial\/wp-json\/wp\/v2\/posts\/3521\/revisions\/3523"}],"wp:featuredmedia":[{"embeddable":true,"href":"https:\/\/coparmexjal.org.mx\/entorno-empresarial\/wp-json\/wp\/v2\/media\/3522"}],"wp:attachment":[{"href":"https:\/\/coparmexjal.org.mx\/entorno-empresarial\/wp-json\/wp\/v2\/media?parent=3521"}],"wp:term":[{"taxonomy":"category","embeddable":true,"href":"https:\/\/coparmexjal.org.mx\/entorno-empresarial\/wp-json\/wp\/v2\/categories?post=3521"},{"taxonomy":"post_tag","embeddable":true,"href":"https:\/\/coparmexjal.org.mx\/entorno-empresarial\/wp-json\/wp\/v2\/tags?post=3521"}],"curies":[{"name":"wp","href":"https:\/\/api.w.org\/{rel}","templated":true}]}}