{"id":3469,"date":"2020-01-08T08:00:00","date_gmt":"2020-01-08T14:00:00","guid":{"rendered":"https:\/\/coparmexjal.org.mx\/entorno-empresarial\/?p=3469"},"modified":"2020-06-06T22:57:26","modified_gmt":"2020-06-07T03:57:26","slug":"materializa-tus-deseos","status":"publish","type":"post","link":"https:\/\/coparmexjal.org.mx\/entorno-empresarial\/materializa-tus-deseos\/","title":{"rendered":"Materializa tus deseos"},"content":{"rendered":"\n<p>Existen diversas emociones que funcionan como agentes que bloquean nuestros deseos. Dentro de los m\u00e1s comunes se encuentran la duda y el miedo para alcanzar aquello que planificamos.<\/p>\n\n\n\n<p>Cada vez que se presenta una gran oportunidad para la empresa, a menudo tendemos a evitar tomar acciones concretas hasta que no tengamos la panor\u00e1mica completa del camino por seguir. En otras palabras: tememos dar el primer paso porque el resultado no es certero, y sin certeza, sucumbimos a la duda y nos preguntamos si nuestros posibles esfuerzos traer\u00e1n los resultados que deseamos.<\/p>\n\n\n\n<p>Como seres humanos, muchas veces gastamos demasiado tiempo planificando, pensando, averiguando y analizando mientras una gran oportunidad puede estarse esfumando en ese mismo momento por, simplemente, no tomarla.<\/p>\n\n\n\n<p>Te dejo dos consejos pr\u00e1cticos para\u00a0materializar tus deseos:<\/p>\n\n\n\n<p><strong>1. Enf\u00f3cate en el qu\u00e9, no en el c\u00f3mo:<\/strong><\/p>\n\n\n\n<p>Cuando se presentan grandes oportunidades, la pregunta que puede venir a menudo es: \u201c\u00bfC\u00f3mo lo har\u00e9?\u201d. Incluso si somos capaces de imaginar la meta y entusiasmarnos con el resultado final, la mente comienza a dudar de nuestra habilidad de tornar nuestros sue\u00f1os en realidad.<\/p>\n\n\n\n<p>Por ello, \u00a1no te preocupes del c\u00f3mo! Solo porque no conoces cada paso de tu viaje, esto no debe impedirte comenzar. Confiar en ello y estar dispuesto a explorar lo desconocido te convierte en un cocreador con el universo. Todo lo que necesitas es poner un pie frente al otro y seguir tomando los siguientes pasos l\u00f3gicos hacia tu meta. Conf\u00eda en que aparecer\u00e1n las respuestas y recursos que buscas.<\/p>\n\n\n\n<p><strong>2. Experimenta el miedo y toma acci\u00f3n de todos modos:<\/strong><\/p>\n\n\n\n<p>Hay personas que piensan que para tomar riesgos y moverse m\u00e1s all\u00e1 de su zona de confort, tienen que ser totalmente temerarias, sin sentir miedo. Pero eso dista mucho de ser cierto.<\/p>\n\n\n\n<p>La definici\u00f3n de valent\u00eda no es no tener miedo\u201d; es sentir el miedo y hacer lo que t\u00fa sabes que es correcto. Por ello, si deseas tomar tu vida y tu trabajo a un nivel m\u00e1s elevado \u2013y si no quieres permanecer estancado en donde est\u00e1s\u2013 tendr\u00e1s que confrontar tus miedos.<\/p>\n\n\n\n<p>El miedo es totalmente natural y propio de todos los seres humanos, pero algunos individuos har\u00e1n lo que sea por evadirlo. Es comprensible: el miedo es inc\u00f3modo, y por ello, para evitar ese sentimiento de incomodidad, estas personas dejar\u00e1n que el miedo les impida tomar los pasos necesarios para lograr sus objetivos.<\/p>\n\n\n\n<p>Ahora, si quieres alinearte con el universo, necesitas sentir el miedo y no dejar que te detenga. Da un salto de fe, incluso si sientes temor a lo incierto. Juega y toma responsabilidad en ese riesgo, porque tu coraz\u00f3n sabe que es algo que deseas para ti y que traer\u00e1 beneficios para ti y los tuyos.<\/p>\n\n\n\n<p>Estos dos consejos forman parte plena de la ley de la atracci\u00f3n en acci\u00f3n. Una vez que vayas sintiendo el miedo y atraves\u00e1ndolo de todos modos, tus deseos ser\u00e1n una motivaci\u00f3n permanente, y la valent\u00eda, un m\u00fasculo que ser\u00e1 cada vez m\u00e1s firme. Hazlo por ti y por el mundo.<br><\/p>\n","protected":false},"excerpt":{"rendered":"<p>Existen diversas emociones que funcionan como agentes que bloquean nuestros deseos. Dentro de los m\u00e1s comunes se encuentran la duda y el miedo para alcanzar<\/p>\n","protected":false},"author":16,"featured_media":3471,"comment_status":"open","ping_status":"open","sticky":false,"template":"","format":"standard","meta":{"footnotes":""},"categories":[155],"tags":[414,411,416,201,412,413],"class_list":["post-3469","post","type-post","status-publish","format-standard","has-post-thumbnail","hentry","category-vida-estilo","tag-cambio","tag-materializar-suenos","tag-miedo","tag-objetivos","tag-planes-2020","tag-suenos"],"yoast_head":"<!-- This site is optimized with the Yoast SEO plugin v27.5 - https:\/\/yoast.com\/product\/yoast-seo-wordpress\/ -->\n<title>Materializa tus deseos - Entorno Empresarial<\/title>\n<meta name=\"robots\" content=\"index, follow, max-snippet:-1, max-image-preview:large, max-video-preview:-1\" \/>\n<link rel=\"canonical\" href=\"https:\/\/coparmexjal.org.mx\/entorno-empresarial\/materializa-tus-deseos\/\" \/>\n<meta property=\"og:locale\" content=\"es_MX\" \/>\n<meta property=\"og:type\" content=\"article\" \/>\n<meta property=\"og:title\" content=\"Materializa tus deseos - Entorno Empresarial\" \/>\n<meta property=\"og:description\" content=\"Existen diversas emociones que funcionan como agentes que bloquean nuestros deseos. Dentro de los m\u00e1s comunes se encuentran la duda y el miedo para alcanzar\" \/>\n<meta property=\"og:url\" content=\"https:\/\/coparmexjal.org.mx\/entorno-empresarial\/materializa-tus-deseos\/\" \/>\n<meta property=\"og:site_name\" content=\"Entorno Empresarial\" \/>\n<meta property=\"article:publisher\" content=\"https:\/\/facebook.com\/comcoparmex\" \/>\n<meta property=\"article:published_time\" content=\"2020-01-08T14:00:00+00:00\" \/>\n<meta property=\"article:modified_time\" content=\"2020-06-07T03:57:26+00:00\" \/>\n<meta property=\"og:image\" content=\"https:\/\/coparmexjal.org.mx\/entorno-empresarial\/wp-content\/uploads\/2020\/06\/cumplir-sue\u00f1o.jpg\" \/>\n\t<meta property=\"og:image:width\" content=\"334\" \/>\n\t<meta property=\"og:image:height\" content=\"501\" \/>\n\t<meta property=\"og:image:type\" content=\"image\/jpeg\" \/>\n<meta name=\"author\" content=\"Anah\u00ed Su\u00e1rez Z\u00e1rate\" \/>\n<meta name=\"twitter:card\" content=\"summary_large_image\" \/>\n<meta name=\"twitter:creator\" content=\"@comcoparmex\" \/>\n<meta name=\"twitter:site\" content=\"@comcoparmex\" \/>\n<meta name=\"twitter:label1\" content=\"Escrito por\" \/>\n\t<meta name=\"twitter:data1\" content=\"Anah\u00ed Su\u00e1rez Z\u00e1rate\" \/>\n\t<meta name=\"twitter:label2\" content=\"Tiempo de lectura\" \/>\n\t<meta name=\"twitter:data2\" content=\"3 minutos\" \/>\n<script type=\"application\/ld+json\" class=\"yoast-schema-graph\">{\"@context\":\"https:\\\/\\\/schema.org\",\"@graph\":[{\"@type\":\"Article\",\"@id\":\"https:\\\/\\\/coparmexjal.org.mx\\\/entorno-empresarial\\\/materializa-tus-deseos\\\/#article\",\"isPartOf\":{\"@id\":\"https:\\\/\\\/coparmexjal.org.mx\\\/entorno-empresarial\\\/materializa-tus-deseos\\\/\"},\"author\":{\"name\":\"Anah\u00ed Su\u00e1rez Z\u00e1rate\",\"@id\":\"https:\\\/\\\/coparmexjal.org.mx\\\/entorno-empresarial\\\/#\\\/schema\\\/person\\\/8ddfa478b7c24c6ded8d0c86b2cd5bd4\"},\"headline\":\"Materializa tus deseos\",\"datePublished\":\"2020-01-08T14:00:00+00:00\",\"dateModified\":\"2020-06-07T03:57:26+00:00\",\"mainEntityOfPage\":{\"@id\":\"https:\\\/\\\/coparmexjal.org.mx\\\/entorno-empresarial\\\/materializa-tus-deseos\\\/\"},\"wordCount\":534,\"commentCount\":0,\"publisher\":{\"@id\":\"https:\\\/\\\/coparmexjal.org.mx\\\/entorno-empresarial\\\/#organization\"},\"image\":{\"@id\":\"https:\\\/\\\/coparmexjal.org.mx\\\/entorno-empresarial\\\/materializa-tus-deseos\\\/#primaryimage\"},\"thumbnailUrl\":\"https:\\\/\\\/coparmexjal.org.mx\\\/entorno-empresarial\\\/wp-content\\\/uploads\\\/2020\\\/06\\\/cumplir-sue\u00f1o.jpg\",\"keywords\":[\"cambio\",\"materializar sue\u00f1os\",\"miedo\",\"objetivos\",\"planes 2020\",\"sue\u00f1os\"],\"articleSection\":[\"Vida y Estilo\"],\"inLanguage\":\"es\",\"potentialAction\":[{\"@type\":\"CommentAction\",\"name\":\"Comment\",\"target\":[\"https:\\\/\\\/coparmexjal.org.mx\\\/entorno-empresarial\\\/materializa-tus-deseos\\\/#respond\"]}]},{\"@type\":\"WebPage\",\"@id\":\"https:\\\/\\\/coparmexjal.org.mx\\\/entorno-empresarial\\\/materializa-tus-deseos\\\/\",\"url\":\"https:\\\/\\\/coparmexjal.org.mx\\\/entorno-empresarial\\\/materializa-tus-deseos\\\/\",\"name\":\"Materializa tus deseos - Entorno Empresarial\",\"isPartOf\":{\"@id\":\"https:\\\/\\\/coparmexjal.org.mx\\\/entorno-empresarial\\\/#website\"},\"primaryImageOfPage\":{\"@id\":\"https:\\\/\\\/coparmexjal.org.mx\\\/entorno-empresarial\\\/materializa-tus-deseos\\\/#primaryimage\"},\"image\":{\"@id\":\"https:\\\/\\\/coparmexjal.org.mx\\\/entorno-empresarial\\\/materializa-tus-deseos\\\/#primaryimage\"},\"thumbnailUrl\":\"https:\\\/\\\/coparmexjal.org.mx\\\/entorno-empresarial\\\/wp-content\\\/uploads\\\/2020\\\/06\\\/cumplir-sue\u00f1o.jpg\",\"datePublished\":\"2020-01-08T14:00:00+00:00\",\"dateModified\":\"2020-06-07T03:57:26+00:00\",\"breadcrumb\":{\"@id\":\"https:\\\/\\\/coparmexjal.org.mx\\\/entorno-empresarial\\\/materializa-tus-deseos\\\/#breadcrumb\"},\"inLanguage\":\"es\",\"potentialAction\":[{\"@type\":\"ReadAction\",\"target\":[\"https:\\\/\\\/coparmexjal.org.mx\\\/entorno-empresarial\\\/materializa-tus-deseos\\\/\"]}]},{\"@type\":\"ImageObject\",\"inLanguage\":\"es\",\"@id\":\"https:\\\/\\\/coparmexjal.org.mx\\\/entorno-empresarial\\\/materializa-tus-deseos\\\/#primaryimage\",\"url\":\"https:\\\/\\\/coparmexjal.org.mx\\\/entorno-empresarial\\\/wp-content\\\/uploads\\\/2020\\\/06\\\/cumplir-sue\u00f1o.jpg\",\"contentUrl\":\"https:\\\/\\\/coparmexjal.org.mx\\\/entorno-empresarial\\\/wp-content\\\/uploads\\\/2020\\\/06\\\/cumplir-sue\u00f1o.jpg\",\"width\":334,\"height\":501},{\"@type\":\"BreadcrumbList\",\"@id\":\"https:\\\/\\\/coparmexjal.org.mx\\\/entorno-empresarial\\\/materializa-tus-deseos\\\/#breadcrumb\",\"itemListElement\":[{\"@type\":\"ListItem\",\"position\":1,\"name\":\"Inicio\",\"item\":\"https:\\\/\\\/coparmexjal.org.mx\\\/entorno-empresarial\\\/\"},{\"@type\":\"ListItem\",\"position\":2,\"name\":\"Materializa tus deseos\"}]},{\"@type\":\"WebSite\",\"@id\":\"https:\\\/\\\/coparmexjal.org.mx\\\/entorno-empresarial\\\/#website\",\"url\":\"https:\\\/\\\/coparmexjal.org.mx\\\/entorno-empresarial\\\/\",\"name\":\"Revista Entorno Empresarial\",\"description\":\"Coparmex Jalisco\",\"publisher\":{\"@id\":\"https:\\\/\\\/coparmexjal.org.mx\\\/entorno-empresarial\\\/#organization\"},\"potentialAction\":[{\"@type\":\"SearchAction\",\"target\":{\"@type\":\"EntryPoint\",\"urlTemplate\":\"https:\\\/\\\/coparmexjal.org.mx\\\/entorno-empresarial\\\/?s={search_term_string}\"},\"query-input\":{\"@type\":\"PropertyValueSpecification\",\"valueRequired\":true,\"valueName\":\"search_term_string\"}}],\"inLanguage\":\"es\"},{\"@type\":\"Organization\",\"@id\":\"https:\\\/\\\/coparmexjal.org.mx\\\/entorno-empresarial\\\/#organization\",\"name\":\"Coparmex Jalisco\",\"url\":\"https:\\\/\\\/coparmexjal.org.mx\\\/entorno-empresarial\\\/\",\"logo\":{\"@type\":\"ImageObject\",\"inLanguage\":\"es\",\"@id\":\"https:\\\/\\\/coparmexjal.org.mx\\\/entorno-empresarial\\\/#\\\/schema\\\/logo\\\/image\\\/\",\"url\":\"https:\\\/\\\/coparmexjal.org.mx\\\/entorno-empresarial\\\/wp-content\\\/uploads\\\/2020\\\/02\\\/logo-amp.png\",\"contentUrl\":\"https:\\\/\\\/coparmexjal.org.mx\\\/entorno-empresarial\\\/wp-content\\\/uploads\\\/2020\\\/02\\\/logo-amp.png\",\"width\":120,\"height\":90,\"caption\":\"Coparmex Jalisco\"},\"image\":{\"@id\":\"https:\\\/\\\/coparmexjal.org.mx\\\/entorno-empresarial\\\/#\\\/schema\\\/logo\\\/image\\\/\"},\"sameAs\":[\"https:\\\/\\\/facebook.com\\\/comcoparmex\",\"https:\\\/\\\/x.com\\\/comcoparmex\",\"http:\\\/\\\/instagram.com\\\/coparmexjalisco\",\"https:\\\/\\\/mx.linkedin.com\\\/company\\\/coparmex-jalisco\",\"https:\\\/\\\/www.youtube.com\\\/c\\\/CoparmexJaliscomx\"]},{\"@type\":\"Person\",\"@id\":\"https:\\\/\\\/coparmexjal.org.mx\\\/entorno-empresarial\\\/#\\\/schema\\\/person\\\/8ddfa478b7c24c6ded8d0c86b2cd5bd4\",\"name\":\"Anah\u00ed Su\u00e1rez Z\u00e1rate\",\"image\":{\"@type\":\"ImageObject\",\"inLanguage\":\"es\",\"@id\":\"https:\\\/\\\/coparmexjal.org.mx\\\/entorno-empresarial\\\/wp-content\\\/uploads\\\/2021\\\/03\\\/WhatsApp-Image-2021-03-01-at-1.08.58-PM-1-150x150.jpeg\",\"url\":\"https:\\\/\\\/coparmexjal.org.mx\\\/entorno-empresarial\\\/wp-content\\\/uploads\\\/2021\\\/03\\\/WhatsApp-Image-2021-03-01-at-1.08.58-PM-1-150x150.jpeg\",\"contentUrl\":\"https:\\\/\\\/coparmexjal.org.mx\\\/entorno-empresarial\\\/wp-content\\\/uploads\\\/2021\\\/03\\\/WhatsApp-Image-2021-03-01-at-1.08.58-PM-1-150x150.jpeg\",\"caption\":\"Anah\u00ed Su\u00e1rez Z\u00e1rate\"},\"description\":\"Directora de Vissione Marketing\",\"url\":\"https:\\\/\\\/coparmexjal.org.mx\\\/entorno-empresarial\\\/author\\\/anahi\\\/\"}]}<\/script>\n<!-- \/ Yoast SEO plugin. -->","yoast_head_json":{"title":"Materializa tus deseos - Entorno Empresarial","robots":{"index":"index","follow":"follow","max-snippet":"max-snippet:-1","max-image-preview":"max-image-preview:large","max-video-preview":"max-video-preview:-1"},"canonical":"https:\/\/coparmexjal.org.mx\/entorno-empresarial\/materializa-tus-deseos\/","og_locale":"es_MX","og_type":"article","og_title":"Materializa tus deseos - Entorno Empresarial","og_description":"Existen diversas emociones que funcionan como agentes que bloquean nuestros deseos. Dentro de los m\u00e1s comunes se encuentran la duda y el miedo para alcanzar","og_url":"https:\/\/coparmexjal.org.mx\/entorno-empresarial\/materializa-tus-deseos\/","og_site_name":"Entorno Empresarial","article_publisher":"https:\/\/facebook.com\/comcoparmex","article_published_time":"2020-01-08T14:00:00+00:00","article_modified_time":"2020-06-07T03:57:26+00:00","og_image":[{"width":334,"height":501,"url":"https:\/\/coparmexjal.org.mx\/entorno-empresarial\/wp-content\/uploads\/2020\/06\/cumplir-sue\u00f1o.jpg","type":"image\/jpeg"}],"author":"Anah\u00ed Su\u00e1rez Z\u00e1rate","twitter_card":"summary_large_image","twitter_creator":"@comcoparmex","twitter_site":"@comcoparmex","twitter_misc":{"Escrito por":"Anah\u00ed Su\u00e1rez Z\u00e1rate","Tiempo de lectura":"3 minutos"},"schema":{"@context":"https:\/\/schema.org","@graph":[{"@type":"Article","@id":"https:\/\/coparmexjal.org.mx\/entorno-empresarial\/materializa-tus-deseos\/#article","isPartOf":{"@id":"https:\/\/coparmexjal.org.mx\/entorno-empresarial\/materializa-tus-deseos\/"},"author":{"name":"Anah\u00ed Su\u00e1rez Z\u00e1rate","@id":"https:\/\/coparmexjal.org.mx\/entorno-empresarial\/#\/schema\/person\/8ddfa478b7c24c6ded8d0c86b2cd5bd4"},"headline":"Materializa tus deseos","datePublished":"2020-01-08T14:00:00+00:00","dateModified":"2020-06-07T03:57:26+00:00","mainEntityOfPage":{"@id":"https:\/\/coparmexjal.org.mx\/entorno-empresarial\/materializa-tus-deseos\/"},"wordCount":534,"commentCount":0,"publisher":{"@id":"https:\/\/coparmexjal.org.mx\/entorno-empresarial\/#organization"},"image":{"@id":"https:\/\/coparmexjal.org.mx\/entorno-empresarial\/materializa-tus-deseos\/#primaryimage"},"thumbnailUrl":"https:\/\/coparmexjal.org.mx\/entorno-empresarial\/wp-content\/uploads\/2020\/06\/cumplir-sue\u00f1o.jpg","keywords":["cambio","materializar sue\u00f1os","miedo","objetivos","planes 2020","sue\u00f1os"],"articleSection":["Vida y Estilo"],"inLanguage":"es","potentialAction":[{"@type":"CommentAction","name":"Comment","target":["https:\/\/coparmexjal.org.mx\/entorno-empresarial\/materializa-tus-deseos\/#respond"]}]},{"@type":"WebPage","@id":"https:\/\/coparmexjal.org.mx\/entorno-empresarial\/materializa-tus-deseos\/","url":"https:\/\/coparmexjal.org.mx\/entorno-empresarial\/materializa-tus-deseos\/","name":"Materializa tus deseos - Entorno Empresarial","isPartOf":{"@id":"https:\/\/coparmexjal.org.mx\/entorno-empresarial\/#website"},"primaryImageOfPage":{"@id":"https:\/\/coparmexjal.org.mx\/entorno-empresarial\/materializa-tus-deseos\/#primaryimage"},"image":{"@id":"https:\/\/coparmexjal.org.mx\/entorno-empresarial\/materializa-tus-deseos\/#primaryimage"},"thumbnailUrl":"https:\/\/coparmexjal.org.mx\/entorno-empresarial\/wp-content\/uploads\/2020\/06\/cumplir-sue\u00f1o.jpg","datePublished":"2020-01-08T14:00:00+00:00","dateModified":"2020-06-07T03:57:26+00:00","breadcrumb":{"@id":"https:\/\/coparmexjal.org.mx\/entorno-empresarial\/materializa-tus-deseos\/#breadcrumb"},"inLanguage":"es","potentialAction":[{"@type":"ReadAction","target":["https:\/\/coparmexjal.org.mx\/entorno-empresarial\/materializa-tus-deseos\/"]}]},{"@type":"ImageObject","inLanguage":"es","@id":"https:\/\/coparmexjal.org.mx\/entorno-empresarial\/materializa-tus-deseos\/#primaryimage","url":"https:\/\/coparmexjal.org.mx\/entorno-empresarial\/wp-content\/uploads\/2020\/06\/cumplir-sue\u00f1o.jpg","contentUrl":"https:\/\/coparmexjal.org.mx\/entorno-empresarial\/wp-content\/uploads\/2020\/06\/cumplir-sue\u00f1o.jpg","width":334,"height":501},{"@type":"BreadcrumbList","@id":"https:\/\/coparmexjal.org.mx\/entorno-empresarial\/materializa-tus-deseos\/#breadcrumb","itemListElement":[{"@type":"ListItem","position":1,"name":"Inicio","item":"https:\/\/coparmexjal.org.mx\/entorno-empresarial\/"},{"@type":"ListItem","position":2,"name":"Materializa tus deseos"}]},{"@type":"WebSite","@id":"https:\/\/coparmexjal.org.mx\/entorno-empresarial\/#website","url":"https:\/\/coparmexjal.org.mx\/entorno-empresarial\/","name":"Revista Entorno Empresarial","description":"Coparmex Jalisco","publisher":{"@id":"https:\/\/coparmexjal.org.mx\/entorno-empresarial\/#organization"},"potentialAction":[{"@type":"SearchAction","target":{"@type":"EntryPoint","urlTemplate":"https:\/\/coparmexjal.org.mx\/entorno-empresarial\/?s={search_term_string}"},"query-input":{"@type":"PropertyValueSpecification","valueRequired":true,"valueName":"search_term_string"}}],"inLanguage":"es"},{"@type":"Organization","@id":"https:\/\/coparmexjal.org.mx\/entorno-empresarial\/#organization","name":"Coparmex Jalisco","url":"https:\/\/coparmexjal.org.mx\/entorno-empresarial\/","logo":{"@type":"ImageObject","inLanguage":"es","@id":"https:\/\/coparmexjal.org.mx\/entorno-empresarial\/#\/schema\/logo\/image\/","url":"https:\/\/coparmexjal.org.mx\/entorno-empresarial\/wp-content\/uploads\/2020\/02\/logo-amp.png","contentUrl":"https:\/\/coparmexjal.org.mx\/entorno-empresarial\/wp-content\/uploads\/2020\/02\/logo-amp.png","width":120,"height":90,"caption":"Coparmex Jalisco"},"image":{"@id":"https:\/\/coparmexjal.org.mx\/entorno-empresarial\/#\/schema\/logo\/image\/"},"sameAs":["https:\/\/facebook.com\/comcoparmex","https:\/\/x.com\/comcoparmex","http:\/\/instagram.com\/coparmexjalisco","https:\/\/mx.linkedin.com\/company\/coparmex-jalisco","https:\/\/www.youtube.com\/c\/CoparmexJaliscomx"]},{"@type":"Person","@id":"https:\/\/coparmexjal.org.mx\/entorno-empresarial\/#\/schema\/person\/8ddfa478b7c24c6ded8d0c86b2cd5bd4","name":"Anah\u00ed Su\u00e1rez Z\u00e1rate","image":{"@type":"ImageObject","inLanguage":"es","@id":"https:\/\/coparmexjal.org.mx\/entorno-empresarial\/wp-content\/uploads\/2021\/03\/WhatsApp-Image-2021-03-01-at-1.08.58-PM-1-150x150.jpeg","url":"https:\/\/coparmexjal.org.mx\/entorno-empresarial\/wp-content\/uploads\/2021\/03\/WhatsApp-Image-2021-03-01-at-1.08.58-PM-1-150x150.jpeg","contentUrl":"https:\/\/coparmexjal.org.mx\/entorno-empresarial\/wp-content\/uploads\/2021\/03\/WhatsApp-Image-2021-03-01-at-1.08.58-PM-1-150x150.jpeg","caption":"Anah\u00ed Su\u00e1rez Z\u00e1rate"},"description":"Directora de Vissione Marketing","url":"https:\/\/coparmexjal.org.mx\/entorno-empresarial\/author\/anahi\/"}]}},"_links":{"self":[{"href":"https:\/\/coparmexjal.org.mx\/entorno-empresarial\/wp-json\/wp\/v2\/posts\/3469","targetHints":{"allow":["GET"]}}],"collection":[{"href":"https:\/\/coparmexjal.org.mx\/entorno-empresarial\/wp-json\/wp\/v2\/posts"}],"about":[{"href":"https:\/\/coparmexjal.org.mx\/entorno-empresarial\/wp-json\/wp\/v2\/types\/post"}],"author":[{"embeddable":true,"href":"https:\/\/coparmexjal.org.mx\/entorno-empresarial\/wp-json\/wp\/v2\/users\/16"}],"replies":[{"embeddable":true,"href":"https:\/\/coparmexjal.org.mx\/entorno-empresarial\/wp-json\/wp\/v2\/comments?post=3469"}],"version-history":[{"count":1,"href":"https:\/\/coparmexjal.org.mx\/entorno-empresarial\/wp-json\/wp\/v2\/posts\/3469\/revisions"}],"predecessor-version":[{"id":3472,"href":"https:\/\/coparmexjal.org.mx\/entorno-empresarial\/wp-json\/wp\/v2\/posts\/3469\/revisions\/3472"}],"wp:featuredmedia":[{"embeddable":true,"href":"https:\/\/coparmexjal.org.mx\/entorno-empresarial\/wp-json\/wp\/v2\/media\/3471"}],"wp:attachment":[{"href":"https:\/\/coparmexjal.org.mx\/entorno-empresarial\/wp-json\/wp\/v2\/media?parent=3469"}],"wp:term":[{"taxonomy":"category","embeddable":true,"href":"https:\/\/coparmexjal.org.mx\/entorno-empresarial\/wp-json\/wp\/v2\/categories?post=3469"},{"taxonomy":"post_tag","embeddable":true,"href":"https:\/\/coparmexjal.org.mx\/entorno-empresarial\/wp-json\/wp\/v2\/tags?post=3469"}],"curies":[{"name":"wp","href":"https:\/\/api.w.org\/{rel}","templated":true}]}}