{"id":3446,"date":"2020-01-02T08:00:51","date_gmt":"2020-01-02T14:00:51","guid":{"rendered":"https:\/\/coparmexjal.org.mx\/entorno-empresarial\/?p=3446"},"modified":"2020-06-06T21:05:51","modified_gmt":"2020-06-07T02:05:51","slug":"cambios-y-retos-para-el-sector-empresarial-mexicano","status":"publish","type":"post","link":"https:\/\/coparmexjal.org.mx\/entorno-empresarial\/cambios-y-retos-para-el-sector-empresarial-mexicano\/","title":{"rendered":"Cambios y retos para el sector empresarial mexicano"},"content":{"rendered":"\n<p>Sin duda un pilar clave para la consolidaci\u00f3n de m\u00e1s empresas es la certidumbre y la confianza, la cual se construye a trav\u00e9s del respeto al Estado de derecho, el establecimiento de leyes claras, apoyo a la innovaci\u00f3n y el emprendimiento y, por supuesto, con el trabajo colaborativo y apertura por parte del sector p\u00fablico, que debe estar dispuesto a escuchar la diversidad de puntos de vista de quienes conformamos nuestro pa\u00eds y entender que para avanzar se debe incluir a todas las voces.&nbsp;<\/p>\n\n\n\n<p>Sin embargo, a poco m\u00e1s de un a\u00f1o de que comenz\u00f3 la Administraci\u00f3n federal y reci\u00e9n concluido el 2019, quedan a\u00fan retos por resolver, comenzando por la polarizaci\u00f3n que d\u00eda a d\u00eda se acent\u00faa en las redes sociales y en los pasillos de cualquier instituci\u00f3n, ya sea p\u00fablica o privada, que lejos de sumar a la paz y desarrollo, alienta la divisi\u00f3n y la violencia que ya de por s\u00ed hizo de 2019 el a\u00f1o m\u00e1s violento desde que se tiene registro, situaci\u00f3n que afect\u00f3 no solo el ritmo de vida de los ciudadanos sino tambi\u00e9n a las empresas de M\u00e9xico. La mayor parte de ellas tuvieron que modificar sus din\u00e1micas productivas debido a los incrementos en la inseguridad, tal como lo se\u00f1ala el indicador M\u00e1s Seguridad de Data Coparmex con corte al mes de noviembre, en donde 64.5\u2005% de los encuestados respondieron que hab\u00edan sido v\u00edctimas de alg\u00fan tipo de delito en su persona o patrimonio.&nbsp;<\/p>\n\n\n\n<p>Adicional a ello, los ajustes en la legislaci\u00f3n fiscal que entrar\u00e1n en vigor a partir de 2020 originar\u00e1n \u00e1reas de riesgo para las operaciones de las empresas y castigar\u00e1n a quienes promueven el desarrollo y la generaci\u00f3n de empleo.<\/p>\n\n\n\n<p>La suma de estas acciones repercute de manera directa en la competitividad con decisiones como la cancelaci\u00f3n de proyectos estrat\u00e9gicos, recorte presupuestal y cancelaci\u00f3n de \u00e1reas que promueven el desarrollo econ\u00f3mico. Podr\u00eda continuar con una larga lista; sin embargo, el papel del sector empresarial no debe de ser de queja constante sino de se\u00f1alamiento pero siempre acompa\u00f1ado de proposici\u00f3n y di\u00e1logo para la resoluci\u00f3n de los problemas p\u00fablicos, tema en el cual nuestra instituci\u00f3n se ha distinguido al recordar que antes de ser empresarios somos ciudadanos comprometidos con nuestro entorno.&nbsp;<\/p>\n\n\n\n<p>En este sentido, reconozco el trabajo de quienes d\u00eda a d\u00eda apuestan por M\u00e9xico, que conf\u00edan y que quieren un mejor futuro para las pr\u00f3ximas generaciones; a esos empresarios y colaboradores quienes juntos hacen la empresa, mi m\u00e1s sincero reconocimiento y admiraci\u00f3n.&nbsp;<\/p>\n\n\n\n<p>En este 2020 Coparmex continuar\u00e1 por la ruta de acci\u00f3n que ha emprendido, buscando tender puentes de colaboraci\u00f3n con el Gobierno, con la sociedad organizada, con la academia y, sobre todo, con nuestros colaboradores, base de nuestras empresas. Los retos son grandes, pero es tiempo de reinventarnos de forma tal que hagamos de esos cambios una oportunidad para mejorar y juntos construir un gran proyecto llamado M\u00e9xico.&nbsp;<\/p>\n\n\n\n<p>Les deseo un excelente inicio de a\u00f1o.<br><\/p>\n","protected":false},"excerpt":{"rendered":"<p>Sin duda un pilar clave para la consolidaci\u00f3n de m\u00e1s empresas es la certidumbre y la confianza, la cual se construye a trav\u00e9s del respeto<\/p>\n","protected":false},"author":17,"featured_media":3447,"comment_status":"open","ping_status":"open","sticky":false,"template":"","format":"standard","meta":{"footnotes":""},"categories":[157],"tags":[365,259,364,355,362,264,363,291,360,361,196],"class_list":["post-3446","post","type-post","status-publish","format-standard","has-post-thumbnail","hentry","category-editorial","tag-365","tag-competitividad","tag-data-coparmex","tag-desarrollo","tag-estado-de-derecho","tag-gobierno","tag-mauro-garza","tag-mexico","tag-retos","tag-sector-empresarial","tag-trabajo-colaborativo"],"yoast_head":"<!-- This site is optimized with the Yoast SEO plugin v27.5 - https:\/\/yoast.com\/product\/yoast-seo-wordpress\/ -->\n<title>Cambios y retos para el sector empresarial mexicano - Entorno Empresarial<\/title>\n<meta name=\"robots\" content=\"index, follow, max-snippet:-1, max-image-preview:large, max-video-preview:-1\" \/>\n<link rel=\"canonical\" href=\"https:\/\/coparmexjal.org.mx\/entorno-empresarial\/cambios-y-retos-para-el-sector-empresarial-mexicano\/\" \/>\n<meta property=\"og:locale\" content=\"es_MX\" \/>\n<meta property=\"og:type\" content=\"article\" \/>\n<meta property=\"og:title\" content=\"Cambios y retos para el sector empresarial mexicano - Entorno Empresarial\" \/>\n<meta property=\"og:description\" content=\"Sin duda un pilar clave para la consolidaci\u00f3n de m\u00e1s empresas es la certidumbre y la confianza, la cual se construye a trav\u00e9s del respeto\" \/>\n<meta property=\"og:url\" content=\"https:\/\/coparmexjal.org.mx\/entorno-empresarial\/cambios-y-retos-para-el-sector-empresarial-mexicano\/\" \/>\n<meta property=\"og:site_name\" content=\"Entorno Empresarial\" \/>\n<meta property=\"article:publisher\" content=\"https:\/\/facebook.com\/comcoparmex\" \/>\n<meta property=\"article:published_time\" content=\"2020-01-02T14:00:51+00:00\" \/>\n<meta property=\"article:modified_time\" content=\"2020-06-07T02:05:51+00:00\" \/>\n<meta property=\"og:image\" content=\"https:\/\/coparmexjal.org.mx\/entorno-empresarial\/wp-content\/uploads\/2020\/06\/Mauro-Garza-Mar\u00edn.jpg\" \/>\n\t<meta property=\"og:image:width\" content=\"427\" \/>\n\t<meta property=\"og:image:height\" content=\"427\" \/>\n\t<meta property=\"og:image:type\" content=\"image\/jpeg\" \/>\n<meta name=\"author\" content=\"Mauro Garza Mar\u00edn\" \/>\n<meta name=\"twitter:card\" content=\"summary_large_image\" \/>\n<meta name=\"twitter:creator\" content=\"@comcoparmex\" \/>\n<meta name=\"twitter:site\" content=\"@comcoparmex\" \/>\n<meta name=\"twitter:label1\" content=\"Escrito por\" \/>\n\t<meta name=\"twitter:data1\" content=\"Mauro Garza Mar\u00edn\" \/>\n\t<meta name=\"twitter:label2\" content=\"Tiempo de lectura\" \/>\n\t<meta name=\"twitter:data2\" content=\"3 minutos\" \/>\n<script type=\"application\/ld+json\" class=\"yoast-schema-graph\">{\"@context\":\"https:\\\/\\\/schema.org\",\"@graph\":[{\"@type\":\"Article\",\"@id\":\"https:\\\/\\\/coparmexjal.org.mx\\\/entorno-empresarial\\\/cambios-y-retos-para-el-sector-empresarial-mexicano\\\/#article\",\"isPartOf\":{\"@id\":\"https:\\\/\\\/coparmexjal.org.mx\\\/entorno-empresarial\\\/cambios-y-retos-para-el-sector-empresarial-mexicano\\\/\"},\"author\":{\"name\":\"Mauro Garza Mar\u00edn\",\"@id\":\"https:\\\/\\\/coparmexjal.org.mx\\\/entorno-empresarial\\\/#\\\/schema\\\/person\\\/068bb50aab4a4f74a2d54595f08ac426\"},\"headline\":\"Cambios y retos para el sector empresarial mexicano\",\"datePublished\":\"2020-01-02T14:00:51+00:00\",\"dateModified\":\"2020-06-07T02:05:51+00:00\",\"mainEntityOfPage\":{\"@id\":\"https:\\\/\\\/coparmexjal.org.mx\\\/entorno-empresarial\\\/cambios-y-retos-para-el-sector-empresarial-mexicano\\\/\"},\"wordCount\":551,\"commentCount\":0,\"publisher\":{\"@id\":\"https:\\\/\\\/coparmexjal.org.mx\\\/entorno-empresarial\\\/#organization\"},\"image\":{\"@id\":\"https:\\\/\\\/coparmexjal.org.mx\\\/entorno-empresarial\\\/cambios-y-retos-para-el-sector-empresarial-mexicano\\\/#primaryimage\"},\"thumbnailUrl\":\"https:\\\/\\\/coparmexjal.org.mx\\\/entorno-empresarial\\\/wp-content\\\/uploads\\\/2020\\\/06\\\/Mauro-Garza-Mar\u00edn.jpg\",\"keywords\":[\"2020\",\"competitividad\",\"Data Coparmex\",\"desarrollo\",\"estado de derecho\",\"gobierno\",\"Mauro Garza\",\"M\u00e9xico\",\"retos\",\"sector empresarial\",\"trabajo colaborativo\"],\"articleSection\":[\"Editorial\"],\"inLanguage\":\"es\",\"potentialAction\":[{\"@type\":\"CommentAction\",\"name\":\"Comment\",\"target\":[\"https:\\\/\\\/coparmexjal.org.mx\\\/entorno-empresarial\\\/cambios-y-retos-para-el-sector-empresarial-mexicano\\\/#respond\"]}]},{\"@type\":\"WebPage\",\"@id\":\"https:\\\/\\\/coparmexjal.org.mx\\\/entorno-empresarial\\\/cambios-y-retos-para-el-sector-empresarial-mexicano\\\/\",\"url\":\"https:\\\/\\\/coparmexjal.org.mx\\\/entorno-empresarial\\\/cambios-y-retos-para-el-sector-empresarial-mexicano\\\/\",\"name\":\"Cambios y retos para el sector empresarial mexicano - Entorno Empresarial\",\"isPartOf\":{\"@id\":\"https:\\\/\\\/coparmexjal.org.mx\\\/entorno-empresarial\\\/#website\"},\"primaryImageOfPage\":{\"@id\":\"https:\\\/\\\/coparmexjal.org.mx\\\/entorno-empresarial\\\/cambios-y-retos-para-el-sector-empresarial-mexicano\\\/#primaryimage\"},\"image\":{\"@id\":\"https:\\\/\\\/coparmexjal.org.mx\\\/entorno-empresarial\\\/cambios-y-retos-para-el-sector-empresarial-mexicano\\\/#primaryimage\"},\"thumbnailUrl\":\"https:\\\/\\\/coparmexjal.org.mx\\\/entorno-empresarial\\\/wp-content\\\/uploads\\\/2020\\\/06\\\/Mauro-Garza-Mar\u00edn.jpg\",\"datePublished\":\"2020-01-02T14:00:51+00:00\",\"dateModified\":\"2020-06-07T02:05:51+00:00\",\"breadcrumb\":{\"@id\":\"https:\\\/\\\/coparmexjal.org.mx\\\/entorno-empresarial\\\/cambios-y-retos-para-el-sector-empresarial-mexicano\\\/#breadcrumb\"},\"inLanguage\":\"es\",\"potentialAction\":[{\"@type\":\"ReadAction\",\"target\":[\"https:\\\/\\\/coparmexjal.org.mx\\\/entorno-empresarial\\\/cambios-y-retos-para-el-sector-empresarial-mexicano\\\/\"]}]},{\"@type\":\"ImageObject\",\"inLanguage\":\"es\",\"@id\":\"https:\\\/\\\/coparmexjal.org.mx\\\/entorno-empresarial\\\/cambios-y-retos-para-el-sector-empresarial-mexicano\\\/#primaryimage\",\"url\":\"https:\\\/\\\/coparmexjal.org.mx\\\/entorno-empresarial\\\/wp-content\\\/uploads\\\/2020\\\/06\\\/Mauro-Garza-Mar\u00edn.jpg\",\"contentUrl\":\"https:\\\/\\\/coparmexjal.org.mx\\\/entorno-empresarial\\\/wp-content\\\/uploads\\\/2020\\\/06\\\/Mauro-Garza-Mar\u00edn.jpg\",\"width\":427,\"height\":427},{\"@type\":\"BreadcrumbList\",\"@id\":\"https:\\\/\\\/coparmexjal.org.mx\\\/entorno-empresarial\\\/cambios-y-retos-para-el-sector-empresarial-mexicano\\\/#breadcrumb\",\"itemListElement\":[{\"@type\":\"ListItem\",\"position\":1,\"name\":\"Inicio\",\"item\":\"https:\\\/\\\/coparmexjal.org.mx\\\/entorno-empresarial\\\/\"},{\"@type\":\"ListItem\",\"position\":2,\"name\":\"Cambios y retos para el sector empresarial mexicano\"}]},{\"@type\":\"WebSite\",\"@id\":\"https:\\\/\\\/coparmexjal.org.mx\\\/entorno-empresarial\\\/#website\",\"url\":\"https:\\\/\\\/coparmexjal.org.mx\\\/entorno-empresarial\\\/\",\"name\":\"Revista Entorno Empresarial\",\"description\":\"Coparmex Jalisco\",\"publisher\":{\"@id\":\"https:\\\/\\\/coparmexjal.org.mx\\\/entorno-empresarial\\\/#organization\"},\"potentialAction\":[{\"@type\":\"SearchAction\",\"target\":{\"@type\":\"EntryPoint\",\"urlTemplate\":\"https:\\\/\\\/coparmexjal.org.mx\\\/entorno-empresarial\\\/?s={search_term_string}\"},\"query-input\":{\"@type\":\"PropertyValueSpecification\",\"valueRequired\":true,\"valueName\":\"search_term_string\"}}],\"inLanguage\":\"es\"},{\"@type\":\"Organization\",\"@id\":\"https:\\\/\\\/coparmexjal.org.mx\\\/entorno-empresarial\\\/#organization\",\"name\":\"Coparmex Jalisco\",\"url\":\"https:\\\/\\\/coparmexjal.org.mx\\\/entorno-empresarial\\\/\",\"logo\":{\"@type\":\"ImageObject\",\"inLanguage\":\"es\",\"@id\":\"https:\\\/\\\/coparmexjal.org.mx\\\/entorno-empresarial\\\/#\\\/schema\\\/logo\\\/image\\\/\",\"url\":\"https:\\\/\\\/coparmexjal.org.mx\\\/entorno-empresarial\\\/wp-content\\\/uploads\\\/2020\\\/02\\\/logo-amp.png\",\"contentUrl\":\"https:\\\/\\\/coparmexjal.org.mx\\\/entorno-empresarial\\\/wp-content\\\/uploads\\\/2020\\\/02\\\/logo-amp.png\",\"width\":120,\"height\":90,\"caption\":\"Coparmex Jalisco\"},\"image\":{\"@id\":\"https:\\\/\\\/coparmexjal.org.mx\\\/entorno-empresarial\\\/#\\\/schema\\\/logo\\\/image\\\/\"},\"sameAs\":[\"https:\\\/\\\/facebook.com\\\/comcoparmex\",\"https:\\\/\\\/x.com\\\/comcoparmex\",\"http:\\\/\\\/instagram.com\\\/coparmexjalisco\",\"https:\\\/\\\/mx.linkedin.com\\\/company\\\/coparmex-jalisco\",\"https:\\\/\\\/www.youtube.com\\\/c\\\/CoparmexJaliscomx\"]},{\"@type\":\"Person\",\"@id\":\"https:\\\/\\\/coparmexjal.org.mx\\\/entorno-empresarial\\\/#\\\/schema\\\/person\\\/068bb50aab4a4f74a2d54595f08ac426\",\"name\":\"Mauro Garza Mar\u00edn\",\"image\":{\"@type\":\"ImageObject\",\"inLanguage\":\"es\",\"@id\":\"https:\\\/\\\/secure.gravatar.com\\\/avatar\\\/ea29784457d691e72225d5e768c8689bd25c9ac79e339e4784d27c644d80101b?s=96&d=mm&r=g\",\"url\":\"https:\\\/\\\/secure.gravatar.com\\\/avatar\\\/ea29784457d691e72225d5e768c8689bd25c9ac79e339e4784d27c644d80101b?s=96&d=mm&r=g\",\"contentUrl\":\"https:\\\/\\\/secure.gravatar.com\\\/avatar\\\/ea29784457d691e72225d5e768c8689bd25c9ac79e339e4784d27c644d80101b?s=96&d=mm&r=g\",\"caption\":\"Mauro Garza Mar\u00edn\"},\"url\":\"https:\\\/\\\/coparmexjal.org.mx\\\/entorno-empresarial\\\/author\\\/mauro-garza\\\/\"}]}<\/script>\n<!-- \/ Yoast SEO plugin. -->","yoast_head_json":{"title":"Cambios y retos para el sector empresarial mexicano - Entorno Empresarial","robots":{"index":"index","follow":"follow","max-snippet":"max-snippet:-1","max-image-preview":"max-image-preview:large","max-video-preview":"max-video-preview:-1"},"canonical":"https:\/\/coparmexjal.org.mx\/entorno-empresarial\/cambios-y-retos-para-el-sector-empresarial-mexicano\/","og_locale":"es_MX","og_type":"article","og_title":"Cambios y retos para el sector empresarial mexicano - Entorno Empresarial","og_description":"Sin duda un pilar clave para la consolidaci\u00f3n de m\u00e1s empresas es la certidumbre y la confianza, la cual se construye a trav\u00e9s del respeto","og_url":"https:\/\/coparmexjal.org.mx\/entorno-empresarial\/cambios-y-retos-para-el-sector-empresarial-mexicano\/","og_site_name":"Entorno Empresarial","article_publisher":"https:\/\/facebook.com\/comcoparmex","article_published_time":"2020-01-02T14:00:51+00:00","article_modified_time":"2020-06-07T02:05:51+00:00","og_image":[{"width":427,"height":427,"url":"https:\/\/coparmexjal.org.mx\/entorno-empresarial\/wp-content\/uploads\/2020\/06\/Mauro-Garza-Mar\u00edn.jpg","type":"image\/jpeg"}],"author":"Mauro Garza Mar\u00edn","twitter_card":"summary_large_image","twitter_creator":"@comcoparmex","twitter_site":"@comcoparmex","twitter_misc":{"Escrito por":"Mauro Garza Mar\u00edn","Tiempo de lectura":"3 minutos"},"schema":{"@context":"https:\/\/schema.org","@graph":[{"@type":"Article","@id":"https:\/\/coparmexjal.org.mx\/entorno-empresarial\/cambios-y-retos-para-el-sector-empresarial-mexicano\/#article","isPartOf":{"@id":"https:\/\/coparmexjal.org.mx\/entorno-empresarial\/cambios-y-retos-para-el-sector-empresarial-mexicano\/"},"author":{"name":"Mauro Garza Mar\u00edn","@id":"https:\/\/coparmexjal.org.mx\/entorno-empresarial\/#\/schema\/person\/068bb50aab4a4f74a2d54595f08ac426"},"headline":"Cambios y retos para el sector empresarial mexicano","datePublished":"2020-01-02T14:00:51+00:00","dateModified":"2020-06-07T02:05:51+00:00","mainEntityOfPage":{"@id":"https:\/\/coparmexjal.org.mx\/entorno-empresarial\/cambios-y-retos-para-el-sector-empresarial-mexicano\/"},"wordCount":551,"commentCount":0,"publisher":{"@id":"https:\/\/coparmexjal.org.mx\/entorno-empresarial\/#organization"},"image":{"@id":"https:\/\/coparmexjal.org.mx\/entorno-empresarial\/cambios-y-retos-para-el-sector-empresarial-mexicano\/#primaryimage"},"thumbnailUrl":"https:\/\/coparmexjal.org.mx\/entorno-empresarial\/wp-content\/uploads\/2020\/06\/Mauro-Garza-Mar\u00edn.jpg","keywords":["2020","competitividad","Data Coparmex","desarrollo","estado de derecho","gobierno","Mauro Garza","M\u00e9xico","retos","sector empresarial","trabajo colaborativo"],"articleSection":["Editorial"],"inLanguage":"es","potentialAction":[{"@type":"CommentAction","name":"Comment","target":["https:\/\/coparmexjal.org.mx\/entorno-empresarial\/cambios-y-retos-para-el-sector-empresarial-mexicano\/#respond"]}]},{"@type":"WebPage","@id":"https:\/\/coparmexjal.org.mx\/entorno-empresarial\/cambios-y-retos-para-el-sector-empresarial-mexicano\/","url":"https:\/\/coparmexjal.org.mx\/entorno-empresarial\/cambios-y-retos-para-el-sector-empresarial-mexicano\/","name":"Cambios y retos para el sector empresarial mexicano - Entorno Empresarial","isPartOf":{"@id":"https:\/\/coparmexjal.org.mx\/entorno-empresarial\/#website"},"primaryImageOfPage":{"@id":"https:\/\/coparmexjal.org.mx\/entorno-empresarial\/cambios-y-retos-para-el-sector-empresarial-mexicano\/#primaryimage"},"image":{"@id":"https:\/\/coparmexjal.org.mx\/entorno-empresarial\/cambios-y-retos-para-el-sector-empresarial-mexicano\/#primaryimage"},"thumbnailUrl":"https:\/\/coparmexjal.org.mx\/entorno-empresarial\/wp-content\/uploads\/2020\/06\/Mauro-Garza-Mar\u00edn.jpg","datePublished":"2020-01-02T14:00:51+00:00","dateModified":"2020-06-07T02:05:51+00:00","breadcrumb":{"@id":"https:\/\/coparmexjal.org.mx\/entorno-empresarial\/cambios-y-retos-para-el-sector-empresarial-mexicano\/#breadcrumb"},"inLanguage":"es","potentialAction":[{"@type":"ReadAction","target":["https:\/\/coparmexjal.org.mx\/entorno-empresarial\/cambios-y-retos-para-el-sector-empresarial-mexicano\/"]}]},{"@type":"ImageObject","inLanguage":"es","@id":"https:\/\/coparmexjal.org.mx\/entorno-empresarial\/cambios-y-retos-para-el-sector-empresarial-mexicano\/#primaryimage","url":"https:\/\/coparmexjal.org.mx\/entorno-empresarial\/wp-content\/uploads\/2020\/06\/Mauro-Garza-Mar\u00edn.jpg","contentUrl":"https:\/\/coparmexjal.org.mx\/entorno-empresarial\/wp-content\/uploads\/2020\/06\/Mauro-Garza-Mar\u00edn.jpg","width":427,"height":427},{"@type":"BreadcrumbList","@id":"https:\/\/coparmexjal.org.mx\/entorno-empresarial\/cambios-y-retos-para-el-sector-empresarial-mexicano\/#breadcrumb","itemListElement":[{"@type":"ListItem","position":1,"name":"Inicio","item":"https:\/\/coparmexjal.org.mx\/entorno-empresarial\/"},{"@type":"ListItem","position":2,"name":"Cambios y retos para el sector empresarial mexicano"}]},{"@type":"WebSite","@id":"https:\/\/coparmexjal.org.mx\/entorno-empresarial\/#website","url":"https:\/\/coparmexjal.org.mx\/entorno-empresarial\/","name":"Revista Entorno Empresarial","description":"Coparmex Jalisco","publisher":{"@id":"https:\/\/coparmexjal.org.mx\/entorno-empresarial\/#organization"},"potentialAction":[{"@type":"SearchAction","target":{"@type":"EntryPoint","urlTemplate":"https:\/\/coparmexjal.org.mx\/entorno-empresarial\/?s={search_term_string}"},"query-input":{"@type":"PropertyValueSpecification","valueRequired":true,"valueName":"search_term_string"}}],"inLanguage":"es"},{"@type":"Organization","@id":"https:\/\/coparmexjal.org.mx\/entorno-empresarial\/#organization","name":"Coparmex Jalisco","url":"https:\/\/coparmexjal.org.mx\/entorno-empresarial\/","logo":{"@type":"ImageObject","inLanguage":"es","@id":"https:\/\/coparmexjal.org.mx\/entorno-empresarial\/#\/schema\/logo\/image\/","url":"https:\/\/coparmexjal.org.mx\/entorno-empresarial\/wp-content\/uploads\/2020\/02\/logo-amp.png","contentUrl":"https:\/\/coparmexjal.org.mx\/entorno-empresarial\/wp-content\/uploads\/2020\/02\/logo-amp.png","width":120,"height":90,"caption":"Coparmex Jalisco"},"image":{"@id":"https:\/\/coparmexjal.org.mx\/entorno-empresarial\/#\/schema\/logo\/image\/"},"sameAs":["https:\/\/facebook.com\/comcoparmex","https:\/\/x.com\/comcoparmex","http:\/\/instagram.com\/coparmexjalisco","https:\/\/mx.linkedin.com\/company\/coparmex-jalisco","https:\/\/www.youtube.com\/c\/CoparmexJaliscomx"]},{"@type":"Person","@id":"https:\/\/coparmexjal.org.mx\/entorno-empresarial\/#\/schema\/person\/068bb50aab4a4f74a2d54595f08ac426","name":"Mauro Garza Mar\u00edn","image":{"@type":"ImageObject","inLanguage":"es","@id":"https:\/\/secure.gravatar.com\/avatar\/ea29784457d691e72225d5e768c8689bd25c9ac79e339e4784d27c644d80101b?s=96&d=mm&r=g","url":"https:\/\/secure.gravatar.com\/avatar\/ea29784457d691e72225d5e768c8689bd25c9ac79e339e4784d27c644d80101b?s=96&d=mm&r=g","contentUrl":"https:\/\/secure.gravatar.com\/avatar\/ea29784457d691e72225d5e768c8689bd25c9ac79e339e4784d27c644d80101b?s=96&d=mm&r=g","caption":"Mauro Garza Mar\u00edn"},"url":"https:\/\/coparmexjal.org.mx\/entorno-empresarial\/author\/mauro-garza\/"}]}},"_links":{"self":[{"href":"https:\/\/coparmexjal.org.mx\/entorno-empresarial\/wp-json\/wp\/v2\/posts\/3446","targetHints":{"allow":["GET"]}}],"collection":[{"href":"https:\/\/coparmexjal.org.mx\/entorno-empresarial\/wp-json\/wp\/v2\/posts"}],"about":[{"href":"https:\/\/coparmexjal.org.mx\/entorno-empresarial\/wp-json\/wp\/v2\/types\/post"}],"author":[{"embeddable":true,"href":"https:\/\/coparmexjal.org.mx\/entorno-empresarial\/wp-json\/wp\/v2\/users\/17"}],"replies":[{"embeddable":true,"href":"https:\/\/coparmexjal.org.mx\/entorno-empresarial\/wp-json\/wp\/v2\/comments?post=3446"}],"version-history":[{"count":1,"href":"https:\/\/coparmexjal.org.mx\/entorno-empresarial\/wp-json\/wp\/v2\/posts\/3446\/revisions"}],"predecessor-version":[{"id":3448,"href":"https:\/\/coparmexjal.org.mx\/entorno-empresarial\/wp-json\/wp\/v2\/posts\/3446\/revisions\/3448"}],"wp:featuredmedia":[{"embeddable":true,"href":"https:\/\/coparmexjal.org.mx\/entorno-empresarial\/wp-json\/wp\/v2\/media\/3447"}],"wp:attachment":[{"href":"https:\/\/coparmexjal.org.mx\/entorno-empresarial\/wp-json\/wp\/v2\/media?parent=3446"}],"wp:term":[{"taxonomy":"category","embeddable":true,"href":"https:\/\/coparmexjal.org.mx\/entorno-empresarial\/wp-json\/wp\/v2\/categories?post=3446"},{"taxonomy":"post_tag","embeddable":true,"href":"https:\/\/coparmexjal.org.mx\/entorno-empresarial\/wp-json\/wp\/v2\/tags?post=3446"}],"curies":[{"name":"wp","href":"https:\/\/api.w.org\/{rel}","templated":true}]}}