{"id":2803,"date":"2014-01-01T20:33:00","date_gmt":"2014-01-02T02:33:00","guid":{"rendered":"http:\/\/coparmexjal.org.mx\/entorno-empresarial\/?p=2803"},"modified":"2020-06-06T19:04:49","modified_gmt":"2020-06-07T00:04:49","slug":"dr-q","status":"publish","type":"post","link":"https:\/\/coparmexjal.org.mx\/entorno-empresarial\/dr-q\/","title":{"rendered":"DR. Q"},"content":{"rendered":"\n<p class=\"has-normal-font-size\"><strong>Las biograf\u00edas est\u00e1n de moda. Tanto en la literatura como en el cine, las vidas de conocidas personalidades se han convertido en temas de gran atractivo y de fuerza emotiva. <\/strong>Desde Margaret Thatcher hasta Walt Disney, de Nelson Mandela a Cantinflas, de Steve Jobs a Hern\u00e1n Cort\u00e9s, los personajes del presente y del pasado son una veta pr\u00e1cticamente inagotable de historias de valor. Entre ellas destaca una: la de <em>Alfredo Qui\u00f1ones-Hinojosa<\/em>, narrada en su autobiograf\u00eda, \u201cDr. Q\u201d, publicada en espa\u00f1ol por LID Editorial Mexicana.<\/p>\n\n\n\n<div class=\"wp-block-image\"><figure class=\"aligncenter size-large\"><img fetchpriority=\"high\" decoding=\"async\" width=\"849\" height=\"160\" src=\"http:\/\/coparmexjal.org.mx\/entorno-empresarial\/wp-content\/uploads\/2020\/02\/pasted-image-0-28.png\" alt=\"\" class=\"wp-image-2804\" srcset=\"https:\/\/coparmexjal.org.mx\/entorno-empresarial\/wp-content\/uploads\/2020\/02\/pasted-image-0-28.png 849w, https:\/\/coparmexjal.org.mx\/entorno-empresarial\/wp-content\/uploads\/2020\/02\/pasted-image-0-28-300x57.png 300w, https:\/\/coparmexjal.org.mx\/entorno-empresarial\/wp-content\/uploads\/2020\/02\/pasted-image-0-28-768x145.png 768w\" sizes=\"(max-width: 849px) 100vw, 849px\" \/><\/figure><\/div>\n\n\n\n<p class=\"has-normal-font-size\"><strong>Es la historia de como un jornalero migrante se convirti\u00f3 en un brillante neurocirujano<\/strong>. Alfredo naci\u00f3 en una peque\u00f1a poblaci\u00f3n semides\u00e9rtica del estado de Baja California, en el seno de una familia de clase media baja que sufri\u00f3 los embates de una de tantas crisis econ\u00f3micas y qued\u00f3 en condiciones precarias. So\u00f1aba con las aventuras de Kalim\u00e1n, del Hombre Incre\u00edble y del capit\u00e1n Kirk, de <em>Viaje a las<\/em> e<em>strellas;<\/em> pero, sobre todo, so\u00f1aba con darle una vida mejor a su familia. Por eso, despu\u00e9s de desempe\u00f1ar varios oficios, decidi\u00f3 atravesar la frontera.<\/p>\n\n\n\n<p class=\"has-normal-font-size\">La primera vez que cruz\u00f3 a los Estados Unidos fue aprehendido y devuelto a M\u00e9xico, pero a las pocas horas regres\u00f3 y logr\u00f3 quedarse. Trabaj\u00f3 ilegalmente, como miles de mexicanos, en los campos californianos, en talleres, en donde pudiera, arriesgando la vida y a punto de perderla, como cuando cay\u00f3 en un tanque de petr\u00f3leo l\u00edquido.<\/p>\n\n\n\n<p style=\"color:#0d5879\" class=\"has-text-color has-normal-font-size\"><strong>\u201cLa experiencia fue una bendici\u00f3n, y hab\u00eda aprendido de los mejores: esos h\u00e9roes cotidianos que labran la tierra y recogen la cosecha. Como jornalero de todo el a\u00f1o, hab\u00eda conocido la emoci\u00f3n de recoger un tomate de una enredadera que yo mismo hab\u00eda plantado. Pero a los veinte a\u00f1os, no pod\u00eda aceptar que hab\u00eda llegado a la cima que un jor\u00adnalero pod\u00eda alcanzar\u201d<\/strong>.<br><\/p>\n\n\n\n<div class=\"wp-block-media-text alignwide\"><figure class=\"wp-block-media-text__media\"><img decoding=\"async\" width=\"332\" height=\"325\" src=\"http:\/\/coparmexjal.org.mx\/entorno-empresarial\/wp-content\/uploads\/2020\/02\/unnamed-3.jpg\" alt=\"\" class=\"wp-image-2805\" srcset=\"https:\/\/coparmexjal.org.mx\/entorno-empresarial\/wp-content\/uploads\/2020\/02\/unnamed-3.jpg 332w, https:\/\/coparmexjal.org.mx\/entorno-empresarial\/wp-content\/uploads\/2020\/02\/unnamed-3-300x294.jpg 300w\" sizes=\"(max-width: 332px) 100vw, 332px\" \/><\/figure><div class=\"wp-block-media-text__content\">\n<p class=\"has-normal-font-size\">Sus deseos de superaci\u00f3n lo llevaron a aprender ingl\u00e9s en dos a\u00f1os e inscribirse en una escuela t\u00e9cnica. Recibi\u00f3 una beca de la Universidad de California, en Berkeley, y, m\u00e1s tarde, present\u00f3 su solicitud a la Escuela de Medicina de la Universidad de Harvard. Fue admitido y form\u00f3 parte del por ciento que representaban las minor\u00edas en esa prestigiada universidad. Luego de un tiempo, gracias a su inteligencia y voluntad y a una buena dosis de fortuna, logr\u00f3 pasar de la condici\u00f3n de jornalero indocumentado. Un proverbio espa\u00f1ol dice: \u201cLa suerte no llega a aquellos que la desean, sino a los que la buscan\u201d. Alfredo Qui\u00f1ones la busc\u00f3\u2026 y la encontr\u00f3.<br><\/p>\n<\/div><\/div>\n\n\n\n<p class=\"has-normal-font-size\">Una noche de fin de semana, en la que se encontraba trabajando, un m\u00e9dico neurocirujano lo invit\u00f3 a presenciar una cirug\u00eda de cerebro. Esa operaci\u00f3n defini\u00f3 su vida: decidi\u00f3 convertirse en neurocirujano. Complet\u00f3 la residencia en Neurocirug\u00eda en la Universidad de California, en San Francisco, en donde obtuvo una beca postdoctoral en Biolog\u00eda del Desarrollo de C\u00e9lulas Madre. Se gradu\u00f3 con honores. Poco despu\u00e9s fue reclutado por la Universidad Johns Hopkins.<\/p>\n\n\n\n<p class=\"has-normal-font-size\">Sus colegas le recomendaban cambiar su nombre para facilitar su pronunciaci\u00f3n; le sugirieron utilizar el de Al Quinn. En respuesta, orgulloso de sus ra\u00edces, decidi\u00f3 hacer lo contrario; comenz\u00f3 a utilizar su nombre completo: Alfredo Qui\u00f1ones-Hinojosa. Al poco tiempo, colegas y pacientes lo comenzaron a conocer como el Dr. Q (doctor Q).<\/p>\n\n\n\n<p class=\"has-normal-font-size\"><strong>Hoy, Dr. Q es director del Programa de Cirug\u00eda de Hip\u00f3fisis, director del Programa de Cirug\u00eda de Tumores Cerebrales y director del Laboratorio de Neurocirug\u00eda de C\u00e9lulas Madre en Tumores Cerebrales<\/strong>; tambi\u00e9n dirige el grupo de investigaci\u00f3n de resultados quir\u00fargicos en Neurooncolog\u00eda de la Escuela de Medicina Johns Hopkins. Es uno de los l\u00edderes en la lucha contra el c\u00e1ncer cerebral, \u201cla enfermedad m\u00e1s devastadora que afecta al \u00f3rgano m\u00e1s hermoso de nuestro cuerpo\u201d, seg\u00fan define el propio Alfredo.<\/p>\n\n\n\n<p class=\"has-normal-font-size\">Realiza unas doscientas cincuenta intervenciones quir\u00fargicas al a\u00f1o. \u00c9l todav\u00eda se asombra de que las mismas manos que trabajaron el campo sean las que ahora operan el cerebro humano. Est\u00e1 casado con una norteamericana y tiene tres hijos. Ha recibido m\u00faltiples reconocimientos; da conferencias y sostiene una continua actividad filantr\u00f3pica en M\u00e9xico y los Estados Unidos. Se est\u00e1 preparando una pel\u00edcula sobre su vida. Este es, a grandes rasgos, el recorrido vital de Dr. Q., que, contado en primera persona y con todo lujo de detalles, es la materia del libro.<strong><em>Dr. Q.<\/em><\/strong><strong> es una obra apasionante e inspiradora, la cual, sin afanes dogm\u00e1ticos o doctrinarios, representa una lecci\u00f3n de vida de gran actualidad.<\/strong><\/p>\n","protected":false},"excerpt":{"rendered":"<p>Las biograf\u00edas est\u00e1n de moda. Tanto en la literatura como en el cine, las vidas de conocidas personalidades se han convertido en temas de gran atractivo y de fuerza emotiva.<\/p>\n","protected":false},"author":8,"featured_media":2805,"comment_status":"open","ping_status":"open","sticky":false,"template":"","format":"standard","meta":{"footnotes":""},"categories":[159],"tags":[344,339,352],"class_list":["post-2803","post","type-post","status-publish","format-standard","has-post-thumbnail","hentry","category-letras","tag-dr-q","tag-libro","tag-neurocirugia"],"yoast_head":"<!-- This site is optimized with the Yoast SEO plugin v27.5 - https:\/\/yoast.com\/product\/yoast-seo-wordpress\/ -->\n<title>DR. Q - Entorno Empresarial<\/title>\n<meta name=\"robots\" content=\"index, follow, max-snippet:-1, max-image-preview:large, max-video-preview:-1\" \/>\n<link rel=\"canonical\" href=\"https:\/\/coparmexjal.org.mx\/entorno-empresarial\/dr-q\/\" \/>\n<meta property=\"og:locale\" content=\"es_MX\" \/>\n<meta property=\"og:type\" content=\"article\" \/>\n<meta property=\"og:title\" content=\"DR. Q - Entorno Empresarial\" \/>\n<meta property=\"og:description\" content=\"Las biograf\u00edas est\u00e1n de moda. Tanto en la literatura como en el cine, las vidas de conocidas personalidades se han convertido en temas de gran atractivo y de fuerza emotiva.\" \/>\n<meta property=\"og:url\" content=\"https:\/\/coparmexjal.org.mx\/entorno-empresarial\/dr-q\/\" \/>\n<meta property=\"og:site_name\" content=\"Entorno Empresarial\" \/>\n<meta property=\"article:publisher\" content=\"https:\/\/facebook.com\/comcoparmex\" \/>\n<meta property=\"article:published_time\" content=\"2014-01-02T02:33:00+00:00\" \/>\n<meta property=\"article:modified_time\" content=\"2020-06-07T00:04:49+00:00\" \/>\n<meta property=\"og:image\" content=\"https:\/\/coparmexjal.org.mx\/entorno-empresarial\/wp-content\/uploads\/2020\/02\/unnamed-3.jpg\" \/>\n\t<meta property=\"og:image:width\" content=\"332\" \/>\n\t<meta property=\"og:image:height\" content=\"325\" \/>\n\t<meta property=\"og:image:type\" content=\"image\/jpeg\" \/>\n<meta name=\"author\" content=\"Bertha In\u00e9s Herrer\u00edas Franco\" \/>\n<meta name=\"twitter:card\" content=\"summary_large_image\" \/>\n<meta name=\"twitter:creator\" content=\"@comcoparmex\" \/>\n<meta name=\"twitter:site\" content=\"@comcoparmex\" \/>\n<meta name=\"twitter:label1\" content=\"Escrito por\" \/>\n\t<meta name=\"twitter:data1\" content=\"Bertha In\u00e9s Herrer\u00edas Franco\" \/>\n\t<meta name=\"twitter:label2\" content=\"Tiempo de lectura\" \/>\n\t<meta name=\"twitter:data2\" content=\"4 minutos\" \/>\n<script type=\"application\/ld+json\" class=\"yoast-schema-graph\">{\"@context\":\"https:\\\/\\\/schema.org\",\"@graph\":[{\"@type\":\"Article\",\"@id\":\"https:\\\/\\\/coparmexjal.org.mx\\\/entorno-empresarial\\\/dr-q\\\/#article\",\"isPartOf\":{\"@id\":\"https:\\\/\\\/coparmexjal.org.mx\\\/entorno-empresarial\\\/dr-q\\\/\"},\"author\":{\"name\":\"Bertha In\u00e9s Herrer\u00edas Franco\",\"@id\":\"https:\\\/\\\/coparmexjal.org.mx\\\/entorno-empresarial\\\/#\\\/schema\\\/person\\\/a5631197d27621bced2324279987e56a\"},\"headline\":\"DR. Q\",\"datePublished\":\"2014-01-02T02:33:00+00:00\",\"dateModified\":\"2020-06-07T00:04:49+00:00\",\"mainEntityOfPage\":{\"@id\":\"https:\\\/\\\/coparmexjal.org.mx\\\/entorno-empresarial\\\/dr-q\\\/\"},\"wordCount\":800,\"commentCount\":0,\"publisher\":{\"@id\":\"https:\\\/\\\/coparmexjal.org.mx\\\/entorno-empresarial\\\/#organization\"},\"image\":{\"@id\":\"https:\\\/\\\/coparmexjal.org.mx\\\/entorno-empresarial\\\/dr-q\\\/#primaryimage\"},\"thumbnailUrl\":\"https:\\\/\\\/coparmexjal.org.mx\\\/entorno-empresarial\\\/wp-content\\\/uploads\\\/2020\\\/02\\\/unnamed-3.jpg\",\"keywords\":[\"Dr. Q\",\"libro\",\"neurocirug\u00eda\"],\"articleSection\":[\"Letras\"],\"inLanguage\":\"es\",\"potentialAction\":[{\"@type\":\"CommentAction\",\"name\":\"Comment\",\"target\":[\"https:\\\/\\\/coparmexjal.org.mx\\\/entorno-empresarial\\\/dr-q\\\/#respond\"]}]},{\"@type\":\"WebPage\",\"@id\":\"https:\\\/\\\/coparmexjal.org.mx\\\/entorno-empresarial\\\/dr-q\\\/\",\"url\":\"https:\\\/\\\/coparmexjal.org.mx\\\/entorno-empresarial\\\/dr-q\\\/\",\"name\":\"DR. Q - Entorno Empresarial\",\"isPartOf\":{\"@id\":\"https:\\\/\\\/coparmexjal.org.mx\\\/entorno-empresarial\\\/#website\"},\"primaryImageOfPage\":{\"@id\":\"https:\\\/\\\/coparmexjal.org.mx\\\/entorno-empresarial\\\/dr-q\\\/#primaryimage\"},\"image\":{\"@id\":\"https:\\\/\\\/coparmexjal.org.mx\\\/entorno-empresarial\\\/dr-q\\\/#primaryimage\"},\"thumbnailUrl\":\"https:\\\/\\\/coparmexjal.org.mx\\\/entorno-empresarial\\\/wp-content\\\/uploads\\\/2020\\\/02\\\/unnamed-3.jpg\",\"datePublished\":\"2014-01-02T02:33:00+00:00\",\"dateModified\":\"2020-06-07T00:04:49+00:00\",\"breadcrumb\":{\"@id\":\"https:\\\/\\\/coparmexjal.org.mx\\\/entorno-empresarial\\\/dr-q\\\/#breadcrumb\"},\"inLanguage\":\"es\",\"potentialAction\":[{\"@type\":\"ReadAction\",\"target\":[\"https:\\\/\\\/coparmexjal.org.mx\\\/entorno-empresarial\\\/dr-q\\\/\"]}]},{\"@type\":\"ImageObject\",\"inLanguage\":\"es\",\"@id\":\"https:\\\/\\\/coparmexjal.org.mx\\\/entorno-empresarial\\\/dr-q\\\/#primaryimage\",\"url\":\"https:\\\/\\\/coparmexjal.org.mx\\\/entorno-empresarial\\\/wp-content\\\/uploads\\\/2020\\\/02\\\/unnamed-3.jpg\",\"contentUrl\":\"https:\\\/\\\/coparmexjal.org.mx\\\/entorno-empresarial\\\/wp-content\\\/uploads\\\/2020\\\/02\\\/unnamed-3.jpg\",\"width\":332,\"height\":325},{\"@type\":\"BreadcrumbList\",\"@id\":\"https:\\\/\\\/coparmexjal.org.mx\\\/entorno-empresarial\\\/dr-q\\\/#breadcrumb\",\"itemListElement\":[{\"@type\":\"ListItem\",\"position\":1,\"name\":\"Inicio\",\"item\":\"https:\\\/\\\/coparmexjal.org.mx\\\/entorno-empresarial\\\/\"},{\"@type\":\"ListItem\",\"position\":2,\"name\":\"DR. Q\"}]},{\"@type\":\"WebSite\",\"@id\":\"https:\\\/\\\/coparmexjal.org.mx\\\/entorno-empresarial\\\/#website\",\"url\":\"https:\\\/\\\/coparmexjal.org.mx\\\/entorno-empresarial\\\/\",\"name\":\"Revista Entorno Empresarial\",\"description\":\"Coparmex Jalisco\",\"publisher\":{\"@id\":\"https:\\\/\\\/coparmexjal.org.mx\\\/entorno-empresarial\\\/#organization\"},\"potentialAction\":[{\"@type\":\"SearchAction\",\"target\":{\"@type\":\"EntryPoint\",\"urlTemplate\":\"https:\\\/\\\/coparmexjal.org.mx\\\/entorno-empresarial\\\/?s={search_term_string}\"},\"query-input\":{\"@type\":\"PropertyValueSpecification\",\"valueRequired\":true,\"valueName\":\"search_term_string\"}}],\"inLanguage\":\"es\"},{\"@type\":\"Organization\",\"@id\":\"https:\\\/\\\/coparmexjal.org.mx\\\/entorno-empresarial\\\/#organization\",\"name\":\"Coparmex Jalisco\",\"url\":\"https:\\\/\\\/coparmexjal.org.mx\\\/entorno-empresarial\\\/\",\"logo\":{\"@type\":\"ImageObject\",\"inLanguage\":\"es\",\"@id\":\"https:\\\/\\\/coparmexjal.org.mx\\\/entorno-empresarial\\\/#\\\/schema\\\/logo\\\/image\\\/\",\"url\":\"https:\\\/\\\/coparmexjal.org.mx\\\/entorno-empresarial\\\/wp-content\\\/uploads\\\/2020\\\/02\\\/logo-amp.png\",\"contentUrl\":\"https:\\\/\\\/coparmexjal.org.mx\\\/entorno-empresarial\\\/wp-content\\\/uploads\\\/2020\\\/02\\\/logo-amp.png\",\"width\":120,\"height\":90,\"caption\":\"Coparmex Jalisco\"},\"image\":{\"@id\":\"https:\\\/\\\/coparmexjal.org.mx\\\/entorno-empresarial\\\/#\\\/schema\\\/logo\\\/image\\\/\"},\"sameAs\":[\"https:\\\/\\\/facebook.com\\\/comcoparmex\",\"https:\\\/\\\/x.com\\\/comcoparmex\",\"http:\\\/\\\/instagram.com\\\/coparmexjalisco\",\"https:\\\/\\\/mx.linkedin.com\\\/company\\\/coparmex-jalisco\",\"https:\\\/\\\/www.youtube.com\\\/c\\\/CoparmexJaliscomx\"]},{\"@type\":\"Person\",\"@id\":\"https:\\\/\\\/coparmexjal.org.mx\\\/entorno-empresarial\\\/#\\\/schema\\\/person\\\/a5631197d27621bced2324279987e56a\",\"name\":\"Bertha In\u00e9s Herrer\u00edas Franco\",\"image\":{\"@type\":\"ImageObject\",\"inLanguage\":\"es\",\"@id\":\"https:\\\/\\\/coparmexjal.org.mx\\\/entorno-empresarial\\\/wp-content\\\/uploads\\\/2020\\\/06\\\/lid-150x150.jpg\",\"url\":\"https:\\\/\\\/coparmexjal.org.mx\\\/entorno-empresarial\\\/wp-content\\\/uploads\\\/2020\\\/06\\\/lid-150x150.jpg\",\"contentUrl\":\"https:\\\/\\\/coparmexjal.org.mx\\\/entorno-empresarial\\\/wp-content\\\/uploads\\\/2020\\\/06\\\/lid-150x150.jpg\",\"caption\":\"Bertha In\u00e9s Herrer\u00edas Franco\"},\"description\":\"Gerente de comunicaci\u00f3n de LID Editorial Mexicana\",\"sameAs\":[\"https:\\\/\\\/www.lideditorial.com\"],\"url\":\"https:\\\/\\\/coparmexjal.org.mx\\\/entorno-empresarial\\\/author\\\/bertha-herrerias\\\/\"}]}<\/script>\n<!-- \/ Yoast SEO plugin. -->","yoast_head_json":{"title":"DR. Q - Entorno Empresarial","robots":{"index":"index","follow":"follow","max-snippet":"max-snippet:-1","max-image-preview":"max-image-preview:large","max-video-preview":"max-video-preview:-1"},"canonical":"https:\/\/coparmexjal.org.mx\/entorno-empresarial\/dr-q\/","og_locale":"es_MX","og_type":"article","og_title":"DR. Q - Entorno Empresarial","og_description":"Las biograf\u00edas est\u00e1n de moda. Tanto en la literatura como en el cine, las vidas de conocidas personalidades se han convertido en temas de gran atractivo y de fuerza emotiva.","og_url":"https:\/\/coparmexjal.org.mx\/entorno-empresarial\/dr-q\/","og_site_name":"Entorno Empresarial","article_publisher":"https:\/\/facebook.com\/comcoparmex","article_published_time":"2014-01-02T02:33:00+00:00","article_modified_time":"2020-06-07T00:04:49+00:00","og_image":[{"width":332,"height":325,"url":"https:\/\/coparmexjal.org.mx\/entorno-empresarial\/wp-content\/uploads\/2020\/02\/unnamed-3.jpg","type":"image\/jpeg"}],"author":"Bertha In\u00e9s Herrer\u00edas Franco","twitter_card":"summary_large_image","twitter_creator":"@comcoparmex","twitter_site":"@comcoparmex","twitter_misc":{"Escrito por":"Bertha In\u00e9s Herrer\u00edas Franco","Tiempo de lectura":"4 minutos"},"schema":{"@context":"https:\/\/schema.org","@graph":[{"@type":"Article","@id":"https:\/\/coparmexjal.org.mx\/entorno-empresarial\/dr-q\/#article","isPartOf":{"@id":"https:\/\/coparmexjal.org.mx\/entorno-empresarial\/dr-q\/"},"author":{"name":"Bertha In\u00e9s Herrer\u00edas Franco","@id":"https:\/\/coparmexjal.org.mx\/entorno-empresarial\/#\/schema\/person\/a5631197d27621bced2324279987e56a"},"headline":"DR. Q","datePublished":"2014-01-02T02:33:00+00:00","dateModified":"2020-06-07T00:04:49+00:00","mainEntityOfPage":{"@id":"https:\/\/coparmexjal.org.mx\/entorno-empresarial\/dr-q\/"},"wordCount":800,"commentCount":0,"publisher":{"@id":"https:\/\/coparmexjal.org.mx\/entorno-empresarial\/#organization"},"image":{"@id":"https:\/\/coparmexjal.org.mx\/entorno-empresarial\/dr-q\/#primaryimage"},"thumbnailUrl":"https:\/\/coparmexjal.org.mx\/entorno-empresarial\/wp-content\/uploads\/2020\/02\/unnamed-3.jpg","keywords":["Dr. Q","libro","neurocirug\u00eda"],"articleSection":["Letras"],"inLanguage":"es","potentialAction":[{"@type":"CommentAction","name":"Comment","target":["https:\/\/coparmexjal.org.mx\/entorno-empresarial\/dr-q\/#respond"]}]},{"@type":"WebPage","@id":"https:\/\/coparmexjal.org.mx\/entorno-empresarial\/dr-q\/","url":"https:\/\/coparmexjal.org.mx\/entorno-empresarial\/dr-q\/","name":"DR. Q - Entorno Empresarial","isPartOf":{"@id":"https:\/\/coparmexjal.org.mx\/entorno-empresarial\/#website"},"primaryImageOfPage":{"@id":"https:\/\/coparmexjal.org.mx\/entorno-empresarial\/dr-q\/#primaryimage"},"image":{"@id":"https:\/\/coparmexjal.org.mx\/entorno-empresarial\/dr-q\/#primaryimage"},"thumbnailUrl":"https:\/\/coparmexjal.org.mx\/entorno-empresarial\/wp-content\/uploads\/2020\/02\/unnamed-3.jpg","datePublished":"2014-01-02T02:33:00+00:00","dateModified":"2020-06-07T00:04:49+00:00","breadcrumb":{"@id":"https:\/\/coparmexjal.org.mx\/entorno-empresarial\/dr-q\/#breadcrumb"},"inLanguage":"es","potentialAction":[{"@type":"ReadAction","target":["https:\/\/coparmexjal.org.mx\/entorno-empresarial\/dr-q\/"]}]},{"@type":"ImageObject","inLanguage":"es","@id":"https:\/\/coparmexjal.org.mx\/entorno-empresarial\/dr-q\/#primaryimage","url":"https:\/\/coparmexjal.org.mx\/entorno-empresarial\/wp-content\/uploads\/2020\/02\/unnamed-3.jpg","contentUrl":"https:\/\/coparmexjal.org.mx\/entorno-empresarial\/wp-content\/uploads\/2020\/02\/unnamed-3.jpg","width":332,"height":325},{"@type":"BreadcrumbList","@id":"https:\/\/coparmexjal.org.mx\/entorno-empresarial\/dr-q\/#breadcrumb","itemListElement":[{"@type":"ListItem","position":1,"name":"Inicio","item":"https:\/\/coparmexjal.org.mx\/entorno-empresarial\/"},{"@type":"ListItem","position":2,"name":"DR. Q"}]},{"@type":"WebSite","@id":"https:\/\/coparmexjal.org.mx\/entorno-empresarial\/#website","url":"https:\/\/coparmexjal.org.mx\/entorno-empresarial\/","name":"Revista Entorno Empresarial","description":"Coparmex Jalisco","publisher":{"@id":"https:\/\/coparmexjal.org.mx\/entorno-empresarial\/#organization"},"potentialAction":[{"@type":"SearchAction","target":{"@type":"EntryPoint","urlTemplate":"https:\/\/coparmexjal.org.mx\/entorno-empresarial\/?s={search_term_string}"},"query-input":{"@type":"PropertyValueSpecification","valueRequired":true,"valueName":"search_term_string"}}],"inLanguage":"es"},{"@type":"Organization","@id":"https:\/\/coparmexjal.org.mx\/entorno-empresarial\/#organization","name":"Coparmex Jalisco","url":"https:\/\/coparmexjal.org.mx\/entorno-empresarial\/","logo":{"@type":"ImageObject","inLanguage":"es","@id":"https:\/\/coparmexjal.org.mx\/entorno-empresarial\/#\/schema\/logo\/image\/","url":"https:\/\/coparmexjal.org.mx\/entorno-empresarial\/wp-content\/uploads\/2020\/02\/logo-amp.png","contentUrl":"https:\/\/coparmexjal.org.mx\/entorno-empresarial\/wp-content\/uploads\/2020\/02\/logo-amp.png","width":120,"height":90,"caption":"Coparmex Jalisco"},"image":{"@id":"https:\/\/coparmexjal.org.mx\/entorno-empresarial\/#\/schema\/logo\/image\/"},"sameAs":["https:\/\/facebook.com\/comcoparmex","https:\/\/x.com\/comcoparmex","http:\/\/instagram.com\/coparmexjalisco","https:\/\/mx.linkedin.com\/company\/coparmex-jalisco","https:\/\/www.youtube.com\/c\/CoparmexJaliscomx"]},{"@type":"Person","@id":"https:\/\/coparmexjal.org.mx\/entorno-empresarial\/#\/schema\/person\/a5631197d27621bced2324279987e56a","name":"Bertha In\u00e9s Herrer\u00edas Franco","image":{"@type":"ImageObject","inLanguage":"es","@id":"https:\/\/coparmexjal.org.mx\/entorno-empresarial\/wp-content\/uploads\/2020\/06\/lid-150x150.jpg","url":"https:\/\/coparmexjal.org.mx\/entorno-empresarial\/wp-content\/uploads\/2020\/06\/lid-150x150.jpg","contentUrl":"https:\/\/coparmexjal.org.mx\/entorno-empresarial\/wp-content\/uploads\/2020\/06\/lid-150x150.jpg","caption":"Bertha In\u00e9s Herrer\u00edas Franco"},"description":"Gerente de comunicaci\u00f3n de LID Editorial Mexicana","sameAs":["https:\/\/www.lideditorial.com"],"url":"https:\/\/coparmexjal.org.mx\/entorno-empresarial\/author\/bertha-herrerias\/"}]}},"_links":{"self":[{"href":"https:\/\/coparmexjal.org.mx\/entorno-empresarial\/wp-json\/wp\/v2\/posts\/2803","targetHints":{"allow":["GET"]}}],"collection":[{"href":"https:\/\/coparmexjal.org.mx\/entorno-empresarial\/wp-json\/wp\/v2\/posts"}],"about":[{"href":"https:\/\/coparmexjal.org.mx\/entorno-empresarial\/wp-json\/wp\/v2\/types\/post"}],"author":[{"embeddable":true,"href":"https:\/\/coparmexjal.org.mx\/entorno-empresarial\/wp-json\/wp\/v2\/users\/8"}],"replies":[{"embeddable":true,"href":"https:\/\/coparmexjal.org.mx\/entorno-empresarial\/wp-json\/wp\/v2\/comments?post=2803"}],"version-history":[{"count":4,"href":"https:\/\/coparmexjal.org.mx\/entorno-empresarial\/wp-json\/wp\/v2\/posts\/2803\/revisions"}],"predecessor-version":[{"id":3409,"href":"https:\/\/coparmexjal.org.mx\/entorno-empresarial\/wp-json\/wp\/v2\/posts\/2803\/revisions\/3409"}],"wp:featuredmedia":[{"embeddable":true,"href":"https:\/\/coparmexjal.org.mx\/entorno-empresarial\/wp-json\/wp\/v2\/media\/2805"}],"wp:attachment":[{"href":"https:\/\/coparmexjal.org.mx\/entorno-empresarial\/wp-json\/wp\/v2\/media?parent=2803"}],"wp:term":[{"taxonomy":"category","embeddable":true,"href":"https:\/\/coparmexjal.org.mx\/entorno-empresarial\/wp-json\/wp\/v2\/categories?post=2803"},{"taxonomy":"post_tag","embeddable":true,"href":"https:\/\/coparmexjal.org.mx\/entorno-empresarial\/wp-json\/wp\/v2\/tags?post=2803"}],"curies":[{"name":"wp","href":"https:\/\/api.w.org\/{rel}","templated":true}]}}