{"id":2799,"date":"2014-03-01T20:25:00","date_gmt":"2014-03-02T02:25:00","guid":{"rendered":"http:\/\/coparmexjal.org.mx\/entorno-empresarial\/?p=2799"},"modified":"2020-06-06T19:16:38","modified_gmt":"2020-06-07T00:16:38","slug":"banquero-del-mundo","status":"publish","type":"post","link":"https:\/\/coparmexjal.org.mx\/entorno-empresarial\/banquero-del-mundo\/","title":{"rendered":"Banquero del mundo"},"content":{"rendered":"\n<p style=\"color:#0d5879\" class=\"has-text-color has-normal-font-size\"><strong>En el mundo globalizado en que nos ha tocado vivir, las finanzas saludables o con problemas de la mayor\u00eda de los pa\u00edses tienen repercusiones en otros por la mayor integraci\u00f3n de los mercados y las instituciones financieras.<\/strong><\/p>\n\n\n\n<div class=\"wp-block-image\"><figure class=\"aligncenter size-large is-resized\"><img fetchpriority=\"high\" decoding=\"async\" src=\"https:\/\/coparmexjal.org.mx\/entorno-empresarial\/wp-content\/uploads\/2016\/01\/photo-1580519542036-c47de6196ba5.jpg\" alt=\"\" class=\"wp-image-3324\" width=\"519\" height=\"346\" srcset=\"https:\/\/coparmexjal.org.mx\/entorno-empresarial\/wp-content\/uploads\/2016\/01\/photo-1580519542036-c47de6196ba5.jpg 751w, https:\/\/coparmexjal.org.mx\/entorno-empresarial\/wp-content\/uploads\/2016\/01\/photo-1580519542036-c47de6196ba5-300x200.jpg 300w\" sizes=\"(max-width: 519px) 100vw, 519px\" \/><\/figure><\/div>\n\n\n\n<p class=\"has-normal-font-size\">La historia que se va creando a trav\u00e9s del tiempo es c\u00edclica, y podemos aprender de ella para que las crisis no nos tomen desprevenidos.<strong> \u201cEn una crisis, el reloj siempre act\u00faa en tu contra, el tiempo es tu enemigo. A veces una crisis se construye durante mucho tiempo pero, cuando golpea su impacto es instant\u00e1neo e inmediato\u201d<\/strong>. Esta es quiz\u00e1 una de las premisas m\u00e1s importantes que William R. Rhodes nos ofrece en <em>Banquero del Mundo<\/em>, y que da lugar a este libro, el cual pretende ayudar a que no se repitan errores y s\u00ed tomar nota de las buenas pr\u00e1cticas.<\/p>\n\n\n\n<p class=\"has-normal-font-size\">Este nuevo libro de LID Editorial Mexicana <strong>est\u00e1 escrito desde la experiencia de m\u00e1s de cincuenta a\u00f1os de uno de los principales protagonistas de las finanzas internacionales<\/strong>, quien es conocido por haber sido uno de los visionarios que advirti\u00f3 sobre la gran crisis financiera que se desat\u00f3 a partir del 2008, y en este libro explica qu\u00e9 fue lo que pas\u00f3.<\/p>\n\n\n\n<p class=\"has-normal-font-size\">Con una entretenida y fluida narraci\u00f3n, Rhodes presenta algunos de los temas comunes en muchas de las crisis de deuda p\u00fablica en las que se vio involucrado desde Citibank.&nbsp; <strong>\u201cMi misi\u00f3n siempre ha sido construir, para ayudar a las econom\u00edas en desarrollo a pagar deudas extraordinarias, para restaurar su acceso a los mercados de cr\u00e9dito y para ayudarles a volver a crecer y obtener entrada a nuevos mercados\u201d<\/strong>, comenta Rhodes en la introducci\u00f3n del libro.&nbsp; \u00c9l y  su equipo trabajaron muy duro para sacar a Am\u00e9rica Latina de la desgastante crisis de los a\u00f1os ochenta. Lograron que los Gobiernos reconocieran la necesidad de realizar reformas estructurales b\u00e1sicas, como privatizar industrias, construir instituciones, abrir mercados a la libre circulaci\u00f3n del dinero y de bienes y reestructurar su deuda.<br><\/p>\n\n\n\n<div class=\"wp-block-image\"><figure class=\"aligncenter size-large is-resized\"><img decoding=\"async\" src=\"https:\/\/coparmexjal.org.mx\/entorno-empresarial\/wp-content\/uploads\/2020\/06\/vista-alta-pila-monedas-diagramas-estadisticos_23-2148305968.jpg\" alt=\"Econom\u00eda\" class=\"wp-image-3412\" width=\"443\" height=\"295\" srcset=\"https:\/\/coparmexjal.org.mx\/entorno-empresarial\/wp-content\/uploads\/2020\/06\/vista-alta-pila-monedas-diagramas-estadisticos_23-2148305968.jpg 626w, https:\/\/coparmexjal.org.mx\/entorno-empresarial\/wp-content\/uploads\/2020\/06\/vista-alta-pila-monedas-diagramas-estadisticos_23-2148305968-300x200.jpg 300w\" sizes=\"(max-width: 443px) 100vw, 443px\" \/><\/figure><\/div>\n\n\n\n<p class=\"has-normal-font-size\">A la <strong>habilidad de ejecutar en el momento oportuno<\/strong> trata el siguiente cap\u00edtulo; la lecci\u00f3n 4 explica la <strong>necesidad de realizar acciones r\u00e1pidas<\/strong>, proactivas y exhaustivas; la 5 habla de la <strong>importancia de defender lo justo<\/strong>. La palabra china <em>weiji<\/em> es clave en la lecci\u00f3n 6, ya que significa \u201ccrisis\u201d y se compone de dos caracteres: uno representa peligro y el otro representa oportunidad. \u201c<strong>Actuar de manera oportuna<\/strong> <strong>es claramente un acierto. Pero no aprovechar la oportunidad es un fracaso\u201d<\/strong>, dice Rhodes. En la lecci\u00f3n 7 muestra como <strong>conocer la cultura<\/strong>, historia e idiomas de un pa\u00eds te da accesos inimaginables. Por \u00faltimo, la lecci\u00f3n 8 habla sobre las <strong>t\u00e9cnicas que \u00e9l utiliz\u00f3 para crear consenso<\/strong> en los comit\u00e9s que presidi\u00f3 para resolver los pagos de las deudas tanto de Corea del Sur como de los pa\u00edses de Am\u00e9rica Latina, y concluye que son universales.<\/p>\n\n\n\n<p class=\"has-normal-font-size\">Estas lecciones est\u00e1n enmarcadas en situaciones en las que Bill Rhodes fue un importante protagonista, como la negociaci\u00f3n de la deuda de Nicaragua, la disyuntiva de abrir Citibank en Israel o no, la entrada de esta instituci\u00f3n a China, el apoyo a Uruguay durante la crisis Argentina en el 2002, la crisis de deuda de Am\u00e9rica Latina \u2014entre ellas la de los a\u00f1os ochenta en M\u00e9xico\u2014, la expansi\u00f3n de Citibank en Europa del Este, la implementaci\u00f3n del plan Brady, etc\u00e9tera.<\/p>\n\n\n\n<h6 class=\"wp-block-heading\"><strong>La gran experiencia de Bill Rhodes lo ha llevado a convencerse de que cualquier crisis puede ser manejada si aquellos que deben asumir la responsabilidad de esta tratan de aprender de las lecciones del pasado.<\/strong><\/h6>\n\n\n\n<p class=\"has-normal-font-size\"><strong>Cuando el mundo se enfrenta a crisis econ\u00f3micas como la que actualmente est\u00e1 azotando a varios pa\u00edses europeos, el reloj siempre corre en contra de las autoridades y frecuentemente estas no saben c\u00f3mo reaccionar y c\u00f3mo verlas objetivamente<\/strong>; para esto, dice Rhodes, <strong>la velocidad es esencial para responder y actuar con el prop\u00f3sito de evitar un mayor deterioro. <\/strong>Las lecciones emanadas de las experiencias pasadas son relevantes no solo para los pa\u00edses que las originaron sino para todos aquellos que se puedan ver envueltos en una situaci\u00f3n similar.<br><\/p>\n","protected":false},"excerpt":{"rendered":"<p>En el mundo globalizado en que nos ha tocado vivir, las finanzas saludables o con problemas de la mayor\u00eda de los pa\u00edses tienen repercusiones en otros por la mayor integraci\u00f3n de los mercados y las instituciones financieras.<\/p>\n","protected":false},"author":8,"featured_media":3415,"comment_status":"open","ping_status":"open","sticky":false,"template":"","format":"standard","meta":{"footnotes":""},"categories":[159],"tags":[260,342,241,339],"class_list":["post-2799","post","type-post","status-publish","format-standard","has-post-thumbnail","hentry","category-letras","tag-economia","tag-finanzas","tag-globalizacion","tag-libro"],"yoast_head":"<!-- This site is optimized with the Yoast SEO plugin v27.5 - https:\/\/yoast.com\/product\/yoast-seo-wordpress\/ -->\n<title>Banquero del mundo - Entorno Empresarial<\/title>\n<meta name=\"robots\" content=\"index, follow, max-snippet:-1, max-image-preview:large, max-video-preview:-1\" \/>\n<link rel=\"canonical\" href=\"https:\/\/coparmexjal.org.mx\/entorno-empresarial\/banquero-del-mundo\/\" \/>\n<meta property=\"og:locale\" content=\"es_MX\" \/>\n<meta property=\"og:type\" content=\"article\" \/>\n<meta property=\"og:title\" content=\"Banquero del mundo - Entorno Empresarial\" \/>\n<meta property=\"og:description\" content=\"En el mundo globalizado en que nos ha tocado vivir, las finanzas saludables o con problemas de la mayor\u00eda de los pa\u00edses tienen repercusiones en otros por la mayor integraci\u00f3n de los mercados y las instituciones financieras.\" \/>\n<meta property=\"og:url\" content=\"https:\/\/coparmexjal.org.mx\/entorno-empresarial\/banquero-del-mundo\/\" \/>\n<meta property=\"og:site_name\" content=\"Entorno Empresarial\" \/>\n<meta property=\"article:publisher\" content=\"https:\/\/facebook.com\/comcoparmex\" \/>\n<meta property=\"article:published_time\" content=\"2014-03-02T02:25:00+00:00\" \/>\n<meta property=\"article:modified_time\" content=\"2020-06-07T00:16:38+00:00\" \/>\n<meta property=\"og:image\" content=\"https:\/\/coparmexjal.org.mx\/entorno-empresarial\/wp-content\/uploads\/2014\/03\/Banquero-del-Mundo.gif\" \/>\n\t<meta property=\"og:image:width\" content=\"300\" \/>\n\t<meta property=\"og:image:height\" content=\"436\" \/>\n\t<meta property=\"og:image:type\" content=\"image\/gif\" \/>\n<meta name=\"author\" content=\"Bertha In\u00e9s Herrer\u00edas Franco\" \/>\n<meta name=\"twitter:card\" content=\"summary_large_image\" \/>\n<meta name=\"twitter:creator\" content=\"@comcoparmex\" \/>\n<meta name=\"twitter:site\" content=\"@comcoparmex\" \/>\n<meta name=\"twitter:label1\" content=\"Escrito por\" \/>\n\t<meta name=\"twitter:data1\" content=\"Bertha In\u00e9s Herrer\u00edas Franco\" \/>\n\t<meta name=\"twitter:label2\" content=\"Tiempo de lectura\" \/>\n\t<meta name=\"twitter:data2\" content=\"4 minutos\" \/>\n<script type=\"application\/ld+json\" class=\"yoast-schema-graph\">{\"@context\":\"https:\\\/\\\/schema.org\",\"@graph\":[{\"@type\":\"Article\",\"@id\":\"https:\\\/\\\/coparmexjal.org.mx\\\/entorno-empresarial\\\/banquero-del-mundo\\\/#article\",\"isPartOf\":{\"@id\":\"https:\\\/\\\/coparmexjal.org.mx\\\/entorno-empresarial\\\/banquero-del-mundo\\\/\"},\"author\":{\"name\":\"Bertha In\u00e9s Herrer\u00edas Franco\",\"@id\":\"https:\\\/\\\/coparmexjal.org.mx\\\/entorno-empresarial\\\/#\\\/schema\\\/person\\\/a5631197d27621bced2324279987e56a\"},\"headline\":\"Banquero del mundo\",\"datePublished\":\"2014-03-02T02:25:00+00:00\",\"dateModified\":\"2020-06-07T00:16:38+00:00\",\"mainEntityOfPage\":{\"@id\":\"https:\\\/\\\/coparmexjal.org.mx\\\/entorno-empresarial\\\/banquero-del-mundo\\\/\"},\"wordCount\":721,\"commentCount\":0,\"publisher\":{\"@id\":\"https:\\\/\\\/coparmexjal.org.mx\\\/entorno-empresarial\\\/#organization\"},\"image\":{\"@id\":\"https:\\\/\\\/coparmexjal.org.mx\\\/entorno-empresarial\\\/banquero-del-mundo\\\/#primaryimage\"},\"thumbnailUrl\":\"https:\\\/\\\/coparmexjal.org.mx\\\/entorno-empresarial\\\/wp-content\\\/uploads\\\/2014\\\/03\\\/Banquero-del-Mundo.gif\",\"keywords\":[\"econom\u00eda\",\"finanzas\",\"globalizaci\u00f3n\",\"libro\"],\"articleSection\":[\"Letras\"],\"inLanguage\":\"es\",\"potentialAction\":[{\"@type\":\"CommentAction\",\"name\":\"Comment\",\"target\":[\"https:\\\/\\\/coparmexjal.org.mx\\\/entorno-empresarial\\\/banquero-del-mundo\\\/#respond\"]}]},{\"@type\":\"WebPage\",\"@id\":\"https:\\\/\\\/coparmexjal.org.mx\\\/entorno-empresarial\\\/banquero-del-mundo\\\/\",\"url\":\"https:\\\/\\\/coparmexjal.org.mx\\\/entorno-empresarial\\\/banquero-del-mundo\\\/\",\"name\":\"Banquero del mundo - Entorno Empresarial\",\"isPartOf\":{\"@id\":\"https:\\\/\\\/coparmexjal.org.mx\\\/entorno-empresarial\\\/#website\"},\"primaryImageOfPage\":{\"@id\":\"https:\\\/\\\/coparmexjal.org.mx\\\/entorno-empresarial\\\/banquero-del-mundo\\\/#primaryimage\"},\"image\":{\"@id\":\"https:\\\/\\\/coparmexjal.org.mx\\\/entorno-empresarial\\\/banquero-del-mundo\\\/#primaryimage\"},\"thumbnailUrl\":\"https:\\\/\\\/coparmexjal.org.mx\\\/entorno-empresarial\\\/wp-content\\\/uploads\\\/2014\\\/03\\\/Banquero-del-Mundo.gif\",\"datePublished\":\"2014-03-02T02:25:00+00:00\",\"dateModified\":\"2020-06-07T00:16:38+00:00\",\"breadcrumb\":{\"@id\":\"https:\\\/\\\/coparmexjal.org.mx\\\/entorno-empresarial\\\/banquero-del-mundo\\\/#breadcrumb\"},\"inLanguage\":\"es\",\"potentialAction\":[{\"@type\":\"ReadAction\",\"target\":[\"https:\\\/\\\/coparmexjal.org.mx\\\/entorno-empresarial\\\/banquero-del-mundo\\\/\"]}]},{\"@type\":\"ImageObject\",\"inLanguage\":\"es\",\"@id\":\"https:\\\/\\\/coparmexjal.org.mx\\\/entorno-empresarial\\\/banquero-del-mundo\\\/#primaryimage\",\"url\":\"https:\\\/\\\/coparmexjal.org.mx\\\/entorno-empresarial\\\/wp-content\\\/uploads\\\/2014\\\/03\\\/Banquero-del-Mundo.gif\",\"contentUrl\":\"https:\\\/\\\/coparmexjal.org.mx\\\/entorno-empresarial\\\/wp-content\\\/uploads\\\/2014\\\/03\\\/Banquero-del-Mundo.gif\",\"width\":300,\"height\":436},{\"@type\":\"BreadcrumbList\",\"@id\":\"https:\\\/\\\/coparmexjal.org.mx\\\/entorno-empresarial\\\/banquero-del-mundo\\\/#breadcrumb\",\"itemListElement\":[{\"@type\":\"ListItem\",\"position\":1,\"name\":\"Inicio\",\"item\":\"https:\\\/\\\/coparmexjal.org.mx\\\/entorno-empresarial\\\/\"},{\"@type\":\"ListItem\",\"position\":2,\"name\":\"Banquero del mundo\"}]},{\"@type\":\"WebSite\",\"@id\":\"https:\\\/\\\/coparmexjal.org.mx\\\/entorno-empresarial\\\/#website\",\"url\":\"https:\\\/\\\/coparmexjal.org.mx\\\/entorno-empresarial\\\/\",\"name\":\"Revista Entorno Empresarial\",\"description\":\"Coparmex Jalisco\",\"publisher\":{\"@id\":\"https:\\\/\\\/coparmexjal.org.mx\\\/entorno-empresarial\\\/#organization\"},\"potentialAction\":[{\"@type\":\"SearchAction\",\"target\":{\"@type\":\"EntryPoint\",\"urlTemplate\":\"https:\\\/\\\/coparmexjal.org.mx\\\/entorno-empresarial\\\/?s={search_term_string}\"},\"query-input\":{\"@type\":\"PropertyValueSpecification\",\"valueRequired\":true,\"valueName\":\"search_term_string\"}}],\"inLanguage\":\"es\"},{\"@type\":\"Organization\",\"@id\":\"https:\\\/\\\/coparmexjal.org.mx\\\/entorno-empresarial\\\/#organization\",\"name\":\"Coparmex Jalisco\",\"url\":\"https:\\\/\\\/coparmexjal.org.mx\\\/entorno-empresarial\\\/\",\"logo\":{\"@type\":\"ImageObject\",\"inLanguage\":\"es\",\"@id\":\"https:\\\/\\\/coparmexjal.org.mx\\\/entorno-empresarial\\\/#\\\/schema\\\/logo\\\/image\\\/\",\"url\":\"https:\\\/\\\/coparmexjal.org.mx\\\/entorno-empresarial\\\/wp-content\\\/uploads\\\/2020\\\/02\\\/logo-amp.png\",\"contentUrl\":\"https:\\\/\\\/coparmexjal.org.mx\\\/entorno-empresarial\\\/wp-content\\\/uploads\\\/2020\\\/02\\\/logo-amp.png\",\"width\":120,\"height\":90,\"caption\":\"Coparmex Jalisco\"},\"image\":{\"@id\":\"https:\\\/\\\/coparmexjal.org.mx\\\/entorno-empresarial\\\/#\\\/schema\\\/logo\\\/image\\\/\"},\"sameAs\":[\"https:\\\/\\\/facebook.com\\\/comcoparmex\",\"https:\\\/\\\/x.com\\\/comcoparmex\",\"http:\\\/\\\/instagram.com\\\/coparmexjalisco\",\"https:\\\/\\\/mx.linkedin.com\\\/company\\\/coparmex-jalisco\",\"https:\\\/\\\/www.youtube.com\\\/c\\\/CoparmexJaliscomx\"]},{\"@type\":\"Person\",\"@id\":\"https:\\\/\\\/coparmexjal.org.mx\\\/entorno-empresarial\\\/#\\\/schema\\\/person\\\/a5631197d27621bced2324279987e56a\",\"name\":\"Bertha In\u00e9s Herrer\u00edas Franco\",\"image\":{\"@type\":\"ImageObject\",\"inLanguage\":\"es\",\"@id\":\"https:\\\/\\\/coparmexjal.org.mx\\\/entorno-empresarial\\\/wp-content\\\/uploads\\\/2020\\\/06\\\/lid-150x150.jpg\",\"url\":\"https:\\\/\\\/coparmexjal.org.mx\\\/entorno-empresarial\\\/wp-content\\\/uploads\\\/2020\\\/06\\\/lid-150x150.jpg\",\"contentUrl\":\"https:\\\/\\\/coparmexjal.org.mx\\\/entorno-empresarial\\\/wp-content\\\/uploads\\\/2020\\\/06\\\/lid-150x150.jpg\",\"caption\":\"Bertha In\u00e9s Herrer\u00edas Franco\"},\"description\":\"Gerente de comunicaci\u00f3n de LID Editorial Mexicana\",\"sameAs\":[\"https:\\\/\\\/www.lideditorial.com\"],\"url\":\"https:\\\/\\\/coparmexjal.org.mx\\\/entorno-empresarial\\\/author\\\/bertha-herrerias\\\/\"}]}<\/script>\n<!-- \/ Yoast SEO plugin. -->","yoast_head_json":{"title":"Banquero del mundo - Entorno Empresarial","robots":{"index":"index","follow":"follow","max-snippet":"max-snippet:-1","max-image-preview":"max-image-preview:large","max-video-preview":"max-video-preview:-1"},"canonical":"https:\/\/coparmexjal.org.mx\/entorno-empresarial\/banquero-del-mundo\/","og_locale":"es_MX","og_type":"article","og_title":"Banquero del mundo - Entorno Empresarial","og_description":"En el mundo globalizado en que nos ha tocado vivir, las finanzas saludables o con problemas de la mayor\u00eda de los pa\u00edses tienen repercusiones en otros por la mayor integraci\u00f3n de los mercados y las instituciones financieras.","og_url":"https:\/\/coparmexjal.org.mx\/entorno-empresarial\/banquero-del-mundo\/","og_site_name":"Entorno Empresarial","article_publisher":"https:\/\/facebook.com\/comcoparmex","article_published_time":"2014-03-02T02:25:00+00:00","article_modified_time":"2020-06-07T00:16:38+00:00","og_image":[{"width":300,"height":436,"url":"https:\/\/coparmexjal.org.mx\/entorno-empresarial\/wp-content\/uploads\/2014\/03\/Banquero-del-Mundo.gif","type":"image\/gif"}],"author":"Bertha In\u00e9s Herrer\u00edas Franco","twitter_card":"summary_large_image","twitter_creator":"@comcoparmex","twitter_site":"@comcoparmex","twitter_misc":{"Escrito por":"Bertha In\u00e9s Herrer\u00edas Franco","Tiempo de lectura":"4 minutos"},"schema":{"@context":"https:\/\/schema.org","@graph":[{"@type":"Article","@id":"https:\/\/coparmexjal.org.mx\/entorno-empresarial\/banquero-del-mundo\/#article","isPartOf":{"@id":"https:\/\/coparmexjal.org.mx\/entorno-empresarial\/banquero-del-mundo\/"},"author":{"name":"Bertha In\u00e9s Herrer\u00edas Franco","@id":"https:\/\/coparmexjal.org.mx\/entorno-empresarial\/#\/schema\/person\/a5631197d27621bced2324279987e56a"},"headline":"Banquero del mundo","datePublished":"2014-03-02T02:25:00+00:00","dateModified":"2020-06-07T00:16:38+00:00","mainEntityOfPage":{"@id":"https:\/\/coparmexjal.org.mx\/entorno-empresarial\/banquero-del-mundo\/"},"wordCount":721,"commentCount":0,"publisher":{"@id":"https:\/\/coparmexjal.org.mx\/entorno-empresarial\/#organization"},"image":{"@id":"https:\/\/coparmexjal.org.mx\/entorno-empresarial\/banquero-del-mundo\/#primaryimage"},"thumbnailUrl":"https:\/\/coparmexjal.org.mx\/entorno-empresarial\/wp-content\/uploads\/2014\/03\/Banquero-del-Mundo.gif","keywords":["econom\u00eda","finanzas","globalizaci\u00f3n","libro"],"articleSection":["Letras"],"inLanguage":"es","potentialAction":[{"@type":"CommentAction","name":"Comment","target":["https:\/\/coparmexjal.org.mx\/entorno-empresarial\/banquero-del-mundo\/#respond"]}]},{"@type":"WebPage","@id":"https:\/\/coparmexjal.org.mx\/entorno-empresarial\/banquero-del-mundo\/","url":"https:\/\/coparmexjal.org.mx\/entorno-empresarial\/banquero-del-mundo\/","name":"Banquero del mundo - Entorno Empresarial","isPartOf":{"@id":"https:\/\/coparmexjal.org.mx\/entorno-empresarial\/#website"},"primaryImageOfPage":{"@id":"https:\/\/coparmexjal.org.mx\/entorno-empresarial\/banquero-del-mundo\/#primaryimage"},"image":{"@id":"https:\/\/coparmexjal.org.mx\/entorno-empresarial\/banquero-del-mundo\/#primaryimage"},"thumbnailUrl":"https:\/\/coparmexjal.org.mx\/entorno-empresarial\/wp-content\/uploads\/2014\/03\/Banquero-del-Mundo.gif","datePublished":"2014-03-02T02:25:00+00:00","dateModified":"2020-06-07T00:16:38+00:00","breadcrumb":{"@id":"https:\/\/coparmexjal.org.mx\/entorno-empresarial\/banquero-del-mundo\/#breadcrumb"},"inLanguage":"es","potentialAction":[{"@type":"ReadAction","target":["https:\/\/coparmexjal.org.mx\/entorno-empresarial\/banquero-del-mundo\/"]}]},{"@type":"ImageObject","inLanguage":"es","@id":"https:\/\/coparmexjal.org.mx\/entorno-empresarial\/banquero-del-mundo\/#primaryimage","url":"https:\/\/coparmexjal.org.mx\/entorno-empresarial\/wp-content\/uploads\/2014\/03\/Banquero-del-Mundo.gif","contentUrl":"https:\/\/coparmexjal.org.mx\/entorno-empresarial\/wp-content\/uploads\/2014\/03\/Banquero-del-Mundo.gif","width":300,"height":436},{"@type":"BreadcrumbList","@id":"https:\/\/coparmexjal.org.mx\/entorno-empresarial\/banquero-del-mundo\/#breadcrumb","itemListElement":[{"@type":"ListItem","position":1,"name":"Inicio","item":"https:\/\/coparmexjal.org.mx\/entorno-empresarial\/"},{"@type":"ListItem","position":2,"name":"Banquero del mundo"}]},{"@type":"WebSite","@id":"https:\/\/coparmexjal.org.mx\/entorno-empresarial\/#website","url":"https:\/\/coparmexjal.org.mx\/entorno-empresarial\/","name":"Revista Entorno Empresarial","description":"Coparmex Jalisco","publisher":{"@id":"https:\/\/coparmexjal.org.mx\/entorno-empresarial\/#organization"},"potentialAction":[{"@type":"SearchAction","target":{"@type":"EntryPoint","urlTemplate":"https:\/\/coparmexjal.org.mx\/entorno-empresarial\/?s={search_term_string}"},"query-input":{"@type":"PropertyValueSpecification","valueRequired":true,"valueName":"search_term_string"}}],"inLanguage":"es"},{"@type":"Organization","@id":"https:\/\/coparmexjal.org.mx\/entorno-empresarial\/#organization","name":"Coparmex Jalisco","url":"https:\/\/coparmexjal.org.mx\/entorno-empresarial\/","logo":{"@type":"ImageObject","inLanguage":"es","@id":"https:\/\/coparmexjal.org.mx\/entorno-empresarial\/#\/schema\/logo\/image\/","url":"https:\/\/coparmexjal.org.mx\/entorno-empresarial\/wp-content\/uploads\/2020\/02\/logo-amp.png","contentUrl":"https:\/\/coparmexjal.org.mx\/entorno-empresarial\/wp-content\/uploads\/2020\/02\/logo-amp.png","width":120,"height":90,"caption":"Coparmex Jalisco"},"image":{"@id":"https:\/\/coparmexjal.org.mx\/entorno-empresarial\/#\/schema\/logo\/image\/"},"sameAs":["https:\/\/facebook.com\/comcoparmex","https:\/\/x.com\/comcoparmex","http:\/\/instagram.com\/coparmexjalisco","https:\/\/mx.linkedin.com\/company\/coparmex-jalisco","https:\/\/www.youtube.com\/c\/CoparmexJaliscomx"]},{"@type":"Person","@id":"https:\/\/coparmexjal.org.mx\/entorno-empresarial\/#\/schema\/person\/a5631197d27621bced2324279987e56a","name":"Bertha In\u00e9s Herrer\u00edas Franco","image":{"@type":"ImageObject","inLanguage":"es","@id":"https:\/\/coparmexjal.org.mx\/entorno-empresarial\/wp-content\/uploads\/2020\/06\/lid-150x150.jpg","url":"https:\/\/coparmexjal.org.mx\/entorno-empresarial\/wp-content\/uploads\/2020\/06\/lid-150x150.jpg","contentUrl":"https:\/\/coparmexjal.org.mx\/entorno-empresarial\/wp-content\/uploads\/2020\/06\/lid-150x150.jpg","caption":"Bertha In\u00e9s Herrer\u00edas Franco"},"description":"Gerente de comunicaci\u00f3n de LID Editorial Mexicana","sameAs":["https:\/\/www.lideditorial.com"],"url":"https:\/\/coparmexjal.org.mx\/entorno-empresarial\/author\/bertha-herrerias\/"}]}},"_links":{"self":[{"href":"https:\/\/coparmexjal.org.mx\/entorno-empresarial\/wp-json\/wp\/v2\/posts\/2799","targetHints":{"allow":["GET"]}}],"collection":[{"href":"https:\/\/coparmexjal.org.mx\/entorno-empresarial\/wp-json\/wp\/v2\/posts"}],"about":[{"href":"https:\/\/coparmexjal.org.mx\/entorno-empresarial\/wp-json\/wp\/v2\/types\/post"}],"author":[{"embeddable":true,"href":"https:\/\/coparmexjal.org.mx\/entorno-empresarial\/wp-json\/wp\/v2\/users\/8"}],"replies":[{"embeddable":true,"href":"https:\/\/coparmexjal.org.mx\/entorno-empresarial\/wp-json\/wp\/v2\/comments?post=2799"}],"version-history":[{"count":6,"href":"https:\/\/coparmexjal.org.mx\/entorno-empresarial\/wp-json\/wp\/v2\/posts\/2799\/revisions"}],"predecessor-version":[{"id":3418,"href":"https:\/\/coparmexjal.org.mx\/entorno-empresarial\/wp-json\/wp\/v2\/posts\/2799\/revisions\/3418"}],"wp:featuredmedia":[{"embeddable":true,"href":"https:\/\/coparmexjal.org.mx\/entorno-empresarial\/wp-json\/wp\/v2\/media\/3415"}],"wp:attachment":[{"href":"https:\/\/coparmexjal.org.mx\/entorno-empresarial\/wp-json\/wp\/v2\/media?parent=2799"}],"wp:term":[{"taxonomy":"category","embeddable":true,"href":"https:\/\/coparmexjal.org.mx\/entorno-empresarial\/wp-json\/wp\/v2\/categories?post=2799"},{"taxonomy":"post_tag","embeddable":true,"href":"https:\/\/coparmexjal.org.mx\/entorno-empresarial\/wp-json\/wp\/v2\/tags?post=2799"}],"curies":[{"name":"wp","href":"https:\/\/api.w.org\/{rel}","templated":true}]}}