{"id":2782,"date":"2016-07-01T18:54:00","date_gmt":"2016-07-01T23:54:00","guid":{"rendered":"http:\/\/coparmexjal.org.mx\/entorno-empresarial\/?p=2782"},"modified":"2020-06-06T19:31:32","modified_gmt":"2020-06-07T00:31:32","slug":"la-responsabilidad-social","status":"publish","type":"post","link":"https:\/\/coparmexjal.org.mx\/entorno-empresarial\/la-responsabilidad-social\/","title":{"rendered":"La responsabilidad social"},"content":{"rendered":"\n<p><\/p>\n\n\n\n<h6 class=\"wp-block-heading\">\u00bfCu\u00e1ntas veces hemos pensado todo lo que se puede mejorar en nuestro pa\u00eds? <\/h6>\n\n\n\n<p class=\"has-normal-font-size\"><strong>\u00a1C\u00f3mo quisi\u00e9ramos que M\u00e9xico fuera diferente!<\/strong>: mejor. Deseamos que la desigualdad, la corrupci\u00f3n y la violencia que aquejan a nuestro pa\u00eds desaparecieran. Cu\u00e1ntas veces hemos dicho<strong> \u201csi yo fuera presidente har\u00eda las cosas de tal o cual forma\u201d, \u201csi yo fuera gobernador, el director de la empresa, el funcionario, el sacerdote, etc.\u201d<\/strong>. Queremos grandes cambios en el menor tiempo posible. Pero al final del d\u00eda todo sigue igual. Tal vez la respuesta a nuestros problemas est\u00e1 justamente en las acciones positivas y contagiosas que se generan d\u00eda con d\u00eda. Hoy hablaremos de esas peque\u00f1as cosas que mueven al mundo en el marco de la responsabilidad social.<\/p>\n\n\n\n<div class=\"wp-block-image\"><figure class=\"aligncenter size-large\"><img fetchpriority=\"high\" decoding=\"async\" width=\"626\" height=\"417\" src=\"https:\/\/coparmexjal.org.mx\/entorno-empresarial\/wp-content\/uploads\/2020\/06\/mano-humana-sosteniendo-mundo-verde-ahorra-concepto-tierra_33799-7206.jpg\" alt=\"Responsabilidad Social\" class=\"wp-image-3434\" srcset=\"https:\/\/coparmexjal.org.mx\/entorno-empresarial\/wp-content\/uploads\/2020\/06\/mano-humana-sosteniendo-mundo-verde-ahorra-concepto-tierra_33799-7206.jpg 626w, https:\/\/coparmexjal.org.mx\/entorno-empresarial\/wp-content\/uploads\/2020\/06\/mano-humana-sosteniendo-mundo-verde-ahorra-concepto-tierra_33799-7206-300x200.jpg 300w\" sizes=\"(max-width: 626px) 100vw, 626px\" \/><\/figure><\/div>\n\n\n\n<p class=\"has-normal-font-size\">Gran parte del malestar social que aqueja a nuestro pa\u00eds y al mundo se debe a la cultura del individualismo. Del solo perseguir el beneficio personal y no el colectivo. Si bien nuestro <strong>instinto b\u00e1sico es el de luchar por sobrevivir como individuo, nuestra naturaleza humana debe abogar por luchar para que la especie sobreviva, ya que, a fin de cuentas, como raza humana tenemos el deber de preservar este mundo en el que vivimos; sin embargo, tambi\u00e9n tenemos el poder para destruirlo.<\/strong> <\/p>\n\n\n\n<h6 class=\"wp-block-heading\">Es como la met\u00e1fora del barco: da lo mismo si el agua se filtra por la proa o por la popa; al final, si naufraga, todos los marineros se ver\u00e1n afectados. <\/h6>\n\n\n\n<p class=\"has-normal-font-size\">La primera premisa que quiero expresar es la b\u00fasqueda del bien com\u00fan: es el eje rector de la responsabilidad social. Finalmente, todos somos responsables de todos, del mundo en el que vivimos y del que dejaremos a las futuras generaciones.<\/p>\n\n\n\n<p class=\"has-normal-font-size\">Hablemos primero de uno de los temas m\u00e1s urgentes que debemos resolver. Reparar el da\u00f1o que hemos hecho en nuestro planeta a lo largo de los a\u00f1os. Ya ni siquiera hablemos de cuidar y preservar nuestro medioambiente; eso es cosa del pasado. Los cambios clim\u00e1ticos nos demandan actuar y reparar. Las alzas en las temperaturas, el deshielo de nuestros glaciares, las intensas lluvias fuera de temporada son las alertas que nos est\u00e1 mandando la madre naturaleza. Si haces una autoevaluaci\u00f3n r\u00e1pida, <strong>\u00bfTe consideras un protector o destructor del medioambiente? <\/strong>Si no reciclas, si malgastas el agua, si abusas en el consumo absurdo del pl\u00e1stico, si propicias incendios, si tiras basura en la calle, eres un destructor del medioambiente. Ya no es suficiente con reciclar; nuestro inter\u00e9s y acci\u00f3n debe ir m\u00e1s all\u00e1. Tambi\u00e9n debemos reducir la cantidad de basura que generamos. <strong>Seg\u00fan datos del INEGI, el promedio diario de generaci\u00f3n de basura por individuo en M\u00e9xico es de 770 gramos. Es decir, al d\u00eda, en M\u00e9xico se recolectan 86,343 toneladas de basura. <\/strong>Si puedes reducir, hazlo: llevando tus bolsas al supermercado, minimizando el consumo de envases pl\u00e1sticos, reutilizando. <strong>\u00bfTe imaginas un d\u00eda en que una gota de agua sea m\u00e1s cara que el oro? \u00bfQu\u00e9 pasar\u00eda si esto sucediera hoy en d\u00eda? \u00bfTendr\u00edamos un consumo responsable del agua? \u00bfLa desperdiciar\u00edamos? \u00bfTenemos que llegar al extremo de que alg\u00fan d\u00eda no haya suficiente agua potable para beber ni aire limpio que respirar para darnos cuenta de que tenemos injerencia en estos temas y somos responsables todos? <\/strong><\/p>\n\n\n\n<p style=\"color:#0d5879\" class=\"has-text-color has-normal-font-size\"><strong>La primera ley de la responsabilidad social es ser responsable del medioambiente. Nuestra casa es la Tierra, y antes de que pensemos en mudarnos a otro planeta, cuidemos el que ya tenemos.<br><\/strong><\/p>\n\n\n\n<div class=\"wp-block-media-text alignwide\"><figure class=\"wp-block-media-text__media\"><img decoding=\"async\" width=\"512\" height=\"319\" src=\"http:\/\/coparmexjal.org.mx\/entorno-empresarial\/wp-content\/uploads\/2020\/02\/unnamed-9-1.png\" alt=\"\" class=\"wp-image-2784\" srcset=\"https:\/\/coparmexjal.org.mx\/entorno-empresarial\/wp-content\/uploads\/2020\/02\/unnamed-9-1.png 512w, https:\/\/coparmexjal.org.mx\/entorno-empresarial\/wp-content\/uploads\/2020\/02\/unnamed-9-1-300x187.png 300w\" sizes=\"(max-width: 512px) 100vw, 512px\" \/><\/figure><div class=\"wp-block-media-text__content\">\n<p class=\"has-normal-font-size\"> <strong>La \u00e9tica juega un papel fundamental en el desarrollo de cualquier comunidad y organizaci\u00f3n.<\/strong> Sin \u00e9tica no hay confianza, y por ende cualquier iniciativa tiende al fracaso. <strong>La segunda ley de la responsabilidad social es la \u00e9tica, aplicada a cualquier \u00e1mbito: empresa, Gobierno, educaci\u00f3n, en los espacios p\u00fablicos.<\/strong> Las empresas, el Gobierno y las personas deben seguir una gu\u00eda de actuaci\u00f3n que fomente los valores y buenas pr\u00e1cticas. En las organizaciones es conocido como el c\u00f3digo de \u00e9tica. <\/p>\n<\/div><\/div>\n\n\n\n<p class=\"has-normal-font-size\"><strong>Consiste en una serie de principios que deben ser seguidos incondicionalmente por cualquier miembro de la organizaci\u00f3n. <\/strong>Este c\u00f3digo nos ayuda a interactuar con compa\u00f1eros, accionistas, proveedores, clientes. Sin embargo, el c\u00f3digo por s\u00ed mismo es letra muerta sin la existencia de un comit\u00e9 de \u00e9tica. Este es el que se encarga de que lo que est\u00e1 escrito se lleve a la pr\u00e1ctica. Seg\u00fan el \u00edndice de competitividad internacional, en 2015 M\u00e9xico se encontraba entre los diez pa\u00edses menos competitivos. La corrupci\u00f3n y la impunidad son algunas de las causas que impiden que nuestro pa\u00eds sea mucho m\u00e1s competitivo. Tanto Gobierno, empresa y ciudadano deben tener muy en claro una pol\u00edtica anticorrupci\u00f3n. <\/p>\n\n\n\n<p class=\"has-normal-font-size\">Esta debe girar alrededor de dos principios b\u00e1sicos: el primero es no cometer actos de corrupci\u00f3n, y el segundo, denunciar los actos de corrupci\u00f3n que se lleguen a detectar. La corrupci\u00f3n no solo se da entre la sociedad y el Gobierno; tambi\u00e9n se da entre cliente-proveedor, ciudadano-ciudadano. El actuar de manera recta propiciar\u00e1 el clima de confianza y transparencia que tanto necesita nuestra comunidad.<\/p>\n\n\n\n<p class=\"has-normal-font-size\"><strong>El trabajo es nuestra principal fuente de ingreso, y seguramente la actividad a la que m\u00e1s le invertimos tiempo de nuestro d\u00eda.<\/strong> Podemos ver el trabajo con dos lentes: el primero, el de la obligaci\u00f3n, y el segundo, el de la pasi\u00f3n. Dicen que si amas lo que haces nunca tendr\u00e1s que trabajar ni un solo d\u00eda de tu vida. Las empresas y las personas que laboran en ellas deben implementar estrategias de calidad de vida en la empresa y el desarrollo organizacional. <strong>La tercera ley de la responsabilidad social es que las horas que vivamos en la empresa sean virtuosas y no mon\u00f3tonas ni desalentadoras.<\/strong> Para eso las organizaciones deben implementar planes de carrera para sus colaboradores, actividades, cursos, certificaciones, capacitaciones y todo aquello que fomente el desarrollo humano. <\/p>\n\n\n\n<p class=\"has-normal-font-size\"><strong>El empresario que invierte en sus colaboradores es el que tendr\u00e1 a los clientes, socios y proveedores m\u00e1s felices y estables.<\/strong> Todo se trata de servir al pr\u00f3jimo. Que ir al trabajo sea la motivaci\u00f3n que nos hace despertar por la ma\u00f1ana es el ideal al que las empresas deben enfocar sus esfuerzos y estrategias. Esto se aplica tambi\u00e9n para dependencias gubernamentales, empresas paraestatales, escuelas y organizaciones sin fines de lucro. No solo para la industria privada. Si te preguntara, <strong>\u00bfLos empleados de Gobierno est\u00e1n motivados?<\/strong>, la respuesta ser\u00eda no; finalmente, ofrecen servicios a la ciudadan\u00eda. Si queremos un mejor Gobierno, <strong>\u00bfPor qu\u00e9 no empezar desde el tr\u00e1mite en ventanilla?<\/strong><\/p>\n\n\n\n<p class=\"has-normal-font-size\">Cuando una empresa, Gobierno u organizaci\u00f3n est\u00e1n vinculados con la comunidad, se nota. <strong>\u00bfC\u00f3mo impacta una empresa en la comunidad?<\/strong> Puede ser negativo o positivo. Aquella empresa que contamina no se preocupa por la seguridad y salud de sus trabajadores ni de las personas que est\u00e1n a los alrededores. Definitivamente tiene un impacto negativo en la comunidad. La cuarta ley habla de que las empresas deben tener un impacto positivo en la comunidad. Es decir, no todo es el negocio y hacer billetes, hablando en t\u00e9rminos coloquiales. Tambi\u00e9n hay que fortalecer los lazos con nuestras colonias, con las personas que las habitan, conectar para transformar. Pueden generarse miles de ideas que dejen un impacto positivo en la comunidad; <strong>es responsabilidad y reto de cada empresa saber qu\u00e9 y c\u00f3mo hacerlo. <\/strong>Y debe ser convicci\u00f3n de nosotros los ciudadanos participar y suprimir la apat\u00eda que de repente es caracter\u00edstica en los mexicanos. Desde una reforestaci\u00f3n, recuperaci\u00f3n de espacios p\u00fablicos o pintar las banquetas. El objetivo es mejorar f\u00edsica, emocional e intelectualmente nuestra comunidad.<\/p>\n\n\n\n<p style=\"color:#0d5879\" class=\"has-text-color has-normal-font-size\"><strong>Debemos ser estudiantes socialmente responsables, padres de familia socialmente responsables, empresarios socialmente responsables, servidores p\u00fablicos socialmente responsables. No presumi\u00e9ndolo a trav\u00e9s de la palabra, sino que las acciones hablen por s\u00ed mismas.<br><\/strong><\/p>\n","protected":false},"excerpt":{"rendered":"<p>Gran parte del malestar social que aqueja a nuestro pa\u00eds y al mundo se debe a la cultura del individualismo. Del solo perseguir el beneficio personal y no el colectivo.<\/p>\n","protected":false},"author":26,"featured_media":3432,"comment_status":"open","ping_status":"open","sticky":false,"template":"","format":"standard","meta":{"footnotes":""},"categories":[152],"tags":[329,169,325,327,328],"class_list":["post-2782","post","type-post","status-publish","format-standard","has-post-thumbnail","hentry","category-empresas","tag-codigo-de-etica","tag-empresa","tag-medioambiente","tag-responsabilidad-social","tag-seguridad"],"yoast_head":"<!-- This site is optimized with the Yoast SEO plugin v27.5 - https:\/\/yoast.com\/product\/yoast-seo-wordpress\/ -->\n<title>La responsabilidad social - Entorno Empresarial<\/title>\n<meta name=\"robots\" content=\"index, follow, max-snippet:-1, max-image-preview:large, max-video-preview:-1\" \/>\n<link rel=\"canonical\" href=\"https:\/\/coparmexjal.org.mx\/entorno-empresarial\/la-responsabilidad-social\/\" \/>\n<meta property=\"og:locale\" content=\"es_MX\" \/>\n<meta property=\"og:type\" content=\"article\" \/>\n<meta property=\"og:title\" content=\"La responsabilidad social - Entorno Empresarial\" \/>\n<meta property=\"og:description\" content=\"Gran parte del malestar social que aqueja a nuestro pa\u00eds y al mundo se debe a la cultura del individualismo. Del solo perseguir el beneficio personal y no el colectivo.\" \/>\n<meta property=\"og:url\" content=\"https:\/\/coparmexjal.org.mx\/entorno-empresarial\/la-responsabilidad-social\/\" \/>\n<meta property=\"og:site_name\" content=\"Entorno Empresarial\" \/>\n<meta property=\"article:publisher\" content=\"https:\/\/facebook.com\/comcoparmex\" \/>\n<meta property=\"article:published_time\" content=\"2016-07-01T23:54:00+00:00\" \/>\n<meta property=\"article:modified_time\" content=\"2020-06-07T00:31:32+00:00\" \/>\n<meta property=\"og:image\" content=\"https:\/\/coparmexjal.org.mx\/entorno-empresarial\/wp-content\/uploads\/2016\/07\/salve-mundo-concepto-innovacion-nina-que-sostiene-planta-pequena-o-arbol-joven-creciendo-suelo-palma-linea-conexion-concepto-ecologia-conservacion_28629-1571.jpg\" \/>\n\t<meta property=\"og:image:width\" content=\"626\" \/>\n\t<meta property=\"og:image:height\" content=\"417\" \/>\n\t<meta property=\"og:image:type\" content=\"image\/jpeg\" \/>\n<meta name=\"author\" content=\"Luis Ignacio Castillo \u00c1lvarez\" \/>\n<meta name=\"twitter:card\" content=\"summary_large_image\" \/>\n<meta name=\"twitter:creator\" content=\"@comcoparmex\" \/>\n<meta name=\"twitter:site\" content=\"@comcoparmex\" \/>\n<meta name=\"twitter:label1\" content=\"Escrito por\" \/>\n\t<meta name=\"twitter:data1\" content=\"Luis Ignacio Castillo \u00c1lvarez\" \/>\n\t<meta name=\"twitter:label2\" content=\"Tiempo de lectura\" \/>\n\t<meta name=\"twitter:data2\" content=\"7 minutos\" \/>\n<script type=\"application\/ld+json\" class=\"yoast-schema-graph\">{\"@context\":\"https:\\\/\\\/schema.org\",\"@graph\":[{\"@type\":\"Article\",\"@id\":\"https:\\\/\\\/coparmexjal.org.mx\\\/entorno-empresarial\\\/la-responsabilidad-social\\\/#article\",\"isPartOf\":{\"@id\":\"https:\\\/\\\/coparmexjal.org.mx\\\/entorno-empresarial\\\/la-responsabilidad-social\\\/\"},\"author\":{\"name\":\"Luis Ignacio Castillo \u00c1lvarez\",\"@id\":\"https:\\\/\\\/coparmexjal.org.mx\\\/entorno-empresarial\\\/#\\\/schema\\\/person\\\/648f227381de1622274fd35ed27226ee\"},\"headline\":\"La responsabilidad social\",\"datePublished\":\"2016-07-01T23:54:00+00:00\",\"dateModified\":\"2020-06-07T00:31:32+00:00\",\"mainEntityOfPage\":{\"@id\":\"https:\\\/\\\/coparmexjal.org.mx\\\/entorno-empresarial\\\/la-responsabilidad-social\\\/\"},\"wordCount\":1361,\"commentCount\":0,\"publisher\":{\"@id\":\"https:\\\/\\\/coparmexjal.org.mx\\\/entorno-empresarial\\\/#organization\"},\"image\":{\"@id\":\"https:\\\/\\\/coparmexjal.org.mx\\\/entorno-empresarial\\\/la-responsabilidad-social\\\/#primaryimage\"},\"thumbnailUrl\":\"https:\\\/\\\/coparmexjal.org.mx\\\/entorno-empresarial\\\/wp-content\\\/uploads\\\/2016\\\/07\\\/salve-mundo-concepto-innovacion-nina-que-sostiene-planta-pequena-o-arbol-joven-creciendo-suelo-palma-linea-conexion-concepto-ecologia-conservacion_28629-1571.jpg\",\"keywords\":[\"c\u00f3digo de \u00e9tica\",\"empresa\",\"medioambiente\",\"responsabilidad social\",\"seguridad\"],\"articleSection\":[\"Empresas\"],\"inLanguage\":\"es\",\"potentialAction\":[{\"@type\":\"CommentAction\",\"name\":\"Comment\",\"target\":[\"https:\\\/\\\/coparmexjal.org.mx\\\/entorno-empresarial\\\/la-responsabilidad-social\\\/#respond\"]}]},{\"@type\":\"WebPage\",\"@id\":\"https:\\\/\\\/coparmexjal.org.mx\\\/entorno-empresarial\\\/la-responsabilidad-social\\\/\",\"url\":\"https:\\\/\\\/coparmexjal.org.mx\\\/entorno-empresarial\\\/la-responsabilidad-social\\\/\",\"name\":\"La responsabilidad social - Entorno Empresarial\",\"isPartOf\":{\"@id\":\"https:\\\/\\\/coparmexjal.org.mx\\\/entorno-empresarial\\\/#website\"},\"primaryImageOfPage\":{\"@id\":\"https:\\\/\\\/coparmexjal.org.mx\\\/entorno-empresarial\\\/la-responsabilidad-social\\\/#primaryimage\"},\"image\":{\"@id\":\"https:\\\/\\\/coparmexjal.org.mx\\\/entorno-empresarial\\\/la-responsabilidad-social\\\/#primaryimage\"},\"thumbnailUrl\":\"https:\\\/\\\/coparmexjal.org.mx\\\/entorno-empresarial\\\/wp-content\\\/uploads\\\/2016\\\/07\\\/salve-mundo-concepto-innovacion-nina-que-sostiene-planta-pequena-o-arbol-joven-creciendo-suelo-palma-linea-conexion-concepto-ecologia-conservacion_28629-1571.jpg\",\"datePublished\":\"2016-07-01T23:54:00+00:00\",\"dateModified\":\"2020-06-07T00:31:32+00:00\",\"breadcrumb\":{\"@id\":\"https:\\\/\\\/coparmexjal.org.mx\\\/entorno-empresarial\\\/la-responsabilidad-social\\\/#breadcrumb\"},\"inLanguage\":\"es\",\"potentialAction\":[{\"@type\":\"ReadAction\",\"target\":[\"https:\\\/\\\/coparmexjal.org.mx\\\/entorno-empresarial\\\/la-responsabilidad-social\\\/\"]}]},{\"@type\":\"ImageObject\",\"inLanguage\":\"es\",\"@id\":\"https:\\\/\\\/coparmexjal.org.mx\\\/entorno-empresarial\\\/la-responsabilidad-social\\\/#primaryimage\",\"url\":\"https:\\\/\\\/coparmexjal.org.mx\\\/entorno-empresarial\\\/wp-content\\\/uploads\\\/2016\\\/07\\\/salve-mundo-concepto-innovacion-nina-que-sostiene-planta-pequena-o-arbol-joven-creciendo-suelo-palma-linea-conexion-concepto-ecologia-conservacion_28629-1571.jpg\",\"contentUrl\":\"https:\\\/\\\/coparmexjal.org.mx\\\/entorno-empresarial\\\/wp-content\\\/uploads\\\/2016\\\/07\\\/salve-mundo-concepto-innovacion-nina-que-sostiene-planta-pequena-o-arbol-joven-creciendo-suelo-palma-linea-conexion-concepto-ecologia-conservacion_28629-1571.jpg\",\"width\":626,\"height\":417},{\"@type\":\"BreadcrumbList\",\"@id\":\"https:\\\/\\\/coparmexjal.org.mx\\\/entorno-empresarial\\\/la-responsabilidad-social\\\/#breadcrumb\",\"itemListElement\":[{\"@type\":\"ListItem\",\"position\":1,\"name\":\"Inicio\",\"item\":\"https:\\\/\\\/coparmexjal.org.mx\\\/entorno-empresarial\\\/\"},{\"@type\":\"ListItem\",\"position\":2,\"name\":\"La responsabilidad social\"}]},{\"@type\":\"WebSite\",\"@id\":\"https:\\\/\\\/coparmexjal.org.mx\\\/entorno-empresarial\\\/#website\",\"url\":\"https:\\\/\\\/coparmexjal.org.mx\\\/entorno-empresarial\\\/\",\"name\":\"Revista Entorno Empresarial\",\"description\":\"Coparmex Jalisco\",\"publisher\":{\"@id\":\"https:\\\/\\\/coparmexjal.org.mx\\\/entorno-empresarial\\\/#organization\"},\"potentialAction\":[{\"@type\":\"SearchAction\",\"target\":{\"@type\":\"EntryPoint\",\"urlTemplate\":\"https:\\\/\\\/coparmexjal.org.mx\\\/entorno-empresarial\\\/?s={search_term_string}\"},\"query-input\":{\"@type\":\"PropertyValueSpecification\",\"valueRequired\":true,\"valueName\":\"search_term_string\"}}],\"inLanguage\":\"es\"},{\"@type\":\"Organization\",\"@id\":\"https:\\\/\\\/coparmexjal.org.mx\\\/entorno-empresarial\\\/#organization\",\"name\":\"Coparmex Jalisco\",\"url\":\"https:\\\/\\\/coparmexjal.org.mx\\\/entorno-empresarial\\\/\",\"logo\":{\"@type\":\"ImageObject\",\"inLanguage\":\"es\",\"@id\":\"https:\\\/\\\/coparmexjal.org.mx\\\/entorno-empresarial\\\/#\\\/schema\\\/logo\\\/image\\\/\",\"url\":\"https:\\\/\\\/coparmexjal.org.mx\\\/entorno-empresarial\\\/wp-content\\\/uploads\\\/2020\\\/02\\\/logo-amp.png\",\"contentUrl\":\"https:\\\/\\\/coparmexjal.org.mx\\\/entorno-empresarial\\\/wp-content\\\/uploads\\\/2020\\\/02\\\/logo-amp.png\",\"width\":120,\"height\":90,\"caption\":\"Coparmex Jalisco\"},\"image\":{\"@id\":\"https:\\\/\\\/coparmexjal.org.mx\\\/entorno-empresarial\\\/#\\\/schema\\\/logo\\\/image\\\/\"},\"sameAs\":[\"https:\\\/\\\/facebook.com\\\/comcoparmex\",\"https:\\\/\\\/x.com\\\/comcoparmex\",\"http:\\\/\\\/instagram.com\\\/coparmexjalisco\",\"https:\\\/\\\/mx.linkedin.com\\\/company\\\/coparmex-jalisco\",\"https:\\\/\\\/www.youtube.com\\\/c\\\/CoparmexJaliscomx\"]},{\"@type\":\"Person\",\"@id\":\"https:\\\/\\\/coparmexjal.org.mx\\\/entorno-empresarial\\\/#\\\/schema\\\/person\\\/648f227381de1622274fd35ed27226ee\",\"name\":\"Luis Ignacio Castillo \u00c1lvarez\",\"image\":{\"@type\":\"ImageObject\",\"inLanguage\":\"es\",\"@id\":\"https:\\\/\\\/secure.gravatar.com\\\/avatar\\\/be35be68e25b48016b75f9f53615f1986028a2d496eafc31379e65726fa7db98?s=96&d=mm&r=g\",\"url\":\"https:\\\/\\\/secure.gravatar.com\\\/avatar\\\/be35be68e25b48016b75f9f53615f1986028a2d496eafc31379e65726fa7db98?s=96&d=mm&r=g\",\"contentUrl\":\"https:\\\/\\\/secure.gravatar.com\\\/avatar\\\/be35be68e25b48016b75f9f53615f1986028a2d496eafc31379e65726fa7db98?s=96&d=mm&r=g\",\"caption\":\"Luis Ignacio Castillo \u00c1lvarez\"},\"url\":\"https:\\\/\\\/coparmexjal.org.mx\\\/entorno-empresarial\\\/author\\\/luis-castillo\\\/\"}]}<\/script>\n<!-- \/ Yoast SEO plugin. -->","yoast_head_json":{"title":"La responsabilidad social - Entorno Empresarial","robots":{"index":"index","follow":"follow","max-snippet":"max-snippet:-1","max-image-preview":"max-image-preview:large","max-video-preview":"max-video-preview:-1"},"canonical":"https:\/\/coparmexjal.org.mx\/entorno-empresarial\/la-responsabilidad-social\/","og_locale":"es_MX","og_type":"article","og_title":"La responsabilidad social - Entorno Empresarial","og_description":"Gran parte del malestar social que aqueja a nuestro pa\u00eds y al mundo se debe a la cultura del individualismo. Del solo perseguir el beneficio personal y no el colectivo.","og_url":"https:\/\/coparmexjal.org.mx\/entorno-empresarial\/la-responsabilidad-social\/","og_site_name":"Entorno Empresarial","article_publisher":"https:\/\/facebook.com\/comcoparmex","article_published_time":"2016-07-01T23:54:00+00:00","article_modified_time":"2020-06-07T00:31:32+00:00","og_image":[{"width":626,"height":417,"url":"https:\/\/coparmexjal.org.mx\/entorno-empresarial\/wp-content\/uploads\/2016\/07\/salve-mundo-concepto-innovacion-nina-que-sostiene-planta-pequena-o-arbol-joven-creciendo-suelo-palma-linea-conexion-concepto-ecologia-conservacion_28629-1571.jpg","type":"image\/jpeg"}],"author":"Luis Ignacio Castillo \u00c1lvarez","twitter_card":"summary_large_image","twitter_creator":"@comcoparmex","twitter_site":"@comcoparmex","twitter_misc":{"Escrito por":"Luis Ignacio Castillo \u00c1lvarez","Tiempo de lectura":"7 minutos"},"schema":{"@context":"https:\/\/schema.org","@graph":[{"@type":"Article","@id":"https:\/\/coparmexjal.org.mx\/entorno-empresarial\/la-responsabilidad-social\/#article","isPartOf":{"@id":"https:\/\/coparmexjal.org.mx\/entorno-empresarial\/la-responsabilidad-social\/"},"author":{"name":"Luis Ignacio Castillo \u00c1lvarez","@id":"https:\/\/coparmexjal.org.mx\/entorno-empresarial\/#\/schema\/person\/648f227381de1622274fd35ed27226ee"},"headline":"La responsabilidad social","datePublished":"2016-07-01T23:54:00+00:00","dateModified":"2020-06-07T00:31:32+00:00","mainEntityOfPage":{"@id":"https:\/\/coparmexjal.org.mx\/entorno-empresarial\/la-responsabilidad-social\/"},"wordCount":1361,"commentCount":0,"publisher":{"@id":"https:\/\/coparmexjal.org.mx\/entorno-empresarial\/#organization"},"image":{"@id":"https:\/\/coparmexjal.org.mx\/entorno-empresarial\/la-responsabilidad-social\/#primaryimage"},"thumbnailUrl":"https:\/\/coparmexjal.org.mx\/entorno-empresarial\/wp-content\/uploads\/2016\/07\/salve-mundo-concepto-innovacion-nina-que-sostiene-planta-pequena-o-arbol-joven-creciendo-suelo-palma-linea-conexion-concepto-ecologia-conservacion_28629-1571.jpg","keywords":["c\u00f3digo de \u00e9tica","empresa","medioambiente","responsabilidad social","seguridad"],"articleSection":["Empresas"],"inLanguage":"es","potentialAction":[{"@type":"CommentAction","name":"Comment","target":["https:\/\/coparmexjal.org.mx\/entorno-empresarial\/la-responsabilidad-social\/#respond"]}]},{"@type":"WebPage","@id":"https:\/\/coparmexjal.org.mx\/entorno-empresarial\/la-responsabilidad-social\/","url":"https:\/\/coparmexjal.org.mx\/entorno-empresarial\/la-responsabilidad-social\/","name":"La responsabilidad social - Entorno Empresarial","isPartOf":{"@id":"https:\/\/coparmexjal.org.mx\/entorno-empresarial\/#website"},"primaryImageOfPage":{"@id":"https:\/\/coparmexjal.org.mx\/entorno-empresarial\/la-responsabilidad-social\/#primaryimage"},"image":{"@id":"https:\/\/coparmexjal.org.mx\/entorno-empresarial\/la-responsabilidad-social\/#primaryimage"},"thumbnailUrl":"https:\/\/coparmexjal.org.mx\/entorno-empresarial\/wp-content\/uploads\/2016\/07\/salve-mundo-concepto-innovacion-nina-que-sostiene-planta-pequena-o-arbol-joven-creciendo-suelo-palma-linea-conexion-concepto-ecologia-conservacion_28629-1571.jpg","datePublished":"2016-07-01T23:54:00+00:00","dateModified":"2020-06-07T00:31:32+00:00","breadcrumb":{"@id":"https:\/\/coparmexjal.org.mx\/entorno-empresarial\/la-responsabilidad-social\/#breadcrumb"},"inLanguage":"es","potentialAction":[{"@type":"ReadAction","target":["https:\/\/coparmexjal.org.mx\/entorno-empresarial\/la-responsabilidad-social\/"]}]},{"@type":"ImageObject","inLanguage":"es","@id":"https:\/\/coparmexjal.org.mx\/entorno-empresarial\/la-responsabilidad-social\/#primaryimage","url":"https:\/\/coparmexjal.org.mx\/entorno-empresarial\/wp-content\/uploads\/2016\/07\/salve-mundo-concepto-innovacion-nina-que-sostiene-planta-pequena-o-arbol-joven-creciendo-suelo-palma-linea-conexion-concepto-ecologia-conservacion_28629-1571.jpg","contentUrl":"https:\/\/coparmexjal.org.mx\/entorno-empresarial\/wp-content\/uploads\/2016\/07\/salve-mundo-concepto-innovacion-nina-que-sostiene-planta-pequena-o-arbol-joven-creciendo-suelo-palma-linea-conexion-concepto-ecologia-conservacion_28629-1571.jpg","width":626,"height":417},{"@type":"BreadcrumbList","@id":"https:\/\/coparmexjal.org.mx\/entorno-empresarial\/la-responsabilidad-social\/#breadcrumb","itemListElement":[{"@type":"ListItem","position":1,"name":"Inicio","item":"https:\/\/coparmexjal.org.mx\/entorno-empresarial\/"},{"@type":"ListItem","position":2,"name":"La responsabilidad social"}]},{"@type":"WebSite","@id":"https:\/\/coparmexjal.org.mx\/entorno-empresarial\/#website","url":"https:\/\/coparmexjal.org.mx\/entorno-empresarial\/","name":"Revista Entorno Empresarial","description":"Coparmex Jalisco","publisher":{"@id":"https:\/\/coparmexjal.org.mx\/entorno-empresarial\/#organization"},"potentialAction":[{"@type":"SearchAction","target":{"@type":"EntryPoint","urlTemplate":"https:\/\/coparmexjal.org.mx\/entorno-empresarial\/?s={search_term_string}"},"query-input":{"@type":"PropertyValueSpecification","valueRequired":true,"valueName":"search_term_string"}}],"inLanguage":"es"},{"@type":"Organization","@id":"https:\/\/coparmexjal.org.mx\/entorno-empresarial\/#organization","name":"Coparmex Jalisco","url":"https:\/\/coparmexjal.org.mx\/entorno-empresarial\/","logo":{"@type":"ImageObject","inLanguage":"es","@id":"https:\/\/coparmexjal.org.mx\/entorno-empresarial\/#\/schema\/logo\/image\/","url":"https:\/\/coparmexjal.org.mx\/entorno-empresarial\/wp-content\/uploads\/2020\/02\/logo-amp.png","contentUrl":"https:\/\/coparmexjal.org.mx\/entorno-empresarial\/wp-content\/uploads\/2020\/02\/logo-amp.png","width":120,"height":90,"caption":"Coparmex Jalisco"},"image":{"@id":"https:\/\/coparmexjal.org.mx\/entorno-empresarial\/#\/schema\/logo\/image\/"},"sameAs":["https:\/\/facebook.com\/comcoparmex","https:\/\/x.com\/comcoparmex","http:\/\/instagram.com\/coparmexjalisco","https:\/\/mx.linkedin.com\/company\/coparmex-jalisco","https:\/\/www.youtube.com\/c\/CoparmexJaliscomx"]},{"@type":"Person","@id":"https:\/\/coparmexjal.org.mx\/entorno-empresarial\/#\/schema\/person\/648f227381de1622274fd35ed27226ee","name":"Luis Ignacio Castillo \u00c1lvarez","image":{"@type":"ImageObject","inLanguage":"es","@id":"https:\/\/secure.gravatar.com\/avatar\/be35be68e25b48016b75f9f53615f1986028a2d496eafc31379e65726fa7db98?s=96&d=mm&r=g","url":"https:\/\/secure.gravatar.com\/avatar\/be35be68e25b48016b75f9f53615f1986028a2d496eafc31379e65726fa7db98?s=96&d=mm&r=g","contentUrl":"https:\/\/secure.gravatar.com\/avatar\/be35be68e25b48016b75f9f53615f1986028a2d496eafc31379e65726fa7db98?s=96&d=mm&r=g","caption":"Luis Ignacio Castillo \u00c1lvarez"},"url":"https:\/\/coparmexjal.org.mx\/entorno-empresarial\/author\/luis-castillo\/"}]}},"_links":{"self":[{"href":"https:\/\/coparmexjal.org.mx\/entorno-empresarial\/wp-json\/wp\/v2\/posts\/2782","targetHints":{"allow":["GET"]}}],"collection":[{"href":"https:\/\/coparmexjal.org.mx\/entorno-empresarial\/wp-json\/wp\/v2\/posts"}],"about":[{"href":"https:\/\/coparmexjal.org.mx\/entorno-empresarial\/wp-json\/wp\/v2\/types\/post"}],"author":[{"embeddable":true,"href":"https:\/\/coparmexjal.org.mx\/entorno-empresarial\/wp-json\/wp\/v2\/users\/26"}],"replies":[{"embeddable":true,"href":"https:\/\/coparmexjal.org.mx\/entorno-empresarial\/wp-json\/wp\/v2\/comments?post=2782"}],"version-history":[{"count":4,"href":"https:\/\/coparmexjal.org.mx\/entorno-empresarial\/wp-json\/wp\/v2\/posts\/2782\/revisions"}],"predecessor-version":[{"id":3435,"href":"https:\/\/coparmexjal.org.mx\/entorno-empresarial\/wp-json\/wp\/v2\/posts\/2782\/revisions\/3435"}],"wp:featuredmedia":[{"embeddable":true,"href":"https:\/\/coparmexjal.org.mx\/entorno-empresarial\/wp-json\/wp\/v2\/media\/3432"}],"wp:attachment":[{"href":"https:\/\/coparmexjal.org.mx\/entorno-empresarial\/wp-json\/wp\/v2\/media?parent=2782"}],"wp:term":[{"taxonomy":"category","embeddable":true,"href":"https:\/\/coparmexjal.org.mx\/entorno-empresarial\/wp-json\/wp\/v2\/categories?post=2782"},{"taxonomy":"post_tag","embeddable":true,"href":"https:\/\/coparmexjal.org.mx\/entorno-empresarial\/wp-json\/wp\/v2\/tags?post=2782"}],"curies":[{"name":"wp","href":"https:\/\/api.w.org\/{rel}","templated":true}]}}