{"id":2776,"date":"2012-01-01T18:32:00","date_gmt":"2012-01-02T00:32:00","guid":{"rendered":"http:\/\/coparmexjal.org.mx\/entorno-empresarial\/?p=2776"},"modified":"2020-06-06T19:38:24","modified_gmt":"2020-06-07T00:38:24","slug":"la-cultura-ambiental","status":"publish","type":"post","link":"https:\/\/coparmexjal.org.mx\/entorno-empresarial\/la-cultura-ambiental\/","title":{"rendered":"La cultura ambiental"},"content":{"rendered":"\n<p class=\"has-normal-font-size\">Con mucha frecuencia se escucha en diferentes medios la expresi\u00f3n <em><strong>cultura ambiental<\/strong><\/em>, pero  en M\u00e9xico todav\u00eda no hemos sido capaces de integrarla a nuestra forma de vida ni a nuestras actividades. Somos irresponsables ante nuestro medioambiente, adem\u00e1s de que no respetamos las leyes, los reglamentos ni las normas en materia ambiental. Es posible que seamos una sociedad sin cultura ambiental. <\/p>\n\n\n\n<h6 class=\"wp-block-heading\"> Los siguientes son algunos ejemplos de h\u00e1bitos que demuestran nuestras deficiencias en este tema: <\/h6>\n\n\n\n<ul class=\"wp-block-list\"><li>Tirar basura (residuos no peligrosos y peligrosos) de manera indiscriminada en cualquier lugar (calles, parques, carreteras, caminos, bosques, playas, el campo, lagos, r\u00edos, arroyos, cuencas, etc\u00e9tera).<\/li><li>Encender fogatas en bosques o en cualquier otro lugar sin control de estas.<\/li><li>Descargar residuos peligrosos l\u00edquidos al drenaje.<\/li><li>Emitir gases contaminantes a la atm\u00f3sfera (sin control alguno).<\/li><li>Traficar o vender flora y fauna no autorizada.<\/li><li>Contaminar el agua (mantos fre\u00e1ticos, r\u00edos, lagos, mares) y el suelo.<\/li><li>Deforestar bosques y selvas.<\/li><\/ul>\n\n\n\n<p class=\"has-normal-font-size\"><strong>\u00bfPodremos cambiar como sociedad y ser responsables ante nuestro medioambiente? \u00bfSeremos capaces de respetar las leyes, los reglamentos y las normas?<\/strong> Ante esta situaci\u00f3n, es importante hacer la siguiente reflexi\u00f3n: <strong>\u00bfPor qu\u00e9 es tan dif\u00edcil cambiar la actitud si es para nuestro bien? \u00bfO acaso no nos damos cuenta de los problemas ambientales existentes en el mundo?<\/strong> <\/p>\n\n\n\n<h6 class=\"wp-block-heading\">Estos son algunos ejemplos de lo que est\u00e1 sucediendo y que no se puede negar, por m\u00e1s que queramos:<\/h6>\n\n\n\n<ul class=\"wp-block-list\"><li>el calentamiento global<\/li><li>el efecto invernadero<\/li><li>los fen\u00f3menos El ni\u00f1o y La ni\u00f1a.<\/li><\/ul>\n\n\n\n<p style=\"color:#0d5879\" class=\"has-text-color has-normal-font-size\"><strong>Somos capaces de lograr un mejor medioambiente para nuestro estado y para nuestro pa\u00eds y podemos hacerlo, lo \u00fanico que necesitamos es realmente querer conseguir un medioambiente m\u00e1s limpio y esforzarnos por hacerlo.<\/strong><\/p>\n\n\n\n<h5 class=\"wp-block-heading\"><strong>Beneficios<\/strong><\/h5>\n\n\n\n<p style=\"color:#0d5879;font-size:18px\" class=\"has-text-color\"><strong>\u00bfQu\u00e9 beneficios tendr\u00edamos como sociedad en general o como empresarios de nuestro pa\u00eds?<\/strong><\/p>\n\n\n\n<p class=\"has-normal-font-size\">En este rubro, cabe destacar que la observancia a las disposiciones normativas ambientales no solo representa el cumplimiento con un marco legal, que, de no acatarse, pudiese llegar a representar una sanci\u00f3n econ\u00f3mica o una suspensi\u00f3n a determinada actividad empresarial. Las buenas pr\u00e1cticas de control ambiental llevan en forma intr\u00ednseca el beneficio de que <strong>el cumplimiento normativo individualizado en este \u00e1mbito aportar\u00e1 un peque\u00f1o granito para frenar el acelerado deterioro del medioambiente que afrenta el planeta.<\/strong><\/p>\n\n\n\n<p class=\"has-normal-font-size\">Adicionalmente, <strong>el respeto a la legislaci\u00f3n ambiental y la implementaci\u00f3n de las buenas pr\u00e1cticas de manejo representan un plus para las empresas en virtud de la relevancia que este tema ha tomado en el proceso de la globalizaci\u00f3n comercial.<\/strong> Incluso, las propias organizaciones privadas han establecido est\u00e1ndares e \u00edndices de cumplimiento al tema ambiental, principalmente en relaci\u00f3n con el control de emisiones atmosf\u00e9ricas de gases efecto invernadero, manejo integral de residuos y control de descargas de aguas residuales.<\/p>\n\n\n\n<p class=\"has-normal-font-size\">Ante este panorama de competitividad, se nos presenta la gran oportunidad de tener a las empresas dentro de los est\u00e1ndares marcados por las organizaciones privadas para el cumplimiento ambiental; la mejor forma de mejorar en este cumplimiento es con informaci\u00f3n y actualizaci\u00f3n de procesos. Quiz\u00e1 podamos iniciar con el sencillo y b\u00e1sico cumplimiento de dar un manejo adecuado a los residuos que generamos en la operaci\u00f3n diaria de la empresa.<\/p>\n\n\n\n<p class=\"has-normal-font-size\">Como podemos ver, el cambio de actitud ante la problem\u00e1tica planteada anteriormente, adem\u00e1s de traer consigo beneficios al medio social al tener un medioambiente m\u00e1s limpio, tambi\u00e9n puede aportar otros tipos de beneficios a aquellas empresas que sean socialmente responsables.<\/p>\n\n\n\n<h6 class=\"wp-block-heading\"><strong>Recolectores de Residuos y Asociados, A. C.<\/strong><\/h6>\n\n\n\n<p class=\"has-normal-font-size\">En Jalisco existe esta asociaci\u00f3n civil de recolectores de residuos legalmente constituida, la cual est\u00e1 conformada por empresas autorizadas dedicadas al medioambiente en distintas modalidades, tales como acopio de materiales reciclables, tratamiento de residuos peligrosos, transporte de residuos peligrosos biol\u00f3gico-infecciosos (RPBI) y residuos peligrosos industriales. Las diversas empresas que componen nuestra asociaci\u00f3n, en los diferentes giros ambientales en materia de recolecci\u00f3n de residuos, estamos a sus \u00f3rdenes para ayudarlo a resolver problemas en materia de residuos peligrosos y no peligrosos, es decir, de manejo especial.<\/p>\n","protected":false},"excerpt":{"rendered":"<p>Somos irresponsables ante nuestro medioambiente, adem\u00e1s de que no respetamos las leyes, los reglamentos ni las normas en materia ambiental.<\/p>\n","protected":false},"author":69,"featured_media":2780,"comment_status":"open","ping_status":"open","sticky":false,"template":"","format":"standard","meta":{"footnotes":""},"categories":[162],"tags":[326,325],"class_list":["post-2776","post","type-post","status-publish","format-standard","has-post-thumbnail","hentry","category-ecologia","tag-calentamiento-global","tag-medioambiente"],"yoast_head":"<!-- This site is optimized with the Yoast SEO plugin v27.5 - https:\/\/yoast.com\/product\/yoast-seo-wordpress\/ -->\n<title>La cultura ambiental - Entorno Empresarial<\/title>\n<meta name=\"robots\" content=\"index, follow, max-snippet:-1, max-image-preview:large, max-video-preview:-1\" \/>\n<link rel=\"canonical\" href=\"https:\/\/coparmexjal.org.mx\/entorno-empresarial\/la-cultura-ambiental\/\" \/>\n<meta property=\"og:locale\" content=\"es_MX\" \/>\n<meta property=\"og:type\" content=\"article\" \/>\n<meta property=\"og:title\" content=\"La cultura ambiental - Entorno Empresarial\" \/>\n<meta property=\"og:description\" content=\"Somos irresponsables ante nuestro medioambiente, adem\u00e1s de que no respetamos las leyes, los reglamentos ni las normas en materia ambiental.\" \/>\n<meta property=\"og:url\" content=\"https:\/\/coparmexjal.org.mx\/entorno-empresarial\/la-cultura-ambiental\/\" \/>\n<meta property=\"og:site_name\" content=\"Entorno Empresarial\" \/>\n<meta property=\"article:publisher\" content=\"https:\/\/facebook.com\/comcoparmex\" \/>\n<meta property=\"article:published_time\" content=\"2012-01-02T00:32:00+00:00\" \/>\n<meta property=\"article:modified_time\" content=\"2020-06-07T00:38:24+00:00\" \/>\n<meta property=\"og:image\" content=\"https:\/\/coparmexjal.org.mx\/entorno-empresarial\/wp-content\/uploads\/2020\/02\/earth-405096_1920.jpg\" \/>\n\t<meta property=\"og:image:width\" content=\"1620\" \/>\n\t<meta property=\"og:image:height\" content=\"1080\" \/>\n\t<meta property=\"og:image:type\" content=\"image\/jpeg\" \/>\n<meta name=\"author\" content=\"Recolectores de Residuos y Asociados\" \/>\n<meta name=\"twitter:card\" content=\"summary_large_image\" \/>\n<meta name=\"twitter:creator\" content=\"@comcoparmex\" \/>\n<meta name=\"twitter:site\" content=\"@comcoparmex\" \/>\n<meta name=\"twitter:label1\" content=\"Escrito por\" \/>\n\t<meta name=\"twitter:data1\" content=\"Recolectores de Residuos y Asociados\" \/>\n\t<meta name=\"twitter:label2\" content=\"Tiempo de lectura\" \/>\n\t<meta name=\"twitter:data2\" content=\"3 minutos\" \/>\n<script type=\"application\/ld+json\" class=\"yoast-schema-graph\">{\"@context\":\"https:\\\/\\\/schema.org\",\"@graph\":[{\"@type\":\"Article\",\"@id\":\"https:\\\/\\\/coparmexjal.org.mx\\\/entorno-empresarial\\\/la-cultura-ambiental\\\/#article\",\"isPartOf\":{\"@id\":\"https:\\\/\\\/coparmexjal.org.mx\\\/entorno-empresarial\\\/la-cultura-ambiental\\\/\"},\"author\":{\"name\":\"Recolectores de Residuos y Asociados\",\"@id\":\"https:\\\/\\\/coparmexjal.org.mx\\\/entorno-empresarial\\\/#\\\/schema\\\/person\\\/84617774c1230433c3f336edae90fa7c\"},\"headline\":\"La cultura ambiental\",\"datePublished\":\"2012-01-02T00:32:00+00:00\",\"dateModified\":\"2020-06-07T00:38:24+00:00\",\"mainEntityOfPage\":{\"@id\":\"https:\\\/\\\/coparmexjal.org.mx\\\/entorno-empresarial\\\/la-cultura-ambiental\\\/\"},\"wordCount\":694,\"commentCount\":0,\"publisher\":{\"@id\":\"https:\\\/\\\/coparmexjal.org.mx\\\/entorno-empresarial\\\/#organization\"},\"image\":{\"@id\":\"https:\\\/\\\/coparmexjal.org.mx\\\/entorno-empresarial\\\/la-cultura-ambiental\\\/#primaryimage\"},\"thumbnailUrl\":\"https:\\\/\\\/coparmexjal.org.mx\\\/entorno-empresarial\\\/wp-content\\\/uploads\\\/2020\\\/02\\\/earth-405096_1920.jpg\",\"keywords\":[\"calentamiento global\",\"medioambiente\"],\"articleSection\":[\"Ecolog\u00eda\"],\"inLanguage\":\"es\",\"potentialAction\":[{\"@type\":\"CommentAction\",\"name\":\"Comment\",\"target\":[\"https:\\\/\\\/coparmexjal.org.mx\\\/entorno-empresarial\\\/la-cultura-ambiental\\\/#respond\"]}]},{\"@type\":\"WebPage\",\"@id\":\"https:\\\/\\\/coparmexjal.org.mx\\\/entorno-empresarial\\\/la-cultura-ambiental\\\/\",\"url\":\"https:\\\/\\\/coparmexjal.org.mx\\\/entorno-empresarial\\\/la-cultura-ambiental\\\/\",\"name\":\"La cultura ambiental - Entorno Empresarial\",\"isPartOf\":{\"@id\":\"https:\\\/\\\/coparmexjal.org.mx\\\/entorno-empresarial\\\/#website\"},\"primaryImageOfPage\":{\"@id\":\"https:\\\/\\\/coparmexjal.org.mx\\\/entorno-empresarial\\\/la-cultura-ambiental\\\/#primaryimage\"},\"image\":{\"@id\":\"https:\\\/\\\/coparmexjal.org.mx\\\/entorno-empresarial\\\/la-cultura-ambiental\\\/#primaryimage\"},\"thumbnailUrl\":\"https:\\\/\\\/coparmexjal.org.mx\\\/entorno-empresarial\\\/wp-content\\\/uploads\\\/2020\\\/02\\\/earth-405096_1920.jpg\",\"datePublished\":\"2012-01-02T00:32:00+00:00\",\"dateModified\":\"2020-06-07T00:38:24+00:00\",\"breadcrumb\":{\"@id\":\"https:\\\/\\\/coparmexjal.org.mx\\\/entorno-empresarial\\\/la-cultura-ambiental\\\/#breadcrumb\"},\"inLanguage\":\"es\",\"potentialAction\":[{\"@type\":\"ReadAction\",\"target\":[\"https:\\\/\\\/coparmexjal.org.mx\\\/entorno-empresarial\\\/la-cultura-ambiental\\\/\"]}]},{\"@type\":\"ImageObject\",\"inLanguage\":\"es\",\"@id\":\"https:\\\/\\\/coparmexjal.org.mx\\\/entorno-empresarial\\\/la-cultura-ambiental\\\/#primaryimage\",\"url\":\"https:\\\/\\\/coparmexjal.org.mx\\\/entorno-empresarial\\\/wp-content\\\/uploads\\\/2020\\\/02\\\/earth-405096_1920.jpg\",\"contentUrl\":\"https:\\\/\\\/coparmexjal.org.mx\\\/entorno-empresarial\\\/wp-content\\\/uploads\\\/2020\\\/02\\\/earth-405096_1920.jpg\",\"width\":1620,\"height\":1080},{\"@type\":\"BreadcrumbList\",\"@id\":\"https:\\\/\\\/coparmexjal.org.mx\\\/entorno-empresarial\\\/la-cultura-ambiental\\\/#breadcrumb\",\"itemListElement\":[{\"@type\":\"ListItem\",\"position\":1,\"name\":\"Inicio\",\"item\":\"https:\\\/\\\/coparmexjal.org.mx\\\/entorno-empresarial\\\/\"},{\"@type\":\"ListItem\",\"position\":2,\"name\":\"La cultura ambiental\"}]},{\"@type\":\"WebSite\",\"@id\":\"https:\\\/\\\/coparmexjal.org.mx\\\/entorno-empresarial\\\/#website\",\"url\":\"https:\\\/\\\/coparmexjal.org.mx\\\/entorno-empresarial\\\/\",\"name\":\"Revista Entorno Empresarial\",\"description\":\"Coparmex Jalisco\",\"publisher\":{\"@id\":\"https:\\\/\\\/coparmexjal.org.mx\\\/entorno-empresarial\\\/#organization\"},\"potentialAction\":[{\"@type\":\"SearchAction\",\"target\":{\"@type\":\"EntryPoint\",\"urlTemplate\":\"https:\\\/\\\/coparmexjal.org.mx\\\/entorno-empresarial\\\/?s={search_term_string}\"},\"query-input\":{\"@type\":\"PropertyValueSpecification\",\"valueRequired\":true,\"valueName\":\"search_term_string\"}}],\"inLanguage\":\"es\"},{\"@type\":\"Organization\",\"@id\":\"https:\\\/\\\/coparmexjal.org.mx\\\/entorno-empresarial\\\/#organization\",\"name\":\"Coparmex Jalisco\",\"url\":\"https:\\\/\\\/coparmexjal.org.mx\\\/entorno-empresarial\\\/\",\"logo\":{\"@type\":\"ImageObject\",\"inLanguage\":\"es\",\"@id\":\"https:\\\/\\\/coparmexjal.org.mx\\\/entorno-empresarial\\\/#\\\/schema\\\/logo\\\/image\\\/\",\"url\":\"https:\\\/\\\/coparmexjal.org.mx\\\/entorno-empresarial\\\/wp-content\\\/uploads\\\/2020\\\/02\\\/logo-amp.png\",\"contentUrl\":\"https:\\\/\\\/coparmexjal.org.mx\\\/entorno-empresarial\\\/wp-content\\\/uploads\\\/2020\\\/02\\\/logo-amp.png\",\"width\":120,\"height\":90,\"caption\":\"Coparmex Jalisco\"},\"image\":{\"@id\":\"https:\\\/\\\/coparmexjal.org.mx\\\/entorno-empresarial\\\/#\\\/schema\\\/logo\\\/image\\\/\"},\"sameAs\":[\"https:\\\/\\\/facebook.com\\\/comcoparmex\",\"https:\\\/\\\/x.com\\\/comcoparmex\",\"http:\\\/\\\/instagram.com\\\/coparmexjalisco\",\"https:\\\/\\\/mx.linkedin.com\\\/company\\\/coparmex-jalisco\",\"https:\\\/\\\/www.youtube.com\\\/c\\\/CoparmexJaliscomx\"]},{\"@type\":\"Person\",\"@id\":\"https:\\\/\\\/coparmexjal.org.mx\\\/entorno-empresarial\\\/#\\\/schema\\\/person\\\/84617774c1230433c3f336edae90fa7c\",\"name\":\"Recolectores de Residuos y Asociados\",\"image\":{\"@type\":\"ImageObject\",\"inLanguage\":\"es\",\"@id\":\"https:\\\/\\\/secure.gravatar.com\\\/avatar\\\/e186e8fbbceaa5fd2a987154dcd5f5f26123e839899898b1de1cba4343db6b2c?s=96&d=mm&r=g\",\"url\":\"https:\\\/\\\/secure.gravatar.com\\\/avatar\\\/e186e8fbbceaa5fd2a987154dcd5f5f26123e839899898b1de1cba4343db6b2c?s=96&d=mm&r=g\",\"contentUrl\":\"https:\\\/\\\/secure.gravatar.com\\\/avatar\\\/e186e8fbbceaa5fd2a987154dcd5f5f26123e839899898b1de1cba4343db6b2c?s=96&d=mm&r=g\",\"caption\":\"Recolectores de Residuos y Asociados\"},\"url\":\"https:\\\/\\\/coparmexjal.org.mx\\\/entorno-empresarial\\\/author\\\/recolectores\\\/\"}]}<\/script>\n<!-- \/ Yoast SEO plugin. -->","yoast_head_json":{"title":"La cultura ambiental - Entorno Empresarial","robots":{"index":"index","follow":"follow","max-snippet":"max-snippet:-1","max-image-preview":"max-image-preview:large","max-video-preview":"max-video-preview:-1"},"canonical":"https:\/\/coparmexjal.org.mx\/entorno-empresarial\/la-cultura-ambiental\/","og_locale":"es_MX","og_type":"article","og_title":"La cultura ambiental - Entorno Empresarial","og_description":"Somos irresponsables ante nuestro medioambiente, adem\u00e1s de que no respetamos las leyes, los reglamentos ni las normas en materia ambiental.","og_url":"https:\/\/coparmexjal.org.mx\/entorno-empresarial\/la-cultura-ambiental\/","og_site_name":"Entorno Empresarial","article_publisher":"https:\/\/facebook.com\/comcoparmex","article_published_time":"2012-01-02T00:32:00+00:00","article_modified_time":"2020-06-07T00:38:24+00:00","og_image":[{"width":1620,"height":1080,"url":"https:\/\/coparmexjal.org.mx\/entorno-empresarial\/wp-content\/uploads\/2020\/02\/earth-405096_1920.jpg","type":"image\/jpeg"}],"author":"Recolectores de Residuos y Asociados","twitter_card":"summary_large_image","twitter_creator":"@comcoparmex","twitter_site":"@comcoparmex","twitter_misc":{"Escrito por":"Recolectores de Residuos y Asociados","Tiempo de lectura":"3 minutos"},"schema":{"@context":"https:\/\/schema.org","@graph":[{"@type":"Article","@id":"https:\/\/coparmexjal.org.mx\/entorno-empresarial\/la-cultura-ambiental\/#article","isPartOf":{"@id":"https:\/\/coparmexjal.org.mx\/entorno-empresarial\/la-cultura-ambiental\/"},"author":{"name":"Recolectores de Residuos y Asociados","@id":"https:\/\/coparmexjal.org.mx\/entorno-empresarial\/#\/schema\/person\/84617774c1230433c3f336edae90fa7c"},"headline":"La cultura ambiental","datePublished":"2012-01-02T00:32:00+00:00","dateModified":"2020-06-07T00:38:24+00:00","mainEntityOfPage":{"@id":"https:\/\/coparmexjal.org.mx\/entorno-empresarial\/la-cultura-ambiental\/"},"wordCount":694,"commentCount":0,"publisher":{"@id":"https:\/\/coparmexjal.org.mx\/entorno-empresarial\/#organization"},"image":{"@id":"https:\/\/coparmexjal.org.mx\/entorno-empresarial\/la-cultura-ambiental\/#primaryimage"},"thumbnailUrl":"https:\/\/coparmexjal.org.mx\/entorno-empresarial\/wp-content\/uploads\/2020\/02\/earth-405096_1920.jpg","keywords":["calentamiento global","medioambiente"],"articleSection":["Ecolog\u00eda"],"inLanguage":"es","potentialAction":[{"@type":"CommentAction","name":"Comment","target":["https:\/\/coparmexjal.org.mx\/entorno-empresarial\/la-cultura-ambiental\/#respond"]}]},{"@type":"WebPage","@id":"https:\/\/coparmexjal.org.mx\/entorno-empresarial\/la-cultura-ambiental\/","url":"https:\/\/coparmexjal.org.mx\/entorno-empresarial\/la-cultura-ambiental\/","name":"La cultura ambiental - Entorno Empresarial","isPartOf":{"@id":"https:\/\/coparmexjal.org.mx\/entorno-empresarial\/#website"},"primaryImageOfPage":{"@id":"https:\/\/coparmexjal.org.mx\/entorno-empresarial\/la-cultura-ambiental\/#primaryimage"},"image":{"@id":"https:\/\/coparmexjal.org.mx\/entorno-empresarial\/la-cultura-ambiental\/#primaryimage"},"thumbnailUrl":"https:\/\/coparmexjal.org.mx\/entorno-empresarial\/wp-content\/uploads\/2020\/02\/earth-405096_1920.jpg","datePublished":"2012-01-02T00:32:00+00:00","dateModified":"2020-06-07T00:38:24+00:00","breadcrumb":{"@id":"https:\/\/coparmexjal.org.mx\/entorno-empresarial\/la-cultura-ambiental\/#breadcrumb"},"inLanguage":"es","potentialAction":[{"@type":"ReadAction","target":["https:\/\/coparmexjal.org.mx\/entorno-empresarial\/la-cultura-ambiental\/"]}]},{"@type":"ImageObject","inLanguage":"es","@id":"https:\/\/coparmexjal.org.mx\/entorno-empresarial\/la-cultura-ambiental\/#primaryimage","url":"https:\/\/coparmexjal.org.mx\/entorno-empresarial\/wp-content\/uploads\/2020\/02\/earth-405096_1920.jpg","contentUrl":"https:\/\/coparmexjal.org.mx\/entorno-empresarial\/wp-content\/uploads\/2020\/02\/earth-405096_1920.jpg","width":1620,"height":1080},{"@type":"BreadcrumbList","@id":"https:\/\/coparmexjal.org.mx\/entorno-empresarial\/la-cultura-ambiental\/#breadcrumb","itemListElement":[{"@type":"ListItem","position":1,"name":"Inicio","item":"https:\/\/coparmexjal.org.mx\/entorno-empresarial\/"},{"@type":"ListItem","position":2,"name":"La cultura ambiental"}]},{"@type":"WebSite","@id":"https:\/\/coparmexjal.org.mx\/entorno-empresarial\/#website","url":"https:\/\/coparmexjal.org.mx\/entorno-empresarial\/","name":"Revista Entorno Empresarial","description":"Coparmex Jalisco","publisher":{"@id":"https:\/\/coparmexjal.org.mx\/entorno-empresarial\/#organization"},"potentialAction":[{"@type":"SearchAction","target":{"@type":"EntryPoint","urlTemplate":"https:\/\/coparmexjal.org.mx\/entorno-empresarial\/?s={search_term_string}"},"query-input":{"@type":"PropertyValueSpecification","valueRequired":true,"valueName":"search_term_string"}}],"inLanguage":"es"},{"@type":"Organization","@id":"https:\/\/coparmexjal.org.mx\/entorno-empresarial\/#organization","name":"Coparmex Jalisco","url":"https:\/\/coparmexjal.org.mx\/entorno-empresarial\/","logo":{"@type":"ImageObject","inLanguage":"es","@id":"https:\/\/coparmexjal.org.mx\/entorno-empresarial\/#\/schema\/logo\/image\/","url":"https:\/\/coparmexjal.org.mx\/entorno-empresarial\/wp-content\/uploads\/2020\/02\/logo-amp.png","contentUrl":"https:\/\/coparmexjal.org.mx\/entorno-empresarial\/wp-content\/uploads\/2020\/02\/logo-amp.png","width":120,"height":90,"caption":"Coparmex Jalisco"},"image":{"@id":"https:\/\/coparmexjal.org.mx\/entorno-empresarial\/#\/schema\/logo\/image\/"},"sameAs":["https:\/\/facebook.com\/comcoparmex","https:\/\/x.com\/comcoparmex","http:\/\/instagram.com\/coparmexjalisco","https:\/\/mx.linkedin.com\/company\/coparmex-jalisco","https:\/\/www.youtube.com\/c\/CoparmexJaliscomx"]},{"@type":"Person","@id":"https:\/\/coparmexjal.org.mx\/entorno-empresarial\/#\/schema\/person\/84617774c1230433c3f336edae90fa7c","name":"Recolectores de Residuos y Asociados","image":{"@type":"ImageObject","inLanguage":"es","@id":"https:\/\/secure.gravatar.com\/avatar\/e186e8fbbceaa5fd2a987154dcd5f5f26123e839899898b1de1cba4343db6b2c?s=96&d=mm&r=g","url":"https:\/\/secure.gravatar.com\/avatar\/e186e8fbbceaa5fd2a987154dcd5f5f26123e839899898b1de1cba4343db6b2c?s=96&d=mm&r=g","contentUrl":"https:\/\/secure.gravatar.com\/avatar\/e186e8fbbceaa5fd2a987154dcd5f5f26123e839899898b1de1cba4343db6b2c?s=96&d=mm&r=g","caption":"Recolectores de Residuos y Asociados"},"url":"https:\/\/coparmexjal.org.mx\/entorno-empresarial\/author\/recolectores\/"}]}},"_links":{"self":[{"href":"https:\/\/coparmexjal.org.mx\/entorno-empresarial\/wp-json\/wp\/v2\/posts\/2776","targetHints":{"allow":["GET"]}}],"collection":[{"href":"https:\/\/coparmexjal.org.mx\/entorno-empresarial\/wp-json\/wp\/v2\/posts"}],"about":[{"href":"https:\/\/coparmexjal.org.mx\/entorno-empresarial\/wp-json\/wp\/v2\/types\/post"}],"author":[{"embeddable":true,"href":"https:\/\/coparmexjal.org.mx\/entorno-empresarial\/wp-json\/wp\/v2\/users\/69"}],"replies":[{"embeddable":true,"href":"https:\/\/coparmexjal.org.mx\/entorno-empresarial\/wp-json\/wp\/v2\/comments?post=2776"}],"version-history":[{"count":5,"href":"https:\/\/coparmexjal.org.mx\/entorno-empresarial\/wp-json\/wp\/v2\/posts\/2776\/revisions"}],"predecessor-version":[{"id":3440,"href":"https:\/\/coparmexjal.org.mx\/entorno-empresarial\/wp-json\/wp\/v2\/posts\/2776\/revisions\/3440"}],"wp:featuredmedia":[{"embeddable":true,"href":"https:\/\/coparmexjal.org.mx\/entorno-empresarial\/wp-json\/wp\/v2\/media\/2780"}],"wp:attachment":[{"href":"https:\/\/coparmexjal.org.mx\/entorno-empresarial\/wp-json\/wp\/v2\/media?parent=2776"}],"wp:term":[{"taxonomy":"category","embeddable":true,"href":"https:\/\/coparmexjal.org.mx\/entorno-empresarial\/wp-json\/wp\/v2\/categories?post=2776"},{"taxonomy":"post_tag","embeddable":true,"href":"https:\/\/coparmexjal.org.mx\/entorno-empresarial\/wp-json\/wp\/v2\/tags?post=2776"}],"curies":[{"name":"wp","href":"https:\/\/api.w.org\/{rel}","templated":true}]}}