{"id":2746,"date":"2012-05-01T16:02:00","date_gmt":"2012-05-01T21:02:00","guid":{"rendered":"http:\/\/coparmexjal.org.mx\/entorno-empresarial\/?p=2746"},"modified":"2020-06-06T19:30:09","modified_gmt":"2020-06-07T00:30:09","slug":"de-las-tesis-y-otros-documentos","status":"publish","type":"post","link":"https:\/\/coparmexjal.org.mx\/entorno-empresarial\/de-las-tesis-y-otros-documentos\/","title":{"rendered":"De las tesis y otros documentos"},"content":{"rendered":"\n<p class=\"has-normal-font-size\">Uno de los grandes dolores de cabeza de los estudiantes es la redacci\u00f3n de documentos acad\u00e9micos, desde sencillos <strong>reportes de tarea, hasta la tesis de pregrado, grado o posgrado<\/strong>. Y, para los efectos, no s\u00f3lo los estudiantes tienen problemas redactando documentos, sino muchos de nosotros en todos los ambientes.<\/p>\n\n\n\n<p style=\"color:#0d5879\" class=\"has-text-color has-normal-font-size\"><strong>Es importante distinguir entre el estilo de redacci\u00f3n personal y el estilo editorial que una publicaci\u00f3n determinada requiere.<\/strong><\/p>\n\n\n\n<p class=\"has-normal-font-size\">Cuando escribimos documentos de corte acad\u00e9mico, ll\u00e1mense art\u00edculos de contribuci\u00f3n a una revista o trabajos escolares propiamente dichos, es com\u00fan que nos encontremos con que son rechazados porque no cumplen con los requisitos del estilo editorial que les corresponde.<\/p>\n\n\n\n<p class=\"has-normal-font-size\">En t\u00e9rminos generales podemos hablar de dos estilos imperantes en nuestro medio en la actualidad: el que llamaremos el estilo tradicional, y el <strong>estilo editorial de la Asociaci\u00f3n de Psic\u00f3logos Norteamericanos (APA, por sus siglas en ingl\u00e9s)<\/strong>. No existe una regla fija, m\u00e1s all\u00e1 del ambiente de los psic\u00f3logos, que se\u00f1ale cu\u00e1l estilo ha de seguirse, m\u00e1s bien ser\u00e1n las pol\u00edticas editoriales de cada instituci\u00f3n o publicaci\u00f3n las que impongan un estilo u otro.<\/p>\n\n\n\n<p class=\"has-normal-font-size\">Cuando se planea un documento, sea para contribuir con alguna revista del ramo de nuestra especialidad, o el reporte que el profesor de la maestr\u00eda nos encarg\u00f3, lo primero que debemos decidir, si no lo indican la revista o el profesor, es cu\u00e1l estilo vamos a emplear, puesto que hay varias diferencias radicales, no s\u00f3lo en cuanto al formato f\u00edsico del texto, sino en cuanto al estilo de organizaci\u00f3n de las ideas y la forma de indicar las referencias y estructurar las citas.<\/p>\n\n\n\n<p class=\"has-normal-font-size\"><strong>El estilo editorial de la APA requiere que las referencias se se\u00f1alen s\u00f3lo con el a\u00f1o de edici\u00f3n de la obra consultada, entre par\u00e9ntesis<\/strong>, ya sea inmediatamente despu\u00e9s del nombre del autor, o acompa\u00f1ada de \u00e9ste, cuando no se menciona en el texto. Pongamos un ejemplo que aclare este punto:<\/p>\n\n\n\n<p class=\"has-normal-font-size\">De acuerdo con Brower (2005, ix) la historia de la Econom\u00eda hace \u00e9nfasis en la importancia de los recursos productivos de la nueva tecnolog\u00eda. La historia de la Econom\u00eda hace \u00e9nfasis en la importancia de los recursos productivos de la nueva tecnolog\u00eda (Brower, 2005, ix).Existen muchas otras diferencias, algunas muy sutiles, otras m\u00e1s dram\u00e1ticas, pero no cabr\u00edan en este art\u00edculo. Lo invitamos a consultar el manual de estilo de la APA que se encuentra en l\u00ednea, con la versi\u00f3n m\u00e1s actualizada, o manuales de metodolog\u00eda de la investigaci\u00f3n, como el de Mart\u00ednez y \u00c1vila o el de Yolanda Jurado.<br><\/p>\n","protected":false},"excerpt":{"rendered":"<p>Uno de los grandes dolores de cabeza de los estudiantes es la redacci\u00f3n de documentos acad\u00e9micos, desde sencillos reportes de tarea, hasta la tesis de pregrado, grado o posgrado. Y, para los efectos, no s\u00f3lo los estudiantes tienen problemas redactando documentos, sino muchos de nosotros en todos los ambientes.<\/p>\n","protected":false},"author":63,"featured_media":2998,"comment_status":"open","ping_status":"open","sticky":false,"template":"","format":"standard","meta":{"footnotes":""},"categories":[159],"tags":[315,316,314,317],"class_list":["post-2746","post","type-post","status-publish","format-standard","has-post-thumbnail","hentry","category-letras","tag-academico","tag-apa","tag-documentos","tag-referencias"],"yoast_head":"<!-- This site is optimized with the Yoast SEO plugin v27.5 - https:\/\/yoast.com\/product\/yoast-seo-wordpress\/ -->\n<title>De las tesis y otros documentos - Entorno Empresarial<\/title>\n<meta name=\"robots\" content=\"index, follow, max-snippet:-1, max-image-preview:large, max-video-preview:-1\" \/>\n<link rel=\"canonical\" href=\"https:\/\/coparmexjal.org.mx\/entorno-empresarial\/de-las-tesis-y-otros-documentos\/\" \/>\n<meta property=\"og:locale\" content=\"es_MX\" \/>\n<meta property=\"og:type\" content=\"article\" \/>\n<meta property=\"og:title\" content=\"De las tesis y otros documentos - Entorno Empresarial\" \/>\n<meta property=\"og:description\" content=\"Uno de los grandes dolores de cabeza de los estudiantes es la redacci\u00f3n de documentos acad\u00e9micos, desde sencillos reportes de tarea, hasta la tesis de pregrado, grado o posgrado. Y, para los efectos, no s\u00f3lo los estudiantes tienen problemas redactando documentos, sino muchos de nosotros en todos los ambientes.\" \/>\n<meta property=\"og:url\" content=\"https:\/\/coparmexjal.org.mx\/entorno-empresarial\/de-las-tesis-y-otros-documentos\/\" \/>\n<meta property=\"og:site_name\" content=\"Entorno Empresarial\" \/>\n<meta property=\"article:publisher\" content=\"https:\/\/facebook.com\/comcoparmex\" \/>\n<meta property=\"article:published_time\" content=\"2012-05-01T21:02:00+00:00\" \/>\n<meta property=\"article:modified_time\" content=\"2020-06-07T00:30:09+00:00\" \/>\n<meta property=\"og:image\" content=\"https:\/\/coparmexjal.org.mx\/entorno-empresarial\/wp-content\/uploads\/2020\/02\/books-408220_1920.jpg\" \/>\n\t<meta property=\"og:image:width\" content=\"1620\" \/>\n\t<meta property=\"og:image:height\" content=\"1080\" \/>\n\t<meta property=\"og:image:type\" content=\"image\/jpeg\" \/>\n<meta name=\"author\" content=\"Amel\u00ede Guerra\" \/>\n<meta name=\"twitter:card\" content=\"summary_large_image\" \/>\n<meta name=\"twitter:creator\" content=\"@comcoparmex\" \/>\n<meta name=\"twitter:site\" content=\"@comcoparmex\" \/>\n<meta name=\"twitter:label1\" content=\"Escrito por\" \/>\n\t<meta name=\"twitter:data1\" content=\"Amel\u00ede Guerra\" \/>\n\t<meta name=\"twitter:label2\" content=\"Tiempo de lectura\" \/>\n\t<meta name=\"twitter:data2\" content=\"2 minutos\" \/>\n<script type=\"application\/ld+json\" class=\"yoast-schema-graph\">{\"@context\":\"https:\\\/\\\/schema.org\",\"@graph\":[{\"@type\":\"Article\",\"@id\":\"https:\\\/\\\/coparmexjal.org.mx\\\/entorno-empresarial\\\/de-las-tesis-y-otros-documentos\\\/#article\",\"isPartOf\":{\"@id\":\"https:\\\/\\\/coparmexjal.org.mx\\\/entorno-empresarial\\\/de-las-tesis-y-otros-documentos\\\/\"},\"author\":{\"name\":\"Amel\u00ede Guerra\",\"@id\":\"https:\\\/\\\/coparmexjal.org.mx\\\/entorno-empresarial\\\/#\\\/schema\\\/person\\\/dc0754969616a4ede0dfc88d52f61852\"},\"headline\":\"De las tesis y otros documentos\",\"datePublished\":\"2012-05-01T21:02:00+00:00\",\"dateModified\":\"2020-06-07T00:30:09+00:00\",\"mainEntityOfPage\":{\"@id\":\"https:\\\/\\\/coparmexjal.org.mx\\\/entorno-empresarial\\\/de-las-tesis-y-otros-documentos\\\/\"},\"wordCount\":466,\"commentCount\":0,\"publisher\":{\"@id\":\"https:\\\/\\\/coparmexjal.org.mx\\\/entorno-empresarial\\\/#organization\"},\"image\":{\"@id\":\"https:\\\/\\\/coparmexjal.org.mx\\\/entorno-empresarial\\\/de-las-tesis-y-otros-documentos\\\/#primaryimage\"},\"thumbnailUrl\":\"https:\\\/\\\/coparmexjal.org.mx\\\/entorno-empresarial\\\/wp-content\\\/uploads\\\/2020\\\/02\\\/books-408220_1920.jpg\",\"keywords\":[\"acad\u00e9mico\",\"APA\",\"documentos\",\"referencias\"],\"articleSection\":[\"Letras\"],\"inLanguage\":\"es\",\"potentialAction\":[{\"@type\":\"CommentAction\",\"name\":\"Comment\",\"target\":[\"https:\\\/\\\/coparmexjal.org.mx\\\/entorno-empresarial\\\/de-las-tesis-y-otros-documentos\\\/#respond\"]}]},{\"@type\":\"WebPage\",\"@id\":\"https:\\\/\\\/coparmexjal.org.mx\\\/entorno-empresarial\\\/de-las-tesis-y-otros-documentos\\\/\",\"url\":\"https:\\\/\\\/coparmexjal.org.mx\\\/entorno-empresarial\\\/de-las-tesis-y-otros-documentos\\\/\",\"name\":\"De las tesis y otros documentos - Entorno Empresarial\",\"isPartOf\":{\"@id\":\"https:\\\/\\\/coparmexjal.org.mx\\\/entorno-empresarial\\\/#website\"},\"primaryImageOfPage\":{\"@id\":\"https:\\\/\\\/coparmexjal.org.mx\\\/entorno-empresarial\\\/de-las-tesis-y-otros-documentos\\\/#primaryimage\"},\"image\":{\"@id\":\"https:\\\/\\\/coparmexjal.org.mx\\\/entorno-empresarial\\\/de-las-tesis-y-otros-documentos\\\/#primaryimage\"},\"thumbnailUrl\":\"https:\\\/\\\/coparmexjal.org.mx\\\/entorno-empresarial\\\/wp-content\\\/uploads\\\/2020\\\/02\\\/books-408220_1920.jpg\",\"datePublished\":\"2012-05-01T21:02:00+00:00\",\"dateModified\":\"2020-06-07T00:30:09+00:00\",\"breadcrumb\":{\"@id\":\"https:\\\/\\\/coparmexjal.org.mx\\\/entorno-empresarial\\\/de-las-tesis-y-otros-documentos\\\/#breadcrumb\"},\"inLanguage\":\"es\",\"potentialAction\":[{\"@type\":\"ReadAction\",\"target\":[\"https:\\\/\\\/coparmexjal.org.mx\\\/entorno-empresarial\\\/de-las-tesis-y-otros-documentos\\\/\"]}]},{\"@type\":\"ImageObject\",\"inLanguage\":\"es\",\"@id\":\"https:\\\/\\\/coparmexjal.org.mx\\\/entorno-empresarial\\\/de-las-tesis-y-otros-documentos\\\/#primaryimage\",\"url\":\"https:\\\/\\\/coparmexjal.org.mx\\\/entorno-empresarial\\\/wp-content\\\/uploads\\\/2020\\\/02\\\/books-408220_1920.jpg\",\"contentUrl\":\"https:\\\/\\\/coparmexjal.org.mx\\\/entorno-empresarial\\\/wp-content\\\/uploads\\\/2020\\\/02\\\/books-408220_1920.jpg\",\"width\":1620,\"height\":1080},{\"@type\":\"BreadcrumbList\",\"@id\":\"https:\\\/\\\/coparmexjal.org.mx\\\/entorno-empresarial\\\/de-las-tesis-y-otros-documentos\\\/#breadcrumb\",\"itemListElement\":[{\"@type\":\"ListItem\",\"position\":1,\"name\":\"Inicio\",\"item\":\"https:\\\/\\\/coparmexjal.org.mx\\\/entorno-empresarial\\\/\"},{\"@type\":\"ListItem\",\"position\":2,\"name\":\"De las tesis y otros documentos\"}]},{\"@type\":\"WebSite\",\"@id\":\"https:\\\/\\\/coparmexjal.org.mx\\\/entorno-empresarial\\\/#website\",\"url\":\"https:\\\/\\\/coparmexjal.org.mx\\\/entorno-empresarial\\\/\",\"name\":\"Revista Entorno Empresarial\",\"description\":\"Coparmex Jalisco\",\"publisher\":{\"@id\":\"https:\\\/\\\/coparmexjal.org.mx\\\/entorno-empresarial\\\/#organization\"},\"potentialAction\":[{\"@type\":\"SearchAction\",\"target\":{\"@type\":\"EntryPoint\",\"urlTemplate\":\"https:\\\/\\\/coparmexjal.org.mx\\\/entorno-empresarial\\\/?s={search_term_string}\"},\"query-input\":{\"@type\":\"PropertyValueSpecification\",\"valueRequired\":true,\"valueName\":\"search_term_string\"}}],\"inLanguage\":\"es\"},{\"@type\":\"Organization\",\"@id\":\"https:\\\/\\\/coparmexjal.org.mx\\\/entorno-empresarial\\\/#organization\",\"name\":\"Coparmex Jalisco\",\"url\":\"https:\\\/\\\/coparmexjal.org.mx\\\/entorno-empresarial\\\/\",\"logo\":{\"@type\":\"ImageObject\",\"inLanguage\":\"es\",\"@id\":\"https:\\\/\\\/coparmexjal.org.mx\\\/entorno-empresarial\\\/#\\\/schema\\\/logo\\\/image\\\/\",\"url\":\"https:\\\/\\\/coparmexjal.org.mx\\\/entorno-empresarial\\\/wp-content\\\/uploads\\\/2020\\\/02\\\/logo-amp.png\",\"contentUrl\":\"https:\\\/\\\/coparmexjal.org.mx\\\/entorno-empresarial\\\/wp-content\\\/uploads\\\/2020\\\/02\\\/logo-amp.png\",\"width\":120,\"height\":90,\"caption\":\"Coparmex Jalisco\"},\"image\":{\"@id\":\"https:\\\/\\\/coparmexjal.org.mx\\\/entorno-empresarial\\\/#\\\/schema\\\/logo\\\/image\\\/\"},\"sameAs\":[\"https:\\\/\\\/facebook.com\\\/comcoparmex\",\"https:\\\/\\\/x.com\\\/comcoparmex\",\"http:\\\/\\\/instagram.com\\\/coparmexjalisco\",\"https:\\\/\\\/mx.linkedin.com\\\/company\\\/coparmex-jalisco\",\"https:\\\/\\\/www.youtube.com\\\/c\\\/CoparmexJaliscomx\"]},{\"@type\":\"Person\",\"@id\":\"https:\\\/\\\/coparmexjal.org.mx\\\/entorno-empresarial\\\/#\\\/schema\\\/person\\\/dc0754969616a4ede0dfc88d52f61852\",\"name\":\"Amel\u00ede Guerra\",\"image\":{\"@type\":\"ImageObject\",\"inLanguage\":\"es\",\"@id\":\"https:\\\/\\\/secure.gravatar.com\\\/avatar\\\/505a38813522850e2d709ff4cc5178171ad9465831e02f9adddfaa11649889f3?s=96&d=mm&r=g\",\"url\":\"https:\\\/\\\/secure.gravatar.com\\\/avatar\\\/505a38813522850e2d709ff4cc5178171ad9465831e02f9adddfaa11649889f3?s=96&d=mm&r=g\",\"contentUrl\":\"https:\\\/\\\/secure.gravatar.com\\\/avatar\\\/505a38813522850e2d709ff4cc5178171ad9465831e02f9adddfaa11649889f3?s=96&d=mm&r=g\",\"caption\":\"Amel\u00ede Guerra\"},\"url\":\"https:\\\/\\\/coparmexjal.org.mx\\\/entorno-empresarial\\\/author\\\/amelie-guerra\\\/\"}]}<\/script>\n<!-- \/ Yoast SEO plugin. -->","yoast_head_json":{"title":"De las tesis y otros documentos - Entorno Empresarial","robots":{"index":"index","follow":"follow","max-snippet":"max-snippet:-1","max-image-preview":"max-image-preview:large","max-video-preview":"max-video-preview:-1"},"canonical":"https:\/\/coparmexjal.org.mx\/entorno-empresarial\/de-las-tesis-y-otros-documentos\/","og_locale":"es_MX","og_type":"article","og_title":"De las tesis y otros documentos - Entorno Empresarial","og_description":"Uno de los grandes dolores de cabeza de los estudiantes es la redacci\u00f3n de documentos acad\u00e9micos, desde sencillos reportes de tarea, hasta la tesis de pregrado, grado o posgrado. Y, para los efectos, no s\u00f3lo los estudiantes tienen problemas redactando documentos, sino muchos de nosotros en todos los ambientes.","og_url":"https:\/\/coparmexjal.org.mx\/entorno-empresarial\/de-las-tesis-y-otros-documentos\/","og_site_name":"Entorno Empresarial","article_publisher":"https:\/\/facebook.com\/comcoparmex","article_published_time":"2012-05-01T21:02:00+00:00","article_modified_time":"2020-06-07T00:30:09+00:00","og_image":[{"width":1620,"height":1080,"url":"https:\/\/coparmexjal.org.mx\/entorno-empresarial\/wp-content\/uploads\/2020\/02\/books-408220_1920.jpg","type":"image\/jpeg"}],"author":"Amel\u00ede Guerra","twitter_card":"summary_large_image","twitter_creator":"@comcoparmex","twitter_site":"@comcoparmex","twitter_misc":{"Escrito por":"Amel\u00ede Guerra","Tiempo de lectura":"2 minutos"},"schema":{"@context":"https:\/\/schema.org","@graph":[{"@type":"Article","@id":"https:\/\/coparmexjal.org.mx\/entorno-empresarial\/de-las-tesis-y-otros-documentos\/#article","isPartOf":{"@id":"https:\/\/coparmexjal.org.mx\/entorno-empresarial\/de-las-tesis-y-otros-documentos\/"},"author":{"name":"Amel\u00ede Guerra","@id":"https:\/\/coparmexjal.org.mx\/entorno-empresarial\/#\/schema\/person\/dc0754969616a4ede0dfc88d52f61852"},"headline":"De las tesis y otros documentos","datePublished":"2012-05-01T21:02:00+00:00","dateModified":"2020-06-07T00:30:09+00:00","mainEntityOfPage":{"@id":"https:\/\/coparmexjal.org.mx\/entorno-empresarial\/de-las-tesis-y-otros-documentos\/"},"wordCount":466,"commentCount":0,"publisher":{"@id":"https:\/\/coparmexjal.org.mx\/entorno-empresarial\/#organization"},"image":{"@id":"https:\/\/coparmexjal.org.mx\/entorno-empresarial\/de-las-tesis-y-otros-documentos\/#primaryimage"},"thumbnailUrl":"https:\/\/coparmexjal.org.mx\/entorno-empresarial\/wp-content\/uploads\/2020\/02\/books-408220_1920.jpg","keywords":["acad\u00e9mico","APA","documentos","referencias"],"articleSection":["Letras"],"inLanguage":"es","potentialAction":[{"@type":"CommentAction","name":"Comment","target":["https:\/\/coparmexjal.org.mx\/entorno-empresarial\/de-las-tesis-y-otros-documentos\/#respond"]}]},{"@type":"WebPage","@id":"https:\/\/coparmexjal.org.mx\/entorno-empresarial\/de-las-tesis-y-otros-documentos\/","url":"https:\/\/coparmexjal.org.mx\/entorno-empresarial\/de-las-tesis-y-otros-documentos\/","name":"De las tesis y otros documentos - Entorno Empresarial","isPartOf":{"@id":"https:\/\/coparmexjal.org.mx\/entorno-empresarial\/#website"},"primaryImageOfPage":{"@id":"https:\/\/coparmexjal.org.mx\/entorno-empresarial\/de-las-tesis-y-otros-documentos\/#primaryimage"},"image":{"@id":"https:\/\/coparmexjal.org.mx\/entorno-empresarial\/de-las-tesis-y-otros-documentos\/#primaryimage"},"thumbnailUrl":"https:\/\/coparmexjal.org.mx\/entorno-empresarial\/wp-content\/uploads\/2020\/02\/books-408220_1920.jpg","datePublished":"2012-05-01T21:02:00+00:00","dateModified":"2020-06-07T00:30:09+00:00","breadcrumb":{"@id":"https:\/\/coparmexjal.org.mx\/entorno-empresarial\/de-las-tesis-y-otros-documentos\/#breadcrumb"},"inLanguage":"es","potentialAction":[{"@type":"ReadAction","target":["https:\/\/coparmexjal.org.mx\/entorno-empresarial\/de-las-tesis-y-otros-documentos\/"]}]},{"@type":"ImageObject","inLanguage":"es","@id":"https:\/\/coparmexjal.org.mx\/entorno-empresarial\/de-las-tesis-y-otros-documentos\/#primaryimage","url":"https:\/\/coparmexjal.org.mx\/entorno-empresarial\/wp-content\/uploads\/2020\/02\/books-408220_1920.jpg","contentUrl":"https:\/\/coparmexjal.org.mx\/entorno-empresarial\/wp-content\/uploads\/2020\/02\/books-408220_1920.jpg","width":1620,"height":1080},{"@type":"BreadcrumbList","@id":"https:\/\/coparmexjal.org.mx\/entorno-empresarial\/de-las-tesis-y-otros-documentos\/#breadcrumb","itemListElement":[{"@type":"ListItem","position":1,"name":"Inicio","item":"https:\/\/coparmexjal.org.mx\/entorno-empresarial\/"},{"@type":"ListItem","position":2,"name":"De las tesis y otros documentos"}]},{"@type":"WebSite","@id":"https:\/\/coparmexjal.org.mx\/entorno-empresarial\/#website","url":"https:\/\/coparmexjal.org.mx\/entorno-empresarial\/","name":"Revista Entorno Empresarial","description":"Coparmex Jalisco","publisher":{"@id":"https:\/\/coparmexjal.org.mx\/entorno-empresarial\/#organization"},"potentialAction":[{"@type":"SearchAction","target":{"@type":"EntryPoint","urlTemplate":"https:\/\/coparmexjal.org.mx\/entorno-empresarial\/?s={search_term_string}"},"query-input":{"@type":"PropertyValueSpecification","valueRequired":true,"valueName":"search_term_string"}}],"inLanguage":"es"},{"@type":"Organization","@id":"https:\/\/coparmexjal.org.mx\/entorno-empresarial\/#organization","name":"Coparmex Jalisco","url":"https:\/\/coparmexjal.org.mx\/entorno-empresarial\/","logo":{"@type":"ImageObject","inLanguage":"es","@id":"https:\/\/coparmexjal.org.mx\/entorno-empresarial\/#\/schema\/logo\/image\/","url":"https:\/\/coparmexjal.org.mx\/entorno-empresarial\/wp-content\/uploads\/2020\/02\/logo-amp.png","contentUrl":"https:\/\/coparmexjal.org.mx\/entorno-empresarial\/wp-content\/uploads\/2020\/02\/logo-amp.png","width":120,"height":90,"caption":"Coparmex Jalisco"},"image":{"@id":"https:\/\/coparmexjal.org.mx\/entorno-empresarial\/#\/schema\/logo\/image\/"},"sameAs":["https:\/\/facebook.com\/comcoparmex","https:\/\/x.com\/comcoparmex","http:\/\/instagram.com\/coparmexjalisco","https:\/\/mx.linkedin.com\/company\/coparmex-jalisco","https:\/\/www.youtube.com\/c\/CoparmexJaliscomx"]},{"@type":"Person","@id":"https:\/\/coparmexjal.org.mx\/entorno-empresarial\/#\/schema\/person\/dc0754969616a4ede0dfc88d52f61852","name":"Amel\u00ede Guerra","image":{"@type":"ImageObject","inLanguage":"es","@id":"https:\/\/secure.gravatar.com\/avatar\/505a38813522850e2d709ff4cc5178171ad9465831e02f9adddfaa11649889f3?s=96&d=mm&r=g","url":"https:\/\/secure.gravatar.com\/avatar\/505a38813522850e2d709ff4cc5178171ad9465831e02f9adddfaa11649889f3?s=96&d=mm&r=g","contentUrl":"https:\/\/secure.gravatar.com\/avatar\/505a38813522850e2d709ff4cc5178171ad9465831e02f9adddfaa11649889f3?s=96&d=mm&r=g","caption":"Amel\u00ede Guerra"},"url":"https:\/\/coparmexjal.org.mx\/entorno-empresarial\/author\/amelie-guerra\/"}]}},"_links":{"self":[{"href":"https:\/\/coparmexjal.org.mx\/entorno-empresarial\/wp-json\/wp\/v2\/posts\/2746","targetHints":{"allow":["GET"]}}],"collection":[{"href":"https:\/\/coparmexjal.org.mx\/entorno-empresarial\/wp-json\/wp\/v2\/posts"}],"about":[{"href":"https:\/\/coparmexjal.org.mx\/entorno-empresarial\/wp-json\/wp\/v2\/types\/post"}],"author":[{"embeddable":true,"href":"https:\/\/coparmexjal.org.mx\/entorno-empresarial\/wp-json\/wp\/v2\/users\/63"}],"replies":[{"embeddable":true,"href":"https:\/\/coparmexjal.org.mx\/entorno-empresarial\/wp-json\/wp\/v2\/comments?post=2746"}],"version-history":[{"count":4,"href":"https:\/\/coparmexjal.org.mx\/entorno-empresarial\/wp-json\/wp\/v2\/posts\/2746\/revisions"}],"predecessor-version":[{"id":3433,"href":"https:\/\/coparmexjal.org.mx\/entorno-empresarial\/wp-json\/wp\/v2\/posts\/2746\/revisions\/3433"}],"wp:featuredmedia":[{"embeddable":true,"href":"https:\/\/coparmexjal.org.mx\/entorno-empresarial\/wp-json\/wp\/v2\/media\/2998"}],"wp:attachment":[{"href":"https:\/\/coparmexjal.org.mx\/entorno-empresarial\/wp-json\/wp\/v2\/media?parent=2746"}],"wp:term":[{"taxonomy":"category","embeddable":true,"href":"https:\/\/coparmexjal.org.mx\/entorno-empresarial\/wp-json\/wp\/v2\/categories?post=2746"},{"taxonomy":"post_tag","embeddable":true,"href":"https:\/\/coparmexjal.org.mx\/entorno-empresarial\/wp-json\/wp\/v2\/tags?post=2746"}],"curies":[{"name":"wp","href":"https:\/\/api.w.org\/{rel}","templated":true}]}}