{"id":2732,"date":"2014-03-01T15:33:00","date_gmt":"2014-03-01T21:33:00","guid":{"rendered":"http:\/\/coparmexjal.org.mx\/entorno-empresarial\/?p=2732"},"modified":"2020-06-06T19:35:14","modified_gmt":"2020-06-07T00:35:14","slug":"un-hombre-de-valores-jose-medina-mora","status":"publish","type":"post","link":"https:\/\/coparmexjal.org.mx\/entorno-empresarial\/un-hombre-de-valores-jose-medina-mora\/","title":{"rendered":"Un hombre de valores: Jos\u00e9 Medina Mora"},"content":{"rendered":"\n<p style=\"color:#0d5879\" class=\"has-text-color has-normal-font-size\"><strong>Empresario comprometido con la responsabilidad social, emprendedor que ha luchado y una persona convencida de que el desarrollo de las empresas ser\u00e1 a partir del progreso de la gente, as\u00ed es Jos\u00e9 Medina Mora, creador de la empresa Compusoluciones, quien sentado tras su escritorio, vestido de manera impecable y ante una vista espectacular de la ciudad de Guadalajara, nos comparti\u00f3 su experiencia en el mundo empresarial.<\/strong><\/p>\n\n\n\n<p class=\"has-normal-font-size\"><strong>Medina Mora es un hombre sumamente preocupado por la gente<\/strong>. Rige su vida por cuatro vertientes: \u00e9tica, respeto al ser humano, cuidado del medioambiente y ayuda social. <\/p>\n\n\n\n<h6 class=\"wp-block-heading\">\u201cEstoy convencido de que si cada uno de nosotros tomamos esta consigna de buscar a quien podemos ayudar, tendremos una mejor ciudad, un mejor estado y un mejor pa\u00eds\u201d, afirm\u00f3.<\/h6>\n\n\n\n<p class=\"has-normal-font-size\">Es apasionado de su familia, conformada por su esposa, Cecilia; sus tres hijos y sus tres nietos, uno de los cuales viene en camino. Tambi\u00e9n es fan\u00e1tico del futbol; procura jugarlo, asistir al estadio o, en su defecto, verlo por televisi\u00f3n. Tambi\u00e9n tiene predilecci\u00f3n por la lectura; ha sido tanto su gusto por ella que ha llegado a pensar que es una obsesi\u00f3n.<\/p>\n\n\n\n<p class=\"has-normal-font-size\">Uno de sus grandes pasatiempos es ser peregrino. Junto a su esposa ha recorrido tres veces el Camino de Santiago, una ruta que recorren los peregrinos procedentes de todo el mundo para llegar a la ciudad de Santiago de Compostela, Espa\u00f1a, donde se veneran las reliquias del ap\u00f3stol Santiago el Mayor. Ha realizado tres veces la peregrinaci\u00f3n para visitar a la Virgen de Talpa; dos veces la de la Virgen de San Juan de los Lagos; y el Camino Inca, el cual comienza cerca del pueblo de Ollantaytambo, en el Valle Sagrado, y termina en Machu Picchu, las ruinas antiguas m\u00e1s famosas en Sudam\u00e9rica.<\/p>\n\n\n\n<div class=\"wp-block-image\"><figure class=\"aligncenter size-large\"><img fetchpriority=\"high\" decoding=\"async\" width=\"849\" height=\"160\" src=\"http:\/\/coparmexjal.org.mx\/entorno-empresarial\/wp-content\/uploads\/2020\/02\/pasted-image-0-2-5.png\" alt=\"\" class=\"wp-image-2733\" srcset=\"https:\/\/coparmexjal.org.mx\/entorno-empresarial\/wp-content\/uploads\/2020\/02\/pasted-image-0-2-5.png 849w, https:\/\/coparmexjal.org.mx\/entorno-empresarial\/wp-content\/uploads\/2020\/02\/pasted-image-0-2-5-300x57.png 300w, https:\/\/coparmexjal.org.mx\/entorno-empresarial\/wp-content\/uploads\/2020\/02\/pasted-image-0-2-5-768x145.png 768w\" sizes=\"(max-width: 849px) 100vw, 849px\" \/><\/figure><\/div>\n\n\n\n<p class=\"has-normal-font-size\">Jos\u00e9 Medina es licenciado en Ingenier\u00eda Civil egresado la Universidad Iberoamericana. Cuenta con dos maestr\u00edas de la Universidad de Stanford, una en Ciencias de Ingenier\u00eda con especialidad en Sistemas y la otra en Administraci\u00f3n de Empresas con especialidad en Finanzas, as\u00ed como un doctorado profesional en Direcci\u00f3n de Proyectos de Ingenier\u00eda, tambi\u00e9n por la Universidad de Stanford. Tom\u00f3 el Diplomado en Alta Direcci\u00f3n de Empresas AD2 del IPADE y el Diplomado sobre Actualizaci\u00f3n en Direcci\u00f3n de Empresas en el Insead, Fontainbleu, Francia.<\/p>\n\n\n\n<p class=\"has-normal-font-size\">Al finalizar sus estudios, decidi\u00f3 laborar en Estados Unidos e ingres\u00f3 a Hewlett Packard (HP). Su arribo a M\u00e9xico se dio cuando HP abri\u00f3 una empresa en el pa\u00eds. El ingeniero Medina fue el empleado n\u00famero once en la planta. Su afici\u00f3n por las computadoras y el uso de estas para resolver problemas lo llevaron al camino del emprendimiento, luego de trabajar durante tres a\u00f1os en HP M\u00e9xico.&nbsp;<\/p>\n\n\n\n<p class=\"has-normal-font-size\">Y as\u00ed fue: con base en esta filosof\u00eda, Compusoluciones ha sido acreedor de diversos premios, entre los que se encuentra el otorgado por el Instituto Great Places to Work, como el s\u00e9ptimo mejor lugar para trabajar en M\u00e9xico y el n\u00famero dos en occidente, adem\u00e1s del n\u00famero treinta y cinco para que laboren las mujeres en Latinoam\u00e9rica.<\/p>\n\n\n\n<h6 class=\"wp-block-heading\"> \u201cDir\u00eda que es de los reconocimientos que m\u00e1s orgullo me dan porque es una opini\u00f3n de los empleados, que hacen a trav\u00e9s de internet en una encuesta an\u00f3nima, y ellos son los que dicen que este es un gran lugar para trabajar\u201d.<\/h6>\n\n\n\n<p class=\"has-normal-font-size\">Su inter\u00e9s en Coparmex Jalisco surgi\u00f3 en su apoyo a los emprendedores. \u00c9l recuerda: \u201cMe invitaron a un encuentro empresarial en Puerto Vallarta hace algunos a\u00f1os; el presidente de Coparmex era entonces Valent\u00edn Gonz\u00e1lez de Cos\u00edo, y \u00e9l hizo una presentaci\u00f3n de los principios y valores de Coparmex, y la verdad me cautiv\u00f3 [\u2026] Posteriormente el presidente \u00d3scar Benavides me invita como vicepresidente para seguir viendo el tema de emprendimiento\u201d.<\/p>\n\n\n\n<p class=\"has-normal-font-size\"><strong>En la actualidad, Jos\u00e9 Medina Mora ha sido votado como nuevo presidente de Coparmex Jalisco, y para esta nueva etapa considera que es indispensable erradicar la corrupci\u00f3n, y es una labor en la que empresarios y Gobierno deben trabajar en conjunto, as\u00ed como cada individuo<\/strong>: <\/p>\n\n\n\n<h6 class=\"wp-block-heading\">\u201cLa manera es simple, respetar las leyes. Si cada uno se negara a conseguir favores a partir de mordidas, las cosas ser\u00edan diferentes\u201d.<\/h6>\n\n\n\n<p class=\"has-normal-font-size\">Otro de los puntos en los que trabajar\u00e1 es compartir la f\u00f3rmula utilizada en Coparmex con otros centros empresariales para que estos alcancen un mejor nivel y puedan fomentar m\u00e1s empresas y empleos. Conjuntar esfuerzos con el Gobierno, la sociedad, las universidades y distintas organizaciones de la sociedad civil para encontrar soluciones a las m\u00faltiples problem\u00e1ticas de Jalisco.<\/p>\n\n\n\n<p style=\"color:#0d5879\" class=\"has-text-color has-normal-font-size\"><strong>Deja un mensaje para los lectores de <\/strong><strong><em>Entorno Empresarial<\/em><\/strong><strong>: \u201cNo debemos olvidar la responsabilidad social: actuar con \u00e9tica, ayudar al desarrollo del personal y el respeto a la dignidad de cada persona, el cuidado del medioambiente y la ayuda social; de esta forma tendremos mayor bienestar para todos\u201d.&nbsp;<\/strong><br><\/p>\n","protected":false},"excerpt":{"rendered":"<p>Empresario comprometido con la responsabilidad social, emprendedor que ha luchado y una persona convencida de que el desarrollo de las empresas ser\u00e1 a partir del progreso de la gente, as\u00ed es Jos\u00e9 Medina Mora.<\/p>\n","protected":false},"author":15,"featured_media":3436,"comment_status":"open","ping_status":"open","sticky":false,"template":"","format":"standard","meta":{"footnotes":""},"categories":[160],"tags":[304,169,303,181,302],"class_list":["post-2732","post","type-post","status-publish","format-standard","has-post-thumbnail","hentry","category-entrevista","tag-emprendedores","tag-empresa","tag-responsabilidad","tag-trabajo","tag-valores"],"yoast_head":"<!-- This site is optimized with the Yoast SEO plugin v27.5 - https:\/\/yoast.com\/product\/yoast-seo-wordpress\/ -->\n<title>Un hombre de valores: Jos\u00e9 Medina Mora - Entorno Empresarial<\/title>\n<meta name=\"robots\" content=\"index, follow, max-snippet:-1, max-image-preview:large, max-video-preview:-1\" \/>\n<link rel=\"canonical\" href=\"https:\/\/coparmexjal.org.mx\/entorno-empresarial\/un-hombre-de-valores-jose-medina-mora\/\" \/>\n<meta property=\"og:locale\" content=\"es_MX\" \/>\n<meta property=\"og:type\" content=\"article\" \/>\n<meta property=\"og:title\" content=\"Un hombre de valores: Jos\u00e9 Medina Mora - Entorno Empresarial\" \/>\n<meta property=\"og:description\" content=\"Empresario comprometido con la responsabilidad social, emprendedor que ha luchado y una persona convencida de que el desarrollo de las empresas ser\u00e1 a partir del progreso de la gente, as\u00ed es Jos\u00e9 Medina Mora.\" \/>\n<meta property=\"og:url\" content=\"https:\/\/coparmexjal.org.mx\/entorno-empresarial\/un-hombre-de-valores-jose-medina-mora\/\" \/>\n<meta property=\"og:site_name\" content=\"Entorno Empresarial\" \/>\n<meta property=\"article:publisher\" content=\"https:\/\/facebook.com\/comcoparmex\" \/>\n<meta property=\"article:published_time\" content=\"2014-03-01T21:33:00+00:00\" \/>\n<meta property=\"article:modified_time\" content=\"2020-06-07T00:35:14+00:00\" \/>\n<meta property=\"og:image\" content=\"https:\/\/coparmexjal.org.mx\/entorno-empresarial\/wp-content\/uploads\/2014\/03\/Jose-Medina-Mora.jpg\" \/>\n\t<meta property=\"og:image:width\" content=\"1280\" \/>\n\t<meta property=\"og:image:height\" content=\"853\" \/>\n\t<meta property=\"og:image:type\" content=\"image\/jpeg\" \/>\n<meta name=\"author\" content=\"Gaby Guerra\" \/>\n<meta name=\"twitter:card\" content=\"summary_large_image\" \/>\n<meta name=\"twitter:creator\" content=\"@comcoparmex\" \/>\n<meta name=\"twitter:site\" content=\"@comcoparmex\" \/>\n<meta name=\"twitter:label1\" content=\"Escrito por\" \/>\n\t<meta name=\"twitter:data1\" content=\"Gaby Guerra\" \/>\n\t<meta name=\"twitter:label2\" content=\"Tiempo de lectura\" \/>\n\t<meta name=\"twitter:data2\" content=\"4 minutos\" \/>\n<script type=\"application\/ld+json\" class=\"yoast-schema-graph\">{\"@context\":\"https:\\\/\\\/schema.org\",\"@graph\":[{\"@type\":\"Article\",\"@id\":\"https:\\\/\\\/coparmexjal.org.mx\\\/entorno-empresarial\\\/un-hombre-de-valores-jose-medina-mora\\\/#article\",\"isPartOf\":{\"@id\":\"https:\\\/\\\/coparmexjal.org.mx\\\/entorno-empresarial\\\/un-hombre-de-valores-jose-medina-mora\\\/\"},\"author\":{\"name\":\"Gaby Guerra\",\"@id\":\"https:\\\/\\\/coparmexjal.org.mx\\\/entorno-empresarial\\\/#\\\/schema\\\/person\\\/4c7da20f3e7fd89393a65645127ee00e\"},\"headline\":\"Un hombre de valores: Jos\u00e9 Medina Mora\",\"datePublished\":\"2014-03-01T21:33:00+00:00\",\"dateModified\":\"2020-06-07T00:35:14+00:00\",\"mainEntityOfPage\":{\"@id\":\"https:\\\/\\\/coparmexjal.org.mx\\\/entorno-empresarial\\\/un-hombre-de-valores-jose-medina-mora\\\/\"},\"wordCount\":843,\"commentCount\":0,\"publisher\":{\"@id\":\"https:\\\/\\\/coparmexjal.org.mx\\\/entorno-empresarial\\\/#organization\"},\"image\":{\"@id\":\"https:\\\/\\\/coparmexjal.org.mx\\\/entorno-empresarial\\\/un-hombre-de-valores-jose-medina-mora\\\/#primaryimage\"},\"thumbnailUrl\":\"https:\\\/\\\/coparmexjal.org.mx\\\/entorno-empresarial\\\/wp-content\\\/uploads\\\/2014\\\/03\\\/Jose-Medina-Mora.jpg\",\"keywords\":[\"emprendedores\",\"empresa\",\"responsabilidad\",\"trabajo\",\"valores\"],\"articleSection\":[\"Entrevista\"],\"inLanguage\":\"es\",\"potentialAction\":[{\"@type\":\"CommentAction\",\"name\":\"Comment\",\"target\":[\"https:\\\/\\\/coparmexjal.org.mx\\\/entorno-empresarial\\\/un-hombre-de-valores-jose-medina-mora\\\/#respond\"]}]},{\"@type\":\"WebPage\",\"@id\":\"https:\\\/\\\/coparmexjal.org.mx\\\/entorno-empresarial\\\/un-hombre-de-valores-jose-medina-mora\\\/\",\"url\":\"https:\\\/\\\/coparmexjal.org.mx\\\/entorno-empresarial\\\/un-hombre-de-valores-jose-medina-mora\\\/\",\"name\":\"Un hombre de valores: Jos\u00e9 Medina Mora - Entorno Empresarial\",\"isPartOf\":{\"@id\":\"https:\\\/\\\/coparmexjal.org.mx\\\/entorno-empresarial\\\/#website\"},\"primaryImageOfPage\":{\"@id\":\"https:\\\/\\\/coparmexjal.org.mx\\\/entorno-empresarial\\\/un-hombre-de-valores-jose-medina-mora\\\/#primaryimage\"},\"image\":{\"@id\":\"https:\\\/\\\/coparmexjal.org.mx\\\/entorno-empresarial\\\/un-hombre-de-valores-jose-medina-mora\\\/#primaryimage\"},\"thumbnailUrl\":\"https:\\\/\\\/coparmexjal.org.mx\\\/entorno-empresarial\\\/wp-content\\\/uploads\\\/2014\\\/03\\\/Jose-Medina-Mora.jpg\",\"datePublished\":\"2014-03-01T21:33:00+00:00\",\"dateModified\":\"2020-06-07T00:35:14+00:00\",\"breadcrumb\":{\"@id\":\"https:\\\/\\\/coparmexjal.org.mx\\\/entorno-empresarial\\\/un-hombre-de-valores-jose-medina-mora\\\/#breadcrumb\"},\"inLanguage\":\"es\",\"potentialAction\":[{\"@type\":\"ReadAction\",\"target\":[\"https:\\\/\\\/coparmexjal.org.mx\\\/entorno-empresarial\\\/un-hombre-de-valores-jose-medina-mora\\\/\"]}]},{\"@type\":\"ImageObject\",\"inLanguage\":\"es\",\"@id\":\"https:\\\/\\\/coparmexjal.org.mx\\\/entorno-empresarial\\\/un-hombre-de-valores-jose-medina-mora\\\/#primaryimage\",\"url\":\"https:\\\/\\\/coparmexjal.org.mx\\\/entorno-empresarial\\\/wp-content\\\/uploads\\\/2014\\\/03\\\/Jose-Medina-Mora.jpg\",\"contentUrl\":\"https:\\\/\\\/coparmexjal.org.mx\\\/entorno-empresarial\\\/wp-content\\\/uploads\\\/2014\\\/03\\\/Jose-Medina-Mora.jpg\",\"width\":1280,\"height\":853},{\"@type\":\"BreadcrumbList\",\"@id\":\"https:\\\/\\\/coparmexjal.org.mx\\\/entorno-empresarial\\\/un-hombre-de-valores-jose-medina-mora\\\/#breadcrumb\",\"itemListElement\":[{\"@type\":\"ListItem\",\"position\":1,\"name\":\"Inicio\",\"item\":\"https:\\\/\\\/coparmexjal.org.mx\\\/entorno-empresarial\\\/\"},{\"@type\":\"ListItem\",\"position\":2,\"name\":\"Un hombre de valores: Jos\u00e9 Medina Mora\"}]},{\"@type\":\"WebSite\",\"@id\":\"https:\\\/\\\/coparmexjal.org.mx\\\/entorno-empresarial\\\/#website\",\"url\":\"https:\\\/\\\/coparmexjal.org.mx\\\/entorno-empresarial\\\/\",\"name\":\"Revista Entorno Empresarial\",\"description\":\"Coparmex Jalisco\",\"publisher\":{\"@id\":\"https:\\\/\\\/coparmexjal.org.mx\\\/entorno-empresarial\\\/#organization\"},\"potentialAction\":[{\"@type\":\"SearchAction\",\"target\":{\"@type\":\"EntryPoint\",\"urlTemplate\":\"https:\\\/\\\/coparmexjal.org.mx\\\/entorno-empresarial\\\/?s={search_term_string}\"},\"query-input\":{\"@type\":\"PropertyValueSpecification\",\"valueRequired\":true,\"valueName\":\"search_term_string\"}}],\"inLanguage\":\"es\"},{\"@type\":\"Organization\",\"@id\":\"https:\\\/\\\/coparmexjal.org.mx\\\/entorno-empresarial\\\/#organization\",\"name\":\"Coparmex Jalisco\",\"url\":\"https:\\\/\\\/coparmexjal.org.mx\\\/entorno-empresarial\\\/\",\"logo\":{\"@type\":\"ImageObject\",\"inLanguage\":\"es\",\"@id\":\"https:\\\/\\\/coparmexjal.org.mx\\\/entorno-empresarial\\\/#\\\/schema\\\/logo\\\/image\\\/\",\"url\":\"https:\\\/\\\/coparmexjal.org.mx\\\/entorno-empresarial\\\/wp-content\\\/uploads\\\/2020\\\/02\\\/logo-amp.png\",\"contentUrl\":\"https:\\\/\\\/coparmexjal.org.mx\\\/entorno-empresarial\\\/wp-content\\\/uploads\\\/2020\\\/02\\\/logo-amp.png\",\"width\":120,\"height\":90,\"caption\":\"Coparmex Jalisco\"},\"image\":{\"@id\":\"https:\\\/\\\/coparmexjal.org.mx\\\/entorno-empresarial\\\/#\\\/schema\\\/logo\\\/image\\\/\"},\"sameAs\":[\"https:\\\/\\\/facebook.com\\\/comcoparmex\",\"https:\\\/\\\/x.com\\\/comcoparmex\",\"http:\\\/\\\/instagram.com\\\/coparmexjalisco\",\"https:\\\/\\\/mx.linkedin.com\\\/company\\\/coparmex-jalisco\",\"https:\\\/\\\/www.youtube.com\\\/c\\\/CoparmexJaliscomx\"]},{\"@type\":\"Person\",\"@id\":\"https:\\\/\\\/coparmexjal.org.mx\\\/entorno-empresarial\\\/#\\\/schema\\\/person\\\/4c7da20f3e7fd89393a65645127ee00e\",\"name\":\"Gaby Guerra\",\"image\":{\"@type\":\"ImageObject\",\"inLanguage\":\"es\",\"@id\":\"https:\\\/\\\/coparmexjal.org.mx\\\/entorno-empresarial\\\/wp-content\\\/uploads\\\/2020\\\/06\\\/Gaby-Guerra-150x150.jpg\",\"url\":\"https:\\\/\\\/coparmexjal.org.mx\\\/entorno-empresarial\\\/wp-content\\\/uploads\\\/2020\\\/06\\\/Gaby-Guerra-150x150.jpg\",\"contentUrl\":\"https:\\\/\\\/coparmexjal.org.mx\\\/entorno-empresarial\\\/wp-content\\\/uploads\\\/2020\\\/06\\\/Gaby-Guerra-150x150.jpg\",\"caption\":\"Gaby Guerra\"},\"description\":\"Gerente Comunicaci\u00f3n Corporativa Coparmex Jalisco\",\"url\":\"https:\\\/\\\/coparmexjal.org.mx\\\/entorno-empresarial\\\/author\\\/gabriela-guerra\\\/\"}]}<\/script>\n<!-- \/ Yoast SEO plugin. -->","yoast_head_json":{"title":"Un hombre de valores: Jos\u00e9 Medina Mora - Entorno Empresarial","robots":{"index":"index","follow":"follow","max-snippet":"max-snippet:-1","max-image-preview":"max-image-preview:large","max-video-preview":"max-video-preview:-1"},"canonical":"https:\/\/coparmexjal.org.mx\/entorno-empresarial\/un-hombre-de-valores-jose-medina-mora\/","og_locale":"es_MX","og_type":"article","og_title":"Un hombre de valores: Jos\u00e9 Medina Mora - Entorno Empresarial","og_description":"Empresario comprometido con la responsabilidad social, emprendedor que ha luchado y una persona convencida de que el desarrollo de las empresas ser\u00e1 a partir del progreso de la gente, as\u00ed es Jos\u00e9 Medina Mora.","og_url":"https:\/\/coparmexjal.org.mx\/entorno-empresarial\/un-hombre-de-valores-jose-medina-mora\/","og_site_name":"Entorno Empresarial","article_publisher":"https:\/\/facebook.com\/comcoparmex","article_published_time":"2014-03-01T21:33:00+00:00","article_modified_time":"2020-06-07T00:35:14+00:00","og_image":[{"width":1280,"height":853,"url":"https:\/\/coparmexjal.org.mx\/entorno-empresarial\/wp-content\/uploads\/2014\/03\/Jose-Medina-Mora.jpg","type":"image\/jpeg"}],"author":"Gaby Guerra","twitter_card":"summary_large_image","twitter_creator":"@comcoparmex","twitter_site":"@comcoparmex","twitter_misc":{"Escrito por":"Gaby Guerra","Tiempo de lectura":"4 minutos"},"schema":{"@context":"https:\/\/schema.org","@graph":[{"@type":"Article","@id":"https:\/\/coparmexjal.org.mx\/entorno-empresarial\/un-hombre-de-valores-jose-medina-mora\/#article","isPartOf":{"@id":"https:\/\/coparmexjal.org.mx\/entorno-empresarial\/un-hombre-de-valores-jose-medina-mora\/"},"author":{"name":"Gaby Guerra","@id":"https:\/\/coparmexjal.org.mx\/entorno-empresarial\/#\/schema\/person\/4c7da20f3e7fd89393a65645127ee00e"},"headline":"Un hombre de valores: Jos\u00e9 Medina Mora","datePublished":"2014-03-01T21:33:00+00:00","dateModified":"2020-06-07T00:35:14+00:00","mainEntityOfPage":{"@id":"https:\/\/coparmexjal.org.mx\/entorno-empresarial\/un-hombre-de-valores-jose-medina-mora\/"},"wordCount":843,"commentCount":0,"publisher":{"@id":"https:\/\/coparmexjal.org.mx\/entorno-empresarial\/#organization"},"image":{"@id":"https:\/\/coparmexjal.org.mx\/entorno-empresarial\/un-hombre-de-valores-jose-medina-mora\/#primaryimage"},"thumbnailUrl":"https:\/\/coparmexjal.org.mx\/entorno-empresarial\/wp-content\/uploads\/2014\/03\/Jose-Medina-Mora.jpg","keywords":["emprendedores","empresa","responsabilidad","trabajo","valores"],"articleSection":["Entrevista"],"inLanguage":"es","potentialAction":[{"@type":"CommentAction","name":"Comment","target":["https:\/\/coparmexjal.org.mx\/entorno-empresarial\/un-hombre-de-valores-jose-medina-mora\/#respond"]}]},{"@type":"WebPage","@id":"https:\/\/coparmexjal.org.mx\/entorno-empresarial\/un-hombre-de-valores-jose-medina-mora\/","url":"https:\/\/coparmexjal.org.mx\/entorno-empresarial\/un-hombre-de-valores-jose-medina-mora\/","name":"Un hombre de valores: Jos\u00e9 Medina Mora - Entorno Empresarial","isPartOf":{"@id":"https:\/\/coparmexjal.org.mx\/entorno-empresarial\/#website"},"primaryImageOfPage":{"@id":"https:\/\/coparmexjal.org.mx\/entorno-empresarial\/un-hombre-de-valores-jose-medina-mora\/#primaryimage"},"image":{"@id":"https:\/\/coparmexjal.org.mx\/entorno-empresarial\/un-hombre-de-valores-jose-medina-mora\/#primaryimage"},"thumbnailUrl":"https:\/\/coparmexjal.org.mx\/entorno-empresarial\/wp-content\/uploads\/2014\/03\/Jose-Medina-Mora.jpg","datePublished":"2014-03-01T21:33:00+00:00","dateModified":"2020-06-07T00:35:14+00:00","breadcrumb":{"@id":"https:\/\/coparmexjal.org.mx\/entorno-empresarial\/un-hombre-de-valores-jose-medina-mora\/#breadcrumb"},"inLanguage":"es","potentialAction":[{"@type":"ReadAction","target":["https:\/\/coparmexjal.org.mx\/entorno-empresarial\/un-hombre-de-valores-jose-medina-mora\/"]}]},{"@type":"ImageObject","inLanguage":"es","@id":"https:\/\/coparmexjal.org.mx\/entorno-empresarial\/un-hombre-de-valores-jose-medina-mora\/#primaryimage","url":"https:\/\/coparmexjal.org.mx\/entorno-empresarial\/wp-content\/uploads\/2014\/03\/Jose-Medina-Mora.jpg","contentUrl":"https:\/\/coparmexjal.org.mx\/entorno-empresarial\/wp-content\/uploads\/2014\/03\/Jose-Medina-Mora.jpg","width":1280,"height":853},{"@type":"BreadcrumbList","@id":"https:\/\/coparmexjal.org.mx\/entorno-empresarial\/un-hombre-de-valores-jose-medina-mora\/#breadcrumb","itemListElement":[{"@type":"ListItem","position":1,"name":"Inicio","item":"https:\/\/coparmexjal.org.mx\/entorno-empresarial\/"},{"@type":"ListItem","position":2,"name":"Un hombre de valores: Jos\u00e9 Medina Mora"}]},{"@type":"WebSite","@id":"https:\/\/coparmexjal.org.mx\/entorno-empresarial\/#website","url":"https:\/\/coparmexjal.org.mx\/entorno-empresarial\/","name":"Revista Entorno Empresarial","description":"Coparmex Jalisco","publisher":{"@id":"https:\/\/coparmexjal.org.mx\/entorno-empresarial\/#organization"},"potentialAction":[{"@type":"SearchAction","target":{"@type":"EntryPoint","urlTemplate":"https:\/\/coparmexjal.org.mx\/entorno-empresarial\/?s={search_term_string}"},"query-input":{"@type":"PropertyValueSpecification","valueRequired":true,"valueName":"search_term_string"}}],"inLanguage":"es"},{"@type":"Organization","@id":"https:\/\/coparmexjal.org.mx\/entorno-empresarial\/#organization","name":"Coparmex Jalisco","url":"https:\/\/coparmexjal.org.mx\/entorno-empresarial\/","logo":{"@type":"ImageObject","inLanguage":"es","@id":"https:\/\/coparmexjal.org.mx\/entorno-empresarial\/#\/schema\/logo\/image\/","url":"https:\/\/coparmexjal.org.mx\/entorno-empresarial\/wp-content\/uploads\/2020\/02\/logo-amp.png","contentUrl":"https:\/\/coparmexjal.org.mx\/entorno-empresarial\/wp-content\/uploads\/2020\/02\/logo-amp.png","width":120,"height":90,"caption":"Coparmex Jalisco"},"image":{"@id":"https:\/\/coparmexjal.org.mx\/entorno-empresarial\/#\/schema\/logo\/image\/"},"sameAs":["https:\/\/facebook.com\/comcoparmex","https:\/\/x.com\/comcoparmex","http:\/\/instagram.com\/coparmexjalisco","https:\/\/mx.linkedin.com\/company\/coparmex-jalisco","https:\/\/www.youtube.com\/c\/CoparmexJaliscomx"]},{"@type":"Person","@id":"https:\/\/coparmexjal.org.mx\/entorno-empresarial\/#\/schema\/person\/4c7da20f3e7fd89393a65645127ee00e","name":"Gaby Guerra","image":{"@type":"ImageObject","inLanguage":"es","@id":"https:\/\/coparmexjal.org.mx\/entorno-empresarial\/wp-content\/uploads\/2020\/06\/Gaby-Guerra-150x150.jpg","url":"https:\/\/coparmexjal.org.mx\/entorno-empresarial\/wp-content\/uploads\/2020\/06\/Gaby-Guerra-150x150.jpg","contentUrl":"https:\/\/coparmexjal.org.mx\/entorno-empresarial\/wp-content\/uploads\/2020\/06\/Gaby-Guerra-150x150.jpg","caption":"Gaby Guerra"},"description":"Gerente Comunicaci\u00f3n Corporativa Coparmex Jalisco","url":"https:\/\/coparmexjal.org.mx\/entorno-empresarial\/author\/gabriela-guerra\/"}]}},"_links":{"self":[{"href":"https:\/\/coparmexjal.org.mx\/entorno-empresarial\/wp-json\/wp\/v2\/posts\/2732","targetHints":{"allow":["GET"]}}],"collection":[{"href":"https:\/\/coparmexjal.org.mx\/entorno-empresarial\/wp-json\/wp\/v2\/posts"}],"about":[{"href":"https:\/\/coparmexjal.org.mx\/entorno-empresarial\/wp-json\/wp\/v2\/types\/post"}],"author":[{"embeddable":true,"href":"https:\/\/coparmexjal.org.mx\/entorno-empresarial\/wp-json\/wp\/v2\/users\/15"}],"replies":[{"embeddable":true,"href":"https:\/\/coparmexjal.org.mx\/entorno-empresarial\/wp-json\/wp\/v2\/comments?post=2732"}],"version-history":[{"count":6,"href":"https:\/\/coparmexjal.org.mx\/entorno-empresarial\/wp-json\/wp\/v2\/posts\/2732\/revisions"}],"predecessor-version":[{"id":3437,"href":"https:\/\/coparmexjal.org.mx\/entorno-empresarial\/wp-json\/wp\/v2\/posts\/2732\/revisions\/3437"}],"wp:featuredmedia":[{"embeddable":true,"href":"https:\/\/coparmexjal.org.mx\/entorno-empresarial\/wp-json\/wp\/v2\/media\/3436"}],"wp:attachment":[{"href":"https:\/\/coparmexjal.org.mx\/entorno-empresarial\/wp-json\/wp\/v2\/media?parent=2732"}],"wp:term":[{"taxonomy":"category","embeddable":true,"href":"https:\/\/coparmexjal.org.mx\/entorno-empresarial\/wp-json\/wp\/v2\/categories?post=2732"},{"taxonomy":"post_tag","embeddable":true,"href":"https:\/\/coparmexjal.org.mx\/entorno-empresarial\/wp-json\/wp\/v2\/tags?post=2732"}],"curies":[{"name":"wp","href":"https:\/\/api.w.org\/{rel}","templated":true}]}}