{"id":2726,"date":"2014-05-01T15:25:15","date_gmt":"2014-05-01T20:25:15","guid":{"rendered":"http:\/\/coparmexjal.org.mx\/entorno-empresarial\/?p=2726"},"modified":"2020-06-06T19:37:39","modified_gmt":"2020-06-07T00:37:39","slug":"sonar-es-poder-juan-verde","status":"publish","type":"post","link":"https:\/\/coparmexjal.org.mx\/entorno-empresarial\/sonar-es-poder-juan-verde\/","title":{"rendered":"So\u00f1ar es poder: Juan Verde"},"content":{"rendered":"\n<p class=\"has-normal-font-size\">Graduado con honores en Ciencias Pol\u00edticas y en Relaciones Internacionales por la Universidad de Boston, y con un m\u00e1ster en Pol\u00edticas P\u00fablicas por la Universidad de Harvard, <strong>Juan Verde se define a s\u00ed mismo como un so\u00f1ador<\/strong>. Sus sue\u00f1os lo han llevado a ser identificado por la revista <em>Expansi\u00f3n<\/em> dentro de lo diez espa\u00f1oles m\u00e1s influyentes del mundo, mientras que el peri\u00f3dico <em>El Pa\u00eds<\/em> lo ha ubicado como uno de los cien iberoamericanos m\u00e1s importantes.<\/p>\n\n\n\n<p class=\"has-normal-font-size\">Pero \u00bfQu\u00e9 ha hecho que Juan se coloque en la mira de los reflectores de gran parte del mundo? Ni m\u00e1s ni menos que fungir como codirector de la campa\u00f1a internacional de uno de los presidentes estadounidenses que ha causado mayor revuelo en todo el mundo: Barack Obama.<\/p>\n\n\n\n<p class=\"has-normal-font-size\">Con tan solo quince a\u00f1os, Juan, nacido en las Islas Canarias, lleg\u00f3 a Estados Unidos sin siquiera hablar una palabra de ingl\u00e9s. Una vez en este lugar, rodeado de una cultura diferente y por diversas circunstancias, termin\u00f3 trabajando como voluntario en una campa\u00f1a pol\u00edtica local, situaci\u00f3n que desat\u00f3 su gusto por este \u00e1mbito. \u201cEn ese momento me di cuenta (de) que la mejor forma de cambiar lo que no te gusta de la sociedad es desde adentro es un error pensar que la pol\u00edtica o los pol\u00edticos son parte del problema, cuando es la forma m\u00e1s efectiva de cambiar las cosas\u201d, afirma.<\/p>\n\n\n\n<div class=\"wp-block-image\"><figure class=\"aligncenter size-large\"><img fetchpriority=\"high\" decoding=\"async\" width=\"849\" height=\"160\" src=\"http:\/\/coparmexjal.org.mx\/entorno-empresarial\/wp-content\/uploads\/2020\/02\/pasted-image-0-1-4.png\" alt=\"\" class=\"wp-image-2727\" srcset=\"https:\/\/coparmexjal.org.mx\/entorno-empresarial\/wp-content\/uploads\/2020\/02\/pasted-image-0-1-4.png 849w, https:\/\/coparmexjal.org.mx\/entorno-empresarial\/wp-content\/uploads\/2020\/02\/pasted-image-0-1-4-300x57.png 300w, https:\/\/coparmexjal.org.mx\/entorno-empresarial\/wp-content\/uploads\/2020\/02\/pasted-image-0-1-4-768x145.png 768w\" sizes=\"(max-width: 849px) 100vw, 849px\" \/><\/figure><\/div>\n\n\n\n<p class=\"has-normal-font-size\">Este suceso en su vida <strong>lo llev\u00f3 a trabajar al lado de grandes personalidades, como el senador Ted Kennedy, el presidente Bill Clinton, el vicepresidente Al Gore, el senador John Kerry y la ex secretaria de Estado, Hillary Clinton. Verde destaca la calidad humana de las personas con quienes ha trabajado; asegura \u201cnos olvidamos muchas veces (de) que son humanos, que sienten, padecen y sufren como los dem\u00e1s, y muchas veces nos creamos grandes y falsas expectativas, como en su momento se pensaba con el presidente Obama que iba a acabar con la injusticia, con la guerra, con el hambre en noventa d\u00edas\u2026, y es una expectativa poco realista\u201d.<\/strong><\/p>\n\n\n\n<p class=\"has-normal-font-size\">En su libro, <em>So\u00f1ar es poder<\/em>, Juan Verde recopil\u00f3 sus experiencias y comparte las claves del \u00e9xito de la campa\u00f1a de Obama, pero \u00bfCu\u00e1l es la clave del suyo? \u201cSon tres claves: la primera es <strong>sentir pasi\u00f3n por lo que haces<\/strong>. Hay un refr\u00e1n muy bonito que dice: \u2018busca un oficio por el que sientas pasi\u00f3n y no volver\u00e1s a trabajar ni un solo d\u00eda m\u00e1s en tu vida\u2019. Para m\u00ed es una filosof\u00eda buscar cosas por las que sentir pasi\u00f3n. Dos, <strong>asumir riesgos sin temor al fracaso<\/strong>, lo que es clave para seguirte motivado, si no, caes en el conformismo; y tres, <strong>buscar proyectos u oportunidades en los que me permita devolver a la sociedad<\/strong>, a la comunidad en la que vivo, parte de lo que he aprendido en el camino, que es una obligaci\u00f3n que tenemos todos y que para m\u00ed han sido mis mentores. Nunca se olviden de donde vienen\u201d.<\/p>\n\n\n\n<p class=\"has-normal-font-size\">Actualmente, Juan Verde es consejero y asesor de prestigiosas compa\u00f1\u00edas en Europa y Estados Unidos, como Sovereign Bank (divisi\u00f3n estadounidense del banco Santander) y la empresa de energ\u00edas renovables Abengoa. Adem\u00e1s, forma parte del consejo de administraci\u00f3n de Kennedy School of Government de la Universidad de Harvard y el consejo asesor internacional de Lituania, entre otras.<\/p>\n\n\n\n<p style=\"color:#0d5879\" class=\"has-text-color has-normal-font-size\"><strong>Juan Verde pide a los lectores de <\/strong><strong><em>Entorno Empresarial<\/em><\/strong><strong> no abandonar sus ideas a pesar de lo locas que puedan parecer; la verdadera clave es no rendirse y llegar hasta la meta. \u201cSacar ese emprendedor que llevamos dentro\u201d, finaliz\u00f3.<\/strong><br><\/p>\n","protected":false},"excerpt":{"rendered":"<p>\u00bfQu\u00e9 ha hecho que Juan se coloque en la mira de los reflectores de gran parte del mundo? Ni m\u00e1s ni menos que fungir como codirector de la campa\u00f1a internacional de uno de los presidentes estadounidenses que ha causado mayor revuelo en todo el mundo: Barack Obama.<\/p>\n","protected":false},"author":15,"featured_media":3439,"comment_status":"open","ping_status":"open","sticky":false,"template":"","format":"standard","meta":{"footnotes":""},"categories":[160],"tags":[299,300,301,297,298],"class_list":["post-2726","post","type-post","status-publish","format-standard","has-post-thumbnail","hentry","category-entrevista","tag-ciencias-politicas","tag-exito","tag-ideas","tag-poder","tag-sonar"],"yoast_head":"<!-- This site is optimized with the Yoast SEO plugin v27.5 - https:\/\/yoast.com\/product\/yoast-seo-wordpress\/ -->\n<title>So\u00f1ar es poder: Juan Verde - Entorno Empresarial<\/title>\n<meta name=\"robots\" content=\"index, follow, max-snippet:-1, max-image-preview:large, max-video-preview:-1\" \/>\n<link rel=\"canonical\" href=\"https:\/\/coparmexjal.org.mx\/entorno-empresarial\/sonar-es-poder-juan-verde\/\" \/>\n<meta property=\"og:locale\" content=\"es_MX\" \/>\n<meta property=\"og:type\" content=\"article\" \/>\n<meta property=\"og:title\" content=\"So\u00f1ar es poder: Juan Verde - Entorno Empresarial\" \/>\n<meta property=\"og:description\" content=\"\u00bfQu\u00e9 ha hecho que Juan se coloque en la mira de los reflectores de gran parte del mundo? Ni m\u00e1s ni menos que fungir como codirector de la campa\u00f1a internacional de uno de los presidentes estadounidenses que ha causado mayor revuelo en todo el mundo: Barack Obama.\" \/>\n<meta property=\"og:url\" content=\"https:\/\/coparmexjal.org.mx\/entorno-empresarial\/sonar-es-poder-juan-verde\/\" \/>\n<meta property=\"og:site_name\" content=\"Entorno Empresarial\" \/>\n<meta property=\"article:publisher\" content=\"https:\/\/facebook.com\/comcoparmex\" \/>\n<meta property=\"article:published_time\" content=\"2014-05-01T20:25:15+00:00\" \/>\n<meta property=\"article:modified_time\" content=\"2020-06-07T00:37:39+00:00\" \/>\n<meta property=\"og:image\" content=\"https:\/\/coparmexjal.org.mx\/entorno-empresarial\/wp-content\/uploads\/2014\/05\/Juan-Verde.jpg\" \/>\n\t<meta property=\"og:image:width\" content=\"1200\" \/>\n\t<meta property=\"og:image:height\" content=\"800\" \/>\n\t<meta property=\"og:image:type\" content=\"image\/jpeg\" \/>\n<meta name=\"author\" content=\"Gaby Guerra\" \/>\n<meta name=\"twitter:card\" content=\"summary_large_image\" \/>\n<meta name=\"twitter:creator\" content=\"@comcoparmex\" \/>\n<meta name=\"twitter:site\" content=\"@comcoparmex\" \/>\n<meta name=\"twitter:label1\" content=\"Escrito por\" \/>\n\t<meta name=\"twitter:data1\" content=\"Gaby Guerra\" \/>\n\t<meta name=\"twitter:label2\" content=\"Tiempo de lectura\" \/>\n\t<meta name=\"twitter:data2\" content=\"3 minutos\" \/>\n<script type=\"application\/ld+json\" class=\"yoast-schema-graph\">{\"@context\":\"https:\\\/\\\/schema.org\",\"@graph\":[{\"@type\":\"Article\",\"@id\":\"https:\\\/\\\/coparmexjal.org.mx\\\/entorno-empresarial\\\/sonar-es-poder-juan-verde\\\/#article\",\"isPartOf\":{\"@id\":\"https:\\\/\\\/coparmexjal.org.mx\\\/entorno-empresarial\\\/sonar-es-poder-juan-verde\\\/\"},\"author\":{\"name\":\"Gaby Guerra\",\"@id\":\"https:\\\/\\\/coparmexjal.org.mx\\\/entorno-empresarial\\\/#\\\/schema\\\/person\\\/4c7da20f3e7fd89393a65645127ee00e\"},\"headline\":\"So\u00f1ar es poder: Juan Verde\",\"datePublished\":\"2014-05-01T20:25:15+00:00\",\"dateModified\":\"2020-06-07T00:37:39+00:00\",\"mainEntityOfPage\":{\"@id\":\"https:\\\/\\\/coparmexjal.org.mx\\\/entorno-empresarial\\\/sonar-es-poder-juan-verde\\\/\"},\"wordCount\":629,\"commentCount\":0,\"publisher\":{\"@id\":\"https:\\\/\\\/coparmexjal.org.mx\\\/entorno-empresarial\\\/#organization\"},\"image\":{\"@id\":\"https:\\\/\\\/coparmexjal.org.mx\\\/entorno-empresarial\\\/sonar-es-poder-juan-verde\\\/#primaryimage\"},\"thumbnailUrl\":\"https:\\\/\\\/coparmexjal.org.mx\\\/entorno-empresarial\\\/wp-content\\\/uploads\\\/2014\\\/05\\\/Juan-Verde.jpg\",\"keywords\":[\"ciencias pol\u00edticas\",\"\u00e9xito\",\"ideas\",\"poder\",\"so\u00f1ar\"],\"articleSection\":[\"Entrevista\"],\"inLanguage\":\"es\",\"potentialAction\":[{\"@type\":\"CommentAction\",\"name\":\"Comment\",\"target\":[\"https:\\\/\\\/coparmexjal.org.mx\\\/entorno-empresarial\\\/sonar-es-poder-juan-verde\\\/#respond\"]}]},{\"@type\":\"WebPage\",\"@id\":\"https:\\\/\\\/coparmexjal.org.mx\\\/entorno-empresarial\\\/sonar-es-poder-juan-verde\\\/\",\"url\":\"https:\\\/\\\/coparmexjal.org.mx\\\/entorno-empresarial\\\/sonar-es-poder-juan-verde\\\/\",\"name\":\"So\u00f1ar es poder: Juan Verde - Entorno Empresarial\",\"isPartOf\":{\"@id\":\"https:\\\/\\\/coparmexjal.org.mx\\\/entorno-empresarial\\\/#website\"},\"primaryImageOfPage\":{\"@id\":\"https:\\\/\\\/coparmexjal.org.mx\\\/entorno-empresarial\\\/sonar-es-poder-juan-verde\\\/#primaryimage\"},\"image\":{\"@id\":\"https:\\\/\\\/coparmexjal.org.mx\\\/entorno-empresarial\\\/sonar-es-poder-juan-verde\\\/#primaryimage\"},\"thumbnailUrl\":\"https:\\\/\\\/coparmexjal.org.mx\\\/entorno-empresarial\\\/wp-content\\\/uploads\\\/2014\\\/05\\\/Juan-Verde.jpg\",\"datePublished\":\"2014-05-01T20:25:15+00:00\",\"dateModified\":\"2020-06-07T00:37:39+00:00\",\"breadcrumb\":{\"@id\":\"https:\\\/\\\/coparmexjal.org.mx\\\/entorno-empresarial\\\/sonar-es-poder-juan-verde\\\/#breadcrumb\"},\"inLanguage\":\"es\",\"potentialAction\":[{\"@type\":\"ReadAction\",\"target\":[\"https:\\\/\\\/coparmexjal.org.mx\\\/entorno-empresarial\\\/sonar-es-poder-juan-verde\\\/\"]}]},{\"@type\":\"ImageObject\",\"inLanguage\":\"es\",\"@id\":\"https:\\\/\\\/coparmexjal.org.mx\\\/entorno-empresarial\\\/sonar-es-poder-juan-verde\\\/#primaryimage\",\"url\":\"https:\\\/\\\/coparmexjal.org.mx\\\/entorno-empresarial\\\/wp-content\\\/uploads\\\/2014\\\/05\\\/Juan-Verde.jpg\",\"contentUrl\":\"https:\\\/\\\/coparmexjal.org.mx\\\/entorno-empresarial\\\/wp-content\\\/uploads\\\/2014\\\/05\\\/Juan-Verde.jpg\",\"width\":1200,\"height\":800},{\"@type\":\"BreadcrumbList\",\"@id\":\"https:\\\/\\\/coparmexjal.org.mx\\\/entorno-empresarial\\\/sonar-es-poder-juan-verde\\\/#breadcrumb\",\"itemListElement\":[{\"@type\":\"ListItem\",\"position\":1,\"name\":\"Inicio\",\"item\":\"https:\\\/\\\/coparmexjal.org.mx\\\/entorno-empresarial\\\/\"},{\"@type\":\"ListItem\",\"position\":2,\"name\":\"So\u00f1ar es poder: Juan Verde\"}]},{\"@type\":\"WebSite\",\"@id\":\"https:\\\/\\\/coparmexjal.org.mx\\\/entorno-empresarial\\\/#website\",\"url\":\"https:\\\/\\\/coparmexjal.org.mx\\\/entorno-empresarial\\\/\",\"name\":\"Revista Entorno Empresarial\",\"description\":\"Coparmex Jalisco\",\"publisher\":{\"@id\":\"https:\\\/\\\/coparmexjal.org.mx\\\/entorno-empresarial\\\/#organization\"},\"potentialAction\":[{\"@type\":\"SearchAction\",\"target\":{\"@type\":\"EntryPoint\",\"urlTemplate\":\"https:\\\/\\\/coparmexjal.org.mx\\\/entorno-empresarial\\\/?s={search_term_string}\"},\"query-input\":{\"@type\":\"PropertyValueSpecification\",\"valueRequired\":true,\"valueName\":\"search_term_string\"}}],\"inLanguage\":\"es\"},{\"@type\":\"Organization\",\"@id\":\"https:\\\/\\\/coparmexjal.org.mx\\\/entorno-empresarial\\\/#organization\",\"name\":\"Coparmex Jalisco\",\"url\":\"https:\\\/\\\/coparmexjal.org.mx\\\/entorno-empresarial\\\/\",\"logo\":{\"@type\":\"ImageObject\",\"inLanguage\":\"es\",\"@id\":\"https:\\\/\\\/coparmexjal.org.mx\\\/entorno-empresarial\\\/#\\\/schema\\\/logo\\\/image\\\/\",\"url\":\"https:\\\/\\\/coparmexjal.org.mx\\\/entorno-empresarial\\\/wp-content\\\/uploads\\\/2020\\\/02\\\/logo-amp.png\",\"contentUrl\":\"https:\\\/\\\/coparmexjal.org.mx\\\/entorno-empresarial\\\/wp-content\\\/uploads\\\/2020\\\/02\\\/logo-amp.png\",\"width\":120,\"height\":90,\"caption\":\"Coparmex Jalisco\"},\"image\":{\"@id\":\"https:\\\/\\\/coparmexjal.org.mx\\\/entorno-empresarial\\\/#\\\/schema\\\/logo\\\/image\\\/\"},\"sameAs\":[\"https:\\\/\\\/facebook.com\\\/comcoparmex\",\"https:\\\/\\\/x.com\\\/comcoparmex\",\"http:\\\/\\\/instagram.com\\\/coparmexjalisco\",\"https:\\\/\\\/mx.linkedin.com\\\/company\\\/coparmex-jalisco\",\"https:\\\/\\\/www.youtube.com\\\/c\\\/CoparmexJaliscomx\"]},{\"@type\":\"Person\",\"@id\":\"https:\\\/\\\/coparmexjal.org.mx\\\/entorno-empresarial\\\/#\\\/schema\\\/person\\\/4c7da20f3e7fd89393a65645127ee00e\",\"name\":\"Gaby Guerra\",\"image\":{\"@type\":\"ImageObject\",\"inLanguage\":\"es\",\"@id\":\"https:\\\/\\\/coparmexjal.org.mx\\\/entorno-empresarial\\\/wp-content\\\/uploads\\\/2020\\\/06\\\/Gaby-Guerra-150x150.jpg\",\"url\":\"https:\\\/\\\/coparmexjal.org.mx\\\/entorno-empresarial\\\/wp-content\\\/uploads\\\/2020\\\/06\\\/Gaby-Guerra-150x150.jpg\",\"contentUrl\":\"https:\\\/\\\/coparmexjal.org.mx\\\/entorno-empresarial\\\/wp-content\\\/uploads\\\/2020\\\/06\\\/Gaby-Guerra-150x150.jpg\",\"caption\":\"Gaby Guerra\"},\"description\":\"Gerente Comunicaci\u00f3n Corporativa Coparmex Jalisco\",\"url\":\"https:\\\/\\\/coparmexjal.org.mx\\\/entorno-empresarial\\\/author\\\/gabriela-guerra\\\/\"}]}<\/script>\n<!-- \/ Yoast SEO plugin. -->","yoast_head_json":{"title":"So\u00f1ar es poder: Juan Verde - Entorno Empresarial","robots":{"index":"index","follow":"follow","max-snippet":"max-snippet:-1","max-image-preview":"max-image-preview:large","max-video-preview":"max-video-preview:-1"},"canonical":"https:\/\/coparmexjal.org.mx\/entorno-empresarial\/sonar-es-poder-juan-verde\/","og_locale":"es_MX","og_type":"article","og_title":"So\u00f1ar es poder: Juan Verde - Entorno Empresarial","og_description":"\u00bfQu\u00e9 ha hecho que Juan se coloque en la mira de los reflectores de gran parte del mundo? Ni m\u00e1s ni menos que fungir como codirector de la campa\u00f1a internacional de uno de los presidentes estadounidenses que ha causado mayor revuelo en todo el mundo: Barack Obama.","og_url":"https:\/\/coparmexjal.org.mx\/entorno-empresarial\/sonar-es-poder-juan-verde\/","og_site_name":"Entorno Empresarial","article_publisher":"https:\/\/facebook.com\/comcoparmex","article_published_time":"2014-05-01T20:25:15+00:00","article_modified_time":"2020-06-07T00:37:39+00:00","og_image":[{"width":1200,"height":800,"url":"https:\/\/coparmexjal.org.mx\/entorno-empresarial\/wp-content\/uploads\/2014\/05\/Juan-Verde.jpg","type":"image\/jpeg"}],"author":"Gaby Guerra","twitter_card":"summary_large_image","twitter_creator":"@comcoparmex","twitter_site":"@comcoparmex","twitter_misc":{"Escrito por":"Gaby Guerra","Tiempo de lectura":"3 minutos"},"schema":{"@context":"https:\/\/schema.org","@graph":[{"@type":"Article","@id":"https:\/\/coparmexjal.org.mx\/entorno-empresarial\/sonar-es-poder-juan-verde\/#article","isPartOf":{"@id":"https:\/\/coparmexjal.org.mx\/entorno-empresarial\/sonar-es-poder-juan-verde\/"},"author":{"name":"Gaby Guerra","@id":"https:\/\/coparmexjal.org.mx\/entorno-empresarial\/#\/schema\/person\/4c7da20f3e7fd89393a65645127ee00e"},"headline":"So\u00f1ar es poder: Juan Verde","datePublished":"2014-05-01T20:25:15+00:00","dateModified":"2020-06-07T00:37:39+00:00","mainEntityOfPage":{"@id":"https:\/\/coparmexjal.org.mx\/entorno-empresarial\/sonar-es-poder-juan-verde\/"},"wordCount":629,"commentCount":0,"publisher":{"@id":"https:\/\/coparmexjal.org.mx\/entorno-empresarial\/#organization"},"image":{"@id":"https:\/\/coparmexjal.org.mx\/entorno-empresarial\/sonar-es-poder-juan-verde\/#primaryimage"},"thumbnailUrl":"https:\/\/coparmexjal.org.mx\/entorno-empresarial\/wp-content\/uploads\/2014\/05\/Juan-Verde.jpg","keywords":["ciencias pol\u00edticas","\u00e9xito","ideas","poder","so\u00f1ar"],"articleSection":["Entrevista"],"inLanguage":"es","potentialAction":[{"@type":"CommentAction","name":"Comment","target":["https:\/\/coparmexjal.org.mx\/entorno-empresarial\/sonar-es-poder-juan-verde\/#respond"]}]},{"@type":"WebPage","@id":"https:\/\/coparmexjal.org.mx\/entorno-empresarial\/sonar-es-poder-juan-verde\/","url":"https:\/\/coparmexjal.org.mx\/entorno-empresarial\/sonar-es-poder-juan-verde\/","name":"So\u00f1ar es poder: Juan Verde - Entorno Empresarial","isPartOf":{"@id":"https:\/\/coparmexjal.org.mx\/entorno-empresarial\/#website"},"primaryImageOfPage":{"@id":"https:\/\/coparmexjal.org.mx\/entorno-empresarial\/sonar-es-poder-juan-verde\/#primaryimage"},"image":{"@id":"https:\/\/coparmexjal.org.mx\/entorno-empresarial\/sonar-es-poder-juan-verde\/#primaryimage"},"thumbnailUrl":"https:\/\/coparmexjal.org.mx\/entorno-empresarial\/wp-content\/uploads\/2014\/05\/Juan-Verde.jpg","datePublished":"2014-05-01T20:25:15+00:00","dateModified":"2020-06-07T00:37:39+00:00","breadcrumb":{"@id":"https:\/\/coparmexjal.org.mx\/entorno-empresarial\/sonar-es-poder-juan-verde\/#breadcrumb"},"inLanguage":"es","potentialAction":[{"@type":"ReadAction","target":["https:\/\/coparmexjal.org.mx\/entorno-empresarial\/sonar-es-poder-juan-verde\/"]}]},{"@type":"ImageObject","inLanguage":"es","@id":"https:\/\/coparmexjal.org.mx\/entorno-empresarial\/sonar-es-poder-juan-verde\/#primaryimage","url":"https:\/\/coparmexjal.org.mx\/entorno-empresarial\/wp-content\/uploads\/2014\/05\/Juan-Verde.jpg","contentUrl":"https:\/\/coparmexjal.org.mx\/entorno-empresarial\/wp-content\/uploads\/2014\/05\/Juan-Verde.jpg","width":1200,"height":800},{"@type":"BreadcrumbList","@id":"https:\/\/coparmexjal.org.mx\/entorno-empresarial\/sonar-es-poder-juan-verde\/#breadcrumb","itemListElement":[{"@type":"ListItem","position":1,"name":"Inicio","item":"https:\/\/coparmexjal.org.mx\/entorno-empresarial\/"},{"@type":"ListItem","position":2,"name":"So\u00f1ar es poder: Juan Verde"}]},{"@type":"WebSite","@id":"https:\/\/coparmexjal.org.mx\/entorno-empresarial\/#website","url":"https:\/\/coparmexjal.org.mx\/entorno-empresarial\/","name":"Revista Entorno Empresarial","description":"Coparmex Jalisco","publisher":{"@id":"https:\/\/coparmexjal.org.mx\/entorno-empresarial\/#organization"},"potentialAction":[{"@type":"SearchAction","target":{"@type":"EntryPoint","urlTemplate":"https:\/\/coparmexjal.org.mx\/entorno-empresarial\/?s={search_term_string}"},"query-input":{"@type":"PropertyValueSpecification","valueRequired":true,"valueName":"search_term_string"}}],"inLanguage":"es"},{"@type":"Organization","@id":"https:\/\/coparmexjal.org.mx\/entorno-empresarial\/#organization","name":"Coparmex Jalisco","url":"https:\/\/coparmexjal.org.mx\/entorno-empresarial\/","logo":{"@type":"ImageObject","inLanguage":"es","@id":"https:\/\/coparmexjal.org.mx\/entorno-empresarial\/#\/schema\/logo\/image\/","url":"https:\/\/coparmexjal.org.mx\/entorno-empresarial\/wp-content\/uploads\/2020\/02\/logo-amp.png","contentUrl":"https:\/\/coparmexjal.org.mx\/entorno-empresarial\/wp-content\/uploads\/2020\/02\/logo-amp.png","width":120,"height":90,"caption":"Coparmex Jalisco"},"image":{"@id":"https:\/\/coparmexjal.org.mx\/entorno-empresarial\/#\/schema\/logo\/image\/"},"sameAs":["https:\/\/facebook.com\/comcoparmex","https:\/\/x.com\/comcoparmex","http:\/\/instagram.com\/coparmexjalisco","https:\/\/mx.linkedin.com\/company\/coparmex-jalisco","https:\/\/www.youtube.com\/c\/CoparmexJaliscomx"]},{"@type":"Person","@id":"https:\/\/coparmexjal.org.mx\/entorno-empresarial\/#\/schema\/person\/4c7da20f3e7fd89393a65645127ee00e","name":"Gaby Guerra","image":{"@type":"ImageObject","inLanguage":"es","@id":"https:\/\/coparmexjal.org.mx\/entorno-empresarial\/wp-content\/uploads\/2020\/06\/Gaby-Guerra-150x150.jpg","url":"https:\/\/coparmexjal.org.mx\/entorno-empresarial\/wp-content\/uploads\/2020\/06\/Gaby-Guerra-150x150.jpg","contentUrl":"https:\/\/coparmexjal.org.mx\/entorno-empresarial\/wp-content\/uploads\/2020\/06\/Gaby-Guerra-150x150.jpg","caption":"Gaby Guerra"},"description":"Gerente Comunicaci\u00f3n Corporativa Coparmex Jalisco","url":"https:\/\/coparmexjal.org.mx\/entorno-empresarial\/author\/gabriela-guerra\/"}]}},"_links":{"self":[{"href":"https:\/\/coparmexjal.org.mx\/entorno-empresarial\/wp-json\/wp\/v2\/posts\/2726","targetHints":{"allow":["GET"]}}],"collection":[{"href":"https:\/\/coparmexjal.org.mx\/entorno-empresarial\/wp-json\/wp\/v2\/posts"}],"about":[{"href":"https:\/\/coparmexjal.org.mx\/entorno-empresarial\/wp-json\/wp\/v2\/types\/post"}],"author":[{"embeddable":true,"href":"https:\/\/coparmexjal.org.mx\/entorno-empresarial\/wp-json\/wp\/v2\/users\/15"}],"replies":[{"embeddable":true,"href":"https:\/\/coparmexjal.org.mx\/entorno-empresarial\/wp-json\/wp\/v2\/comments?post=2726"}],"version-history":[{"count":5,"href":"https:\/\/coparmexjal.org.mx\/entorno-empresarial\/wp-json\/wp\/v2\/posts\/2726\/revisions"}],"predecessor-version":[{"id":3410,"href":"https:\/\/coparmexjal.org.mx\/entorno-empresarial\/wp-json\/wp\/v2\/posts\/2726\/revisions\/3410"}],"wp:featuredmedia":[{"embeddable":true,"href":"https:\/\/coparmexjal.org.mx\/entorno-empresarial\/wp-json\/wp\/v2\/media\/3439"}],"wp:attachment":[{"href":"https:\/\/coparmexjal.org.mx\/entorno-empresarial\/wp-json\/wp\/v2\/media?parent=2726"}],"wp:term":[{"taxonomy":"category","embeddable":true,"href":"https:\/\/coparmexjal.org.mx\/entorno-empresarial\/wp-json\/wp\/v2\/categories?post=2726"},{"taxonomy":"post_tag","embeddable":true,"href":"https:\/\/coparmexjal.org.mx\/entorno-empresarial\/wp-json\/wp\/v2\/tags?post=2726"}],"curies":[{"name":"wp","href":"https:\/\/api.w.org\/{rel}","templated":true}]}}