{"id":2720,"date":"2014-01-01T15:18:01","date_gmt":"2014-01-01T21:18:01","guid":{"rendered":"http:\/\/coparmexjal.org.mx\/entorno-empresarial\/?p=2720"},"modified":"2020-06-06T18:56:31","modified_gmt":"2020-06-06T23:56:31","slug":"oscar-benavides-la-lucha-por-el-sector-empresarial","status":"publish","type":"post","link":"https:\/\/coparmexjal.org.mx\/entorno-empresarial\/oscar-benavides-la-lucha-por-el-sector-empresarial\/","title":{"rendered":"\u00d3scar Benavides: La lucha por el sector empresarial"},"content":{"rendered":"\n<p class=\"has-normal-font-size\">El Centro Empresarial de Jalisco se ha caracterizado por su profundo inter\u00e9s en incrementar la cultura empresarial, trabajando arduamente en la defensa de este sector y procurando un cambio de chip en la mentalidad jalisciense al promover el esp\u00edritu emprendedor.<\/p>\n\n\n\n<p class=\"has-normal-font-size\">Su actual presidente, \u00d3scar Benavides Reyes, tom\u00f3 la representaci\u00f3n de Coparmex Jalisco en marzo del 2011; en esta ocasi\u00f3n, a tres meses de que finalice su participaci\u00f3n, nos comparte sus impresiones como l\u00edder de este gran proyecto.<\/p>\n\n\n\n<p class=\"has-normal-font-size\">Con gran porte, amabilidad y esa mirada profunda que lo caracteriza, \u00d3scar Benavides asegur\u00f3 que representar al Centro Empresarial de Jalisco (CEJ) ha significado un gran orgullo, compromiso y, sobre todo, una oportunidad de servir a los empresarios. Sin embargo, confes\u00f3 que el estar al frente de ello cambi\u00f3 su expectativa inicial; se convirti\u00f3 en una labor ardua y m\u00e1s extensa de lo que ten\u00eda en mente. <strong>\u201cFue una temporada muy intensa, donde hubo un cambio de gobierno en el pa\u00eds, en el estado, en los municipios, en el poder legislativo, en fin, en todos lados, y esto implic\u00f3 conocer dos estilos diferentes, porque ocurri\u00f3 un cambio en t\u00e9rminos generales, no solamente en el Gobierno, sino de partido en \u00e9l, estuvo repleto de oportunidades y de aprendizaje\u201d<\/strong>, se\u00f1al\u00f3.<\/p>\n\n\n\n<p class=\"has-normal-font-size\">Al cuestionarlo sobre si se han logrado las metas que ten\u00eda previstas, refiri\u00f3 que<strong> la mentalidad de cualquier empresario es exigirse y plantearse objetivos mucho m\u00e1s grandes de los que probablemente tenga la capacidad de realizar al cien por ciento<\/strong>; siempre habr\u00e1 algo que mejorar, objetivos por perseguir y situaciones de las cuales aprender. Gracias&nbsp; al compromiso  que se ha adquirido,  tanto individual como colectivo, se ha conseguido una mancuerna eficiente y muy capaz: \u201cel equipo de Coparmex tiene un consejo muy s\u00f3lido, una serie de comisiones de trabajo muy especializadas y un equipo ejecutivo sumamente profesional, que es lo que permite a la presidencia poderse mover con mucha m\u00e1s precisi\u00f3n y eficiencia\u201d. <\/p>\n\n\n\n<h4 class=\"wp-block-heading\"><strong>Entre los objetivos alcanzados se encuentran:<\/strong><\/h4>\n\n\n\n<ul class=\"wp-block-list\"><li>Apoyar a organismos empresariales de Centroam\u00e9rica, as\u00ed como una vinculaci\u00f3n tanto con Estados Unidos como con Alemania (entre otros).<\/li><li>Arrancar el modelo mexicano de Formaci\u00f3n Dual. Consiste en un nuevo esquema de educaci\u00f3n donde la empresa, con el apoyo del sector educativo, se convierte en el formador de los alumnos, logrando as\u00ed una vinculaci\u00f3n arm\u00f3nica entre la teor\u00eda y la pr\u00e1ctica. Actualmente formamos parte de una prueba piloto de 12 estados.<\/li><li>Hacer conciencia y luchar por la restituci\u00f3n del Auditor Superior del Estado, quien, en teor\u00eda, deber\u00eda ser el garante de la rendici\u00f3n de cuentas en nuestro Estado.<\/li><\/ul>\n\n\n\n<p class=\"has-normal-font-size\">Benavides Reyes tiene claro que el progreso no es posible sin el apoyo de todos los sectores; por eso, que <strong>es necesaria la colaboraci\u00f3n con la academia, para lograr que de las universidades egresen j\u00f3venes con instinto emprendedor<\/strong>, que se interesen por la superaci\u00f3n personal y la generaci\u00f3n de empleos. Puntualiz\u00f3 que \u201cla iniciativa privada debe ser copart\u00edcipe de la formaci\u00f3n de los muchachos. Reside en un cambio de actitud y mentalidad; universidades y profesores pueden aprender mucho de los empresarios y de cu\u00e1l es el efecto que se est\u00e1 dando en el mundo real, tanto en las problem\u00e1ticas como en las oportunidades\u201d.<\/p>\n\n\n\n<p class=\"has-normal-font-size\">De su experiencia como presidente de Coparmex Jalisco, se lleva la satisfacci\u00f3n de haber servido con la mejor actitud, consciente de que es una instituci\u00f3n que encadena una serie de esfuerzos generacionales, y haber contribuido como un eslab\u00f3n m\u00e1s, tan s\u00f3lido y fuerte como le fue posible. <strong>\u201cEs parte de la belleza de Coparmex. Es un compromiso que trasciende nuestra participaci\u00f3n en el consejo, en la presidencia, en el \u00e1rea en que nos toque; es una preocupaci\u00f3n por una cosmovisi\u00f3n\u201d.<\/strong><\/p>\n\n\n\n<p class=\"has-normal-font-size\">Desde el punto de vista de \u00d3scar Benavides, la meta para el pr\u00f3ximo presidente del CEJ es llevar el modelo administrativo a los 67 centros empresariales de la Rep\u00fablica, continuar con la l\u00ednea de ascenso y llevarla a niveles a\u00fan m\u00e1s importantes; seguir construyendo el sue\u00f1o de todos los miembros de la instituci\u00f3n, que radica en ser una plataforma de talentos, habilidades y valores para los empresarios, incidiendo favorablemente en la sociedad.<\/p>\n\n\n\n<h6 class=\"wp-block-heading\"><strong>\u201cSiempre puede uno tener mejoras en cuanto al balance, la priorizaci\u00f3n de objetivos y de actividades, pero definitivamente es parte de un proceso que acepto tal y como lo llev\u00e9 a cabo, con lo bueno y lo malo, con mucho gusto\u201d, finaliz\u00f3.<\/strong><br><\/h6>\n","protected":false},"excerpt":{"rendered":"<p>El Centro Empresarial de Jalisco se ha caracterizado por su profundo inter\u00e9s en incrementar la cultura empresarial, trabajando arduamente en la defensa de este sector y procurando un cambio de chip en la mentalidad jalisciense al promover el esp\u00edritu emprendedor.<\/p>\n","protected":false},"author":15,"featured_media":2722,"comment_status":"open","ping_status":"open","sticky":false,"template":"","format":"standard","meta":{"footnotes":""},"categories":[160],"tags":[296,288,173,257,201],"class_list":["post-2720","post","type-post","status-publish","format-standard","has-post-thumbnail","hentry","category-entrevista","tag-emprendedor","tag-empresarial","tag-empresas","tag-jalisco","tag-objetivos"],"yoast_head":"<!-- This site is optimized with the Yoast SEO plugin v27.5 - https:\/\/yoast.com\/product\/yoast-seo-wordpress\/ -->\n<title>\u00d3scar Benavides: La lucha por el sector empresarial - Entorno Empresarial<\/title>\n<meta name=\"robots\" content=\"index, follow, max-snippet:-1, max-image-preview:large, max-video-preview:-1\" \/>\n<link rel=\"canonical\" href=\"https:\/\/coparmexjal.org.mx\/entorno-empresarial\/oscar-benavides-la-lucha-por-el-sector-empresarial\/\" \/>\n<meta property=\"og:locale\" content=\"es_MX\" \/>\n<meta property=\"og:type\" content=\"article\" \/>\n<meta property=\"og:title\" content=\"\u00d3scar Benavides: La lucha por el sector empresarial - Entorno Empresarial\" \/>\n<meta property=\"og:description\" content=\"El Centro Empresarial de Jalisco se ha caracterizado por su profundo inter\u00e9s en incrementar la cultura empresarial, trabajando arduamente en la defensa de este sector y procurando un cambio de chip en la mentalidad jalisciense al promover el esp\u00edritu emprendedor.\" \/>\n<meta property=\"og:url\" content=\"https:\/\/coparmexjal.org.mx\/entorno-empresarial\/oscar-benavides-la-lucha-por-el-sector-empresarial\/\" \/>\n<meta property=\"og:site_name\" content=\"Entorno Empresarial\" \/>\n<meta property=\"article:publisher\" content=\"https:\/\/facebook.com\/comcoparmex\" \/>\n<meta property=\"article:published_time\" content=\"2014-01-01T21:18:01+00:00\" \/>\n<meta property=\"article:modified_time\" content=\"2020-06-06T23:56:31+00:00\" \/>\n<meta property=\"og:image\" content=\"https:\/\/coparmexjal.org.mx\/entorno-empresarial\/wp-content\/uploads\/2020\/02\/oscar-benavides-apoyo.jpg\" \/>\n\t<meta property=\"og:image:width\" content=\"332\" \/>\n\t<meta property=\"og:image:height\" content=\"325\" \/>\n\t<meta property=\"og:image:type\" content=\"image\/jpeg\" \/>\n<meta name=\"author\" content=\"Gaby Guerra\" \/>\n<meta name=\"twitter:card\" content=\"summary_large_image\" \/>\n<meta name=\"twitter:creator\" content=\"@comcoparmex\" \/>\n<meta name=\"twitter:site\" content=\"@comcoparmex\" \/>\n<meta name=\"twitter:label1\" content=\"Escrito por\" \/>\n\t<meta name=\"twitter:data1\" content=\"Gaby Guerra\" \/>\n\t<meta name=\"twitter:label2\" content=\"Tiempo de lectura\" \/>\n\t<meta name=\"twitter:data2\" content=\"4 minutos\" \/>\n<script type=\"application\/ld+json\" class=\"yoast-schema-graph\">{\"@context\":\"https:\\\/\\\/schema.org\",\"@graph\":[{\"@type\":\"Article\",\"@id\":\"https:\\\/\\\/coparmexjal.org.mx\\\/entorno-empresarial\\\/oscar-benavides-la-lucha-por-el-sector-empresarial\\\/#article\",\"isPartOf\":{\"@id\":\"https:\\\/\\\/coparmexjal.org.mx\\\/entorno-empresarial\\\/oscar-benavides-la-lucha-por-el-sector-empresarial\\\/\"},\"author\":{\"name\":\"Gaby Guerra\",\"@id\":\"https:\\\/\\\/coparmexjal.org.mx\\\/entorno-empresarial\\\/#\\\/schema\\\/person\\\/4c7da20f3e7fd89393a65645127ee00e\"},\"headline\":\"\u00d3scar Benavides: La lucha por el sector empresarial\",\"datePublished\":\"2014-01-01T21:18:01+00:00\",\"dateModified\":\"2020-06-06T23:56:31+00:00\",\"mainEntityOfPage\":{\"@id\":\"https:\\\/\\\/coparmexjal.org.mx\\\/entorno-empresarial\\\/oscar-benavides-la-lucha-por-el-sector-empresarial\\\/\"},\"wordCount\":777,\"commentCount\":0,\"publisher\":{\"@id\":\"https:\\\/\\\/coparmexjal.org.mx\\\/entorno-empresarial\\\/#organization\"},\"image\":{\"@id\":\"https:\\\/\\\/coparmexjal.org.mx\\\/entorno-empresarial\\\/oscar-benavides-la-lucha-por-el-sector-empresarial\\\/#primaryimage\"},\"thumbnailUrl\":\"https:\\\/\\\/coparmexjal.org.mx\\\/entorno-empresarial\\\/wp-content\\\/uploads\\\/2020\\\/02\\\/oscar-benavides-apoyo.jpg\",\"keywords\":[\"emprendedor\",\"empresarial\",\"empresas\",\"Jalisco\",\"objetivos\"],\"articleSection\":[\"Entrevista\"],\"inLanguage\":\"es\",\"potentialAction\":[{\"@type\":\"CommentAction\",\"name\":\"Comment\",\"target\":[\"https:\\\/\\\/coparmexjal.org.mx\\\/entorno-empresarial\\\/oscar-benavides-la-lucha-por-el-sector-empresarial\\\/#respond\"]}]},{\"@type\":\"WebPage\",\"@id\":\"https:\\\/\\\/coparmexjal.org.mx\\\/entorno-empresarial\\\/oscar-benavides-la-lucha-por-el-sector-empresarial\\\/\",\"url\":\"https:\\\/\\\/coparmexjal.org.mx\\\/entorno-empresarial\\\/oscar-benavides-la-lucha-por-el-sector-empresarial\\\/\",\"name\":\"\u00d3scar Benavides: La lucha por el sector empresarial - Entorno Empresarial\",\"isPartOf\":{\"@id\":\"https:\\\/\\\/coparmexjal.org.mx\\\/entorno-empresarial\\\/#website\"},\"primaryImageOfPage\":{\"@id\":\"https:\\\/\\\/coparmexjal.org.mx\\\/entorno-empresarial\\\/oscar-benavides-la-lucha-por-el-sector-empresarial\\\/#primaryimage\"},\"image\":{\"@id\":\"https:\\\/\\\/coparmexjal.org.mx\\\/entorno-empresarial\\\/oscar-benavides-la-lucha-por-el-sector-empresarial\\\/#primaryimage\"},\"thumbnailUrl\":\"https:\\\/\\\/coparmexjal.org.mx\\\/entorno-empresarial\\\/wp-content\\\/uploads\\\/2020\\\/02\\\/oscar-benavides-apoyo.jpg\",\"datePublished\":\"2014-01-01T21:18:01+00:00\",\"dateModified\":\"2020-06-06T23:56:31+00:00\",\"breadcrumb\":{\"@id\":\"https:\\\/\\\/coparmexjal.org.mx\\\/entorno-empresarial\\\/oscar-benavides-la-lucha-por-el-sector-empresarial\\\/#breadcrumb\"},\"inLanguage\":\"es\",\"potentialAction\":[{\"@type\":\"ReadAction\",\"target\":[\"https:\\\/\\\/coparmexjal.org.mx\\\/entorno-empresarial\\\/oscar-benavides-la-lucha-por-el-sector-empresarial\\\/\"]}]},{\"@type\":\"ImageObject\",\"inLanguage\":\"es\",\"@id\":\"https:\\\/\\\/coparmexjal.org.mx\\\/entorno-empresarial\\\/oscar-benavides-la-lucha-por-el-sector-empresarial\\\/#primaryimage\",\"url\":\"https:\\\/\\\/coparmexjal.org.mx\\\/entorno-empresarial\\\/wp-content\\\/uploads\\\/2020\\\/02\\\/oscar-benavides-apoyo.jpg\",\"contentUrl\":\"https:\\\/\\\/coparmexjal.org.mx\\\/entorno-empresarial\\\/wp-content\\\/uploads\\\/2020\\\/02\\\/oscar-benavides-apoyo.jpg\",\"width\":332,\"height\":325},{\"@type\":\"BreadcrumbList\",\"@id\":\"https:\\\/\\\/coparmexjal.org.mx\\\/entorno-empresarial\\\/oscar-benavides-la-lucha-por-el-sector-empresarial\\\/#breadcrumb\",\"itemListElement\":[{\"@type\":\"ListItem\",\"position\":1,\"name\":\"Inicio\",\"item\":\"https:\\\/\\\/coparmexjal.org.mx\\\/entorno-empresarial\\\/\"},{\"@type\":\"ListItem\",\"position\":2,\"name\":\"\u00d3scar Benavides: La lucha por el sector empresarial\"}]},{\"@type\":\"WebSite\",\"@id\":\"https:\\\/\\\/coparmexjal.org.mx\\\/entorno-empresarial\\\/#website\",\"url\":\"https:\\\/\\\/coparmexjal.org.mx\\\/entorno-empresarial\\\/\",\"name\":\"Revista Entorno Empresarial\",\"description\":\"Coparmex Jalisco\",\"publisher\":{\"@id\":\"https:\\\/\\\/coparmexjal.org.mx\\\/entorno-empresarial\\\/#organization\"},\"potentialAction\":[{\"@type\":\"SearchAction\",\"target\":{\"@type\":\"EntryPoint\",\"urlTemplate\":\"https:\\\/\\\/coparmexjal.org.mx\\\/entorno-empresarial\\\/?s={search_term_string}\"},\"query-input\":{\"@type\":\"PropertyValueSpecification\",\"valueRequired\":true,\"valueName\":\"search_term_string\"}}],\"inLanguage\":\"es\"},{\"@type\":\"Organization\",\"@id\":\"https:\\\/\\\/coparmexjal.org.mx\\\/entorno-empresarial\\\/#organization\",\"name\":\"Coparmex Jalisco\",\"url\":\"https:\\\/\\\/coparmexjal.org.mx\\\/entorno-empresarial\\\/\",\"logo\":{\"@type\":\"ImageObject\",\"inLanguage\":\"es\",\"@id\":\"https:\\\/\\\/coparmexjal.org.mx\\\/entorno-empresarial\\\/#\\\/schema\\\/logo\\\/image\\\/\",\"url\":\"https:\\\/\\\/coparmexjal.org.mx\\\/entorno-empresarial\\\/wp-content\\\/uploads\\\/2020\\\/02\\\/logo-amp.png\",\"contentUrl\":\"https:\\\/\\\/coparmexjal.org.mx\\\/entorno-empresarial\\\/wp-content\\\/uploads\\\/2020\\\/02\\\/logo-amp.png\",\"width\":120,\"height\":90,\"caption\":\"Coparmex Jalisco\"},\"image\":{\"@id\":\"https:\\\/\\\/coparmexjal.org.mx\\\/entorno-empresarial\\\/#\\\/schema\\\/logo\\\/image\\\/\"},\"sameAs\":[\"https:\\\/\\\/facebook.com\\\/comcoparmex\",\"https:\\\/\\\/x.com\\\/comcoparmex\",\"http:\\\/\\\/instagram.com\\\/coparmexjalisco\",\"https:\\\/\\\/mx.linkedin.com\\\/company\\\/coparmex-jalisco\",\"https:\\\/\\\/www.youtube.com\\\/c\\\/CoparmexJaliscomx\"]},{\"@type\":\"Person\",\"@id\":\"https:\\\/\\\/coparmexjal.org.mx\\\/entorno-empresarial\\\/#\\\/schema\\\/person\\\/4c7da20f3e7fd89393a65645127ee00e\",\"name\":\"Gaby Guerra\",\"image\":{\"@type\":\"ImageObject\",\"inLanguage\":\"es\",\"@id\":\"https:\\\/\\\/coparmexjal.org.mx\\\/entorno-empresarial\\\/wp-content\\\/uploads\\\/2020\\\/06\\\/Gaby-Guerra-150x150.jpg\",\"url\":\"https:\\\/\\\/coparmexjal.org.mx\\\/entorno-empresarial\\\/wp-content\\\/uploads\\\/2020\\\/06\\\/Gaby-Guerra-150x150.jpg\",\"contentUrl\":\"https:\\\/\\\/coparmexjal.org.mx\\\/entorno-empresarial\\\/wp-content\\\/uploads\\\/2020\\\/06\\\/Gaby-Guerra-150x150.jpg\",\"caption\":\"Gaby Guerra\"},\"description\":\"Gerente Comunicaci\u00f3n Corporativa Coparmex Jalisco\",\"url\":\"https:\\\/\\\/coparmexjal.org.mx\\\/entorno-empresarial\\\/author\\\/gabriela-guerra\\\/\"}]}<\/script>\n<!-- \/ Yoast SEO plugin. -->","yoast_head_json":{"title":"\u00d3scar Benavides: La lucha por el sector empresarial - Entorno Empresarial","robots":{"index":"index","follow":"follow","max-snippet":"max-snippet:-1","max-image-preview":"max-image-preview:large","max-video-preview":"max-video-preview:-1"},"canonical":"https:\/\/coparmexjal.org.mx\/entorno-empresarial\/oscar-benavides-la-lucha-por-el-sector-empresarial\/","og_locale":"es_MX","og_type":"article","og_title":"\u00d3scar Benavides: La lucha por el sector empresarial - Entorno Empresarial","og_description":"El Centro Empresarial de Jalisco se ha caracterizado por su profundo inter\u00e9s en incrementar la cultura empresarial, trabajando arduamente en la defensa de este sector y procurando un cambio de chip en la mentalidad jalisciense al promover el esp\u00edritu emprendedor.","og_url":"https:\/\/coparmexjal.org.mx\/entorno-empresarial\/oscar-benavides-la-lucha-por-el-sector-empresarial\/","og_site_name":"Entorno Empresarial","article_publisher":"https:\/\/facebook.com\/comcoparmex","article_published_time":"2014-01-01T21:18:01+00:00","article_modified_time":"2020-06-06T23:56:31+00:00","og_image":[{"width":332,"height":325,"url":"https:\/\/coparmexjal.org.mx\/entorno-empresarial\/wp-content\/uploads\/2020\/02\/oscar-benavides-apoyo.jpg","type":"image\/jpeg"}],"author":"Gaby Guerra","twitter_card":"summary_large_image","twitter_creator":"@comcoparmex","twitter_site":"@comcoparmex","twitter_misc":{"Escrito por":"Gaby Guerra","Tiempo de lectura":"4 minutos"},"schema":{"@context":"https:\/\/schema.org","@graph":[{"@type":"Article","@id":"https:\/\/coparmexjal.org.mx\/entorno-empresarial\/oscar-benavides-la-lucha-por-el-sector-empresarial\/#article","isPartOf":{"@id":"https:\/\/coparmexjal.org.mx\/entorno-empresarial\/oscar-benavides-la-lucha-por-el-sector-empresarial\/"},"author":{"name":"Gaby Guerra","@id":"https:\/\/coparmexjal.org.mx\/entorno-empresarial\/#\/schema\/person\/4c7da20f3e7fd89393a65645127ee00e"},"headline":"\u00d3scar Benavides: La lucha por el sector empresarial","datePublished":"2014-01-01T21:18:01+00:00","dateModified":"2020-06-06T23:56:31+00:00","mainEntityOfPage":{"@id":"https:\/\/coparmexjal.org.mx\/entorno-empresarial\/oscar-benavides-la-lucha-por-el-sector-empresarial\/"},"wordCount":777,"commentCount":0,"publisher":{"@id":"https:\/\/coparmexjal.org.mx\/entorno-empresarial\/#organization"},"image":{"@id":"https:\/\/coparmexjal.org.mx\/entorno-empresarial\/oscar-benavides-la-lucha-por-el-sector-empresarial\/#primaryimage"},"thumbnailUrl":"https:\/\/coparmexjal.org.mx\/entorno-empresarial\/wp-content\/uploads\/2020\/02\/oscar-benavides-apoyo.jpg","keywords":["emprendedor","empresarial","empresas","Jalisco","objetivos"],"articleSection":["Entrevista"],"inLanguage":"es","potentialAction":[{"@type":"CommentAction","name":"Comment","target":["https:\/\/coparmexjal.org.mx\/entorno-empresarial\/oscar-benavides-la-lucha-por-el-sector-empresarial\/#respond"]}]},{"@type":"WebPage","@id":"https:\/\/coparmexjal.org.mx\/entorno-empresarial\/oscar-benavides-la-lucha-por-el-sector-empresarial\/","url":"https:\/\/coparmexjal.org.mx\/entorno-empresarial\/oscar-benavides-la-lucha-por-el-sector-empresarial\/","name":"\u00d3scar Benavides: La lucha por el sector empresarial - Entorno Empresarial","isPartOf":{"@id":"https:\/\/coparmexjal.org.mx\/entorno-empresarial\/#website"},"primaryImageOfPage":{"@id":"https:\/\/coparmexjal.org.mx\/entorno-empresarial\/oscar-benavides-la-lucha-por-el-sector-empresarial\/#primaryimage"},"image":{"@id":"https:\/\/coparmexjal.org.mx\/entorno-empresarial\/oscar-benavides-la-lucha-por-el-sector-empresarial\/#primaryimage"},"thumbnailUrl":"https:\/\/coparmexjal.org.mx\/entorno-empresarial\/wp-content\/uploads\/2020\/02\/oscar-benavides-apoyo.jpg","datePublished":"2014-01-01T21:18:01+00:00","dateModified":"2020-06-06T23:56:31+00:00","breadcrumb":{"@id":"https:\/\/coparmexjal.org.mx\/entorno-empresarial\/oscar-benavides-la-lucha-por-el-sector-empresarial\/#breadcrumb"},"inLanguage":"es","potentialAction":[{"@type":"ReadAction","target":["https:\/\/coparmexjal.org.mx\/entorno-empresarial\/oscar-benavides-la-lucha-por-el-sector-empresarial\/"]}]},{"@type":"ImageObject","inLanguage":"es","@id":"https:\/\/coparmexjal.org.mx\/entorno-empresarial\/oscar-benavides-la-lucha-por-el-sector-empresarial\/#primaryimage","url":"https:\/\/coparmexjal.org.mx\/entorno-empresarial\/wp-content\/uploads\/2020\/02\/oscar-benavides-apoyo.jpg","contentUrl":"https:\/\/coparmexjal.org.mx\/entorno-empresarial\/wp-content\/uploads\/2020\/02\/oscar-benavides-apoyo.jpg","width":332,"height":325},{"@type":"BreadcrumbList","@id":"https:\/\/coparmexjal.org.mx\/entorno-empresarial\/oscar-benavides-la-lucha-por-el-sector-empresarial\/#breadcrumb","itemListElement":[{"@type":"ListItem","position":1,"name":"Inicio","item":"https:\/\/coparmexjal.org.mx\/entorno-empresarial\/"},{"@type":"ListItem","position":2,"name":"\u00d3scar Benavides: La lucha por el sector empresarial"}]},{"@type":"WebSite","@id":"https:\/\/coparmexjal.org.mx\/entorno-empresarial\/#website","url":"https:\/\/coparmexjal.org.mx\/entorno-empresarial\/","name":"Revista Entorno Empresarial","description":"Coparmex Jalisco","publisher":{"@id":"https:\/\/coparmexjal.org.mx\/entorno-empresarial\/#organization"},"potentialAction":[{"@type":"SearchAction","target":{"@type":"EntryPoint","urlTemplate":"https:\/\/coparmexjal.org.mx\/entorno-empresarial\/?s={search_term_string}"},"query-input":{"@type":"PropertyValueSpecification","valueRequired":true,"valueName":"search_term_string"}}],"inLanguage":"es"},{"@type":"Organization","@id":"https:\/\/coparmexjal.org.mx\/entorno-empresarial\/#organization","name":"Coparmex Jalisco","url":"https:\/\/coparmexjal.org.mx\/entorno-empresarial\/","logo":{"@type":"ImageObject","inLanguage":"es","@id":"https:\/\/coparmexjal.org.mx\/entorno-empresarial\/#\/schema\/logo\/image\/","url":"https:\/\/coparmexjal.org.mx\/entorno-empresarial\/wp-content\/uploads\/2020\/02\/logo-amp.png","contentUrl":"https:\/\/coparmexjal.org.mx\/entorno-empresarial\/wp-content\/uploads\/2020\/02\/logo-amp.png","width":120,"height":90,"caption":"Coparmex Jalisco"},"image":{"@id":"https:\/\/coparmexjal.org.mx\/entorno-empresarial\/#\/schema\/logo\/image\/"},"sameAs":["https:\/\/facebook.com\/comcoparmex","https:\/\/x.com\/comcoparmex","http:\/\/instagram.com\/coparmexjalisco","https:\/\/mx.linkedin.com\/company\/coparmex-jalisco","https:\/\/www.youtube.com\/c\/CoparmexJaliscomx"]},{"@type":"Person","@id":"https:\/\/coparmexjal.org.mx\/entorno-empresarial\/#\/schema\/person\/4c7da20f3e7fd89393a65645127ee00e","name":"Gaby Guerra","image":{"@type":"ImageObject","inLanguage":"es","@id":"https:\/\/coparmexjal.org.mx\/entorno-empresarial\/wp-content\/uploads\/2020\/06\/Gaby-Guerra-150x150.jpg","url":"https:\/\/coparmexjal.org.mx\/entorno-empresarial\/wp-content\/uploads\/2020\/06\/Gaby-Guerra-150x150.jpg","contentUrl":"https:\/\/coparmexjal.org.mx\/entorno-empresarial\/wp-content\/uploads\/2020\/06\/Gaby-Guerra-150x150.jpg","caption":"Gaby Guerra"},"description":"Gerente Comunicaci\u00f3n Corporativa Coparmex Jalisco","url":"https:\/\/coparmexjal.org.mx\/entorno-empresarial\/author\/gabriela-guerra\/"}]}},"_links":{"self":[{"href":"https:\/\/coparmexjal.org.mx\/entorno-empresarial\/wp-json\/wp\/v2\/posts\/2720","targetHints":{"allow":["GET"]}}],"collection":[{"href":"https:\/\/coparmexjal.org.mx\/entorno-empresarial\/wp-json\/wp\/v2\/posts"}],"about":[{"href":"https:\/\/coparmexjal.org.mx\/entorno-empresarial\/wp-json\/wp\/v2\/types\/post"}],"author":[{"embeddable":true,"href":"https:\/\/coparmexjal.org.mx\/entorno-empresarial\/wp-json\/wp\/v2\/users\/15"}],"replies":[{"embeddable":true,"href":"https:\/\/coparmexjal.org.mx\/entorno-empresarial\/wp-json\/wp\/v2\/comments?post=2720"}],"version-history":[{"count":5,"href":"https:\/\/coparmexjal.org.mx\/entorno-empresarial\/wp-json\/wp\/v2\/posts\/2720\/revisions"}],"predecessor-version":[{"id":3402,"href":"https:\/\/coparmexjal.org.mx\/entorno-empresarial\/wp-json\/wp\/v2\/posts\/2720\/revisions\/3402"}],"wp:featuredmedia":[{"embeddable":true,"href":"https:\/\/coparmexjal.org.mx\/entorno-empresarial\/wp-json\/wp\/v2\/media\/2722"}],"wp:attachment":[{"href":"https:\/\/coparmexjal.org.mx\/entorno-empresarial\/wp-json\/wp\/v2\/media?parent=2720"}],"wp:term":[{"taxonomy":"category","embeddable":true,"href":"https:\/\/coparmexjal.org.mx\/entorno-empresarial\/wp-json\/wp\/v2\/categories?post=2720"},{"taxonomy":"post_tag","embeddable":true,"href":"https:\/\/coparmexjal.org.mx\/entorno-empresarial\/wp-json\/wp\/v2\/tags?post=2720"}],"curies":[{"name":"wp","href":"https:\/\/api.w.org\/{rel}","templated":true}]}}