{"id":2714,"date":"2014-01-01T15:07:00","date_gmt":"2014-01-01T21:07:00","guid":{"rendered":"http:\/\/coparmexjal.org.mx\/entorno-empresarial\/?p=2714"},"modified":"2020-06-06T18:52:47","modified_gmt":"2020-06-06T23:52:47","slug":"mundo-en-movimiento-mexico-en-vertigo-o-evolucion","status":"publish","type":"post","link":"https:\/\/coparmexjal.org.mx\/entorno-empresarial\/mundo-en-movimiento-mexico-en-vertigo-o-evolucion\/","title":{"rendered":"Mundo en movimiento, M\u00e9xico \u00bfen v\u00e9rtigo o evoluci\u00f3n?"},"content":{"rendered":"\n<p class=\"has-normal-font-size\">Ante&nbsp; un mundo que est\u00e1 cambiando econ\u00f3mica, social y culturalmente \u00bfTe encuentras realmente listo para analizarlo, afrontarlo y salir avante? \u00bfO solamente como las veletas tomar\u00e1s decisiones a cort\u00edsimo plazo, sin analizar las repercusiones de \u00e9stas a mediano y largo plazo, en funci\u00f3n de la direcci\u00f3n del viento?<\/p>\n\n\n\n<p style=\"color:#0d5879\" class=\"has-text-color has-normal-font-size\"><strong>M\u00e9xico es un pa\u00eds de 112.3 millones de habitantes, pero realmente vivimos tres&nbsp; M\u00e9xicos formados por: 55 millones del M\u00e9xico pobre,  37 millones del M\u00e9xico intermedio y 20 millones del M\u00e9xico rico. En donde la distribuci\u00f3n del PIB por sector productivo se encuentra en: 3.6 por ciento en actividades primarias (agricultura, ganader\u00eda, silvicultura y pesca), 34.8 por ciento en actividades secundarias (industria) y 62.10 por ciento en actividades terciarias (comunicaciones, servicios y transportes).&nbsp;<\/strong><\/p>\n\n\n\n<h6 class=\"wp-block-heading\">Adem\u00e1s de acuerdo con los resultados de la \u00faltima prueba Pisa, nos encontramos como pa\u00eds en los lugares 46 en lectura, 49 en matem\u00e1ticas y 51 en ciencias de un total de 65 pa\u00edses medidos.<\/h6>\n\n\n\n<p class=\"has-normal-font-size\"><strong>Vivimos en un pa\u00eds en el que \u201cla cultura del enga\u00f1o es tan convencional, que parecer\u00eda lo m\u00e1s normal\u201d, y en realidad no lo es.<\/strong> En donde algunas empresas generan dos o tres diferentes estados financieros, en funci\u00f3n de quien se trate o a quienes vayan dirigidos y sobre todo buscando las lagunas que existan dentro del marco legal para realizar el menor pago de impuestos posible.<\/p>\n\n\n\n<p class=\"has-normal-font-size\">En donde para algunas empresas es com\u00fan no pagar a los trabajadores las prestaciones de ley buscando disminuir los costos pero no pensando en la lealtad de los empleados y en sus decisiones a largo plazo.&nbsp; En donde los trabajadores no son considerados como personas sino como <strong>\u201crecursos sustituibles\u201d<\/strong>. Empresas en las que no es necesario indicar en donde se encuentran los ba\u00f1os de los trabajadores, solo el olor los guiar\u00e1, mientras que los servicios sanitarios de los ejecutivos est\u00e1n limpios, con espejos relucientes y jabones perfumados.<br><\/p>\n\n\n\n<div class=\"wp-block-media-text alignwide is-vertically-aligned-center\" style=\"grid-template-columns:42% auto\"><figure class=\"wp-block-media-text__media\"><img fetchpriority=\"high\" decoding=\"async\" width=\"750\" height=\"500\" src=\"https:\/\/coparmexjal.org.mx\/entorno-empresarial\/wp-content\/uploads\/2020\/02\/mujeres-trabajadoras.jpg\" alt=\"\" class=\"wp-image-3394\" srcset=\"https:\/\/coparmexjal.org.mx\/entorno-empresarial\/wp-content\/uploads\/2020\/02\/mujeres-trabajadoras.jpg 750w, https:\/\/coparmexjal.org.mx\/entorno-empresarial\/wp-content\/uploads\/2020\/02\/mujeres-trabajadoras-300x200.jpg 300w\" sizes=\"(max-width: 750px) 100vw, 750px\" \/><\/figure><div class=\"wp-block-media-text__content\">\n<p class=\"has-normal-font-size\">Un M\u00e9xico en el que cada d\u00eda existen m\u00e1s hogares disfuncionales, en el que es necesario que ambos padres trabajen, dejando la crianza de los hijos a una tercera persona que no necesariamente es un familiar cercano. En donde cinco de <strong>cada 10 mujeres trabajan. Entre los 20 y los 40 a\u00f1os 7 de cada diez mujeres trabajan<\/strong>, y est\u00e1n en la edad de crianza de los hijos. En donde los hogares con jefatura femenina ha aumentado   considerablemente sin apoyo de los hombres, pero las mujeres ganan en promedio 30% menos de ingreso que los hombres por el mismo trabajo desarrollado. <\/p>\n\n\n\n<p class=\"has-normal-font-size\"> Algunas empresas trabajan con un doble mensaje o doble moral: la b\u00fasqueda del posicionamiento del mercado formal y al mismo tiempo el desarrollo del mercado informal, con la excusa de que es ah\u00ed en este \u00faltimo donde pueden obtener un mayor beneficio para sus mermas o la obtenci\u00f3n de utilidades no declaradas. <\/p>\n<\/div><\/div>\n\n\n\n<p class=\"has-normal-font-size\">Solo faltar\u00eda agregar el tema de la inseguridad; tanto social como de inversi\u00f3n, para poner la cereza del pastel.<\/p>\n\n\n\n<p style=\"color:#0d5879\" class=\"has-text-color has-normal-font-size\"><strong>Cabr\u00eda preguntarnos: M\u00e9xico es un pa\u00eds grande, que durante a lo largo de su historia lo ha demostrado. En donde su gente, gente buena y honesta, trabaja d\u00eda a d\u00eda, momento a momento para el beneficio de sus familias, de su colonia, de su estado y su pa\u00eds.<\/strong><\/p>\n\n\n\n<p class=\"has-normal-font-size\">El empresario, el buen empresario, reconoce ante todo el valor de la persona, se preocupa por su propia dignidad y la de su gente. Es consciente de sus actos y los lleva a cabo con toda diligencia y profesionalismo. Tiene clara su responsabilidad social y no la evade con una supuesta afectaci\u00f3n a los costos, ni la simula en acciones aisladas.<\/p>\n\n\n\n<p class=\"has-normal-font-size\">El mercado no se gana solamente por una gran estrategia comercial, se obtiene porque se piensa en el cliente como persona, en qu\u00e9 necesita la persona para comprar nuestro producto o servicio.<\/p>\n\n\n\n<p class=\"has-normal-font-size\">Las mejores condiciones de operaci\u00f3n se logran al considerar a los trabajadores como personas, con necesidades, habilidades y grandes talentos y no solamente como un engranaje del sistema productivo.<\/p>\n\n\n\n<p style=\"color:#0d5879\" class=\"has-text-color has-normal-font-size\"><strong>Las empresas mexicanas lo tienen todo para poder competir en cualquier lugar: talento, esfuerzo, creatividad, etc. Sin embargo en ocasiones se nos olvida que somos personas y tratamos con iguales.<\/strong><\/p>\n\n\n\n<p style=\"color:#0d5879\" class=\"has-text-color has-normal-font-size\"><strong>Los empresarios con \u00e9xito y visi\u00f3n reconocen que sus decisiones a corto plazo repercutir\u00e1n en el mediano y largo plazo en su compa\u00f1\u00eda, en las personas, en sus trabajadores, en sus clientes, en sus proveedores, en su familia\u2026en M\u00e9xico.<\/strong><br><\/p>\n","protected":false},"excerpt":{"rendered":"<p>Ante  un mundo que est\u00e1 cambiando econ\u00f3mica, social y culturalmente \u00bfTe encuentras realmente listo para analizarlo, afrontarlo y salir avante?<\/p>\n","protected":false},"author":53,"featured_media":3390,"comment_status":"open","ping_status":"open","sticky":false,"template":"","format":"standard","meta":{"footnotes":""},"categories":[152],"tags":[295,260,173,292,291,294],"class_list":["post-2714","post","type-post","status-publish","format-standard","has-post-thumbnail","hentry","category-empresas","tag-cultura","tag-economia","tag-empresas","tag-evolucion","tag-mexico","tag-pib"],"yoast_head":"<!-- This site is optimized with the Yoast SEO plugin v27.5 - https:\/\/yoast.com\/product\/yoast-seo-wordpress\/ -->\n<title>Mundo en movimiento, M\u00e9xico \u00bfen v\u00e9rtigo o evoluci\u00f3n? - Entorno Empresarial<\/title>\n<meta name=\"robots\" content=\"index, follow, max-snippet:-1, max-image-preview:large, max-video-preview:-1\" \/>\n<link rel=\"canonical\" href=\"https:\/\/coparmexjal.org.mx\/entorno-empresarial\/mundo-en-movimiento-mexico-en-vertigo-o-evolucion\/\" \/>\n<meta property=\"og:locale\" content=\"es_MX\" \/>\n<meta property=\"og:type\" content=\"article\" \/>\n<meta property=\"og:title\" content=\"Mundo en movimiento, M\u00e9xico \u00bfen v\u00e9rtigo o evoluci\u00f3n? - Entorno Empresarial\" \/>\n<meta property=\"og:description\" content=\"Ante un mundo que est\u00e1 cambiando econ\u00f3mica, social y culturalmente \u00bfTe encuentras realmente listo para analizarlo, afrontarlo y salir avante?\" \/>\n<meta property=\"og:url\" content=\"https:\/\/coparmexjal.org.mx\/entorno-empresarial\/mundo-en-movimiento-mexico-en-vertigo-o-evolucion\/\" \/>\n<meta property=\"og:site_name\" content=\"Entorno Empresarial\" \/>\n<meta property=\"article:publisher\" content=\"https:\/\/facebook.com\/comcoparmex\" \/>\n<meta property=\"article:published_time\" content=\"2014-01-01T21:07:00+00:00\" \/>\n<meta property=\"article:modified_time\" content=\"2020-06-06T23:52:47+00:00\" \/>\n<meta property=\"og:image\" content=\"https:\/\/coparmexjal.org.mx\/entorno-empresarial\/wp-content\/uploads\/2020\/02\/M\u00e9xico.jpg\" \/>\n\t<meta property=\"og:image:width\" content=\"750\" \/>\n\t<meta property=\"og:image:height\" content=\"500\" \/>\n\t<meta property=\"og:image:type\" content=\"image\/jpeg\" \/>\n<meta name=\"author\" content=\"Pedro Lara Vargas\" \/>\n<meta name=\"twitter:card\" content=\"summary_large_image\" \/>\n<meta name=\"twitter:creator\" content=\"@comcoparmex\" \/>\n<meta name=\"twitter:site\" content=\"@comcoparmex\" \/>\n<meta name=\"twitter:label1\" content=\"Escrito por\" \/>\n\t<meta name=\"twitter:data1\" content=\"Pedro Lara Vargas\" \/>\n\t<meta name=\"twitter:label2\" content=\"Tiempo de lectura\" \/>\n\t<meta name=\"twitter:data2\" content=\"4 minutos\" \/>\n<script type=\"application\/ld+json\" class=\"yoast-schema-graph\">{\"@context\":\"https:\\\/\\\/schema.org\",\"@graph\":[{\"@type\":\"Article\",\"@id\":\"https:\\\/\\\/coparmexjal.org.mx\\\/entorno-empresarial\\\/mundo-en-movimiento-mexico-en-vertigo-o-evolucion\\\/#article\",\"isPartOf\":{\"@id\":\"https:\\\/\\\/coparmexjal.org.mx\\\/entorno-empresarial\\\/mundo-en-movimiento-mexico-en-vertigo-o-evolucion\\\/\"},\"author\":{\"name\":\"Pedro Lara Vargas\",\"@id\":\"https:\\\/\\\/coparmexjal.org.mx\\\/entorno-empresarial\\\/#\\\/schema\\\/person\\\/0a928fddd1cb6415543672a55432ffe5\"},\"headline\":\"Mundo en movimiento, M\u00e9xico \u00bfen v\u00e9rtigo o evoluci\u00f3n?\",\"datePublished\":\"2014-01-01T21:07:00+00:00\",\"dateModified\":\"2020-06-06T23:52:47+00:00\",\"mainEntityOfPage\":{\"@id\":\"https:\\\/\\\/coparmexjal.org.mx\\\/entorno-empresarial\\\/mundo-en-movimiento-mexico-en-vertigo-o-evolucion\\\/\"},\"wordCount\":767,\"commentCount\":0,\"publisher\":{\"@id\":\"https:\\\/\\\/coparmexjal.org.mx\\\/entorno-empresarial\\\/#organization\"},\"image\":{\"@id\":\"https:\\\/\\\/coparmexjal.org.mx\\\/entorno-empresarial\\\/mundo-en-movimiento-mexico-en-vertigo-o-evolucion\\\/#primaryimage\"},\"thumbnailUrl\":\"https:\\\/\\\/coparmexjal.org.mx\\\/entorno-empresarial\\\/wp-content\\\/uploads\\\/2020\\\/02\\\/M\u00e9xico.jpg\",\"keywords\":[\"cultura\",\"econom\u00eda\",\"empresas\",\"evoluci\u00f3n\",\"M\u00e9xico\",\"PIB\"],\"articleSection\":[\"Empresas\"],\"inLanguage\":\"es\",\"potentialAction\":[{\"@type\":\"CommentAction\",\"name\":\"Comment\",\"target\":[\"https:\\\/\\\/coparmexjal.org.mx\\\/entorno-empresarial\\\/mundo-en-movimiento-mexico-en-vertigo-o-evolucion\\\/#respond\"]}]},{\"@type\":\"WebPage\",\"@id\":\"https:\\\/\\\/coparmexjal.org.mx\\\/entorno-empresarial\\\/mundo-en-movimiento-mexico-en-vertigo-o-evolucion\\\/\",\"url\":\"https:\\\/\\\/coparmexjal.org.mx\\\/entorno-empresarial\\\/mundo-en-movimiento-mexico-en-vertigo-o-evolucion\\\/\",\"name\":\"Mundo en movimiento, M\u00e9xico \u00bfen v\u00e9rtigo o evoluci\u00f3n? - Entorno Empresarial\",\"isPartOf\":{\"@id\":\"https:\\\/\\\/coparmexjal.org.mx\\\/entorno-empresarial\\\/#website\"},\"primaryImageOfPage\":{\"@id\":\"https:\\\/\\\/coparmexjal.org.mx\\\/entorno-empresarial\\\/mundo-en-movimiento-mexico-en-vertigo-o-evolucion\\\/#primaryimage\"},\"image\":{\"@id\":\"https:\\\/\\\/coparmexjal.org.mx\\\/entorno-empresarial\\\/mundo-en-movimiento-mexico-en-vertigo-o-evolucion\\\/#primaryimage\"},\"thumbnailUrl\":\"https:\\\/\\\/coparmexjal.org.mx\\\/entorno-empresarial\\\/wp-content\\\/uploads\\\/2020\\\/02\\\/M\u00e9xico.jpg\",\"datePublished\":\"2014-01-01T21:07:00+00:00\",\"dateModified\":\"2020-06-06T23:52:47+00:00\",\"breadcrumb\":{\"@id\":\"https:\\\/\\\/coparmexjal.org.mx\\\/entorno-empresarial\\\/mundo-en-movimiento-mexico-en-vertigo-o-evolucion\\\/#breadcrumb\"},\"inLanguage\":\"es\",\"potentialAction\":[{\"@type\":\"ReadAction\",\"target\":[\"https:\\\/\\\/coparmexjal.org.mx\\\/entorno-empresarial\\\/mundo-en-movimiento-mexico-en-vertigo-o-evolucion\\\/\"]}]},{\"@type\":\"ImageObject\",\"inLanguage\":\"es\",\"@id\":\"https:\\\/\\\/coparmexjal.org.mx\\\/entorno-empresarial\\\/mundo-en-movimiento-mexico-en-vertigo-o-evolucion\\\/#primaryimage\",\"url\":\"https:\\\/\\\/coparmexjal.org.mx\\\/entorno-empresarial\\\/wp-content\\\/uploads\\\/2020\\\/02\\\/M\u00e9xico.jpg\",\"contentUrl\":\"https:\\\/\\\/coparmexjal.org.mx\\\/entorno-empresarial\\\/wp-content\\\/uploads\\\/2020\\\/02\\\/M\u00e9xico.jpg\",\"width\":750,\"height\":500},{\"@type\":\"BreadcrumbList\",\"@id\":\"https:\\\/\\\/coparmexjal.org.mx\\\/entorno-empresarial\\\/mundo-en-movimiento-mexico-en-vertigo-o-evolucion\\\/#breadcrumb\",\"itemListElement\":[{\"@type\":\"ListItem\",\"position\":1,\"name\":\"Inicio\",\"item\":\"https:\\\/\\\/coparmexjal.org.mx\\\/entorno-empresarial\\\/\"},{\"@type\":\"ListItem\",\"position\":2,\"name\":\"Mundo en movimiento, M\u00e9xico \u00bfen v\u00e9rtigo o evoluci\u00f3n?\"}]},{\"@type\":\"WebSite\",\"@id\":\"https:\\\/\\\/coparmexjal.org.mx\\\/entorno-empresarial\\\/#website\",\"url\":\"https:\\\/\\\/coparmexjal.org.mx\\\/entorno-empresarial\\\/\",\"name\":\"Revista Entorno Empresarial\",\"description\":\"Coparmex Jalisco\",\"publisher\":{\"@id\":\"https:\\\/\\\/coparmexjal.org.mx\\\/entorno-empresarial\\\/#organization\"},\"potentialAction\":[{\"@type\":\"SearchAction\",\"target\":{\"@type\":\"EntryPoint\",\"urlTemplate\":\"https:\\\/\\\/coparmexjal.org.mx\\\/entorno-empresarial\\\/?s={search_term_string}\"},\"query-input\":{\"@type\":\"PropertyValueSpecification\",\"valueRequired\":true,\"valueName\":\"search_term_string\"}}],\"inLanguage\":\"es\"},{\"@type\":\"Organization\",\"@id\":\"https:\\\/\\\/coparmexjal.org.mx\\\/entorno-empresarial\\\/#organization\",\"name\":\"Coparmex Jalisco\",\"url\":\"https:\\\/\\\/coparmexjal.org.mx\\\/entorno-empresarial\\\/\",\"logo\":{\"@type\":\"ImageObject\",\"inLanguage\":\"es\",\"@id\":\"https:\\\/\\\/coparmexjal.org.mx\\\/entorno-empresarial\\\/#\\\/schema\\\/logo\\\/image\\\/\",\"url\":\"https:\\\/\\\/coparmexjal.org.mx\\\/entorno-empresarial\\\/wp-content\\\/uploads\\\/2020\\\/02\\\/logo-amp.png\",\"contentUrl\":\"https:\\\/\\\/coparmexjal.org.mx\\\/entorno-empresarial\\\/wp-content\\\/uploads\\\/2020\\\/02\\\/logo-amp.png\",\"width\":120,\"height\":90,\"caption\":\"Coparmex Jalisco\"},\"image\":{\"@id\":\"https:\\\/\\\/coparmexjal.org.mx\\\/entorno-empresarial\\\/#\\\/schema\\\/logo\\\/image\\\/\"},\"sameAs\":[\"https:\\\/\\\/facebook.com\\\/comcoparmex\",\"https:\\\/\\\/x.com\\\/comcoparmex\",\"http:\\\/\\\/instagram.com\\\/coparmexjalisco\",\"https:\\\/\\\/mx.linkedin.com\\\/company\\\/coparmex-jalisco\",\"https:\\\/\\\/www.youtube.com\\\/c\\\/CoparmexJaliscomx\"]},{\"@type\":\"Person\",\"@id\":\"https:\\\/\\\/coparmexjal.org.mx\\\/entorno-empresarial\\\/#\\\/schema\\\/person\\\/0a928fddd1cb6415543672a55432ffe5\",\"name\":\"Pedro Lara Vargas\",\"image\":{\"@type\":\"ImageObject\",\"inLanguage\":\"es\",\"@id\":\"https:\\\/\\\/secure.gravatar.com\\\/avatar\\\/85bd304ee6e5d42b3a75f96683842e1d1bc162bd3ecd0a913133defc5bf030cf?s=96&d=mm&r=g\",\"url\":\"https:\\\/\\\/secure.gravatar.com\\\/avatar\\\/85bd304ee6e5d42b3a75f96683842e1d1bc162bd3ecd0a913133defc5bf030cf?s=96&d=mm&r=g\",\"contentUrl\":\"https:\\\/\\\/secure.gravatar.com\\\/avatar\\\/85bd304ee6e5d42b3a75f96683842e1d1bc162bd3ecd0a913133defc5bf030cf?s=96&d=mm&r=g\",\"caption\":\"Pedro Lara Vargas\"},\"description\":\"Director Spark Up de la Universidad Panamericana\",\"url\":\"https:\\\/\\\/coparmexjal.org.mx\\\/entorno-empresarial\\\/author\\\/pedro-lara\\\/\"}]}<\/script>\n<!-- \/ Yoast SEO plugin. -->","yoast_head_json":{"title":"Mundo en movimiento, M\u00e9xico \u00bfen v\u00e9rtigo o evoluci\u00f3n? - Entorno Empresarial","robots":{"index":"index","follow":"follow","max-snippet":"max-snippet:-1","max-image-preview":"max-image-preview:large","max-video-preview":"max-video-preview:-1"},"canonical":"https:\/\/coparmexjal.org.mx\/entorno-empresarial\/mundo-en-movimiento-mexico-en-vertigo-o-evolucion\/","og_locale":"es_MX","og_type":"article","og_title":"Mundo en movimiento, M\u00e9xico \u00bfen v\u00e9rtigo o evoluci\u00f3n? - Entorno Empresarial","og_description":"Ante un mundo que est\u00e1 cambiando econ\u00f3mica, social y culturalmente \u00bfTe encuentras realmente listo para analizarlo, afrontarlo y salir avante?","og_url":"https:\/\/coparmexjal.org.mx\/entorno-empresarial\/mundo-en-movimiento-mexico-en-vertigo-o-evolucion\/","og_site_name":"Entorno Empresarial","article_publisher":"https:\/\/facebook.com\/comcoparmex","article_published_time":"2014-01-01T21:07:00+00:00","article_modified_time":"2020-06-06T23:52:47+00:00","og_image":[{"width":750,"height":500,"url":"https:\/\/coparmexjal.org.mx\/entorno-empresarial\/wp-content\/uploads\/2020\/02\/M\u00e9xico.jpg","type":"image\/jpeg"}],"author":"Pedro Lara Vargas","twitter_card":"summary_large_image","twitter_creator":"@comcoparmex","twitter_site":"@comcoparmex","twitter_misc":{"Escrito por":"Pedro Lara Vargas","Tiempo de lectura":"4 minutos"},"schema":{"@context":"https:\/\/schema.org","@graph":[{"@type":"Article","@id":"https:\/\/coparmexjal.org.mx\/entorno-empresarial\/mundo-en-movimiento-mexico-en-vertigo-o-evolucion\/#article","isPartOf":{"@id":"https:\/\/coparmexjal.org.mx\/entorno-empresarial\/mundo-en-movimiento-mexico-en-vertigo-o-evolucion\/"},"author":{"name":"Pedro Lara Vargas","@id":"https:\/\/coparmexjal.org.mx\/entorno-empresarial\/#\/schema\/person\/0a928fddd1cb6415543672a55432ffe5"},"headline":"Mundo en movimiento, M\u00e9xico \u00bfen v\u00e9rtigo o evoluci\u00f3n?","datePublished":"2014-01-01T21:07:00+00:00","dateModified":"2020-06-06T23:52:47+00:00","mainEntityOfPage":{"@id":"https:\/\/coparmexjal.org.mx\/entorno-empresarial\/mundo-en-movimiento-mexico-en-vertigo-o-evolucion\/"},"wordCount":767,"commentCount":0,"publisher":{"@id":"https:\/\/coparmexjal.org.mx\/entorno-empresarial\/#organization"},"image":{"@id":"https:\/\/coparmexjal.org.mx\/entorno-empresarial\/mundo-en-movimiento-mexico-en-vertigo-o-evolucion\/#primaryimage"},"thumbnailUrl":"https:\/\/coparmexjal.org.mx\/entorno-empresarial\/wp-content\/uploads\/2020\/02\/M\u00e9xico.jpg","keywords":["cultura","econom\u00eda","empresas","evoluci\u00f3n","M\u00e9xico","PIB"],"articleSection":["Empresas"],"inLanguage":"es","potentialAction":[{"@type":"CommentAction","name":"Comment","target":["https:\/\/coparmexjal.org.mx\/entorno-empresarial\/mundo-en-movimiento-mexico-en-vertigo-o-evolucion\/#respond"]}]},{"@type":"WebPage","@id":"https:\/\/coparmexjal.org.mx\/entorno-empresarial\/mundo-en-movimiento-mexico-en-vertigo-o-evolucion\/","url":"https:\/\/coparmexjal.org.mx\/entorno-empresarial\/mundo-en-movimiento-mexico-en-vertigo-o-evolucion\/","name":"Mundo en movimiento, M\u00e9xico \u00bfen v\u00e9rtigo o evoluci\u00f3n? - Entorno Empresarial","isPartOf":{"@id":"https:\/\/coparmexjal.org.mx\/entorno-empresarial\/#website"},"primaryImageOfPage":{"@id":"https:\/\/coparmexjal.org.mx\/entorno-empresarial\/mundo-en-movimiento-mexico-en-vertigo-o-evolucion\/#primaryimage"},"image":{"@id":"https:\/\/coparmexjal.org.mx\/entorno-empresarial\/mundo-en-movimiento-mexico-en-vertigo-o-evolucion\/#primaryimage"},"thumbnailUrl":"https:\/\/coparmexjal.org.mx\/entorno-empresarial\/wp-content\/uploads\/2020\/02\/M\u00e9xico.jpg","datePublished":"2014-01-01T21:07:00+00:00","dateModified":"2020-06-06T23:52:47+00:00","breadcrumb":{"@id":"https:\/\/coparmexjal.org.mx\/entorno-empresarial\/mundo-en-movimiento-mexico-en-vertigo-o-evolucion\/#breadcrumb"},"inLanguage":"es","potentialAction":[{"@type":"ReadAction","target":["https:\/\/coparmexjal.org.mx\/entorno-empresarial\/mundo-en-movimiento-mexico-en-vertigo-o-evolucion\/"]}]},{"@type":"ImageObject","inLanguage":"es","@id":"https:\/\/coparmexjal.org.mx\/entorno-empresarial\/mundo-en-movimiento-mexico-en-vertigo-o-evolucion\/#primaryimage","url":"https:\/\/coparmexjal.org.mx\/entorno-empresarial\/wp-content\/uploads\/2020\/02\/M\u00e9xico.jpg","contentUrl":"https:\/\/coparmexjal.org.mx\/entorno-empresarial\/wp-content\/uploads\/2020\/02\/M\u00e9xico.jpg","width":750,"height":500},{"@type":"BreadcrumbList","@id":"https:\/\/coparmexjal.org.mx\/entorno-empresarial\/mundo-en-movimiento-mexico-en-vertigo-o-evolucion\/#breadcrumb","itemListElement":[{"@type":"ListItem","position":1,"name":"Inicio","item":"https:\/\/coparmexjal.org.mx\/entorno-empresarial\/"},{"@type":"ListItem","position":2,"name":"Mundo en movimiento, M\u00e9xico \u00bfen v\u00e9rtigo o evoluci\u00f3n?"}]},{"@type":"WebSite","@id":"https:\/\/coparmexjal.org.mx\/entorno-empresarial\/#website","url":"https:\/\/coparmexjal.org.mx\/entorno-empresarial\/","name":"Revista Entorno Empresarial","description":"Coparmex Jalisco","publisher":{"@id":"https:\/\/coparmexjal.org.mx\/entorno-empresarial\/#organization"},"potentialAction":[{"@type":"SearchAction","target":{"@type":"EntryPoint","urlTemplate":"https:\/\/coparmexjal.org.mx\/entorno-empresarial\/?s={search_term_string}"},"query-input":{"@type":"PropertyValueSpecification","valueRequired":true,"valueName":"search_term_string"}}],"inLanguage":"es"},{"@type":"Organization","@id":"https:\/\/coparmexjal.org.mx\/entorno-empresarial\/#organization","name":"Coparmex Jalisco","url":"https:\/\/coparmexjal.org.mx\/entorno-empresarial\/","logo":{"@type":"ImageObject","inLanguage":"es","@id":"https:\/\/coparmexjal.org.mx\/entorno-empresarial\/#\/schema\/logo\/image\/","url":"https:\/\/coparmexjal.org.mx\/entorno-empresarial\/wp-content\/uploads\/2020\/02\/logo-amp.png","contentUrl":"https:\/\/coparmexjal.org.mx\/entorno-empresarial\/wp-content\/uploads\/2020\/02\/logo-amp.png","width":120,"height":90,"caption":"Coparmex Jalisco"},"image":{"@id":"https:\/\/coparmexjal.org.mx\/entorno-empresarial\/#\/schema\/logo\/image\/"},"sameAs":["https:\/\/facebook.com\/comcoparmex","https:\/\/x.com\/comcoparmex","http:\/\/instagram.com\/coparmexjalisco","https:\/\/mx.linkedin.com\/company\/coparmex-jalisco","https:\/\/www.youtube.com\/c\/CoparmexJaliscomx"]},{"@type":"Person","@id":"https:\/\/coparmexjal.org.mx\/entorno-empresarial\/#\/schema\/person\/0a928fddd1cb6415543672a55432ffe5","name":"Pedro Lara Vargas","image":{"@type":"ImageObject","inLanguage":"es","@id":"https:\/\/secure.gravatar.com\/avatar\/85bd304ee6e5d42b3a75f96683842e1d1bc162bd3ecd0a913133defc5bf030cf?s=96&d=mm&r=g","url":"https:\/\/secure.gravatar.com\/avatar\/85bd304ee6e5d42b3a75f96683842e1d1bc162bd3ecd0a913133defc5bf030cf?s=96&d=mm&r=g","contentUrl":"https:\/\/secure.gravatar.com\/avatar\/85bd304ee6e5d42b3a75f96683842e1d1bc162bd3ecd0a913133defc5bf030cf?s=96&d=mm&r=g","caption":"Pedro Lara Vargas"},"description":"Director Spark Up de la Universidad Panamericana","url":"https:\/\/coparmexjal.org.mx\/entorno-empresarial\/author\/pedro-lara\/"}]}},"_links":{"self":[{"href":"https:\/\/coparmexjal.org.mx\/entorno-empresarial\/wp-json\/wp\/v2\/posts\/2714","targetHints":{"allow":["GET"]}}],"collection":[{"href":"https:\/\/coparmexjal.org.mx\/entorno-empresarial\/wp-json\/wp\/v2\/posts"}],"about":[{"href":"https:\/\/coparmexjal.org.mx\/entorno-empresarial\/wp-json\/wp\/v2\/types\/post"}],"author":[{"embeddable":true,"href":"https:\/\/coparmexjal.org.mx\/entorno-empresarial\/wp-json\/wp\/v2\/users\/53"}],"replies":[{"embeddable":true,"href":"https:\/\/coparmexjal.org.mx\/entorno-empresarial\/wp-json\/wp\/v2\/comments?post=2714"}],"version-history":[{"count":8,"href":"https:\/\/coparmexjal.org.mx\/entorno-empresarial\/wp-json\/wp\/v2\/posts\/2714\/revisions"}],"predecessor-version":[{"id":3398,"href":"https:\/\/coparmexjal.org.mx\/entorno-empresarial\/wp-json\/wp\/v2\/posts\/2714\/revisions\/3398"}],"wp:featuredmedia":[{"embeddable":true,"href":"https:\/\/coparmexjal.org.mx\/entorno-empresarial\/wp-json\/wp\/v2\/media\/3390"}],"wp:attachment":[{"href":"https:\/\/coparmexjal.org.mx\/entorno-empresarial\/wp-json\/wp\/v2\/media?parent=2714"}],"wp:term":[{"taxonomy":"category","embeddable":true,"href":"https:\/\/coparmexjal.org.mx\/entorno-empresarial\/wp-json\/wp\/v2\/categories?post=2714"},{"taxonomy":"post_tag","embeddable":true,"href":"https:\/\/coparmexjal.org.mx\/entorno-empresarial\/wp-json\/wp\/v2\/tags?post=2714"}],"curies":[{"name":"wp","href":"https:\/\/api.w.org\/{rel}","templated":true}]}}