{"id":2658,"date":"2018-01-01T21:44:00","date_gmt":"2018-01-02T03:44:00","guid":{"rendered":"http:\/\/coparmexjal.org.mx\/entorno-empresarial\/?p=2658"},"modified":"2020-06-05T20:39:32","modified_gmt":"2020-06-06T01:39:32","slug":"lo-que-necesitas-saber-sobre-la-generacion-z-en-el-lugar-de-trabajo","status":"publish","type":"post","link":"https:\/\/coparmexjal.org.mx\/entorno-empresarial\/lo-que-necesitas-saber-sobre-la-generacion-z-en-el-lugar-de-trabajo\/","title":{"rendered":"Lo que necesitas saber sobre la generaci\u00f3n Z en el lugar de trabajo"},"content":{"rendered":"\n<p class=\"has-text-color has-normal-font-size has-very-dark-gray-color\"><em>Durante la \u00faltima d\u00e9cada, los empleadores, los profesionales de recursos humanos y los reclutadores han hecho todo lo posible para analizar y comprender a los <strong>mil\u00e9nicos (millennials)<\/strong> con el fin de fomentar entornos de trabajo productivos. <\/em><\/p>\n\n\n\n<div class=\"wp-block-image\"><figure class=\"aligncenter size-large is-resized\"><img fetchpriority=\"high\" decoding=\"async\" src=\"https:\/\/coparmexjal.org.mx\/entorno-empresarial\/wp-content\/uploads\/2020\/06\/joven-empresario-discutiendo-colegas-sobre-pizarra-oficina_158595-5220.jpg\" alt=\"\" class=\"wp-image-3209\" width=\"741\" height=\"494\" srcset=\"https:\/\/coparmexjal.org.mx\/entorno-empresarial\/wp-content\/uploads\/2020\/06\/joven-empresario-discutiendo-colegas-sobre-pizarra-oficina_158595-5220.jpg 626w, https:\/\/coparmexjal.org.mx\/entorno-empresarial\/wp-content\/uploads\/2020\/06\/joven-empresario-discutiendo-colegas-sobre-pizarra-oficina_158595-5220-300x200.jpg 300w\" sizes=\"(max-width: 741px) 100vw, 741px\" \/><\/figure><\/div>\n\n\n\n<p style=\"color:#000000\" class=\"has-text-color has-normal-font-size\">Se han escrito numerosos art\u00edculos acerca del deseo de los mil\u00e9nicos para tener un mejor equilibrio entre vida y trabajo que sus padres y abuelos, as\u00ed como del hecho de que muchos prefieren el trabajo socialmente responsable y los empleadores que contribuyan al bien com\u00fan. Hemos le\u00eddo acerca de su habilidad con la tecnolog\u00eda y su deseo de arreglos de trabajo flexible. Y hemos sido testigos de c\u00f3mo los <strong>millenials, la generaci\u00f3n X y los <em>baby boomers<\/em><\/strong> poco a poco se acostumbraron a trabajar juntos en un lugar de trabajo <strong>multigeneracional.<\/strong><\/p>\n\n\n\n<p style=\"color:#7f3189\" class=\"has-text-color has-normal-font-size\"><strong>Ahora, sin embargo, estamos a punto de dar la bienvenida a la siguiente generaci\u00f3n al mundo laboral: la generaci\u00f3n Z.<\/strong><\/p>\n\n\n\n<p style=\"color:#000000\" class=\"has-text-color has-normal-font-size\">Los miembros de la <strong>generaci\u00f3n Z nacieron entre 1996 y 2006<\/strong>; los mayores rondan los veinte a\u00f1os. Tienen sus propios puntos de vista, valores y objetivos que los gerentes deben considerar para fomentar espacios de trabajo colaborativos y productivos.<\/p>\n\n\n\n<p style=\"color:#7f3189\" class=\"has-text-color has-normal-font-size\"><strong>Estas son algunas de las cosas m\u00e1s importantes que necesitas saber sobre la generaci\u00f3n Z:<\/strong><\/p>\n\n\n\n<p style=\"color:#000000\" class=\"has-text-color has-normal-font-size\"><strong>Si bien valoran la educaci\u00f3n, muchos optar\u00e1n por no obtener un t\u00edtulo universitario y buscar m\u00e9todos de aprendizaje alternativos.<\/strong> Durante d\u00e9cadas, obtener un t\u00edtulo universitario era algo que se ten\u00eda que hacer para conseguir un trabajo. Sin embargo, muchos j\u00f3venes dejan la universidad por cuestiones econ\u00f3micas. Es m\u00e1s, la generaci\u00f3n Z sabe que muchos mil\u00e9nicos no han podido encontrar un trabajo en su campo de estudio y con el salario que esperar\u00edan con un t\u00edtulo universitario. <\/p>\n\n\n\n<p style=\"color:#000000\" class=\"has-text-color has-normal-font-size\">Por eso muchos de los j\u00f3venes hoy en d\u00eda aprovechan oportunidades tales como capacitaci\u00f3n, programas de aprendizaje en el trabajo y cursos en l\u00ednea. Como resultado, m\u00e1s gente entrar\u00e1 en el mundo laboral de tiempo completo a una edad m\u00e1s temprana que en a\u00f1os anteriores. Ten en cuenta que esto proporciona oportunidades para que los empleadores establezcan relaciones s\u00f3lidas con los j\u00f3venes talentos, proporcion\u00e1ndoles la formaci\u00f3n profesional que necesitan.<\/p>\n\n\n\n<p><\/p>\n\n\n\n<p style=\"color:#000000\" class=\"has-text-color has-normal-font-size\"><strong>Noticias y eventos actuales influyen en sus valores y toma de decisiones.<\/strong> La generaci\u00f3n Z creci\u00f3 en un momento de turbulencia pol\u00edtica y econ\u00f3mica, con el ciclo de noticias de 24 horas y las redes sociales, que proporcionan cantidades masivas de informaci\u00f3n de todo el orbe. Por ello, su visi\u00f3n del mundo es extremadamente realista, y espera tener que trabajar duro para ganarse la vida.<\/p>\n\n\n\n<p style=\"color:#000000\" class=\"has-text-color has-normal-font-size\"><strong>Son la generaci\u00f3n m\u00e1s experta en tecnolog\u00eda.<\/strong> La generaci\u00f3n Z siempre ha tenido la tecnolog\u00eda m\u00f3vil inal\u00e1mbrica a su disposici\u00f3n, con aplicaciones para todo. Los miembros de esta generaci\u00f3n est\u00e1n acostumbrados a la alta velocidad del avance tecnol\u00f3gico, y lo abrazan instintivamente. Esto les permite trabajar de manera eficiente y adoptar nuevas soluciones de manera r\u00e1pida y eficaz.<\/p>\n\n\n\n<p style=\"color:#000000\" class=\"has-text-color has-normal-font-size\"><strong>Valoran las conexiones <\/strong><strong><em>face to face<\/em><\/strong><strong>.<\/strong> John Boitnott en su art\u00edculo de Inc.com &#8220;Generaci\u00f3n Z y el lugar de trabajo: lo que usted necesita saber&#8221; menciona que a pesar del uso de medios de comunicaci\u00f3n social, correo electr\u00f3nico, mensajes directos y textos, la generaci\u00f3n Z valora tener conexiones aut\u00e9nticas con sus superiores: aprecia los aportes y la retroalimentaci\u00f3n, y dar\u00e1 buen uso a cualquier informaci\u00f3n que se le proporcione.<\/p>\n\n\n\n<p style=\"color:#000000\" class=\"has-text-color has-normal-font-size\">Teniendo en cuenta esto,<strong> las empresas u organizaciones deben aprovechar el talento de esta nueva generaci\u00f3n para incorporarlo a sus equipos de trabajo<\/strong>, e invitarlos a compartir sus conocimientos y de esta manera generar mayor sinergia entre generaciones con el fin de obtener la mayor ventaja de cada una de ellas.<br><\/p>\n","protected":false},"excerpt":{"rendered":"<p>Los miembros de la generaci\u00f3n Z nacieron entre 1996 y 2006; los mayores rondan los veinte a\u00f1os. Tienen sus propios puntos de vista, valores y objetivos que los gerentes deben considerar para fomentar espacios de trabajo colaborativos y productivos.<\/p>\n","protected":false},"author":2,"featured_media":3211,"comment_status":"open","ping_status":"open","sticky":false,"template":"","format":"standard","meta":{"footnotes":""},"categories":[158],"tags":[249,246,222,248,247,239],"class_list":["post-2658","post","type-post","status-publish","format-standard","has-post-thumbnail","hentry","category-capital-humano","tag-face-to-face","tag-generacion-z","tag-millennials","tag-multigeneracional","tag-mundo-laboral","tag-tecnologia"],"yoast_head":"<!-- This site is optimized with the Yoast SEO plugin v27.5 - https:\/\/yoast.com\/product\/yoast-seo-wordpress\/ -->\n<title>Lo que necesitas saber sobre la generaci\u00f3n Z en el lugar de trabajo - Entorno Empresarial<\/title>\n<meta name=\"robots\" content=\"index, follow, max-snippet:-1, max-image-preview:large, max-video-preview:-1\" \/>\n<link rel=\"canonical\" href=\"https:\/\/coparmexjal.org.mx\/entorno-empresarial\/lo-que-necesitas-saber-sobre-la-generacion-z-en-el-lugar-de-trabajo\/\" \/>\n<meta property=\"og:locale\" content=\"es_MX\" \/>\n<meta property=\"og:type\" content=\"article\" \/>\n<meta property=\"og:title\" content=\"Lo que necesitas saber sobre la generaci\u00f3n Z en el lugar de trabajo - Entorno Empresarial\" \/>\n<meta property=\"og:description\" content=\"Los miembros de la generaci\u00f3n Z nacieron entre 1996 y 2006; los mayores rondan los veinte a\u00f1os. Tienen sus propios puntos de vista, valores y objetivos que los gerentes deben considerar para fomentar espacios de trabajo colaborativos y productivos.\" \/>\n<meta property=\"og:url\" content=\"https:\/\/coparmexjal.org.mx\/entorno-empresarial\/lo-que-necesitas-saber-sobre-la-generacion-z-en-el-lugar-de-trabajo\/\" \/>\n<meta property=\"og:site_name\" content=\"Entorno Empresarial\" \/>\n<meta property=\"article:publisher\" content=\"https:\/\/facebook.com\/comcoparmex\" \/>\n<meta property=\"article:published_time\" content=\"2018-01-02T03:44:00+00:00\" \/>\n<meta property=\"article:modified_time\" content=\"2020-06-06T01:39:32+00:00\" \/>\n<meta property=\"og:image\" content=\"https:\/\/coparmexjal.org.mx\/entorno-empresarial\/wp-content\/uploads\/2018\/01\/photo-1556761175-5973dc0f32e7.jpg\" \/>\n\t<meta property=\"og:image:width\" content=\"890\" \/>\n\t<meta property=\"og:image:height\" content=\"501\" \/>\n\t<meta property=\"og:image:type\" content=\"image\/jpeg\" \/>\n<meta name=\"author\" content=\"Coparmex Jalisco\" \/>\n<meta name=\"twitter:card\" content=\"summary_large_image\" \/>\n<meta name=\"twitter:creator\" content=\"@comcoparmex\" \/>\n<meta name=\"twitter:site\" content=\"@comcoparmex\" \/>\n<meta name=\"twitter:label1\" content=\"Escrito por\" \/>\n\t<meta name=\"twitter:data1\" content=\"Coparmex Jalisco\" \/>\n\t<meta name=\"twitter:label2\" content=\"Tiempo de lectura\" \/>\n\t<meta name=\"twitter:data2\" content=\"3 minutos\" \/>\n<script type=\"application\/ld+json\" class=\"yoast-schema-graph\">{\"@context\":\"https:\\\/\\\/schema.org\",\"@graph\":[{\"@type\":\"Article\",\"@id\":\"https:\\\/\\\/coparmexjal.org.mx\\\/entorno-empresarial\\\/lo-que-necesitas-saber-sobre-la-generacion-z-en-el-lugar-de-trabajo\\\/#article\",\"isPartOf\":{\"@id\":\"https:\\\/\\\/coparmexjal.org.mx\\\/entorno-empresarial\\\/lo-que-necesitas-saber-sobre-la-generacion-z-en-el-lugar-de-trabajo\\\/\"},\"author\":{\"name\":\"Coparmex Jalisco\",\"@id\":\"https:\\\/\\\/coparmexjal.org.mx\\\/entorno-empresarial\\\/#\\\/schema\\\/person\\\/7d1d56a9587bfb3a725cd3dbfbdb9d44\"},\"headline\":\"Lo que necesitas saber sobre la generaci\u00f3n Z en el lugar de trabajo\",\"datePublished\":\"2018-01-02T03:44:00+00:00\",\"dateModified\":\"2020-06-06T01:39:32+00:00\",\"mainEntityOfPage\":{\"@id\":\"https:\\\/\\\/coparmexjal.org.mx\\\/entorno-empresarial\\\/lo-que-necesitas-saber-sobre-la-generacion-z-en-el-lugar-de-trabajo\\\/\"},\"wordCount\":667,\"commentCount\":0,\"publisher\":{\"@id\":\"https:\\\/\\\/coparmexjal.org.mx\\\/entorno-empresarial\\\/#organization\"},\"image\":{\"@id\":\"https:\\\/\\\/coparmexjal.org.mx\\\/entorno-empresarial\\\/lo-que-necesitas-saber-sobre-la-generacion-z-en-el-lugar-de-trabajo\\\/#primaryimage\"},\"thumbnailUrl\":\"https:\\\/\\\/coparmexjal.org.mx\\\/entorno-empresarial\\\/wp-content\\\/uploads\\\/2018\\\/01\\\/photo-1556761175-5973dc0f32e7.jpg\",\"keywords\":[\"face to face\",\"generaci\u00f3n z\",\"millennials\",\"multigeneracional\",\"mundo laboral\",\"tecnologia\"],\"articleSection\":[\"Capital Humano\"],\"inLanguage\":\"es\",\"potentialAction\":[{\"@type\":\"CommentAction\",\"name\":\"Comment\",\"target\":[\"https:\\\/\\\/coparmexjal.org.mx\\\/entorno-empresarial\\\/lo-que-necesitas-saber-sobre-la-generacion-z-en-el-lugar-de-trabajo\\\/#respond\"]}]},{\"@type\":\"WebPage\",\"@id\":\"https:\\\/\\\/coparmexjal.org.mx\\\/entorno-empresarial\\\/lo-que-necesitas-saber-sobre-la-generacion-z-en-el-lugar-de-trabajo\\\/\",\"url\":\"https:\\\/\\\/coparmexjal.org.mx\\\/entorno-empresarial\\\/lo-que-necesitas-saber-sobre-la-generacion-z-en-el-lugar-de-trabajo\\\/\",\"name\":\"Lo que necesitas saber sobre la generaci\u00f3n Z en el lugar de trabajo - Entorno Empresarial\",\"isPartOf\":{\"@id\":\"https:\\\/\\\/coparmexjal.org.mx\\\/entorno-empresarial\\\/#website\"},\"primaryImageOfPage\":{\"@id\":\"https:\\\/\\\/coparmexjal.org.mx\\\/entorno-empresarial\\\/lo-que-necesitas-saber-sobre-la-generacion-z-en-el-lugar-de-trabajo\\\/#primaryimage\"},\"image\":{\"@id\":\"https:\\\/\\\/coparmexjal.org.mx\\\/entorno-empresarial\\\/lo-que-necesitas-saber-sobre-la-generacion-z-en-el-lugar-de-trabajo\\\/#primaryimage\"},\"thumbnailUrl\":\"https:\\\/\\\/coparmexjal.org.mx\\\/entorno-empresarial\\\/wp-content\\\/uploads\\\/2018\\\/01\\\/photo-1556761175-5973dc0f32e7.jpg\",\"datePublished\":\"2018-01-02T03:44:00+00:00\",\"dateModified\":\"2020-06-06T01:39:32+00:00\",\"breadcrumb\":{\"@id\":\"https:\\\/\\\/coparmexjal.org.mx\\\/entorno-empresarial\\\/lo-que-necesitas-saber-sobre-la-generacion-z-en-el-lugar-de-trabajo\\\/#breadcrumb\"},\"inLanguage\":\"es\",\"potentialAction\":[{\"@type\":\"ReadAction\",\"target\":[\"https:\\\/\\\/coparmexjal.org.mx\\\/entorno-empresarial\\\/lo-que-necesitas-saber-sobre-la-generacion-z-en-el-lugar-de-trabajo\\\/\"]}]},{\"@type\":\"ImageObject\",\"inLanguage\":\"es\",\"@id\":\"https:\\\/\\\/coparmexjal.org.mx\\\/entorno-empresarial\\\/lo-que-necesitas-saber-sobre-la-generacion-z-en-el-lugar-de-trabajo\\\/#primaryimage\",\"url\":\"https:\\\/\\\/coparmexjal.org.mx\\\/entorno-empresarial\\\/wp-content\\\/uploads\\\/2018\\\/01\\\/photo-1556761175-5973dc0f32e7.jpg\",\"contentUrl\":\"https:\\\/\\\/coparmexjal.org.mx\\\/entorno-empresarial\\\/wp-content\\\/uploads\\\/2018\\\/01\\\/photo-1556761175-5973dc0f32e7.jpg\",\"width\":890,\"height\":501},{\"@type\":\"BreadcrumbList\",\"@id\":\"https:\\\/\\\/coparmexjal.org.mx\\\/entorno-empresarial\\\/lo-que-necesitas-saber-sobre-la-generacion-z-en-el-lugar-de-trabajo\\\/#breadcrumb\",\"itemListElement\":[{\"@type\":\"ListItem\",\"position\":1,\"name\":\"Inicio\",\"item\":\"https:\\\/\\\/coparmexjal.org.mx\\\/entorno-empresarial\\\/\"},{\"@type\":\"ListItem\",\"position\":2,\"name\":\"Lo que necesitas saber sobre la generaci\u00f3n Z en el lugar de trabajo\"}]},{\"@type\":\"WebSite\",\"@id\":\"https:\\\/\\\/coparmexjal.org.mx\\\/entorno-empresarial\\\/#website\",\"url\":\"https:\\\/\\\/coparmexjal.org.mx\\\/entorno-empresarial\\\/\",\"name\":\"Revista Entorno Empresarial\",\"description\":\"Coparmex Jalisco\",\"publisher\":{\"@id\":\"https:\\\/\\\/coparmexjal.org.mx\\\/entorno-empresarial\\\/#organization\"},\"potentialAction\":[{\"@type\":\"SearchAction\",\"target\":{\"@type\":\"EntryPoint\",\"urlTemplate\":\"https:\\\/\\\/coparmexjal.org.mx\\\/entorno-empresarial\\\/?s={search_term_string}\"},\"query-input\":{\"@type\":\"PropertyValueSpecification\",\"valueRequired\":true,\"valueName\":\"search_term_string\"}}],\"inLanguage\":\"es\"},{\"@type\":\"Organization\",\"@id\":\"https:\\\/\\\/coparmexjal.org.mx\\\/entorno-empresarial\\\/#organization\",\"name\":\"Coparmex Jalisco\",\"url\":\"https:\\\/\\\/coparmexjal.org.mx\\\/entorno-empresarial\\\/\",\"logo\":{\"@type\":\"ImageObject\",\"inLanguage\":\"es\",\"@id\":\"https:\\\/\\\/coparmexjal.org.mx\\\/entorno-empresarial\\\/#\\\/schema\\\/logo\\\/image\\\/\",\"url\":\"https:\\\/\\\/coparmexjal.org.mx\\\/entorno-empresarial\\\/wp-content\\\/uploads\\\/2020\\\/02\\\/logo-amp.png\",\"contentUrl\":\"https:\\\/\\\/coparmexjal.org.mx\\\/entorno-empresarial\\\/wp-content\\\/uploads\\\/2020\\\/02\\\/logo-amp.png\",\"width\":120,\"height\":90,\"caption\":\"Coparmex Jalisco\"},\"image\":{\"@id\":\"https:\\\/\\\/coparmexjal.org.mx\\\/entorno-empresarial\\\/#\\\/schema\\\/logo\\\/image\\\/\"},\"sameAs\":[\"https:\\\/\\\/facebook.com\\\/comcoparmex\",\"https:\\\/\\\/x.com\\\/comcoparmex\",\"http:\\\/\\\/instagram.com\\\/coparmexjalisco\",\"https:\\\/\\\/mx.linkedin.com\\\/company\\\/coparmex-jalisco\",\"https:\\\/\\\/www.youtube.com\\\/c\\\/CoparmexJaliscomx\"]},{\"@type\":\"Person\",\"@id\":\"https:\\\/\\\/coparmexjal.org.mx\\\/entorno-empresarial\\\/#\\\/schema\\\/person\\\/7d1d56a9587bfb3a725cd3dbfbdb9d44\",\"name\":\"Coparmex Jalisco\",\"image\":{\"@type\":\"ImageObject\",\"inLanguage\":\"es\",\"@id\":\"https:\\\/\\\/coparmexjal.org.mx\\\/entorno-empresarial\\\/wp-content\\\/uploads\\\/2020\\\/06\\\/favicon-150x133.png\",\"url\":\"https:\\\/\\\/coparmexjal.org.mx\\\/entorno-empresarial\\\/wp-content\\\/uploads\\\/2020\\\/06\\\/favicon-150x133.png\",\"contentUrl\":\"https:\\\/\\\/coparmexjal.org.mx\\\/entorno-empresarial\\\/wp-content\\\/uploads\\\/2020\\\/06\\\/favicon-150x133.png\",\"caption\":\"Coparmex Jalisco\"},\"url\":\"https:\\\/\\\/coparmexjal.org.mx\\\/entorno-empresarial\\\/author\\\/coparmexjalisco\\\/\"}]}<\/script>\n<!-- \/ Yoast SEO plugin. -->","yoast_head_json":{"title":"Lo que necesitas saber sobre la generaci\u00f3n Z en el lugar de trabajo - Entorno Empresarial","robots":{"index":"index","follow":"follow","max-snippet":"max-snippet:-1","max-image-preview":"max-image-preview:large","max-video-preview":"max-video-preview:-1"},"canonical":"https:\/\/coparmexjal.org.mx\/entorno-empresarial\/lo-que-necesitas-saber-sobre-la-generacion-z-en-el-lugar-de-trabajo\/","og_locale":"es_MX","og_type":"article","og_title":"Lo que necesitas saber sobre la generaci\u00f3n Z en el lugar de trabajo - Entorno Empresarial","og_description":"Los miembros de la generaci\u00f3n Z nacieron entre 1996 y 2006; los mayores rondan los veinte a\u00f1os. Tienen sus propios puntos de vista, valores y objetivos que los gerentes deben considerar para fomentar espacios de trabajo colaborativos y productivos.","og_url":"https:\/\/coparmexjal.org.mx\/entorno-empresarial\/lo-que-necesitas-saber-sobre-la-generacion-z-en-el-lugar-de-trabajo\/","og_site_name":"Entorno Empresarial","article_publisher":"https:\/\/facebook.com\/comcoparmex","article_published_time":"2018-01-02T03:44:00+00:00","article_modified_time":"2020-06-06T01:39:32+00:00","og_image":[{"width":890,"height":501,"url":"https:\/\/coparmexjal.org.mx\/entorno-empresarial\/wp-content\/uploads\/2018\/01\/photo-1556761175-5973dc0f32e7.jpg","type":"image\/jpeg"}],"author":"Coparmex Jalisco","twitter_card":"summary_large_image","twitter_creator":"@comcoparmex","twitter_site":"@comcoparmex","twitter_misc":{"Escrito por":"Coparmex Jalisco","Tiempo de lectura":"3 minutos"},"schema":{"@context":"https:\/\/schema.org","@graph":[{"@type":"Article","@id":"https:\/\/coparmexjal.org.mx\/entorno-empresarial\/lo-que-necesitas-saber-sobre-la-generacion-z-en-el-lugar-de-trabajo\/#article","isPartOf":{"@id":"https:\/\/coparmexjal.org.mx\/entorno-empresarial\/lo-que-necesitas-saber-sobre-la-generacion-z-en-el-lugar-de-trabajo\/"},"author":{"name":"Coparmex Jalisco","@id":"https:\/\/coparmexjal.org.mx\/entorno-empresarial\/#\/schema\/person\/7d1d56a9587bfb3a725cd3dbfbdb9d44"},"headline":"Lo que necesitas saber sobre la generaci\u00f3n Z en el lugar de trabajo","datePublished":"2018-01-02T03:44:00+00:00","dateModified":"2020-06-06T01:39:32+00:00","mainEntityOfPage":{"@id":"https:\/\/coparmexjal.org.mx\/entorno-empresarial\/lo-que-necesitas-saber-sobre-la-generacion-z-en-el-lugar-de-trabajo\/"},"wordCount":667,"commentCount":0,"publisher":{"@id":"https:\/\/coparmexjal.org.mx\/entorno-empresarial\/#organization"},"image":{"@id":"https:\/\/coparmexjal.org.mx\/entorno-empresarial\/lo-que-necesitas-saber-sobre-la-generacion-z-en-el-lugar-de-trabajo\/#primaryimage"},"thumbnailUrl":"https:\/\/coparmexjal.org.mx\/entorno-empresarial\/wp-content\/uploads\/2018\/01\/photo-1556761175-5973dc0f32e7.jpg","keywords":["face to face","generaci\u00f3n z","millennials","multigeneracional","mundo laboral","tecnologia"],"articleSection":["Capital Humano"],"inLanguage":"es","potentialAction":[{"@type":"CommentAction","name":"Comment","target":["https:\/\/coparmexjal.org.mx\/entorno-empresarial\/lo-que-necesitas-saber-sobre-la-generacion-z-en-el-lugar-de-trabajo\/#respond"]}]},{"@type":"WebPage","@id":"https:\/\/coparmexjal.org.mx\/entorno-empresarial\/lo-que-necesitas-saber-sobre-la-generacion-z-en-el-lugar-de-trabajo\/","url":"https:\/\/coparmexjal.org.mx\/entorno-empresarial\/lo-que-necesitas-saber-sobre-la-generacion-z-en-el-lugar-de-trabajo\/","name":"Lo que necesitas saber sobre la generaci\u00f3n Z en el lugar de trabajo - Entorno Empresarial","isPartOf":{"@id":"https:\/\/coparmexjal.org.mx\/entorno-empresarial\/#website"},"primaryImageOfPage":{"@id":"https:\/\/coparmexjal.org.mx\/entorno-empresarial\/lo-que-necesitas-saber-sobre-la-generacion-z-en-el-lugar-de-trabajo\/#primaryimage"},"image":{"@id":"https:\/\/coparmexjal.org.mx\/entorno-empresarial\/lo-que-necesitas-saber-sobre-la-generacion-z-en-el-lugar-de-trabajo\/#primaryimage"},"thumbnailUrl":"https:\/\/coparmexjal.org.mx\/entorno-empresarial\/wp-content\/uploads\/2018\/01\/photo-1556761175-5973dc0f32e7.jpg","datePublished":"2018-01-02T03:44:00+00:00","dateModified":"2020-06-06T01:39:32+00:00","breadcrumb":{"@id":"https:\/\/coparmexjal.org.mx\/entorno-empresarial\/lo-que-necesitas-saber-sobre-la-generacion-z-en-el-lugar-de-trabajo\/#breadcrumb"},"inLanguage":"es","potentialAction":[{"@type":"ReadAction","target":["https:\/\/coparmexjal.org.mx\/entorno-empresarial\/lo-que-necesitas-saber-sobre-la-generacion-z-en-el-lugar-de-trabajo\/"]}]},{"@type":"ImageObject","inLanguage":"es","@id":"https:\/\/coparmexjal.org.mx\/entorno-empresarial\/lo-que-necesitas-saber-sobre-la-generacion-z-en-el-lugar-de-trabajo\/#primaryimage","url":"https:\/\/coparmexjal.org.mx\/entorno-empresarial\/wp-content\/uploads\/2018\/01\/photo-1556761175-5973dc0f32e7.jpg","contentUrl":"https:\/\/coparmexjal.org.mx\/entorno-empresarial\/wp-content\/uploads\/2018\/01\/photo-1556761175-5973dc0f32e7.jpg","width":890,"height":501},{"@type":"BreadcrumbList","@id":"https:\/\/coparmexjal.org.mx\/entorno-empresarial\/lo-que-necesitas-saber-sobre-la-generacion-z-en-el-lugar-de-trabajo\/#breadcrumb","itemListElement":[{"@type":"ListItem","position":1,"name":"Inicio","item":"https:\/\/coparmexjal.org.mx\/entorno-empresarial\/"},{"@type":"ListItem","position":2,"name":"Lo que necesitas saber sobre la generaci\u00f3n Z en el lugar de trabajo"}]},{"@type":"WebSite","@id":"https:\/\/coparmexjal.org.mx\/entorno-empresarial\/#website","url":"https:\/\/coparmexjal.org.mx\/entorno-empresarial\/","name":"Revista Entorno Empresarial","description":"Coparmex Jalisco","publisher":{"@id":"https:\/\/coparmexjal.org.mx\/entorno-empresarial\/#organization"},"potentialAction":[{"@type":"SearchAction","target":{"@type":"EntryPoint","urlTemplate":"https:\/\/coparmexjal.org.mx\/entorno-empresarial\/?s={search_term_string}"},"query-input":{"@type":"PropertyValueSpecification","valueRequired":true,"valueName":"search_term_string"}}],"inLanguage":"es"},{"@type":"Organization","@id":"https:\/\/coparmexjal.org.mx\/entorno-empresarial\/#organization","name":"Coparmex Jalisco","url":"https:\/\/coparmexjal.org.mx\/entorno-empresarial\/","logo":{"@type":"ImageObject","inLanguage":"es","@id":"https:\/\/coparmexjal.org.mx\/entorno-empresarial\/#\/schema\/logo\/image\/","url":"https:\/\/coparmexjal.org.mx\/entorno-empresarial\/wp-content\/uploads\/2020\/02\/logo-amp.png","contentUrl":"https:\/\/coparmexjal.org.mx\/entorno-empresarial\/wp-content\/uploads\/2020\/02\/logo-amp.png","width":120,"height":90,"caption":"Coparmex Jalisco"},"image":{"@id":"https:\/\/coparmexjal.org.mx\/entorno-empresarial\/#\/schema\/logo\/image\/"},"sameAs":["https:\/\/facebook.com\/comcoparmex","https:\/\/x.com\/comcoparmex","http:\/\/instagram.com\/coparmexjalisco","https:\/\/mx.linkedin.com\/company\/coparmex-jalisco","https:\/\/www.youtube.com\/c\/CoparmexJaliscomx"]},{"@type":"Person","@id":"https:\/\/coparmexjal.org.mx\/entorno-empresarial\/#\/schema\/person\/7d1d56a9587bfb3a725cd3dbfbdb9d44","name":"Coparmex Jalisco","image":{"@type":"ImageObject","inLanguage":"es","@id":"https:\/\/coparmexjal.org.mx\/entorno-empresarial\/wp-content\/uploads\/2020\/06\/favicon-150x133.png","url":"https:\/\/coparmexjal.org.mx\/entorno-empresarial\/wp-content\/uploads\/2020\/06\/favicon-150x133.png","contentUrl":"https:\/\/coparmexjal.org.mx\/entorno-empresarial\/wp-content\/uploads\/2020\/06\/favicon-150x133.png","caption":"Coparmex Jalisco"},"url":"https:\/\/coparmexjal.org.mx\/entorno-empresarial\/author\/coparmexjalisco\/"}]}},"_links":{"self":[{"href":"https:\/\/coparmexjal.org.mx\/entorno-empresarial\/wp-json\/wp\/v2\/posts\/2658","targetHints":{"allow":["GET"]}}],"collection":[{"href":"https:\/\/coparmexjal.org.mx\/entorno-empresarial\/wp-json\/wp\/v2\/posts"}],"about":[{"href":"https:\/\/coparmexjal.org.mx\/entorno-empresarial\/wp-json\/wp\/v2\/types\/post"}],"author":[{"embeddable":true,"href":"https:\/\/coparmexjal.org.mx\/entorno-empresarial\/wp-json\/wp\/v2\/users\/2"}],"replies":[{"embeddable":true,"href":"https:\/\/coparmexjal.org.mx\/entorno-empresarial\/wp-json\/wp\/v2\/comments?post=2658"}],"version-history":[{"count":7,"href":"https:\/\/coparmexjal.org.mx\/entorno-empresarial\/wp-json\/wp\/v2\/posts\/2658\/revisions"}],"predecessor-version":[{"id":3215,"href":"https:\/\/coparmexjal.org.mx\/entorno-empresarial\/wp-json\/wp\/v2\/posts\/2658\/revisions\/3215"}],"wp:featuredmedia":[{"embeddable":true,"href":"https:\/\/coparmexjal.org.mx\/entorno-empresarial\/wp-json\/wp\/v2\/media\/3211"}],"wp:attachment":[{"href":"https:\/\/coparmexjal.org.mx\/entorno-empresarial\/wp-json\/wp\/v2\/media?parent=2658"}],"wp:term":[{"taxonomy":"category","embeddable":true,"href":"https:\/\/coparmexjal.org.mx\/entorno-empresarial\/wp-json\/wp\/v2\/categories?post=2658"},{"taxonomy":"post_tag","embeddable":true,"href":"https:\/\/coparmexjal.org.mx\/entorno-empresarial\/wp-json\/wp\/v2\/tags?post=2658"}],"curies":[{"name":"wp","href":"https:\/\/api.w.org\/{rel}","templated":true}]}}