{"id":2634,"date":"2013-05-01T20:46:00","date_gmt":"2013-05-02T01:46:00","guid":{"rendered":"http:\/\/coparmexjal.org.mx\/entorno-empresarial\/?p=2634"},"modified":"2020-06-06T18:37:26","modified_gmt":"2020-06-06T23:37:26","slug":"generar-riqueza-y-compartirla","status":"publish","type":"post","link":"https:\/\/coparmexjal.org.mx\/entorno-empresarial\/generar-riqueza-y-compartirla\/","title":{"rendered":"Generar riqueza y compartirla"},"content":{"rendered":"\n<h2 class=\"wp-block-heading\"><strong>Vocaci\u00f3n de empresario\u2013empleado\u2013trabajador<\/strong><\/h2>\n\n\n\n<div class=\"wp-block-image\"><figure class=\"aligncenter size-large\"><img fetchpriority=\"high\" decoding=\"async\" width=\"500\" height=\"331\" src=\"https:\/\/coparmexjal.org.mx\/entorno-empresarial\/wp-content\/uploads\/2020\/06\/pexels-photo-928201.jpeg\" alt=\"\" class=\"wp-image-3374\" srcset=\"https:\/\/coparmexjal.org.mx\/entorno-empresarial\/wp-content\/uploads\/2020\/06\/pexels-photo-928201.jpeg 500w, https:\/\/coparmexjal.org.mx\/entorno-empresarial\/wp-content\/uploads\/2020\/06\/pexels-photo-928201-300x199.jpeg 300w\" sizes=\"(max-width: 500px) 100vw, 500px\" \/><\/figure><\/div>\n\n\n\n<p class=\"has-normal-font-size\">La realizaci\u00f3n verdadera y el compromiso de la vocaci\u00f3n empresarial consisten en generar riqueza y compartirla con quienes la han hecho posible, de este modo, el esfuerzo y la contribuci\u00f3n de esas personas ser\u00e1n recompensados con equidad y competitividad, y les permitir\u00e1n llevar una vida digna.<\/p>\n\n\n\n<p class=\"has-normal-font-size\">Cuando la empresa cuenta con un sistema de remuneraci\u00f3n que no se maneja con equidad, es decir, pago igual a responsabilidad y contribuci\u00f3n, no solo aparecer\u00e1n se\u00f1ales, sino evidencias de desaliento, baja motivaci\u00f3n y poco inter\u00e9s por ir m\u00e1s all\u00e1 de cumplir con lo que toca hacer; se har\u00e1 \u00fanicamente lo correspondiente para conservar el trabajo.<\/p>\n\n\n\n<p><strong>Plataforma organizacional<\/strong><\/p>\n\n\n\n<p class=\"has-normal-font-size\"><strong>Descripciones de puesto:<\/strong> un elemento fundamental para hacer que el empleado y el trabajador generen riqueza con su trabajo y su talento es tener las descripciones de puesto claramente definidas<\/p>\n\n\n\n<p class=\"has-normal-font-size\"><strong>Valuaci\u00f3n de puestos:<\/strong> para que las descripciones de puesto adquieran su verdadero valor, hay que advertir que no son un retrato de lo que se est\u00e1 haciendo ni un listado de competencias que hay que tener. Dichas descripciones incluyen el objetivo del puesto, es decir, la contribuci\u00f3n por la que se recibe el pago, las funciones, las tareas, los indicadores de medici\u00f3n de resultados, los conocimientos y las habilidades que se tienen que dominar, as\u00ed como la relaci\u00f3n del puesto con otros cargos o \u00e1reas.<\/p>\n\n\n\n<p class=\"has-normal-font-size\"><strong>Estudio de mercado de sueldos y salarios:<\/strong> es necesario conocer si se est\u00e1 pagando competitivamente; por ello, es importante recurrir a encuestas confiables y reconocidas sobre el comportamiento del mercado de la remuneraci\u00f3n que permitan comparar por giro, tama\u00f1o y regi\u00f3n la forma en que se est\u00e1 reconociendo el valor de los puestos.<\/p>\n\n\n\n<p class=\"has-normal-font-size\">Generar riqueza y compartirla es hacer del trabajo una fuente de enriquecimiento integral para todos: empresarios, directivos, empleados, trabajadores; en lo personal, en lo profesional, en lo familiar y en lo social. Esto demanda un plan estrat\u00e9gico de competitividad integral con la visi\u00f3n de generar riqueza compartida integral.<br><\/p>\n","protected":false},"excerpt":{"rendered":"<p>La realizaci\u00f3n verdadera y el compromiso de la vocaci\u00f3n empresarial consisten en generar riqueza y compartirla con quienes la han hecho posible, de este modo, el esfuerzo y la contribuci\u00f3n de esas personas ser\u00e1n recompensados con equidad y competitividad, y les permitir\u00e1n llevar una vida digna.<\/p>\n","protected":false},"author":42,"featured_media":3375,"comment_status":"open","ping_status":"open","sticky":false,"template":"","format":"standard","meta":{"footnotes":""},"categories":[158],"tags":[232,231,233,167],"class_list":["post-2634","post","type-post","status-publish","format-standard","has-post-thumbnail","hentry","category-capital-humano","tag-empleado","tag-empresario","tag-riqueza-laboral","tag-trabajador"],"yoast_head":"<!-- This site is optimized with the Yoast SEO plugin v27.5 - https:\/\/yoast.com\/product\/yoast-seo-wordpress\/ -->\n<title>Generar riqueza y compartirla - Entorno Empresarial<\/title>\n<meta name=\"robots\" content=\"index, follow, max-snippet:-1, max-image-preview:large, max-video-preview:-1\" \/>\n<link rel=\"canonical\" href=\"https:\/\/coparmexjal.org.mx\/entorno-empresarial\/generar-riqueza-y-compartirla\/\" \/>\n<meta property=\"og:locale\" content=\"es_MX\" \/>\n<meta property=\"og:type\" content=\"article\" \/>\n<meta property=\"og:title\" content=\"Generar riqueza y compartirla - Entorno Empresarial\" \/>\n<meta property=\"og:description\" content=\"La realizaci\u00f3n verdadera y el compromiso de la vocaci\u00f3n empresarial consisten en generar riqueza y compartirla con quienes la han hecho posible, de este modo, el esfuerzo y la contribuci\u00f3n de esas personas ser\u00e1n recompensados con equidad y competitividad, y les permitir\u00e1n llevar una vida digna.\" \/>\n<meta property=\"og:url\" content=\"https:\/\/coparmexjal.org.mx\/entorno-empresarial\/generar-riqueza-y-compartirla\/\" \/>\n<meta property=\"og:site_name\" content=\"Entorno Empresarial\" \/>\n<meta property=\"article:publisher\" content=\"https:\/\/facebook.com\/comcoparmex\" \/>\n<meta property=\"article:published_time\" content=\"2013-05-02T01:46:00+00:00\" \/>\n<meta property=\"article:modified_time\" content=\"2020-06-06T23:37:26+00:00\" \/>\n<meta property=\"og:image\" content=\"https:\/\/coparmexjal.org.mx\/entorno-empresarial\/wp-content\/uploads\/2013\/05\/pexels-photo.jpg\" \/>\n\t<meta property=\"og:image:width\" content=\"500\" \/>\n\t<meta property=\"og:image:height\" content=\"333\" \/>\n\t<meta property=\"og:image:type\" content=\"image\/jpeg\" \/>\n<meta name=\"author\" content=\"Jes\u00fas Gonz\u00e1lez de la Rosa\" \/>\n<meta name=\"twitter:card\" content=\"summary_large_image\" \/>\n<meta name=\"twitter:creator\" content=\"@comcoparmex\" \/>\n<meta name=\"twitter:site\" content=\"@comcoparmex\" \/>\n<meta name=\"twitter:label1\" content=\"Escrito por\" \/>\n\t<meta name=\"twitter:data1\" content=\"Jes\u00fas Gonz\u00e1lez de la Rosa\" \/>\n\t<meta name=\"twitter:label2\" content=\"Tiempo de lectura\" \/>\n\t<meta name=\"twitter:data2\" content=\"2 minutos\" \/>\n<script type=\"application\/ld+json\" class=\"yoast-schema-graph\">{\"@context\":\"https:\\\/\\\/schema.org\",\"@graph\":[{\"@type\":\"Article\",\"@id\":\"https:\\\/\\\/coparmexjal.org.mx\\\/entorno-empresarial\\\/generar-riqueza-y-compartirla\\\/#article\",\"isPartOf\":{\"@id\":\"https:\\\/\\\/coparmexjal.org.mx\\\/entorno-empresarial\\\/generar-riqueza-y-compartirla\\\/\"},\"author\":{\"name\":\"Jes\u00fas Gonz\u00e1lez de la Rosa\",\"@id\":\"https:\\\/\\\/coparmexjal.org.mx\\\/entorno-empresarial\\\/#\\\/schema\\\/person\\\/965375af7ffef2041732d1cddc3ee117\"},\"headline\":\"Generar riqueza y compartirla\",\"datePublished\":\"2013-05-02T01:46:00+00:00\",\"dateModified\":\"2020-06-06T23:37:26+00:00\",\"mainEntityOfPage\":{\"@id\":\"https:\\\/\\\/coparmexjal.org.mx\\\/entorno-empresarial\\\/generar-riqueza-y-compartirla\\\/\"},\"wordCount\":351,\"commentCount\":0,\"publisher\":{\"@id\":\"https:\\\/\\\/coparmexjal.org.mx\\\/entorno-empresarial\\\/#organization\"},\"image\":{\"@id\":\"https:\\\/\\\/coparmexjal.org.mx\\\/entorno-empresarial\\\/generar-riqueza-y-compartirla\\\/#primaryimage\"},\"thumbnailUrl\":\"https:\\\/\\\/coparmexjal.org.mx\\\/entorno-empresarial\\\/wp-content\\\/uploads\\\/2013\\\/05\\\/pexels-photo.jpg\",\"keywords\":[\"empleado\",\"empresario\",\"riqueza laboral\",\"trabajador\"],\"articleSection\":[\"Capital Humano\"],\"inLanguage\":\"es\",\"potentialAction\":[{\"@type\":\"CommentAction\",\"name\":\"Comment\",\"target\":[\"https:\\\/\\\/coparmexjal.org.mx\\\/entorno-empresarial\\\/generar-riqueza-y-compartirla\\\/#respond\"]}]},{\"@type\":\"WebPage\",\"@id\":\"https:\\\/\\\/coparmexjal.org.mx\\\/entorno-empresarial\\\/generar-riqueza-y-compartirla\\\/\",\"url\":\"https:\\\/\\\/coparmexjal.org.mx\\\/entorno-empresarial\\\/generar-riqueza-y-compartirla\\\/\",\"name\":\"Generar riqueza y compartirla - Entorno Empresarial\",\"isPartOf\":{\"@id\":\"https:\\\/\\\/coparmexjal.org.mx\\\/entorno-empresarial\\\/#website\"},\"primaryImageOfPage\":{\"@id\":\"https:\\\/\\\/coparmexjal.org.mx\\\/entorno-empresarial\\\/generar-riqueza-y-compartirla\\\/#primaryimage\"},\"image\":{\"@id\":\"https:\\\/\\\/coparmexjal.org.mx\\\/entorno-empresarial\\\/generar-riqueza-y-compartirla\\\/#primaryimage\"},\"thumbnailUrl\":\"https:\\\/\\\/coparmexjal.org.mx\\\/entorno-empresarial\\\/wp-content\\\/uploads\\\/2013\\\/05\\\/pexels-photo.jpg\",\"datePublished\":\"2013-05-02T01:46:00+00:00\",\"dateModified\":\"2020-06-06T23:37:26+00:00\",\"breadcrumb\":{\"@id\":\"https:\\\/\\\/coparmexjal.org.mx\\\/entorno-empresarial\\\/generar-riqueza-y-compartirla\\\/#breadcrumb\"},\"inLanguage\":\"es\",\"potentialAction\":[{\"@type\":\"ReadAction\",\"target\":[\"https:\\\/\\\/coparmexjal.org.mx\\\/entorno-empresarial\\\/generar-riqueza-y-compartirla\\\/\"]}]},{\"@type\":\"ImageObject\",\"inLanguage\":\"es\",\"@id\":\"https:\\\/\\\/coparmexjal.org.mx\\\/entorno-empresarial\\\/generar-riqueza-y-compartirla\\\/#primaryimage\",\"url\":\"https:\\\/\\\/coparmexjal.org.mx\\\/entorno-empresarial\\\/wp-content\\\/uploads\\\/2013\\\/05\\\/pexels-photo.jpg\",\"contentUrl\":\"https:\\\/\\\/coparmexjal.org.mx\\\/entorno-empresarial\\\/wp-content\\\/uploads\\\/2013\\\/05\\\/pexels-photo.jpg\",\"width\":500,\"height\":333},{\"@type\":\"BreadcrumbList\",\"@id\":\"https:\\\/\\\/coparmexjal.org.mx\\\/entorno-empresarial\\\/generar-riqueza-y-compartirla\\\/#breadcrumb\",\"itemListElement\":[{\"@type\":\"ListItem\",\"position\":1,\"name\":\"Inicio\",\"item\":\"https:\\\/\\\/coparmexjal.org.mx\\\/entorno-empresarial\\\/\"},{\"@type\":\"ListItem\",\"position\":2,\"name\":\"Generar riqueza y compartirla\"}]},{\"@type\":\"WebSite\",\"@id\":\"https:\\\/\\\/coparmexjal.org.mx\\\/entorno-empresarial\\\/#website\",\"url\":\"https:\\\/\\\/coparmexjal.org.mx\\\/entorno-empresarial\\\/\",\"name\":\"Revista Entorno Empresarial\",\"description\":\"Coparmex Jalisco\",\"publisher\":{\"@id\":\"https:\\\/\\\/coparmexjal.org.mx\\\/entorno-empresarial\\\/#organization\"},\"potentialAction\":[{\"@type\":\"SearchAction\",\"target\":{\"@type\":\"EntryPoint\",\"urlTemplate\":\"https:\\\/\\\/coparmexjal.org.mx\\\/entorno-empresarial\\\/?s={search_term_string}\"},\"query-input\":{\"@type\":\"PropertyValueSpecification\",\"valueRequired\":true,\"valueName\":\"search_term_string\"}}],\"inLanguage\":\"es\"},{\"@type\":\"Organization\",\"@id\":\"https:\\\/\\\/coparmexjal.org.mx\\\/entorno-empresarial\\\/#organization\",\"name\":\"Coparmex Jalisco\",\"url\":\"https:\\\/\\\/coparmexjal.org.mx\\\/entorno-empresarial\\\/\",\"logo\":{\"@type\":\"ImageObject\",\"inLanguage\":\"es\",\"@id\":\"https:\\\/\\\/coparmexjal.org.mx\\\/entorno-empresarial\\\/#\\\/schema\\\/logo\\\/image\\\/\",\"url\":\"https:\\\/\\\/coparmexjal.org.mx\\\/entorno-empresarial\\\/wp-content\\\/uploads\\\/2020\\\/02\\\/logo-amp.png\",\"contentUrl\":\"https:\\\/\\\/coparmexjal.org.mx\\\/entorno-empresarial\\\/wp-content\\\/uploads\\\/2020\\\/02\\\/logo-amp.png\",\"width\":120,\"height\":90,\"caption\":\"Coparmex Jalisco\"},\"image\":{\"@id\":\"https:\\\/\\\/coparmexjal.org.mx\\\/entorno-empresarial\\\/#\\\/schema\\\/logo\\\/image\\\/\"},\"sameAs\":[\"https:\\\/\\\/facebook.com\\\/comcoparmex\",\"https:\\\/\\\/x.com\\\/comcoparmex\",\"http:\\\/\\\/instagram.com\\\/coparmexjalisco\",\"https:\\\/\\\/mx.linkedin.com\\\/company\\\/coparmex-jalisco\",\"https:\\\/\\\/www.youtube.com\\\/c\\\/CoparmexJaliscomx\"]},{\"@type\":\"Person\",\"@id\":\"https:\\\/\\\/coparmexjal.org.mx\\\/entorno-empresarial\\\/#\\\/schema\\\/person\\\/965375af7ffef2041732d1cddc3ee117\",\"name\":\"Jes\u00fas Gonz\u00e1lez de la Rosa\",\"image\":{\"@type\":\"ImageObject\",\"inLanguage\":\"es\",\"@id\":\"https:\\\/\\\/secure.gravatar.com\\\/avatar\\\/356d55ef3ba232b3a4561d48aa355cf54ecdb10c8cc3429e51fcae2b240c3341?s=96&d=mm&r=g\",\"url\":\"https:\\\/\\\/secure.gravatar.com\\\/avatar\\\/356d55ef3ba232b3a4561d48aa355cf54ecdb10c8cc3429e51fcae2b240c3341?s=96&d=mm&r=g\",\"contentUrl\":\"https:\\\/\\\/secure.gravatar.com\\\/avatar\\\/356d55ef3ba232b3a4561d48aa355cf54ecdb10c8cc3429e51fcae2b240c3341?s=96&d=mm&r=g\",\"caption\":\"Jes\u00fas Gonz\u00e1lez de la Rosa\"},\"url\":\"https:\\\/\\\/coparmexjal.org.mx\\\/entorno-empresarial\\\/author\\\/jesus-gonzalez\\\/\"}]}<\/script>\n<!-- \/ Yoast SEO plugin. -->","yoast_head_json":{"title":"Generar riqueza y compartirla - Entorno Empresarial","robots":{"index":"index","follow":"follow","max-snippet":"max-snippet:-1","max-image-preview":"max-image-preview:large","max-video-preview":"max-video-preview:-1"},"canonical":"https:\/\/coparmexjal.org.mx\/entorno-empresarial\/generar-riqueza-y-compartirla\/","og_locale":"es_MX","og_type":"article","og_title":"Generar riqueza y compartirla - Entorno Empresarial","og_description":"La realizaci\u00f3n verdadera y el compromiso de la vocaci\u00f3n empresarial consisten en generar riqueza y compartirla con quienes la han hecho posible, de este modo, el esfuerzo y la contribuci\u00f3n de esas personas ser\u00e1n recompensados con equidad y competitividad, y les permitir\u00e1n llevar una vida digna.","og_url":"https:\/\/coparmexjal.org.mx\/entorno-empresarial\/generar-riqueza-y-compartirla\/","og_site_name":"Entorno Empresarial","article_publisher":"https:\/\/facebook.com\/comcoparmex","article_published_time":"2013-05-02T01:46:00+00:00","article_modified_time":"2020-06-06T23:37:26+00:00","og_image":[{"width":500,"height":333,"url":"https:\/\/coparmexjal.org.mx\/entorno-empresarial\/wp-content\/uploads\/2013\/05\/pexels-photo.jpg","type":"image\/jpeg"}],"author":"Jes\u00fas Gonz\u00e1lez de la Rosa","twitter_card":"summary_large_image","twitter_creator":"@comcoparmex","twitter_site":"@comcoparmex","twitter_misc":{"Escrito por":"Jes\u00fas Gonz\u00e1lez de la Rosa","Tiempo de lectura":"2 minutos"},"schema":{"@context":"https:\/\/schema.org","@graph":[{"@type":"Article","@id":"https:\/\/coparmexjal.org.mx\/entorno-empresarial\/generar-riqueza-y-compartirla\/#article","isPartOf":{"@id":"https:\/\/coparmexjal.org.mx\/entorno-empresarial\/generar-riqueza-y-compartirla\/"},"author":{"name":"Jes\u00fas Gonz\u00e1lez de la Rosa","@id":"https:\/\/coparmexjal.org.mx\/entorno-empresarial\/#\/schema\/person\/965375af7ffef2041732d1cddc3ee117"},"headline":"Generar riqueza y compartirla","datePublished":"2013-05-02T01:46:00+00:00","dateModified":"2020-06-06T23:37:26+00:00","mainEntityOfPage":{"@id":"https:\/\/coparmexjal.org.mx\/entorno-empresarial\/generar-riqueza-y-compartirla\/"},"wordCount":351,"commentCount":0,"publisher":{"@id":"https:\/\/coparmexjal.org.mx\/entorno-empresarial\/#organization"},"image":{"@id":"https:\/\/coparmexjal.org.mx\/entorno-empresarial\/generar-riqueza-y-compartirla\/#primaryimage"},"thumbnailUrl":"https:\/\/coparmexjal.org.mx\/entorno-empresarial\/wp-content\/uploads\/2013\/05\/pexels-photo.jpg","keywords":["empleado","empresario","riqueza laboral","trabajador"],"articleSection":["Capital Humano"],"inLanguage":"es","potentialAction":[{"@type":"CommentAction","name":"Comment","target":["https:\/\/coparmexjal.org.mx\/entorno-empresarial\/generar-riqueza-y-compartirla\/#respond"]}]},{"@type":"WebPage","@id":"https:\/\/coparmexjal.org.mx\/entorno-empresarial\/generar-riqueza-y-compartirla\/","url":"https:\/\/coparmexjal.org.mx\/entorno-empresarial\/generar-riqueza-y-compartirla\/","name":"Generar riqueza y compartirla - Entorno Empresarial","isPartOf":{"@id":"https:\/\/coparmexjal.org.mx\/entorno-empresarial\/#website"},"primaryImageOfPage":{"@id":"https:\/\/coparmexjal.org.mx\/entorno-empresarial\/generar-riqueza-y-compartirla\/#primaryimage"},"image":{"@id":"https:\/\/coparmexjal.org.mx\/entorno-empresarial\/generar-riqueza-y-compartirla\/#primaryimage"},"thumbnailUrl":"https:\/\/coparmexjal.org.mx\/entorno-empresarial\/wp-content\/uploads\/2013\/05\/pexels-photo.jpg","datePublished":"2013-05-02T01:46:00+00:00","dateModified":"2020-06-06T23:37:26+00:00","breadcrumb":{"@id":"https:\/\/coparmexjal.org.mx\/entorno-empresarial\/generar-riqueza-y-compartirla\/#breadcrumb"},"inLanguage":"es","potentialAction":[{"@type":"ReadAction","target":["https:\/\/coparmexjal.org.mx\/entorno-empresarial\/generar-riqueza-y-compartirla\/"]}]},{"@type":"ImageObject","inLanguage":"es","@id":"https:\/\/coparmexjal.org.mx\/entorno-empresarial\/generar-riqueza-y-compartirla\/#primaryimage","url":"https:\/\/coparmexjal.org.mx\/entorno-empresarial\/wp-content\/uploads\/2013\/05\/pexels-photo.jpg","contentUrl":"https:\/\/coparmexjal.org.mx\/entorno-empresarial\/wp-content\/uploads\/2013\/05\/pexels-photo.jpg","width":500,"height":333},{"@type":"BreadcrumbList","@id":"https:\/\/coparmexjal.org.mx\/entorno-empresarial\/generar-riqueza-y-compartirla\/#breadcrumb","itemListElement":[{"@type":"ListItem","position":1,"name":"Inicio","item":"https:\/\/coparmexjal.org.mx\/entorno-empresarial\/"},{"@type":"ListItem","position":2,"name":"Generar riqueza y compartirla"}]},{"@type":"WebSite","@id":"https:\/\/coparmexjal.org.mx\/entorno-empresarial\/#website","url":"https:\/\/coparmexjal.org.mx\/entorno-empresarial\/","name":"Revista Entorno Empresarial","description":"Coparmex Jalisco","publisher":{"@id":"https:\/\/coparmexjal.org.mx\/entorno-empresarial\/#organization"},"potentialAction":[{"@type":"SearchAction","target":{"@type":"EntryPoint","urlTemplate":"https:\/\/coparmexjal.org.mx\/entorno-empresarial\/?s={search_term_string}"},"query-input":{"@type":"PropertyValueSpecification","valueRequired":true,"valueName":"search_term_string"}}],"inLanguage":"es"},{"@type":"Organization","@id":"https:\/\/coparmexjal.org.mx\/entorno-empresarial\/#organization","name":"Coparmex Jalisco","url":"https:\/\/coparmexjal.org.mx\/entorno-empresarial\/","logo":{"@type":"ImageObject","inLanguage":"es","@id":"https:\/\/coparmexjal.org.mx\/entorno-empresarial\/#\/schema\/logo\/image\/","url":"https:\/\/coparmexjal.org.mx\/entorno-empresarial\/wp-content\/uploads\/2020\/02\/logo-amp.png","contentUrl":"https:\/\/coparmexjal.org.mx\/entorno-empresarial\/wp-content\/uploads\/2020\/02\/logo-amp.png","width":120,"height":90,"caption":"Coparmex Jalisco"},"image":{"@id":"https:\/\/coparmexjal.org.mx\/entorno-empresarial\/#\/schema\/logo\/image\/"},"sameAs":["https:\/\/facebook.com\/comcoparmex","https:\/\/x.com\/comcoparmex","http:\/\/instagram.com\/coparmexjalisco","https:\/\/mx.linkedin.com\/company\/coparmex-jalisco","https:\/\/www.youtube.com\/c\/CoparmexJaliscomx"]},{"@type":"Person","@id":"https:\/\/coparmexjal.org.mx\/entorno-empresarial\/#\/schema\/person\/965375af7ffef2041732d1cddc3ee117","name":"Jes\u00fas Gonz\u00e1lez de la Rosa","image":{"@type":"ImageObject","inLanguage":"es","@id":"https:\/\/secure.gravatar.com\/avatar\/356d55ef3ba232b3a4561d48aa355cf54ecdb10c8cc3429e51fcae2b240c3341?s=96&d=mm&r=g","url":"https:\/\/secure.gravatar.com\/avatar\/356d55ef3ba232b3a4561d48aa355cf54ecdb10c8cc3429e51fcae2b240c3341?s=96&d=mm&r=g","contentUrl":"https:\/\/secure.gravatar.com\/avatar\/356d55ef3ba232b3a4561d48aa355cf54ecdb10c8cc3429e51fcae2b240c3341?s=96&d=mm&r=g","caption":"Jes\u00fas Gonz\u00e1lez de la Rosa"},"url":"https:\/\/coparmexjal.org.mx\/entorno-empresarial\/author\/jesus-gonzalez\/"}]}},"_links":{"self":[{"href":"https:\/\/coparmexjal.org.mx\/entorno-empresarial\/wp-json\/wp\/v2\/posts\/2634","targetHints":{"allow":["GET"]}}],"collection":[{"href":"https:\/\/coparmexjal.org.mx\/entorno-empresarial\/wp-json\/wp\/v2\/posts"}],"about":[{"href":"https:\/\/coparmexjal.org.mx\/entorno-empresarial\/wp-json\/wp\/v2\/types\/post"}],"author":[{"embeddable":true,"href":"https:\/\/coparmexjal.org.mx\/entorno-empresarial\/wp-json\/wp\/v2\/users\/42"}],"replies":[{"embeddable":true,"href":"https:\/\/coparmexjal.org.mx\/entorno-empresarial\/wp-json\/wp\/v2\/comments?post=2634"}],"version-history":[{"count":5,"href":"https:\/\/coparmexjal.org.mx\/entorno-empresarial\/wp-json\/wp\/v2\/posts\/2634\/revisions"}],"predecessor-version":[{"id":3379,"href":"https:\/\/coparmexjal.org.mx\/entorno-empresarial\/wp-json\/wp\/v2\/posts\/2634\/revisions\/3379"}],"wp:featuredmedia":[{"embeddable":true,"href":"https:\/\/coparmexjal.org.mx\/entorno-empresarial\/wp-json\/wp\/v2\/media\/3375"}],"wp:attachment":[{"href":"https:\/\/coparmexjal.org.mx\/entorno-empresarial\/wp-json\/wp\/v2\/media?parent=2634"}],"wp:term":[{"taxonomy":"category","embeddable":true,"href":"https:\/\/coparmexjal.org.mx\/entorno-empresarial\/wp-json\/wp\/v2\/categories?post=2634"},{"taxonomy":"post_tag","embeddable":true,"href":"https:\/\/coparmexjal.org.mx\/entorno-empresarial\/wp-json\/wp\/v2\/tags?post=2634"}],"curies":[{"name":"wp","href":"https:\/\/api.w.org\/{rel}","templated":true}]}}